{"id":67173,"date":"2025-11-02T16:01:38","date_gmt":"2025-11-02T16:01:38","guid":{"rendered":"https:\/\/eu4azerbaijan.eu\/business-breakfast-with-the-eu-ambassador-and-presentation-of-the-eu-business-climate-report-azerbaijan-2024\/"},"modified":"2025-11-02T16:04:14","modified_gmt":"2025-11-02T16:04:14","slug":"business-breakfast-with-the-eu-ambassador-and-presentation-of-the-eu-business-climate-report-azerbaijan-2024","status":"publish","type":"post","link":"https:\/\/eu4azerbaijan.eu\/az\/business-breakfast-with-the-eu-ambassador-and-presentation-of-the-eu-business-climate-report-azerbaijan-2024\/","title":{"rendered":"A\u0130 S\u0259firi il\u0259 Biznes S\u0259h\u0259r Yem\u0259yi v\u0259 \u201cAvropa \u0130ttifaq\u0131 Biznes M\u00fchiti Hesabat\u0131 \u2013 Az\u0259rbaycan 2024\u201d\u00fcn T\u0259qdimat\u0131"},"content":{"rendered":"\n<p>Avropa \u0130ttifaq\u0131n\u0131n Az\u0259rbaycandak\u0131 N\u00fcmay\u0259nd\u0259liyinin r\u0259hb\u0259ri xan\u0131m Marijana Kujund\u017ei\u0107-in i\u015ftirak\u0131 il\u0259 Biznes S\u0259h\u0259r Yem\u0259yi t\u0259dbiri Bak\u0131da ke\u00e7irilib. T\u0259dbir Az\u0259rbaycanda f\u0259aliyy\u0259t g\u00f6st\u0259r\u0259n Avropa \u015firk\u0259tl\u0259rinin v\u0259 ticar\u0259t palatalar\u0131n\u0131n n\u00fcmay\u0259nd\u0259l\u0259rini bir araya g\u0259tirib.<\/p>\n\n\n\n<p>T\u0259dbir \u00e7\u0259r\u00e7iv\u0259sind\u0259 \u201cAvropa \u0130ttifaq\u0131 Biznes M\u00fchiti Hesabat\u0131&nbsp;Az\u0259rbaycan 2024\u201d t\u0259qdim olunub. Hesabat Az\u0259rbaycanda f\u0259aliyy\u0259t g\u00f6st\u0259r\u0259n Avropa \u015firk\u0259tl\u0259rinin \u0259sas m\u00fc\u015fahid\u0259l\u0259rini, qiym\u0259tl\u0259ndirm\u0259l\u0259rini v\u0259 bax\u0131\u015flar\u0131n\u0131 \u0259ks etdirir.<\/p>\n\n\n\n<p>\u00d6z \u00e7\u0131x\u0131\u015f\u0131nda s\u0259fir Kujund\u017ei\u0107 Avropa \u0130ttifaq\u0131 il\u0259 Az\u0259rbaycan aras\u0131nda uzunm\u00fcdd\u0259tli t\u0259r\u0259fda\u015fl\u0131\u011f\u0131n \u0259h\u0259miyy\u0259tini vur\u011fulay\u0131b v\u0259 Avropa \u015firk\u0259tl\u0259rinin \u00f6lk\u0259nin davaml\u0131 iqtisadi inki\u015faf\u0131 v\u0259 diversifikasiyas\u0131na verdiyi t\u00f6hf\u0259ni qeyd edib. O, h\u0259m\u00e7inin bildirib ki, Biznes M\u00fchiti Hesabat\u0131 d\u00f6vl\u0259t v\u0259 \u00f6z\u0259l sektorlar aras\u0131nda dialoqun g\u00fccl\u0259ndirilm\u0259si \u00fc\u00e7\u00fcn d\u0259y\u0259rli m\u0259lumat m\u0259nb\u0259yidir.<\/p>\n\n\n\n<p>\u201cA\u0130&nbsp;Biznes M\u00fchiti Hesabat\u0131 Az\u0259rbaycan 2024\u201d\u00fcn t\u0259qdimat\u0131 \u00f6lk\u0259d\u0259ki m\u00f6vcud investisiya m\u00fchitin\u0259, biznes f\u0259aliyy\u0259tin\u0259 v\u0259 Avropa \u015firk\u0259tl\u0259rinin g\u00f6zl\u0259ntil\u0259rin\u0259, el\u0259c\u0259 d\u0259 \u00fcmumi biznes m\u00fchitinin yax\u015f\u0131la\u015fd\u0131r\u0131lmas\u0131 il\u0259 ba\u011fl\u0131 t\u00f6vsiy\u0259l\u0259r\u0259 diqq\u0259t yetirib.<\/p>\n\n\n\n<p>T\u0259dbird\u0259 Avropa \u0130ttifaq\u0131 \u00f6lk\u0259l\u0259rinin biznes n\u00fcmay\u0259nd\u0259l\u0259ri, \u00fczv d\u00f6vl\u0259tl\u0259rin ticar\u0259t palatalar\u0131n\u0131n t\u0259msil\u00e7il\u0259ri v\u0259 dig\u0259r institusional t\u0259r\u0259fda\u015flar i\u015ftirak edibl\u0259r. T\u0259dbir Avropa \u0130ttifaq\u0131 v\u0259 Az\u0259rbaycan aras\u0131nda ticar\u0259t v\u0259 investisiya \u0259m\u0259kda\u015fl\u0131\u011f\u0131n\u0131n daha da g\u00fccl\u0259ndirilm\u0259sin\u0259 bir daha sadiqliyi n\u00fcmayi\u015f etdirib.<\/p>\n\n\n\n<p>\u201cAvropa \u0130ttifaq\u0131&nbsp;Az\u0259rbaycan Biznes Forumu 2024\u20132026\u201d layih\u0259si VM Europe-un r\u0259hb\u0259rlik etdiyi konsorsium t\u0259r\u0259find\u0259n, Avropa \u0130ttifaq\u0131 Palatalar\u0131 v\u0259&nbsp;<a href=\"https:\/\/www.investbaku.az\/\">InvestBaku<\/a>&nbsp;il\u0259 birg\u0259 icra olunur.<\/p>\n\n\n\n<p><em><strong>Hesabatlar\u0131 y\u00fckl\u0259yin:<\/strong><\/em><\/p>\n\n\n\n<p><a href=\"https:\/\/euazbusinessforum.az\/bcr-inner?id=22\">EU Business Climate Report Azerbaijan 2024 \u2013 English Version<\/a><br><a href=\"https:\/\/euazbusinessforum.az\/bcr-inner?id=21\">EU Business Climate Report Azerbaijan 2024 \u2013 Azerbaijani Version<\/a><\/p>\n\n\n\n<figure class=\"wp-block-gallery has-nested-images columns-default is-cropped wp-block-gallery-1 is-layout-flex wp-block-gallery-is-layout-flex\">\n<figure class=\"wp-block-image size-large\"><img loading=\"lazy\" decoding=\"async\" width=\"1024\" height=\"683\" data-id=\"67170\" src=\"https:\/\/eu4azerbaijan.eu\/wp-content\/uploads\/30oct_radisson-70-1024x683.jpg\" alt=\"\" class=\"wp-image-67170\" srcset=\"https:\/\/eu4azerbaijan.eu\/wp-content\/uploads\/30oct_radisson-70-1024x683.jpg 1024w, https:\/\/eu4azerbaijan.eu\/wp-content\/uploads\/30oct_radisson-70-300x200.jpg 300w, https:\/\/eu4azerbaijan.eu\/wp-content\/uploads\/30oct_radisson-70-768x512.jpg 768w, https:\/\/eu4azerbaijan.eu\/wp-content\/uploads\/30oct_radisson-70-1536x1024.jpg 1536w, https:\/\/eu4azerbaijan.eu\/wp-content\/uploads\/30oct_radisson-70-2048x1365.jpg 2048w\" sizes=\"(max-width: 1024px) 100vw, 1024px\" \/><\/figure>\n\n\n\n<figure class=\"wp-block-image size-large\"><img loading=\"lazy\" decoding=\"async\" width=\"1024\" height=\"683\" data-id=\"67166\" src=\"https:\/\/eu4azerbaijan.eu\/wp-content\/uploads\/30oct_radisson-83-1024x683.jpg\" alt=\"\" class=\"wp-image-67166\" srcset=\"https:\/\/eu4azerbaijan.eu\/wp-content\/uploads\/30oct_radisson-83-1024x683.jpg 1024w, https:\/\/eu4azerbaijan.eu\/wp-content\/uploads\/30oct_radisson-83-300x200.jpg 300w, https:\/\/eu4azerbaijan.eu\/wp-content\/uploads\/30oct_radisson-83-768x512.jpg 768w, https:\/\/eu4azerbaijan.eu\/wp-content\/uploads\/30oct_radisson-83-1536x1024.jpg 1536w, https:\/\/eu4azerbaijan.eu\/wp-content\/uploads\/30oct_radisson-83-2048x1365.jpg 2048w\" sizes=\"(max-width: 1024px) 100vw, 1024px\" \/><\/figure>\n\n\n\n<figure class=\"wp-block-image size-large\"><img loading=\"lazy\" decoding=\"async\" width=\"1024\" height=\"683\" data-id=\"67164\" src=\"https:\/\/eu4azerbaijan.eu\/wp-content\/uploads\/30oct_radisson-82-1024x683.jpg\" alt=\"\" class=\"wp-image-67164\" srcset=\"https:\/\/eu4azerbaijan.eu\/wp-content\/uploads\/30oct_radisson-82-1024x683.jpg 1024w, https:\/\/eu4azerbaijan.eu\/wp-content\/uploads\/30oct_radisson-82-300x200.jpg 300w, https:\/\/eu4azerbaijan.eu\/wp-content\/uploads\/30oct_radisson-82-768x512.jpg 768w, https:\/\/eu4azerbaijan.eu\/wp-content\/uploads\/30oct_radisson-82-1536x1024.jpg 1536w, https:\/\/eu4azerbaijan.eu\/wp-content\/uploads\/30oct_radisson-82-2048x1365.jpg 2048w\" sizes=\"(max-width: 1024px) 100vw, 1024px\" \/><\/figure>\n\n\n\n<figure class=\"wp-block-image size-large\"><img loading=\"lazy\" decoding=\"async\" width=\"1024\" height=\"683\" data-id=\"67162\" src=\"https:\/\/eu4azerbaijan.eu\/wp-content\/uploads\/30oct_radisson-85-1024x683.jpg\" alt=\"\" class=\"wp-image-67162\" srcset=\"https:\/\/eu4azerbaijan.eu\/wp-content\/uploads\/30oct_radisson-85-1024x683.jpg 1024w, https:\/\/eu4azerbaijan.eu\/wp-content\/uploads\/30oct_radisson-85-300x200.jpg 300w, https:\/\/eu4azerbaijan.eu\/wp-content\/uploads\/30oct_radisson-85-768x512.jpg 768w, https:\/\/eu4azerbaijan.eu\/wp-content\/uploads\/30oct_radisson-85-1536x1024.jpg 1536w, https:\/\/eu4azerbaijan.eu\/wp-content\/uploads\/30oct_radisson-85-2048x1365.jpg 2048w\" sizes=\"(max-width: 1024px) 100vw, 1024px\" \/><\/figure>\n\n\n\n<figure class=\"wp-block-image size-large\"><img loading=\"lazy\" decoding=\"async\" width=\"1024\" height=\"683\" data-id=\"67152\" src=\"https:\/\/eu4azerbaijan.eu\/wp-content\/uploads\/30oct_radisson-117-1024x683.jpg\" alt=\"\" class=\"wp-image-67152\" srcset=\"https:\/\/eu4azerbaijan.eu\/wp-content\/uploads\/30oct_radisson-117-1024x683.jpg 1024w, https:\/\/eu4azerbaijan.eu\/wp-content\/uploads\/30oct_radisson-117-300x200.jpg 300w, https:\/\/eu4azerbaijan.eu\/wp-content\/uploads\/30oct_radisson-117-768x512.jpg 768w, https:\/\/eu4azerbaijan.eu\/wp-content\/uploads\/30oct_radisson-117-1536x1024.jpg 1536w, https:\/\/eu4azerbaijan.eu\/wp-content\/uploads\/30oct_radisson-117-2048x1365.jpg 2048w\" sizes=\"(max-width: 1024px) 100vw, 1024px\" \/><\/figure>\n\n\n\n<figure class=\"wp-block-image size-large\"><img loading=\"lazy\" decoding=\"async\" width=\"1024\" height=\"683\" data-id=\"67154\" src=\"https:\/\/eu4azerbaijan.eu\/wp-content\/uploads\/30oct_radisson-116-1024x683.jpg\" alt=\"\" class=\"wp-image-67154\" srcset=\"https:\/\/eu4azerbaijan.eu\/wp-content\/uploads\/30oct_radisson-116-1024x683.jpg 1024w, https:\/\/eu4azerbaijan.eu\/wp-content\/uploads\/30oct_radisson-116-300x200.jpg 300w, https:\/\/eu4azerbaijan.eu\/wp-content\/uploads\/30oct_radisson-116-768x512.jpg 768w, https:\/\/eu4azerbaijan.eu\/wp-content\/uploads\/30oct_radisson-116-1536x1024.jpg 1536w, https:\/\/eu4azerbaijan.eu\/wp-content\/uploads\/30oct_radisson-116-2048x1365.jpg 2048w\" sizes=\"(max-width: 1024px) 100vw, 1024px\" \/><\/figure>\n\n\n\n<figure class=\"wp-block-image size-large\"><img loading=\"lazy\" decoding=\"async\" width=\"1024\" height=\"683\" data-id=\"67156\" src=\"https:\/\/eu4azerbaijan.eu\/wp-content\/uploads\/30oct_radisson-97-1024x683.jpg\" alt=\"\" class=\"wp-image-67156\" srcset=\"https:\/\/eu4azerbaijan.eu\/wp-content\/uploads\/30oct_radisson-97-1024x683.jpg 1024w, https:\/\/eu4azerbaijan.eu\/wp-content\/uploads\/30oct_radisson-97-300x200.jpg 300w, https:\/\/eu4azerbaijan.eu\/wp-content\/uploads\/30oct_radisson-97-768x512.jpg 768w, https:\/\/eu4azerbaijan.eu\/wp-content\/uploads\/30oct_radisson-97-1536x1024.jpg 1536w, https:\/\/eu4azerbaijan.eu\/wp-content\/uploads\/30oct_radisson-97-2048x1365.jpg 2048w\" sizes=\"(max-width: 1024px) 100vw, 1024px\" \/><\/figure>\n\n\n\n<figure class=\"wp-block-image size-large\"><img loading=\"lazy\" decoding=\"async\" width=\"1024\" height=\"683\" data-id=\"67158\" src=\"https:\/\/eu4azerbaijan.eu\/wp-content\/uploads\/30oct_radisson-90-1024x683.jpg\" alt=\"\" class=\"wp-image-67158\" srcset=\"https:\/\/eu4azerbaijan.eu\/wp-content\/uploads\/30oct_radisson-90-1024x683.jpg 1024w, https:\/\/eu4azerbaijan.eu\/wp-content\/uploads\/30oct_radisson-90-300x200.jpg 300w, https:\/\/eu4azerbaijan.eu\/wp-content\/uploads\/30oct_radisson-90-768x512.jpg 768w, https:\/\/eu4azerbaijan.eu\/wp-content\/uploads\/30oct_radisson-90-1536x1024.jpg 1536w, https:\/\/eu4azerbaijan.eu\/wp-content\/uploads\/30oct_radisson-90-2048x1365.jpg 2048w\" sizes=\"(max-width: 1024px) 100vw, 1024px\" \/><\/figure>\n\n\n\n<figure class=\"wp-block-image size-large\"><img loading=\"lazy\" decoding=\"async\" width=\"1024\" height=\"683\" data-id=\"67160\" src=\"https:\/\/eu4azerbaijan.eu\/wp-content\/uploads\/30oct_radisson-87-1024x683.jpg\" alt=\"\" class=\"wp-image-67160\" srcset=\"https:\/\/eu4azerbaijan.eu\/wp-content\/uploads\/30oct_radisson-87-1024x683.jpg 1024w, https:\/\/eu4azerbaijan.eu\/wp-content\/uploads\/30oct_radisson-87-300x200.jpg 300w, https:\/\/eu4azerbaijan.eu\/wp-content\/uploads\/30oct_radisson-87-768x512.jpg 768w, https:\/\/eu4azerbaijan.eu\/wp-content\/uploads\/30oct_radisson-87-1536x1024.jpg 1536w, https:\/\/eu4azerbaijan.eu\/wp-content\/uploads\/30oct_radisson-87-2048x1365.jpg 2048w\" sizes=\"(max-width: 1024px) 100vw, 1024px\" \/><\/figure>\n\n\n\n<figure class=\"wp-block-image size-large\"><img loading=\"lazy\" decoding=\"async\" width=\"1024\" height=\"683\" data-id=\"67150\" src=\"https:\/\/eu4azerbaijan.eu\/wp-content\/uploads\/30oct_radisson-123-1024x683.jpg\" alt=\"\" class=\"wp-image-67150\" srcset=\"https:\/\/eu4azerbaijan.eu\/wp-content\/uploads\/30oct_radisson-123-1024x683.jpg 1024w, https:\/\/eu4azerbaijan.eu\/wp-content\/uploads\/30oct_radisson-123-300x200.jpg 300w, https:\/\/eu4azerbaijan.eu\/wp-content\/uploads\/30oct_radisson-123-768x512.jpg 768w, https:\/\/eu4azerbaijan.eu\/wp-content\/uploads\/30oct_radisson-123-1536x1024.jpg 1536w, https:\/\/eu4azerbaijan.eu\/wp-content\/uploads\/30oct_radisson-123-2048x1365.jpg 2048w\" sizes=\"(max-width: 1024px) 100vw, 1024px\" \/><\/figure>\n\n\n\n<figure class=\"wp-block-image size-large\"><img loading=\"lazy\" decoding=\"async\" width=\"1024\" height=\"683\" data-id=\"67148\" src=\"https:\/\/eu4azerbaijan.eu\/wp-content\/uploads\/30oct_radisson-133-1024x683.jpg\" alt=\"\" class=\"wp-image-67148\" srcset=\"https:\/\/eu4azerbaijan.eu\/wp-content\/uploads\/30oct_radisson-133-1024x683.jpg 1024w, https:\/\/eu4azerbaijan.eu\/wp-content\/uploads\/30oct_radisson-133-300x200.jpg 300w, https:\/\/eu4azerbaijan.eu\/wp-content\/uploads\/30oct_radisson-133-768x512.jpg 768w, https:\/\/eu4azerbaijan.eu\/wp-content\/uploads\/30oct_radisson-133-1536x1024.jpg 1536w, https:\/\/eu4azerbaijan.eu\/wp-content\/uploads\/30oct_radisson-133-2048x1365.jpg 2048w\" sizes=\"(max-width: 1024px) 100vw, 1024px\" \/><\/figure>\n\n\n\n<figure class=\"wp-block-image size-large\"><img loading=\"lazy\" decoding=\"async\" width=\"1024\" height=\"683\" data-id=\"67146\" src=\"https:\/\/eu4azerbaijan.eu\/wp-content\/uploads\/30oct_radisson-143-1024x683.jpg\" alt=\"\" class=\"wp-image-67146\" srcset=\"https:\/\/eu4azerbaijan.eu\/wp-content\/uploads\/30oct_radisson-143-1024x683.jpg 1024w, https:\/\/eu4azerbaijan.eu\/wp-content\/uploads\/30oct_radisson-143-300x200.jpg 300w, https:\/\/eu4azerbaijan.eu\/wp-content\/uploads\/30oct_radisson-143-768x512.jpg 768w, https:\/\/eu4azerbaijan.eu\/wp-content\/uploads\/30oct_radisson-143-1536x1024.jpg 1536w, https:\/\/eu4azerbaijan.eu\/wp-content\/uploads\/30oct_radisson-143-2048x1365.jpg 2048w\" sizes=\"(max-width: 1024px) 100vw, 1024px\" \/><\/figure>\n\n\n\n<figure class=\"wp-block-image size-large\"><img loading=\"lazy\" decoding=\"async\" width=\"1024\" height=\"683\" data-id=\"67144\" src=\"https:\/\/eu4azerbaijan.eu\/wp-content\/uploads\/30oct_radisson-146-1024x683.jpg\" alt=\"\" class=\"wp-image-67144\" srcset=\"https:\/\/eu4azerbaijan.eu\/wp-content\/uploads\/30oct_radisson-146-1024x683.jpg 1024w, https:\/\/eu4azerbaijan.eu\/wp-content\/uploads\/30oct_radisson-146-300x200.jpg 300w, https:\/\/eu4azerbaijan.eu\/wp-content\/uploads\/30oct_radisson-146-768x512.jpg 768w, https:\/\/eu4azerbaijan.eu\/wp-content\/uploads\/30oct_radisson-146-1536x1024.jpg 1536w, https:\/\/eu4azerbaijan.eu\/wp-content\/uploads\/30oct_radisson-146-2048x1365.jpg 2048w\" sizes=\"(max-width: 1024px) 100vw, 1024px\" \/><\/figure>\n\n\n\n<figure class=\"wp-block-image size-large\"><img loading=\"lazy\" decoding=\"async\" width=\"1024\" height=\"683\" data-id=\"67142\" src=\"https:\/\/eu4azerbaijan.eu\/wp-content\/uploads\/30oct_radisson-150-1024x683.jpg\" alt=\"\" class=\"wp-image-67142\" srcset=\"https:\/\/eu4azerbaijan.eu\/wp-content\/uploads\/30oct_radisson-150-1024x683.jpg 1024w, https:\/\/eu4azerbaijan.eu\/wp-content\/uploads\/30oct_radisson-150-300x200.jpg 300w, https:\/\/eu4azerbaijan.eu\/wp-content\/uploads\/30oct_radisson-150-768x512.jpg 768w, https:\/\/eu4azerbaijan.eu\/wp-content\/uploads\/30oct_radisson-150-1536x1024.jpg 1536w, https:\/\/eu4azerbaijan.eu\/wp-content\/uploads\/30oct_radisson-150-2048x1365.jpg 2048w\" sizes=\"(max-width: 1024px) 100vw, 1024px\" \/><\/figure>\n\n\n\n<figure class=\"wp-block-image size-large\"><img loading=\"lazy\" decoding=\"async\" width=\"1024\" height=\"683\" data-id=\"67138\" src=\"https:\/\/eu4azerbaijan.eu\/wp-content\/uploads\/30oct_radissonn-1024x683.jpg\" alt=\"\" class=\"wp-image-67138\" srcset=\"https:\/\/eu4azerbaijan.eu\/wp-content\/uploads\/30oct_radissonn-1024x683.jpg 1024w, https:\/\/eu4azerbaijan.eu\/wp-content\/uploads\/30oct_radissonn-300x200.jpg 300w, https:\/\/eu4azerbaijan.eu\/wp-content\/uploads\/30oct_radissonn-768x512.jpg 768w, https:\/\/eu4azerbaijan.eu\/wp-content\/uploads\/30oct_radissonn-1536x1024.jpg 1536w, https:\/\/eu4azerbaijan.eu\/wp-content\/uploads\/30oct_radissonn-2048x1365.jpg 2048w\" sizes=\"(max-width: 1024px) 100vw, 1024px\" \/><\/figure>\n\n\n\n<figure class=\"wp-block-image size-large\"><img loading=\"lazy\" decoding=\"async\" width=\"1024\" height=\"683\" data-id=\"67140\" src=\"https:\/\/eu4azerbaijan.eu\/wp-content\/uploads\/30oct_radisson-187-1024x683.jpg\" alt=\"\" class=\"wp-image-67140\" srcset=\"https:\/\/eu4azerbaijan.eu\/wp-content\/uploads\/30oct_radisson-187-1024x683.jpg 1024w, https:\/\/eu4azerbaijan.eu\/wp-content\/uploads\/30oct_radisson-187-300x200.jpg 300w, https:\/\/eu4azerbaijan.eu\/wp-content\/uploads\/30oct_radisson-187-768x512.jpg 768w, https:\/\/eu4azerbaijan.eu\/wp-content\/uploads\/30oct_radisson-187-1536x1024.jpg 1536w, https:\/\/eu4azerbaijan.eu\/wp-content\/uploads\/30oct_radisson-187-2048x1365.jpg 2048w\" sizes=\"(max-width: 1024px) 100vw, 1024px\" \/><\/figure>\n<\/figure>\n","protected":false},"excerpt":{"rendered":"<p>Avropa \u0130ttifaq\u0131n\u0131n Az\u0259rbaycandak\u0131 N\u00fcmay\u0259nd\u0259liyinin r\u0259hb\u0259ri xan\u0131m Marijana Kujund\u017ei\u0107-in i\u015ftirak\u0131 il\u0259 Biznes S\u0259h\u0259r Yem\u0259yi t\u0259dbiri Bak\u0131da ke\u00e7irilib. T\u0259dbir Az\u0259rbaycanda f\u0259aliyy\u0259t g\u00f6st\u0259r\u0259n Avropa \u015firk\u0259tl\u0259rinin v\u0259 ticar\u0259t palatalar\u0131n\u0131n n\u00fcmay\u0259nd\u0259l\u0259rini bir araya g\u0259tirib. T\u0259dbir \u00e7\u0259r\u00e7iv\u0259sind\u0259 \u201cAvropa \u0130ttifaq\u0131 Biznes M\u00fchiti Hesabat\u0131&nbsp;Az\u0259rbaycan 2024\u201d t\u0259qdim olunub. Hesabat Az\u0259rbaycanda f\u0259aliyy\u0259t g\u00f6st\u0259r\u0259n Avropa \u015firk\u0259tl\u0259rinin \u0259sas m\u00fc\u015fahid\u0259l\u0259rini, qiym\u0259tl\u0259ndirm\u0259l\u0259rini v\u0259 bax\u0131\u015flar\u0131n\u0131 \u0259ks etdirir. \u00d6z \u00e7\u0131x\u0131\u015f\u0131nda s\u0259fir [&hellip;]<\/p>\n","protected":false},"author":19,"featured_media":67169,"comment_status":"closed","ping_status":"closed","sticky":false,"template":"","format":"standard","meta":{"_acf_changed":false,"footnotes":""},"categories":[374,284],"tags":[],"topic":[],"class_list":["post-67173","post","type-post","status-publish","format-standard","has-post-thumbnail","hentry","category-whats-happening-az","category-news-az"],"acf":[],"yoast_head":"<!-- This site is optimized with the Yoast SEO plugin v26.4 - https:\/\/yoast.com\/wordpress\/plugins\/seo\/ -->\n<title>A\u0130 S\u0259firi il\u0259 Biznes S\u0259h\u0259r Yem\u0259yi v\u0259 \u201cAvropa \u0130ttifaq\u0131 Biznes M\u00fchiti Hesabat\u0131 \u2013 Az\u0259rbaycan 2024\u201d\u00fcn T\u0259qdimat\u0131 - EU for Azerbaijan<\/title>\n<meta name=\"robots\" content=\"index, follow, max-snippet:-1, max-image-preview:large, max-video-preview:-1\" \/>\n<link rel=\"canonical\" href=\"https:\/\/eu4azerbaijan.eu\/az\/business-breakfast-with-the-eu-ambassador-and-presentation-of-the-eu-business-climate-report-azerbaijan-2024\/\" \/>\n<meta property=\"og:locale\" content=\"az_AZ\" \/>\n<meta property=\"og:type\" content=\"article\" \/>\n<meta property=\"og:title\" content=\"A\u0130 S\u0259firi il\u0259 Biznes S\u0259h\u0259r Yem\u0259yi v\u0259 \u201cAvropa \u0130ttifaq\u0131 Biznes M\u00fchiti Hesabat\u0131 \u2013 Az\u0259rbaycan 2024\u201d\u00fcn T\u0259qdimat\u0131 - EU for Azerbaijan\" \/>\n<meta property=\"og:description\" content=\"Avropa \u0130ttifaq\u0131n\u0131n Az\u0259rbaycandak\u0131 N\u00fcmay\u0259nd\u0259liyinin r\u0259hb\u0259ri xan\u0131m Marijana Kujund\u017ei\u0107-in i\u015ftirak\u0131 il\u0259 Biznes S\u0259h\u0259r Yem\u0259yi t\u0259dbiri Bak\u0131da ke\u00e7irilib. T\u0259dbir Az\u0259rbaycanda f\u0259aliyy\u0259t g\u00f6st\u0259r\u0259n Avropa \u015firk\u0259tl\u0259rinin v\u0259 ticar\u0259t palatalar\u0131n\u0131n n\u00fcmay\u0259nd\u0259l\u0259rini bir araya g\u0259tirib. T\u0259dbir \u00e7\u0259r\u00e7iv\u0259sind\u0259 \u201cAvropa \u0130ttifaq\u0131 Biznes M\u00fchiti Hesabat\u0131&nbsp;Az\u0259rbaycan 2024\u201d t\u0259qdim olunub. Hesabat Az\u0259rbaycanda f\u0259aliyy\u0259t g\u00f6st\u0259r\u0259n Avropa \u015firk\u0259tl\u0259rinin \u0259sas m\u00fc\u015fahid\u0259l\u0259rini, qiym\u0259tl\u0259ndirm\u0259l\u0259rini v\u0259 bax\u0131\u015flar\u0131n\u0131 \u0259ks etdirir. \u00d6z \u00e7\u0131x\u0131\u015f\u0131nda s\u0259fir [&hellip;]\" \/>\n<meta property=\"og:url\" content=\"https:\/\/eu4azerbaijan.eu\/az\/business-breakfast-with-the-eu-ambassador-and-presentation-of-the-eu-business-climate-report-azerbaijan-2024\/\" \/>\n<meta property=\"og:site_name\" content=\"EU for Azerbaijan\" \/>\n<meta property=\"article:published_time\" content=\"2025-11-02T16:01:38+00:00\" \/>\n<meta property=\"article:modified_time\" content=\"2025-11-02T16:04:14+00:00\" \/>\n<meta property=\"og:image\" content=\"https:\/\/eu4azerbaijan.eu\/wp-content\/uploads\/30oct_radisson-74-scaled.jpg\" \/>\n\t<meta property=\"og:image:width\" content=\"2560\" \/>\n\t<meta property=\"og:image:height\" content=\"1707\" \/>\n\t<meta property=\"og:image:type\" content=\"image\/jpeg\" \/>\n<meta name=\"author\" content=\"Aydan Topchibasheva\" \/>\n<meta name=\"twitter:card\" content=\"summary_large_image\" \/>\n<meta name=\"twitter:label1\" content=\"Written by\" \/>\n\t<meta name=\"twitter:data1\" content=\"Aydan Topchibasheva\" \/>\n\t<meta name=\"twitter:label2\" content=\"Est. reading time\" \/>\n\t<meta name=\"twitter:data2\" content=\"5 minutes\" \/>\n<script type=\"application\/ld+json\" class=\"yoast-schema-graph\">{\"@context\":\"https:\/\/schema.org\",\"@graph\":[{\"@type\":\"WebPage\",\"@id\":\"https:\/\/eu4azerbaijan.eu\/az\/business-breakfast-with-the-eu-ambassador-and-presentation-of-the-eu-business-climate-report-azerbaijan-2024\/\",\"url\":\"https:\/\/eu4azerbaijan.eu\/az\/business-breakfast-with-the-eu-ambassador-and-presentation-of-the-eu-business-climate-report-azerbaijan-2024\/\",\"name\":\"A\u0130 S\u0259firi il\u0259 Biznes S\u0259h\u0259r Yem\u0259yi v\u0259 \u201cAvropa \u0130ttifaq\u0131 Biznes M\u00fchiti Hesabat\u0131 \u2013 Az\u0259rbaycan 2024\u201d\u00fcn T\u0259qdimat\u0131 - EU for Azerbaijan\",\"isPartOf\":{\"@id\":\"https:\/\/eu4azerbaijan.eu\/az\/#website\"},\"primaryImageOfPage\":{\"@id\":\"https:\/\/eu4azerbaijan.eu\/az\/business-breakfast-with-the-eu-ambassador-and-presentation-of-the-eu-business-climate-report-azerbaijan-2024\/#primaryimage\"},\"image\":{\"@id\":\"https:\/\/eu4azerbaijan.eu\/az\/business-breakfast-with-the-eu-ambassador-and-presentation-of-the-eu-business-climate-report-azerbaijan-2024\/#primaryimage\"},\"thumbnailUrl\":\"https:\/\/eu4azerbaijan.eu\/wp-content\/uploads\/30oct_radisson-74-scaled.jpg\",\"datePublished\":\"2025-11-02T16:01:38+00:00\",\"dateModified\":\"2025-11-02T16:04:14+00:00\",\"author\":{\"@id\":\"https:\/\/eu4azerbaijan.eu\/az\/#\/schema\/person\/cf17ddba07387955c481997af06797df\"},\"breadcrumb\":{\"@id\":\"https:\/\/eu4azerbaijan.eu\/az\/business-breakfast-with-the-eu-ambassador-and-presentation-of-the-eu-business-climate-report-azerbaijan-2024\/#breadcrumb\"},\"inLanguage\":\"az-AZ\",\"potentialAction\":[{\"@type\":\"ReadAction\",\"target\":[\"https:\/\/eu4azerbaijan.eu\/az\/business-breakfast-with-the-eu-ambassador-and-presentation-of-the-eu-business-climate-report-azerbaijan-2024\/\"]}]},{\"@type\":\"ImageObject\",\"inLanguage\":\"az-AZ\",\"@id\":\"https:\/\/eu4azerbaijan.eu\/az\/business-breakfast-with-the-eu-ambassador-and-presentation-of-the-eu-business-climate-report-azerbaijan-2024\/#primaryimage\",\"url\":\"https:\/\/eu4azerbaijan.eu\/wp-content\/uploads\/30oct_radisson-74-scaled.jpg\",\"contentUrl\":\"https:\/\/eu4azerbaijan.eu\/wp-content\/uploads\/30oct_radisson-74-scaled.jpg\",\"width\":2560,\"height\":1707},{\"@type\":\"BreadcrumbList\",\"@id\":\"https:\/\/eu4azerbaijan.eu\/az\/business-breakfast-with-the-eu-ambassador-and-presentation-of-the-eu-business-climate-report-azerbaijan-2024\/#breadcrumb\",\"itemListElement\":[{\"@type\":\"ListItem\",\"position\":1,\"name\":\"Home\",\"item\":\"https:\/\/eu4azerbaijan.eu\/az\/\"},{\"@type\":\"ListItem\",\"position\":2,\"name\":\"A\u0130 S\u0259firi il\u0259 Biznes S\u0259h\u0259r Yem\u0259yi v\u0259 \u201cAvropa \u0130ttifaq\u0131 Biznes M\u00fchiti Hesabat\u0131 \u2013 Az\u0259rbaycan 2024\u201d\u00fcn T\u0259qdimat\u0131\"}]},{\"@type\":\"WebSite\",\"@id\":\"https:\/\/eu4azerbaijan.eu\/az\/#website\",\"url\":\"https:\/\/eu4azerbaijan.eu\/az\/\",\"name\":\"EU for Azerbaijan\",\"description\":\"\",\"potentialAction\":[{\"@type\":\"SearchAction\",\"target\":{\"@type\":\"EntryPoint\",\"urlTemplate\":\"https:\/\/eu4azerbaijan.eu\/az\/?s={search_term_string}\"},\"query-input\":{\"@type\":\"PropertyValueSpecification\",\"valueRequired\":true,\"valueName\":\"search_term_string\"}}],\"inLanguage\":\"az-AZ\"},{\"@type\":\"Person\",\"@id\":\"https:\/\/eu4azerbaijan.eu\/az\/#\/schema\/person\/cf17ddba07387955c481997af06797df\",\"name\":\"Aydan Topchibasheva\",\"image\":{\"@type\":\"ImageObject\",\"inLanguage\":\"az-AZ\",\"@id\":\"https:\/\/eu4azerbaijan.eu\/az\/#\/schema\/person\/image\/\",\"url\":\"https:\/\/secure.gravatar.com\/avatar\/657ac54b68aced49adde2a29a43651c77d8555f376d5ee5dd68172194a09f856?s=96&d=mm&r=g\",\"contentUrl\":\"https:\/\/secure.gravatar.com\/avatar\/657ac54b68aced49adde2a29a43651c77d8555f376d5ee5dd68172194a09f856?s=96&d=mm&r=g\",\"caption\":\"Aydan Topchibasheva\"},\"url\":\"https:\/\/eu4azerbaijan.eu\/az\/author\/aydan\/\"}]}<\/script>\n<!-- \/ Yoast SEO plugin. -->","yoast_head_json":{"title":"A\u0130 S\u0259firi il\u0259 Biznes S\u0259h\u0259r Yem\u0259yi v\u0259 \u201cAvropa \u0130ttifaq\u0131 Biznes M\u00fchiti Hesabat\u0131 \u2013 Az\u0259rbaycan 2024\u201d\u00fcn T\u0259qdimat\u0131 - EU for Azerbaijan","robots":{"index":"index","follow":"follow","max-snippet":"max-snippet:-1","max-image-preview":"max-image-preview:large","max-video-preview":"max-video-preview:-1"},"canonical":"https:\/\/eu4azerbaijan.eu\/az\/business-breakfast-with-the-eu-ambassador-and-presentation-of-the-eu-business-climate-report-azerbaijan-2024\/","og_locale":"az_AZ","og_type":"article","og_title":"A\u0130 S\u0259firi il\u0259 Biznes S\u0259h\u0259r Yem\u0259yi v\u0259 \u201cAvropa \u0130ttifaq\u0131 Biznes M\u00fchiti Hesabat\u0131 \u2013 Az\u0259rbaycan 2024\u201d\u00fcn T\u0259qdimat\u0131 - EU for Azerbaijan","og_description":"Avropa \u0130ttifaq\u0131n\u0131n Az\u0259rbaycandak\u0131 N\u00fcmay\u0259nd\u0259liyinin r\u0259hb\u0259ri xan\u0131m Marijana Kujund\u017ei\u0107-in i\u015ftirak\u0131 il\u0259 Biznes S\u0259h\u0259r Yem\u0259yi t\u0259dbiri Bak\u0131da ke\u00e7irilib. T\u0259dbir Az\u0259rbaycanda f\u0259aliyy\u0259t g\u00f6st\u0259r\u0259n Avropa \u015firk\u0259tl\u0259rinin v\u0259 ticar\u0259t palatalar\u0131n\u0131n n\u00fcmay\u0259nd\u0259l\u0259rini bir araya g\u0259tirib. T\u0259dbir \u00e7\u0259r\u00e7iv\u0259sind\u0259 \u201cAvropa \u0130ttifaq\u0131 Biznes M\u00fchiti Hesabat\u0131&nbsp;Az\u0259rbaycan 2024\u201d t\u0259qdim olunub. Hesabat Az\u0259rbaycanda f\u0259aliyy\u0259t g\u00f6st\u0259r\u0259n Avropa \u015firk\u0259tl\u0259rinin \u0259sas m\u00fc\u015fahid\u0259l\u0259rini, qiym\u0259tl\u0259ndirm\u0259l\u0259rini v\u0259 bax\u0131\u015flar\u0131n\u0131 \u0259ks etdirir. \u00d6z \u00e7\u0131x\u0131\u015f\u0131nda s\u0259fir [&hellip;]","og_url":"https:\/\/eu4azerbaijan.eu\/az\/business-breakfast-with-the-eu-ambassador-and-presentation-of-the-eu-business-climate-report-azerbaijan-2024\/","og_site_name":"EU for Azerbaijan","article_published_time":"2025-11-02T16:01:38+00:00","article_modified_time":"2025-11-02T16:04:14+00:00","og_image":[{"width":2560,"height":1707,"url":"https:\/\/eu4azerbaijan.eu\/wp-content\/uploads\/30oct_radisson-74-scaled.jpg","type":"image\/jpeg"}],"author":"Aydan Topchibasheva","twitter_card":"summary_large_image","twitter_misc":{"Written by":"Aydan Topchibasheva","Est. reading time":"5 minutes"},"schema":{"@context":"https:\/\/schema.org","@graph":[{"@type":"WebPage","@id":"https:\/\/eu4azerbaijan.eu\/az\/business-breakfast-with-the-eu-ambassador-and-presentation-of-the-eu-business-climate-report-azerbaijan-2024\/","url":"https:\/\/eu4azerbaijan.eu\/az\/business-breakfast-with-the-eu-ambassador-and-presentation-of-the-eu-business-climate-report-azerbaijan-2024\/","name":"A\u0130 S\u0259firi il\u0259 Biznes S\u0259h\u0259r Yem\u0259yi v\u0259 \u201cAvropa \u0130ttifaq\u0131 Biznes M\u00fchiti Hesabat\u0131 \u2013 Az\u0259rbaycan 2024\u201d\u00fcn T\u0259qdimat\u0131 - EU for Azerbaijan","isPartOf":{"@id":"https:\/\/eu4azerbaijan.eu\/az\/#website"},"primaryImageOfPage":{"@id":"https:\/\/eu4azerbaijan.eu\/az\/business-breakfast-with-the-eu-ambassador-and-presentation-of-the-eu-business-climate-report-azerbaijan-2024\/#primaryimage"},"image":{"@id":"https:\/\/eu4azerbaijan.eu\/az\/business-breakfast-with-the-eu-ambassador-and-presentation-of-the-eu-business-climate-report-azerbaijan-2024\/#primaryimage"},"thumbnailUrl":"https:\/\/eu4azerbaijan.eu\/wp-content\/uploads\/30oct_radisson-74-scaled.jpg","datePublished":"2025-11-02T16:01:38+00:00","dateModified":"2025-11-02T16:04:14+00:00","author":{"@id":"https:\/\/eu4azerbaijan.eu\/az\/#\/schema\/person\/cf17ddba07387955c481997af06797df"},"breadcrumb":{"@id":"https:\/\/eu4azerbaijan.eu\/az\/business-breakfast-with-the-eu-ambassador-and-presentation-of-the-eu-business-climate-report-azerbaijan-2024\/#breadcrumb"},"inLanguage":"az-AZ","potentialAction":[{"@type":"ReadAction","target":["https:\/\/eu4azerbaijan.eu\/az\/business-breakfast-with-the-eu-ambassador-and-presentation-of-the-eu-business-climate-report-azerbaijan-2024\/"]}]},{"@type":"ImageObject","inLanguage":"az-AZ","@id":"https:\/\/eu4azerbaijan.eu\/az\/business-breakfast-with-the-eu-ambassador-and-presentation-of-the-eu-business-climate-report-azerbaijan-2024\/#primaryimage","url":"https:\/\/eu4azerbaijan.eu\/wp-content\/uploads\/30oct_radisson-74-scaled.jpg","contentUrl":"https:\/\/eu4azerbaijan.eu\/wp-content\/uploads\/30oct_radisson-74-scaled.jpg","width":2560,"height":1707},{"@type":"BreadcrumbList","@id":"https:\/\/eu4azerbaijan.eu\/az\/business-breakfast-with-the-eu-ambassador-and-presentation-of-the-eu-business-climate-report-azerbaijan-2024\/#breadcrumb","itemListElement":[{"@type":"ListItem","position":1,"name":"Home","item":"https:\/\/eu4azerbaijan.eu\/az\/"},{"@type":"ListItem","position":2,"name":"A\u0130 S\u0259firi il\u0259 Biznes S\u0259h\u0259r Yem\u0259yi v\u0259 \u201cAvropa \u0130ttifaq\u0131 Biznes M\u00fchiti Hesabat\u0131 \u2013 Az\u0259rbaycan 2024\u201d\u00fcn T\u0259qdimat\u0131"}]},{"@type":"WebSite","@id":"https:\/\/eu4azerbaijan.eu\/az\/#website","url":"https:\/\/eu4azerbaijan.eu\/az\/","name":"EU for Azerbaijan","description":"","potentialAction":[{"@type":"SearchAction","target":{"@type":"EntryPoint","urlTemplate":"https:\/\/eu4azerbaijan.eu\/az\/?s={search_term_string}"},"query-input":{"@type":"PropertyValueSpecification","valueRequired":true,"valueName":"search_term_string"}}],"inLanguage":"az-AZ"},{"@type":"Person","@id":"https:\/\/eu4azerbaijan.eu\/az\/#\/schema\/person\/cf17ddba07387955c481997af06797df","name":"Aydan Topchibasheva","image":{"@type":"ImageObject","inLanguage":"az-AZ","@id":"https:\/\/eu4azerbaijan.eu\/az\/#\/schema\/person\/image\/","url":"https:\/\/secure.gravatar.com\/avatar\/657ac54b68aced49adde2a29a43651c77d8555f376d5ee5dd68172194a09f856?s=96&d=mm&r=g","contentUrl":"https:\/\/secure.gravatar.com\/avatar\/657ac54b68aced49adde2a29a43651c77d8555f376d5ee5dd68172194a09f856?s=96&d=mm&r=g","caption":"Aydan Topchibasheva"},"url":"https:\/\/eu4azerbaijan.eu\/az\/author\/aydan\/"}]}},"_links":{"self":[{"href":"https:\/\/eu4azerbaijan.eu\/az\/wp-json\/wp\/v2\/posts\/67173","targetHints":{"allow":["GET"]}}],"collection":[{"href":"https:\/\/eu4azerbaijan.eu\/az\/wp-json\/wp\/v2\/posts"}],"about":[{"href":"https:\/\/eu4azerbaijan.eu\/az\/wp-json\/wp\/v2\/types\/post"}],"author":[{"embeddable":true,"href":"https:\/\/eu4azerbaijan.eu\/az\/wp-json\/wp\/v2\/users\/19"}],"replies":[{"embeddable":true,"href":"https:\/\/eu4azerbaijan.eu\/az\/wp-json\/wp\/v2\/comments?post=67173"}],"version-history":[{"count":3,"href":"https:\/\/eu4azerbaijan.eu\/az\/wp-json\/wp\/v2\/posts\/67173\/revisions"}],"predecessor-version":[{"id":67176,"href":"https:\/\/eu4azerbaijan.eu\/az\/wp-json\/wp\/v2\/posts\/67173\/revisions\/67176"}],"wp:featuredmedia":[{"embeddable":true,"href":"https:\/\/eu4azerbaijan.eu\/az\/wp-json\/wp\/v2\/media\/67169"}],"wp:attachment":[{"href":"https:\/\/eu4azerbaijan.eu\/az\/wp-json\/wp\/v2\/media?parent=67173"}],"wp:term":[{"taxonomy":"category","embeddable":true,"href":"https:\/\/eu4azerbaijan.eu\/az\/wp-json\/wp\/v2\/categories?post=67173"},{"taxonomy":"post_tag","embeddable":true,"href":"https:\/\/eu4azerbaijan.eu\/az\/wp-json\/wp\/v2\/tags?post=67173"},{"taxonomy":"topic","embeddable":true,"href":"https:\/\/eu4azerbaijan.eu\/az\/wp-json\/wp\/v2\/topic?post=67173"}],"curies":[{"name":"wp","href":"https:\/\/api.w.org\/{rel}","templated":true}]}}