{"id":67130,"date":"2025-10-25T15:40:47","date_gmt":"2025-10-25T15:40:47","guid":{"rendered":"https:\/\/eu4azerbaijan.eu\/ai-nin-az%c9%99rbaycandaki-numay%c9%99nd%c9%99liyi-avropada-t%c9%99hsil-s%c9%99rgisini-elan-edir\/"},"modified":"2025-11-02T15:51:04","modified_gmt":"2025-11-02T15:51:04","slug":"ai-nin-az%c9%99rbaycandaki-numay%c9%99nd%c9%99liyi-avropada-t%c9%99hsil-s%c9%99rgisini-elan-edir","status":"publish","type":"post","link":"https:\/\/eu4azerbaijan.eu\/az\/ai-nin-az%c9%99rbaycandaki-numay%c9%99nd%c9%99liyi-avropada-t%c9%99hsil-s%c9%99rgisini-elan-edir\/","title":{"rendered":"A\u0130-nin Az\u0259rbaycandak\u0131 N\u00fcmay\u0259nd\u0259liyi \u201cAvropada T\u0259hsil\u201d s\u0259rgisini elan edir"},"content":{"rendered":"\n<p>Avropa \u0130ttifaq\u0131n\u0131n Az\u0259rbaycandak\u0131 N\u00fcmay\u0259nd\u0259liyi b\u00f6y\u00fck m\u0259mnuniyy\u0259tl\u0259 bildirir ki, \u201cAvropada T\u0259hsil\u201d s\u0259rgisi 25-26 oktyabr tarixl\u0259rind\u0259 Bak\u0131da \u201cHilton\u201d hotelind\u0259 ke\u00e7iril\u0259c\u0259k. S\u0259rgid\u0259 Avropan\u0131n 10 \u00f6lk\u0259sini t\u0259msil ed\u0259n 30-dan \u00e7ox universitet i\u015ftirak ed\u0259c\u0259k v\u0259 potensial t\u0259l\u0259b\u0259l\u0259r\u0259 t\u0259hsil imkanlar\u0131 bar\u0259d\u0259 m\u0259lumat veril\u0259c\u0259k. Oktyabr\u0131n 25-i saat 12:00-da ke\u00e7iril\u0259c\u0259k a\u00e7\u0131l\u0131\u015f m\u0259rasimind\u0259 A\u0130-nin Az\u0259rbaycandak\u0131 s\u0259firi, A\u0130-y\u0259 \u00fczv d\u00f6vl\u0259tl\u0259rin s\u0259firl\u0259ri, el\u0259c\u0259 d\u0259 T\u0259hsil v\u0259 elm nazirinin m\u00fcavini H\u0259s\u0259n H\u0259s\u0259nov i\u015ftirak ed\u0259c\u0259k.<\/p>\n\n\n\n<p><em>Avropa \u0130ttifaq\u0131n\u0131n Az\u0259rbaycan Respublikas\u0131ndak\u0131 s\u0259firi Marijana Kujundzi\u00e7 bildirib: \u201cBiz sizi Avropa \u0130ttifaq\u0131n\u0131n ali t\u0259hsil d\u00fcnyas\u0131na daxil olma\u011fa d\u0259v\u0259t edirik. Builki t\u0259hsil s\u0259rgisinin \u015f\u00fcar\u0131 \u201cTaleyini t\u0259hsil yazs\u0131n\u201dd\u0131r. Bu, Avropa \u0130ttifaq\u0131n\u0131n Az\u0259rbaycan g\u0259ncl\u0259rini daha parlaq g\u0259l\u0259c\u0259k namin\u0259 d\u0259st\u0259kl\u0259m\u0259k m\u0259qs\u0259dini \u0259ks etdirir\u201d.<\/em><\/p>\n\n\n\n<p>\u201cAvropada T\u0259hsil\u201d s\u0259rgisi A\u0130-nin Az\u0259rbaycandak\u0131 N\u00fcmay\u0259nd\u0259liyinin geni\u015f t\u0259hsil kampaniyas\u0131 \u00e7\u0259r\u00e7iv\u0259sind\u0259 ke\u00e7irilir. Bu kontekstd\u0259 A\u0130-Az\u0259rbaycan t\u0259r\u0259fda\u015fl\u0131\u011f\u0131 A\u0130 t\u0259r\u0259find\u0259n maliyy\u0259l\u0259\u015fdiril\u0259n \u00e7oxt\u0259r\u0259fli kurikulum v\u0259 inki\u015faf layih\u0259l\u0259ri vasit\u0259sil\u0259 Avropa v\u0259 Az\u0259rbaycan aras\u0131nda \u0259laq\u0259l\u0259r yaratma\u011fa imkan verir.<\/p>\n\n\n\n<p>T\u0259dbirin h\u0259r iki g\u00fcn\u00fcnd\u0259 t\u0259qdimatlar olacaq. Bu \u00f6d\u0259ni\u015fsiz m\u0259lumat sessiyalar\u0131nda Avropa universitetl\u0259ri t\u0259klif etdikl\u0259ri t\u0259hsil proqramlar\u0131 bar\u0259d\u0259 \u0259trafl\u0131 m\u0259lumat ver\u0259c\u0259kl\u0259r. H\u0259m\u00e7inin G\u0259nc Avropa S\u0259firl\u0259ri t\u0259r\u0259find\u0259n A\u0130-nin d\u0259st\u0259kl\u0259diyi t\u0259hsil imkanlar\u0131 haqq\u0131nda t\u0259qdimatlar olacaq.<\/p>\n\n\n\n<p>\u201cAvropada T\u0259hsil\u201d s\u0259rgisi 25\u201326 oktyabr tarixl\u0259rind\u0259, \u015f\u0259nb\u0259 v\u0259 bazar g\u00fcnl\u0259ri saat 10:00-dan 18:00-d\u0259k \u201cHilton\u201d otelind\u0259 (Azadl\u0131q prospekti 1B, Bak\u0131 1000, Az\u0259rbaycan) ke\u00e7iril\u0259c\u0259k. Avropada t\u0259hsil almaqda maraql\u0131 olan b\u00fct\u00fcn t\u0259l\u0259b\u0259l\u0259r v\u0259 g\u0259nc m\u00fct\u0259x\u0259ssisl\u0259r a\u015fa\u011f\u0131dak\u0131 linkd\u0259n istifad\u0259 ed\u0259r\u0259k qeydiyyatdan ke\u00e7m\u0259y\u0259 v\u0259 t\u0259dbir\u0259 qat\u0131lma\u011fa d\u0259v\u0259t olunur. <a href=\"http:\/\/www.eu4azerbaijan.eu\/europe-education-fair\/\">Education Fair 2025<\/a><\/p>\n\n\n\n<figure class=\"wp-block-gallery has-nested-images columns-default is-cropped wp-block-gallery-1 is-layout-flex wp-block-gallery-is-layout-flex\">\n<figure class=\"wp-block-image size-large\"><img loading=\"lazy\" decoding=\"async\" width=\"1024\" height=\"683\" data-id=\"67127\" src=\"https:\/\/eu4azerbaijan.eu\/wp-content\/uploads\/v-1024x683.jpg\" alt=\"\" class=\"wp-image-67127\" srcset=\"https:\/\/eu4azerbaijan.eu\/wp-content\/uploads\/v-1024x683.jpg 1024w, https:\/\/eu4azerbaijan.eu\/wp-content\/uploads\/v-300x200.jpg 300w, https:\/\/eu4azerbaijan.eu\/wp-content\/uploads\/v-768x512.jpg 768w, https:\/\/eu4azerbaijan.eu\/wp-content\/uploads\/v-1536x1024.jpg 1536w, https:\/\/eu4azerbaijan.eu\/wp-content\/uploads\/v-2048x1365.jpg 2048w\" sizes=\"(max-width: 1024px) 100vw, 1024px\" \/><\/figure>\n\n\n\n<figure class=\"wp-block-image size-large\"><img loading=\"lazy\" decoding=\"async\" width=\"1024\" height=\"683\" data-id=\"67125\" src=\"https:\/\/eu4azerbaijan.eu\/wp-content\/uploads\/c-1024x683.jpg\" alt=\"\" class=\"wp-image-67125\" srcset=\"https:\/\/eu4azerbaijan.eu\/wp-content\/uploads\/c-1024x683.jpg 1024w, https:\/\/eu4azerbaijan.eu\/wp-content\/uploads\/c-300x200.jpg 300w, https:\/\/eu4azerbaijan.eu\/wp-content\/uploads\/c-768x512.jpg 768w, https:\/\/eu4azerbaijan.eu\/wp-content\/uploads\/c-1536x1024.jpg 1536w, https:\/\/eu4azerbaijan.eu\/wp-content\/uploads\/c-2048x1365.jpg 2048w\" sizes=\"(max-width: 1024px) 100vw, 1024px\" \/><\/figure>\n\n\n\n<figure class=\"wp-block-image size-large\"><img loading=\"lazy\" decoding=\"async\" width=\"1024\" height=\"683\" data-id=\"67123\" src=\"https:\/\/eu4azerbaijan.eu\/wp-content\/uploads\/b-51-1024x683.jpg\" alt=\"\" class=\"wp-image-67123\" srcset=\"https:\/\/eu4azerbaijan.eu\/wp-content\/uploads\/b-51-1024x683.jpg 1024w, https:\/\/eu4azerbaijan.eu\/wp-content\/uploads\/b-51-300x200.jpg 300w, https:\/\/eu4azerbaijan.eu\/wp-content\/uploads\/b-51-768x512.jpg 768w, https:\/\/eu4azerbaijan.eu\/wp-content\/uploads\/b-51-1536x1024.jpg 1536w, https:\/\/eu4azerbaijan.eu\/wp-content\/uploads\/b-51-2048x1365.jpg 2048w\" sizes=\"(max-width: 1024px) 100vw, 1024px\" \/><\/figure>\n\n\n\n<figure class=\"wp-block-image size-large\"><img loading=\"lazy\" decoding=\"async\" width=\"1024\" height=\"683\" data-id=\"67121\" src=\"https:\/\/eu4azerbaijan.eu\/wp-content\/uploads\/b-48-1024x683.jpg\" alt=\"\" class=\"wp-image-67121\" srcset=\"https:\/\/eu4azerbaijan.eu\/wp-content\/uploads\/b-48-1024x683.jpg 1024w, https:\/\/eu4azerbaijan.eu\/wp-content\/uploads\/b-48-300x200.jpg 300w, https:\/\/eu4azerbaijan.eu\/wp-content\/uploads\/b-48-768x512.jpg 768w, https:\/\/eu4azerbaijan.eu\/wp-content\/uploads\/b-48-1536x1024.jpg 1536w, https:\/\/eu4azerbaijan.eu\/wp-content\/uploads\/b-48-2048x1365.jpg 2048w\" sizes=\"(max-width: 1024px) 100vw, 1024px\" \/><\/figure>\n\n\n\n<figure class=\"wp-block-image size-large\"><img loading=\"lazy\" decoding=\"async\" width=\"1024\" height=\"683\" data-id=\"67119\" src=\"https:\/\/eu4azerbaijan.eu\/wp-content\/uploads\/b-44-1024x683.jpg\" alt=\"\" class=\"wp-image-67119\" srcset=\"https:\/\/eu4azerbaijan.eu\/wp-content\/uploads\/b-44-1024x683.jpg 1024w, https:\/\/eu4azerbaijan.eu\/wp-content\/uploads\/b-44-300x200.jpg 300w, https:\/\/eu4azerbaijan.eu\/wp-content\/uploads\/b-44-768x512.jpg 768w, https:\/\/eu4azerbaijan.eu\/wp-content\/uploads\/b-44-1536x1024.jpg 1536w, https:\/\/eu4azerbaijan.eu\/wp-content\/uploads\/b-44-2048x1365.jpg 2048w\" sizes=\"(max-width: 1024px) 100vw, 1024px\" \/><\/figure>\n\n\n\n<figure class=\"wp-block-image size-large\"><img loading=\"lazy\" decoding=\"async\" width=\"1024\" height=\"683\" data-id=\"67109\" src=\"https:\/\/eu4azerbaijan.eu\/wp-content\/uploads\/a-18-1024x683.jpg\" alt=\"\" class=\"wp-image-67109\" srcset=\"https:\/\/eu4azerbaijan.eu\/wp-content\/uploads\/a-18-1024x683.jpg 1024w, https:\/\/eu4azerbaijan.eu\/wp-content\/uploads\/a-18-300x200.jpg 300w, https:\/\/eu4azerbaijan.eu\/wp-content\/uploads\/a-18-768x512.jpg 768w, https:\/\/eu4azerbaijan.eu\/wp-content\/uploads\/a-18-1536x1024.jpg 1536w, https:\/\/eu4azerbaijan.eu\/wp-content\/uploads\/a-18-2048x1365.jpg 2048w\" sizes=\"(max-width: 1024px) 100vw, 1024px\" \/><figcaption class=\"wp-element-caption\">ilkin.cavansirov@mail.ru<\/figcaption><\/figure>\n\n\n\n<figure class=\"wp-block-image size-large\"><img loading=\"lazy\" decoding=\"async\" width=\"1024\" height=\"683\" data-id=\"67111\" src=\"https:\/\/eu4azerbaijan.eu\/wp-content\/uploads\/a-19-1024x683.jpg\" alt=\"\" class=\"wp-image-67111\" srcset=\"https:\/\/eu4azerbaijan.eu\/wp-content\/uploads\/a-19-1024x683.jpg 1024w, https:\/\/eu4azerbaijan.eu\/wp-content\/uploads\/a-19-300x200.jpg 300w, https:\/\/eu4azerbaijan.eu\/wp-content\/uploads\/a-19-768x512.jpg 768w, https:\/\/eu4azerbaijan.eu\/wp-content\/uploads\/a-19-1536x1024.jpg 1536w, https:\/\/eu4azerbaijan.eu\/wp-content\/uploads\/a-19-2048x1365.jpg 2048w\" sizes=\"(max-width: 1024px) 100vw, 1024px\" \/><figcaption class=\"wp-element-caption\">ilkin.cavansirov@mail.ru<\/figcaption><\/figure>\n\n\n\n<figure class=\"wp-block-image size-large\"><img loading=\"lazy\" decoding=\"async\" width=\"1024\" height=\"683\" data-id=\"67115\" src=\"https:\/\/eu4azerbaijan.eu\/wp-content\/uploads\/b-32-1024x683.jpg\" alt=\"\" class=\"wp-image-67115\" srcset=\"https:\/\/eu4azerbaijan.eu\/wp-content\/uploads\/b-32-1024x683.jpg 1024w, https:\/\/eu4azerbaijan.eu\/wp-content\/uploads\/b-32-300x200.jpg 300w, https:\/\/eu4azerbaijan.eu\/wp-content\/uploads\/b-32-768x512.jpg 768w, https:\/\/eu4azerbaijan.eu\/wp-content\/uploads\/b-32-1536x1024.jpg 1536w, https:\/\/eu4azerbaijan.eu\/wp-content\/uploads\/b-32-2048x1365.jpg 2048w\" sizes=\"(max-width: 1024px) 100vw, 1024px\" \/><\/figure>\n\n\n\n<figure class=\"wp-block-image size-large\"><img loading=\"lazy\" decoding=\"async\" width=\"1024\" height=\"683\" data-id=\"67117\" src=\"https:\/\/eu4azerbaijan.eu\/wp-content\/uploads\/b-39-1024x683.jpg\" alt=\"\" class=\"wp-image-67117\" srcset=\"https:\/\/eu4azerbaijan.eu\/wp-content\/uploads\/b-39-1024x683.jpg 1024w, https:\/\/eu4azerbaijan.eu\/wp-content\/uploads\/b-39-300x200.jpg 300w, https:\/\/eu4azerbaijan.eu\/wp-content\/uploads\/b-39-768x512.jpg 768w, https:\/\/eu4azerbaijan.eu\/wp-content\/uploads\/b-39-1536x1024.jpg 1536w, https:\/\/eu4azerbaijan.eu\/wp-content\/uploads\/b-39-2048x1365.jpg 2048w\" sizes=\"(max-width: 1024px) 100vw, 1024px\" \/><\/figure>\n\n\n\n<figure class=\"wp-block-image size-large\"><img loading=\"lazy\" decoding=\"async\" width=\"1024\" height=\"607\" data-id=\"67113\" src=\"https:\/\/eu4azerbaijan.eu\/wp-content\/uploads\/b-25-1024x607.jpg\" alt=\"\" class=\"wp-image-67113\" srcset=\"https:\/\/eu4azerbaijan.eu\/wp-content\/uploads\/b-25-1024x607.jpg 1024w, https:\/\/eu4azerbaijan.eu\/wp-content\/uploads\/b-25-300x178.jpg 300w, https:\/\/eu4azerbaijan.eu\/wp-content\/uploads\/b-25-768x455.jpg 768w, https:\/\/eu4azerbaijan.eu\/wp-content\/uploads\/b-25-1536x910.jpg 1536w, https:\/\/eu4azerbaijan.eu\/wp-content\/uploads\/b-25-2048x1214.jpg 2048w\" sizes=\"(max-width: 1024px) 100vw, 1024px\" \/><\/figure>\n\n\n\n<figure class=\"wp-block-image size-large\"><img loading=\"lazy\" decoding=\"async\" width=\"1024\" height=\"683\" data-id=\"67105\" src=\"https:\/\/eu4azerbaijan.eu\/wp-content\/uploads\/EU_amb-2-1024x683.jpg\" alt=\"\" class=\"wp-image-67105\" srcset=\"https:\/\/eu4azerbaijan.eu\/wp-content\/uploads\/EU_amb-2-1024x683.jpg 1024w, https:\/\/eu4azerbaijan.eu\/wp-content\/uploads\/EU_amb-2-300x200.jpg 300w, https:\/\/eu4azerbaijan.eu\/wp-content\/uploads\/EU_amb-2-768x512.jpg 768w, https:\/\/eu4azerbaijan.eu\/wp-content\/uploads\/EU_amb-2-1536x1024.jpg 1536w, https:\/\/eu4azerbaijan.eu\/wp-content\/uploads\/EU_amb-2-2048x1365.jpg 2048w\" sizes=\"(max-width: 1024px) 100vw, 1024px\" \/><\/figure>\n<\/figure>\n","protected":false},"excerpt":{"rendered":"<p>Avropa \u0130ttifaq\u0131n\u0131n Az\u0259rbaycandak\u0131 N\u00fcmay\u0259nd\u0259liyi b\u00f6y\u00fck m\u0259mnuniyy\u0259tl\u0259 bildirir ki, \u201cAvropada T\u0259hsil\u201d s\u0259rgisi 25-26 oktyabr tarixl\u0259rind\u0259 Bak\u0131da \u201cHilton\u201d hotelind\u0259 ke\u00e7iril\u0259c\u0259k. S\u0259rgid\u0259 Avropan\u0131n 10 \u00f6lk\u0259sini t\u0259msil ed\u0259n 30-dan \u00e7ox universitet i\u015ftirak ed\u0259c\u0259k v\u0259 potensial t\u0259l\u0259b\u0259l\u0259r\u0259 t\u0259hsil imkanlar\u0131 bar\u0259d\u0259 m\u0259lumat veril\u0259c\u0259k. Oktyabr\u0131n 25-i saat 12:00-da ke\u00e7iril\u0259c\u0259k a\u00e7\u0131l\u0131\u015f m\u0259rasimind\u0259 A\u0130-nin Az\u0259rbaycandak\u0131 s\u0259firi, A\u0130-y\u0259 \u00fczv d\u00f6vl\u0259tl\u0259rin s\u0259firl\u0259ri, el\u0259c\u0259 d\u0259 T\u0259hsil v\u0259 [&hellip;]<\/p>\n","protected":false},"author":19,"featured_media":67108,"comment_status":"closed","ping_status":"closed","sticky":false,"template":"","format":"standard","meta":{"_acf_changed":false,"footnotes":""},"categories":[374,284],"tags":[],"topic":[],"class_list":["post-67130","post","type-post","status-publish","format-standard","has-post-thumbnail","hentry","category-whats-happening-az","category-news-az"],"acf":[],"yoast_head":"<!-- This site is optimized with the Yoast SEO plugin v26.4 - https:\/\/yoast.com\/wordpress\/plugins\/seo\/ -->\n<title>A\u0130-nin Az\u0259rbaycandak\u0131 N\u00fcmay\u0259nd\u0259liyi \u201cAvropada T\u0259hsil\u201d s\u0259rgisini elan edir - EU for Azerbaijan<\/title>\n<meta name=\"robots\" content=\"index, follow, max-snippet:-1, max-image-preview:large, max-video-preview:-1\" \/>\n<link rel=\"canonical\" href=\"https:\/\/eu4azerbaijan.eu\/az\/ai-nin-az%c9%99rbaycandaki-numay%c9%99nd%c9%99liyi-avropada-t%c9%99hsil-s%c9%99rgisini-elan-edir\/\" \/>\n<meta property=\"og:locale\" content=\"az_AZ\" \/>\n<meta property=\"og:type\" content=\"article\" \/>\n<meta property=\"og:title\" content=\"A\u0130-nin Az\u0259rbaycandak\u0131 N\u00fcmay\u0259nd\u0259liyi \u201cAvropada T\u0259hsil\u201d s\u0259rgisini elan edir - EU for Azerbaijan\" \/>\n<meta property=\"og:description\" content=\"Avropa \u0130ttifaq\u0131n\u0131n Az\u0259rbaycandak\u0131 N\u00fcmay\u0259nd\u0259liyi b\u00f6y\u00fck m\u0259mnuniyy\u0259tl\u0259 bildirir ki, \u201cAvropada T\u0259hsil\u201d s\u0259rgisi 25-26 oktyabr tarixl\u0259rind\u0259 Bak\u0131da \u201cHilton\u201d hotelind\u0259 ke\u00e7iril\u0259c\u0259k. S\u0259rgid\u0259 Avropan\u0131n 10 \u00f6lk\u0259sini t\u0259msil ed\u0259n 30-dan \u00e7ox universitet i\u015ftirak ed\u0259c\u0259k v\u0259 potensial t\u0259l\u0259b\u0259l\u0259r\u0259 t\u0259hsil imkanlar\u0131 bar\u0259d\u0259 m\u0259lumat veril\u0259c\u0259k. Oktyabr\u0131n 25-i saat 12:00-da ke\u00e7iril\u0259c\u0259k a\u00e7\u0131l\u0131\u015f m\u0259rasimind\u0259 A\u0130-nin Az\u0259rbaycandak\u0131 s\u0259firi, A\u0130-y\u0259 \u00fczv d\u00f6vl\u0259tl\u0259rin s\u0259firl\u0259ri, el\u0259c\u0259 d\u0259 T\u0259hsil v\u0259 [&hellip;]\" \/>\n<meta property=\"og:url\" content=\"https:\/\/eu4azerbaijan.eu\/az\/ai-nin-az%c9%99rbaycandaki-numay%c9%99nd%c9%99liyi-avropada-t%c9%99hsil-s%c9%99rgisini-elan-edir\/\" \/>\n<meta property=\"og:site_name\" content=\"EU for Azerbaijan\" \/>\n<meta property=\"article:published_time\" content=\"2025-10-25T15:40:47+00:00\" \/>\n<meta property=\"article:modified_time\" content=\"2025-11-02T15:51:04+00:00\" \/>\n<meta property=\"og:image\" content=\"https:\/\/eu4azerbaijan.eu\/wp-content\/uploads\/a-12-scaled.jpg\" \/>\n\t<meta property=\"og:image:width\" content=\"2560\" \/>\n\t<meta property=\"og:image:height\" content=\"1707\" \/>\n\t<meta property=\"og:image:type\" content=\"image\/jpeg\" \/>\n<meta name=\"author\" content=\"Aydan Topchibasheva\" \/>\n<meta name=\"twitter:card\" content=\"summary_large_image\" \/>\n<meta name=\"twitter:label1\" content=\"Written by\" \/>\n\t<meta name=\"twitter:data1\" content=\"Aydan Topchibasheva\" \/>\n\t<meta name=\"twitter:label2\" content=\"Est. reading time\" \/>\n\t<meta name=\"twitter:data2\" content=\"4 minutes\" \/>\n<script type=\"application\/ld+json\" class=\"yoast-schema-graph\">{\"@context\":\"https:\/\/schema.org\",\"@graph\":[{\"@type\":\"WebPage\",\"@id\":\"https:\/\/eu4azerbaijan.eu\/az\/ai-nin-az%c9%99rbaycandaki-numay%c9%99nd%c9%99liyi-avropada-t%c9%99hsil-s%c9%99rgisini-elan-edir\/\",\"url\":\"https:\/\/eu4azerbaijan.eu\/az\/ai-nin-az%c9%99rbaycandaki-numay%c9%99nd%c9%99liyi-avropada-t%c9%99hsil-s%c9%99rgisini-elan-edir\/\",\"name\":\"A\u0130-nin Az\u0259rbaycandak\u0131 N\u00fcmay\u0259nd\u0259liyi \u201cAvropada T\u0259hsil\u201d s\u0259rgisini elan edir - EU for Azerbaijan\",\"isPartOf\":{\"@id\":\"https:\/\/eu4azerbaijan.eu\/az\/#website\"},\"primaryImageOfPage\":{\"@id\":\"https:\/\/eu4azerbaijan.eu\/az\/ai-nin-az%c9%99rbaycandaki-numay%c9%99nd%c9%99liyi-avropada-t%c9%99hsil-s%c9%99rgisini-elan-edir\/#primaryimage\"},\"image\":{\"@id\":\"https:\/\/eu4azerbaijan.eu\/az\/ai-nin-az%c9%99rbaycandaki-numay%c9%99nd%c9%99liyi-avropada-t%c9%99hsil-s%c9%99rgisini-elan-edir\/#primaryimage\"},\"thumbnailUrl\":\"https:\/\/eu4azerbaijan.eu\/wp-content\/uploads\/a-12-scaled.jpg\",\"datePublished\":\"2025-10-25T15:40:47+00:00\",\"dateModified\":\"2025-11-02T15:51:04+00:00\",\"author\":{\"@id\":\"https:\/\/eu4azerbaijan.eu\/az\/#\/schema\/person\/cf17ddba07387955c481997af06797df\"},\"breadcrumb\":{\"@id\":\"https:\/\/eu4azerbaijan.eu\/az\/ai-nin-az%c9%99rbaycandaki-numay%c9%99nd%c9%99liyi-avropada-t%c9%99hsil-s%c9%99rgisini-elan-edir\/#breadcrumb\"},\"inLanguage\":\"az-AZ\",\"potentialAction\":[{\"@type\":\"ReadAction\",\"target\":[\"https:\/\/eu4azerbaijan.eu\/az\/ai-nin-az%c9%99rbaycandaki-numay%c9%99nd%c9%99liyi-avropada-t%c9%99hsil-s%c9%99rgisini-elan-edir\/\"]}]},{\"@type\":\"ImageObject\",\"inLanguage\":\"az-AZ\",\"@id\":\"https:\/\/eu4azerbaijan.eu\/az\/ai-nin-az%c9%99rbaycandaki-numay%c9%99nd%c9%99liyi-avropada-t%c9%99hsil-s%c9%99rgisini-elan-edir\/#primaryimage\",\"url\":\"https:\/\/eu4azerbaijan.eu\/wp-content\/uploads\/a-12-scaled.jpg\",\"contentUrl\":\"https:\/\/eu4azerbaijan.eu\/wp-content\/uploads\/a-12-scaled.jpg\",\"width\":2560,\"height\":1707,\"caption\":\"ilkin.cavansirov@mail.ru\"},{\"@type\":\"BreadcrumbList\",\"@id\":\"https:\/\/eu4azerbaijan.eu\/az\/ai-nin-az%c9%99rbaycandaki-numay%c9%99nd%c9%99liyi-avropada-t%c9%99hsil-s%c9%99rgisini-elan-edir\/#breadcrumb\",\"itemListElement\":[{\"@type\":\"ListItem\",\"position\":1,\"name\":\"Home\",\"item\":\"https:\/\/eu4azerbaijan.eu\/az\/\"},{\"@type\":\"ListItem\",\"position\":2,\"name\":\"A\u0130-nin Az\u0259rbaycandak\u0131 N\u00fcmay\u0259nd\u0259liyi \u201cAvropada T\u0259hsil\u201d s\u0259rgisini elan edir\"}]},{\"@type\":\"WebSite\",\"@id\":\"https:\/\/eu4azerbaijan.eu\/az\/#website\",\"url\":\"https:\/\/eu4azerbaijan.eu\/az\/\",\"name\":\"EU for Azerbaijan\",\"description\":\"\",\"potentialAction\":[{\"@type\":\"SearchAction\",\"target\":{\"@type\":\"EntryPoint\",\"urlTemplate\":\"https:\/\/eu4azerbaijan.eu\/az\/?s={search_term_string}\"},\"query-input\":{\"@type\":\"PropertyValueSpecification\",\"valueRequired\":true,\"valueName\":\"search_term_string\"}}],\"inLanguage\":\"az-AZ\"},{\"@type\":\"Person\",\"@id\":\"https:\/\/eu4azerbaijan.eu\/az\/#\/schema\/person\/cf17ddba07387955c481997af06797df\",\"name\":\"Aydan Topchibasheva\",\"image\":{\"@type\":\"ImageObject\",\"inLanguage\":\"az-AZ\",\"@id\":\"https:\/\/eu4azerbaijan.eu\/az\/#\/schema\/person\/image\/\",\"url\":\"https:\/\/secure.gravatar.com\/avatar\/657ac54b68aced49adde2a29a43651c77d8555f376d5ee5dd68172194a09f856?s=96&d=mm&r=g\",\"contentUrl\":\"https:\/\/secure.gravatar.com\/avatar\/657ac54b68aced49adde2a29a43651c77d8555f376d5ee5dd68172194a09f856?s=96&d=mm&r=g\",\"caption\":\"Aydan Topchibasheva\"},\"url\":\"https:\/\/eu4azerbaijan.eu\/az\/author\/aydan\/\"}]}<\/script>\n<!-- \/ Yoast SEO plugin. -->","yoast_head_json":{"title":"A\u0130-nin Az\u0259rbaycandak\u0131 N\u00fcmay\u0259nd\u0259liyi \u201cAvropada T\u0259hsil\u201d s\u0259rgisini elan edir - EU for Azerbaijan","robots":{"index":"index","follow":"follow","max-snippet":"max-snippet:-1","max-image-preview":"max-image-preview:large","max-video-preview":"max-video-preview:-1"},"canonical":"https:\/\/eu4azerbaijan.eu\/az\/ai-nin-az%c9%99rbaycandaki-numay%c9%99nd%c9%99liyi-avropada-t%c9%99hsil-s%c9%99rgisini-elan-edir\/","og_locale":"az_AZ","og_type":"article","og_title":"A\u0130-nin Az\u0259rbaycandak\u0131 N\u00fcmay\u0259nd\u0259liyi \u201cAvropada T\u0259hsil\u201d s\u0259rgisini elan edir - EU for Azerbaijan","og_description":"Avropa \u0130ttifaq\u0131n\u0131n Az\u0259rbaycandak\u0131 N\u00fcmay\u0259nd\u0259liyi b\u00f6y\u00fck m\u0259mnuniyy\u0259tl\u0259 bildirir ki, \u201cAvropada T\u0259hsil\u201d s\u0259rgisi 25-26 oktyabr tarixl\u0259rind\u0259 Bak\u0131da \u201cHilton\u201d hotelind\u0259 ke\u00e7iril\u0259c\u0259k. S\u0259rgid\u0259 Avropan\u0131n 10 \u00f6lk\u0259sini t\u0259msil ed\u0259n 30-dan \u00e7ox universitet i\u015ftirak ed\u0259c\u0259k v\u0259 potensial t\u0259l\u0259b\u0259l\u0259r\u0259 t\u0259hsil imkanlar\u0131 bar\u0259d\u0259 m\u0259lumat veril\u0259c\u0259k. Oktyabr\u0131n 25-i saat 12:00-da ke\u00e7iril\u0259c\u0259k a\u00e7\u0131l\u0131\u015f m\u0259rasimind\u0259 A\u0130-nin Az\u0259rbaycandak\u0131 s\u0259firi, A\u0130-y\u0259 \u00fczv d\u00f6vl\u0259tl\u0259rin s\u0259firl\u0259ri, el\u0259c\u0259 d\u0259 T\u0259hsil v\u0259 [&hellip;]","og_url":"https:\/\/eu4azerbaijan.eu\/az\/ai-nin-az%c9%99rbaycandaki-numay%c9%99nd%c9%99liyi-avropada-t%c9%99hsil-s%c9%99rgisini-elan-edir\/","og_site_name":"EU for Azerbaijan","article_published_time":"2025-10-25T15:40:47+00:00","article_modified_time":"2025-11-02T15:51:04+00:00","og_image":[{"width":2560,"height":1707,"url":"https:\/\/eu4azerbaijan.eu\/wp-content\/uploads\/a-12-scaled.jpg","type":"image\/jpeg"}],"author":"Aydan Topchibasheva","twitter_card":"summary_large_image","twitter_misc":{"Written by":"Aydan Topchibasheva","Est. reading time":"4 minutes"},"schema":{"@context":"https:\/\/schema.org","@graph":[{"@type":"WebPage","@id":"https:\/\/eu4azerbaijan.eu\/az\/ai-nin-az%c9%99rbaycandaki-numay%c9%99nd%c9%99liyi-avropada-t%c9%99hsil-s%c9%99rgisini-elan-edir\/","url":"https:\/\/eu4azerbaijan.eu\/az\/ai-nin-az%c9%99rbaycandaki-numay%c9%99nd%c9%99liyi-avropada-t%c9%99hsil-s%c9%99rgisini-elan-edir\/","name":"A\u0130-nin Az\u0259rbaycandak\u0131 N\u00fcmay\u0259nd\u0259liyi \u201cAvropada T\u0259hsil\u201d s\u0259rgisini elan edir - EU for Azerbaijan","isPartOf":{"@id":"https:\/\/eu4azerbaijan.eu\/az\/#website"},"primaryImageOfPage":{"@id":"https:\/\/eu4azerbaijan.eu\/az\/ai-nin-az%c9%99rbaycandaki-numay%c9%99nd%c9%99liyi-avropada-t%c9%99hsil-s%c9%99rgisini-elan-edir\/#primaryimage"},"image":{"@id":"https:\/\/eu4azerbaijan.eu\/az\/ai-nin-az%c9%99rbaycandaki-numay%c9%99nd%c9%99liyi-avropada-t%c9%99hsil-s%c9%99rgisini-elan-edir\/#primaryimage"},"thumbnailUrl":"https:\/\/eu4azerbaijan.eu\/wp-content\/uploads\/a-12-scaled.jpg","datePublished":"2025-10-25T15:40:47+00:00","dateModified":"2025-11-02T15:51:04+00:00","author":{"@id":"https:\/\/eu4azerbaijan.eu\/az\/#\/schema\/person\/cf17ddba07387955c481997af06797df"},"breadcrumb":{"@id":"https:\/\/eu4azerbaijan.eu\/az\/ai-nin-az%c9%99rbaycandaki-numay%c9%99nd%c9%99liyi-avropada-t%c9%99hsil-s%c9%99rgisini-elan-edir\/#breadcrumb"},"inLanguage":"az-AZ","potentialAction":[{"@type":"ReadAction","target":["https:\/\/eu4azerbaijan.eu\/az\/ai-nin-az%c9%99rbaycandaki-numay%c9%99nd%c9%99liyi-avropada-t%c9%99hsil-s%c9%99rgisini-elan-edir\/"]}]},{"@type":"ImageObject","inLanguage":"az-AZ","@id":"https:\/\/eu4azerbaijan.eu\/az\/ai-nin-az%c9%99rbaycandaki-numay%c9%99nd%c9%99liyi-avropada-t%c9%99hsil-s%c9%99rgisini-elan-edir\/#primaryimage","url":"https:\/\/eu4azerbaijan.eu\/wp-content\/uploads\/a-12-scaled.jpg","contentUrl":"https:\/\/eu4azerbaijan.eu\/wp-content\/uploads\/a-12-scaled.jpg","width":2560,"height":1707,"caption":"ilkin.cavansirov@mail.ru"},{"@type":"BreadcrumbList","@id":"https:\/\/eu4azerbaijan.eu\/az\/ai-nin-az%c9%99rbaycandaki-numay%c9%99nd%c9%99liyi-avropada-t%c9%99hsil-s%c9%99rgisini-elan-edir\/#breadcrumb","itemListElement":[{"@type":"ListItem","position":1,"name":"Home","item":"https:\/\/eu4azerbaijan.eu\/az\/"},{"@type":"ListItem","position":2,"name":"A\u0130-nin Az\u0259rbaycandak\u0131 N\u00fcmay\u0259nd\u0259liyi \u201cAvropada T\u0259hsil\u201d s\u0259rgisini elan edir"}]},{"@type":"WebSite","@id":"https:\/\/eu4azerbaijan.eu\/az\/#website","url":"https:\/\/eu4azerbaijan.eu\/az\/","name":"EU for Azerbaijan","description":"","potentialAction":[{"@type":"SearchAction","target":{"@type":"EntryPoint","urlTemplate":"https:\/\/eu4azerbaijan.eu\/az\/?s={search_term_string}"},"query-input":{"@type":"PropertyValueSpecification","valueRequired":true,"valueName":"search_term_string"}}],"inLanguage":"az-AZ"},{"@type":"Person","@id":"https:\/\/eu4azerbaijan.eu\/az\/#\/schema\/person\/cf17ddba07387955c481997af06797df","name":"Aydan Topchibasheva","image":{"@type":"ImageObject","inLanguage":"az-AZ","@id":"https:\/\/eu4azerbaijan.eu\/az\/#\/schema\/person\/image\/","url":"https:\/\/secure.gravatar.com\/avatar\/657ac54b68aced49adde2a29a43651c77d8555f376d5ee5dd68172194a09f856?s=96&d=mm&r=g","contentUrl":"https:\/\/secure.gravatar.com\/avatar\/657ac54b68aced49adde2a29a43651c77d8555f376d5ee5dd68172194a09f856?s=96&d=mm&r=g","caption":"Aydan Topchibasheva"},"url":"https:\/\/eu4azerbaijan.eu\/az\/author\/aydan\/"}]}},"_links":{"self":[{"href":"https:\/\/eu4azerbaijan.eu\/az\/wp-json\/wp\/v2\/posts\/67130","targetHints":{"allow":["GET"]}}],"collection":[{"href":"https:\/\/eu4azerbaijan.eu\/az\/wp-json\/wp\/v2\/posts"}],"about":[{"href":"https:\/\/eu4azerbaijan.eu\/az\/wp-json\/wp\/v2\/types\/post"}],"author":[{"embeddable":true,"href":"https:\/\/eu4azerbaijan.eu\/az\/wp-json\/wp\/v2\/users\/19"}],"replies":[{"embeddable":true,"href":"https:\/\/eu4azerbaijan.eu\/az\/wp-json\/wp\/v2\/comments?post=67130"}],"version-history":[{"count":3,"href":"https:\/\/eu4azerbaijan.eu\/az\/wp-json\/wp\/v2\/posts\/67130\/revisions"}],"predecessor-version":[{"id":67135,"href":"https:\/\/eu4azerbaijan.eu\/az\/wp-json\/wp\/v2\/posts\/67130\/revisions\/67135"}],"wp:featuredmedia":[{"embeddable":true,"href":"https:\/\/eu4azerbaijan.eu\/az\/wp-json\/wp\/v2\/media\/67108"}],"wp:attachment":[{"href":"https:\/\/eu4azerbaijan.eu\/az\/wp-json\/wp\/v2\/media?parent=67130"}],"wp:term":[{"taxonomy":"category","embeddable":true,"href":"https:\/\/eu4azerbaijan.eu\/az\/wp-json\/wp\/v2\/categories?post=67130"},{"taxonomy":"post_tag","embeddable":true,"href":"https:\/\/eu4azerbaijan.eu\/az\/wp-json\/wp\/v2\/tags?post=67130"},{"taxonomy":"topic","embeddable":true,"href":"https:\/\/eu4azerbaijan.eu\/az\/wp-json\/wp\/v2\/topic?post=67130"}],"curies":[{"name":"wp","href":"https:\/\/api.w.org\/{rel}","templated":true}]}}