{"id":66950,"date":"2025-07-10T12:52:15","date_gmt":"2025-07-10T12:52:15","guid":{"rendered":"https:\/\/eu4azerbaijan.eu\/a-journey-of-impact-celebrating-five-generations-of-eu4youth-alumni-network\/"},"modified":"2025-07-10T13:13:05","modified_gmt":"2025-07-10T13:13:05","slug":"a-journey-of-impact-celebrating-five-generations-of-eu4youth-alumni-network","status":"publish","type":"post","link":"https:\/\/eu4azerbaijan.eu\/az\/a-journey-of-impact-celebrating-five-generations-of-eu4youth-alumni-network\/","title":{"rendered":"U\u011fura aparan yol: \u201cEU4Youth\u201d M\u0259zunlar \u015e\u0259b\u0259k\u0259sinin be\u015fillik yubileyi v\u0259 sonuncu m\u0259zun burax\u0131l\u0131\u015f\u0131 qeyd olunur"},"content":{"rendered":"\n<p>G\u0259ncl\u0259r\u0259 \u00f6z ideyalar\u0131n\u0131 \u0259m\u0259li f\u0259aliyy\u0259t\u0259 \u00e7evirm\u0259k \u00fc\u00e7\u00fcn platforma v\u0259 d\u0259st\u0259k verildikd\u0259 n\u0259 ba\u015f verir? 2019-cu ild\u0259n etibar\u0259n \u201cEU4Youth\u201d M\u0259zunlar \u015e\u0259b\u0259k\u0259si f\u0259al g\u0259ncl\u0259r\u0259 ideyalar\u0131n\u0131 layih\u0259l\u0259r\u0259 \u00e7evirm\u0259y\u0259 k\u00f6m\u0259k edir. Bu layih\u0259l\u0259r \u015e\u0259rq T\u0259r\u0259fda\u015fl\u0131\u011f\u0131 regionunda ya\u015fayan insanlar\u0131n rifah\u0131na, el\u0259c\u0259 d\u0259 h\u00fcquq v\u0259 imkanlar\u0131n\u0131n art\u0131r\u0131lmas\u0131na xidm\u0259t edir.<\/p>\n\n\n\n<p>M\u0259zunlar \u015e\u0259b\u0259k\u0259si A\u0130 t\u0259r\u0259find\u0259n maliyy\u0259l\u0259\u015f\u0259n proqramlardan m\u0259zun olmu\u015f g\u0259ncl\u0259ri t\u0259\u015f\u0259bb\u00fcsl\u0259rini h\u0259yata ke\u00e7irm\u0259k \u00fc\u00e7\u00fcn maliyy\u0259, bacar\u0131qlar v\u0259 mentorluq d\u0259st\u0259yi il\u0259 t\u0259min edir. F\u0259aliyy\u0259t\u0259 ba\u015flad\u0131\u011f\u0131 vaxtdan b\u0259ri&nbsp;<strong>340-dan \u00e7ox m\u0259zun 190-dan \u00e7ox layih\u0259y\u0259<\/strong>&nbsp;r\u0259hb\u0259rlik edib.<strong>&nbsp;\u00dcmumilikd\u0259 bu layih\u0259l\u0259rd\u0259<\/strong>&nbsp;<strong>3770-d\u0259n \u00e7ox g\u0259nc<\/strong>&nbsp;<strong>i\u015ftirak<\/strong>&nbsp;<strong>edib<\/strong>&nbsp;v\u0259 onlar\u0131n \u0259ks\u0259riyy\u0259ti azt\u0259minatl\u0131 ail\u0259l\u0259rin \u00fczvl\u0259ri olub. H\u0259r bir r\u0259q\u0259min arxas\u0131nda yerli icmalarda real d\u0259yi\u015fiklik yaratmaq h\u0259v\u0259si v\u0259 f\u0259dakarl\u0131q hekay\u0259si dayan\u0131r.<\/p>\n\n\n\n<p>\u201cEU4Youth\u201d M\u0259zunlar \u015e\u0259b\u0259k\u0259sinin yarad\u0131lmas\u0131ndan be\u015f il \u00f6t\u00fcr. \u015e\u0259b\u0259k\u0259nin be\u015fillik yubileyi onun m\u0259zunlar\u0131n\u0131n \u0259ld\u0259 etdiyi nailiyy\u0259tl\u0259ri xatrlamaq \u00fc\u00e7\u00fcn g\u00f6z\u0259l bir m\u0259qamd\u0131r. Onlar\u0131n r\u0259hb\u0259rliyi il\u0259 alt\u0131-s\u0259kkiz ay davam ed\u0259n bu t\u0259\u015f\u0259bb\u00fcsl\u0259r nec\u0259 icra olunma\u011fa ba\u015flad\u0131? M\u0259zunlar\u0131n g\u00f6rd\u00fcy\u00fc i\u015fl\u0259r onlar\u0131n d\u0259st\u0259kl\u0259m\u0259y\u0259 sadiq olduqlar\u0131&nbsp;<strong>maddi imkanlar\u0131 m\u0259hdud g\u0259ncl\u0259rd\u0259n ibar\u0259t yerli<\/strong>&nbsp;<strong>icmalardan<\/strong>&nbsp;ba\u015flay\u0131b.<\/p>\n\n\n\n<figure class=\"wp-block-image size-large\"><img loading=\"lazy\" decoding=\"async\" width=\"1024\" height=\"683\" src=\"https:\/\/eu4azerbaijan.eu\/wp-content\/uploads\/222-1024x683.jpg\" alt=\"\" class=\"wp-image-66937\" srcset=\"https:\/\/eu4azerbaijan.eu\/wp-content\/uploads\/222-1024x683.jpg 1024w, https:\/\/eu4azerbaijan.eu\/wp-content\/uploads\/222-300x200.jpg 300w, https:\/\/eu4azerbaijan.eu\/wp-content\/uploads\/222-768x512.jpg 768w, https:\/\/eu4azerbaijan.eu\/wp-content\/uploads\/222.jpg 1536w\" sizes=\"(max-width: 1024px) 100vw, 1024px\" \/><\/figure>\n\n\n\n<p><strong>Probleml\u0259rin m\u00fc\u0259yy\u0259n edilm\u0259si v\u0259 h\u0259ll yolunun tap\u0131lmas\u0131<\/strong><strong><\/strong><\/p>\n\n\n\n<p>H\u0259r bir m\u0259zuna aid t\u0259\u015f\u0259bb\u00fcs\u00fcn \u0259sas\u0131n\u0131 \u015f\u0259xsi t\u0259cr\u00fcb\u0259 t\u0259\u015fkil edir. B\u00fct\u00fcn layih\u0259l\u0259r m\u0259zunlar\u0131n maraq v\u0259 ideyalar\u0131 il\u0259 yana\u015f\u0131, g\u0259ncl\u0259rin, x\u00fcsusil\u0259 d\u0259 azt\u0259minatl\u0131 ail\u0259l\u0259rd\u0259n olanlar\u0131n \u00f6z icmalar\u0131nda \u00fczl\u0259\u015fdiyi \u00e7\u0259tinlikl\u0259ri \u0259ks etdirir. B\u00fct\u00fcn m\u0259zunlar d\u0259st\u0259kl\u0259m\u0259k ist\u0259dikl\u0259ri g\u0259ncl\u0259rl\u0259 s\u0131x t\u0259masda olurlar, onlarla anlay\u0131\u015fa y\u00f6n\u0259lmi\u015f m\u00fcsahib\u0259l\u0259r h\u0259yata ke\u00e7irirl\u0259r, qeyri-formal t\u0259hsil al\u0259tl\u0259ri v\u0259 m\u00fc\u015fahid\u0259l\u0259r kimi birg\u0259 layih\u0259l\u0259ndirm\u0259 metodlar\u0131ndan istifad\u0259 edirl\u0259r. Onlar bu t\u0259\u015f\u0259bb\u00fcsl\u0259ri h\u0259d\u0259f auditoriyalar\u0131 \u00fc\u00e7\u00fcn v\u0259 onlarla birlikd\u0259 haz\u0131rlay\u0131rlar.<\/p>\n\n\n\n<p>Bu prosesin \u0259sas elementi h\u0259r il ke\u00e7iril\u0259n \u201cIdeaLab\u201d t\u0259dbiridir. Regionun h\u0259r yerind\u0259n m\u0259zunlar burada ideyalar\u0131n\u0131 b\u00f6l\u00fc\u015fm\u0259k, mentorlardan v\u0259 h\u0259mya\u015f\u0131dlar\u0131ndan \u00f6yr\u0259nm\u0259k, o c\u00fcml\u0259d\u0259n layih\u0259l\u0259rini birlikd\u0259 i\u015fl\u0259yib haz\u0131rlamaq \u00fc\u00e7\u00fcn bir araya g\u0259lirl\u0259r. \u015e\u0259b\u0259k\u0259nin Moldoval\u0131 mentoru \u0130qor \u00c7ura bildirir ki, mentorlar haz\u0131r layih\u0259 modell\u0259ri t\u0259klif etm\u0259m\u0259y\u0259 \u00e7al\u0131\u015f\u0131rlar. Bunun \u0259v\u0259zin\u0259 onlar&nbsp;<em>\u201ci\u015ftirak\u00e7\u0131lar\u0131 ya\u015fad\u0131qlar\u0131 icman\u0131n imkanlar\u0131n\u0131, ehtiyaclar\u0131n\u0131 v\u0259 maraqlar\u0131n\u0131 qiym\u0259tl\u0259ndirm\u0259y\u0259 v\u0259 bunun \u0259sas\u0131nda \u00f6z layih\u0259l\u0259rini haz\u0131rlama\u011fa t\u0259\u015fviq edirl\u0259r\u201d<\/em>.\u015e\u0259b\u0259k\u0259 m\u0259hz bu yolla bu c\u00fcr m\u00fcxt\u0259lif t\u0259\u015f\u0259bb\u00fcsl\u0259r haz\u0131rlaya bilmi\u015fdir.<\/p>\n\n\n\n<figure class=\"wp-block-image size-large\"><img loading=\"lazy\" decoding=\"async\" width=\"1024\" height=\"683\" src=\"https:\/\/eu4azerbaijan.eu\/wp-content\/uploads\/333-1024x683.jpg\" alt=\"\" class=\"wp-image-66939\" srcset=\"https:\/\/eu4azerbaijan.eu\/wp-content\/uploads\/333-1024x683.jpg 1024w, https:\/\/eu4azerbaijan.eu\/wp-content\/uploads\/333-300x200.jpg 300w, https:\/\/eu4azerbaijan.eu\/wp-content\/uploads\/333-768x512.jpg 768w, https:\/\/eu4azerbaijan.eu\/wp-content\/uploads\/333.jpg 1536w\" sizes=\"(max-width: 1024px) 100vw, 1024px\" \/><\/figure>\n\n\n\n<p><strong>\u0130deyalardan n\u0259tic\u0259l\u0259r\u0259 do\u011fru<\/strong><strong><\/strong><\/p>\n\n\n\n<p>M\u0259zunlar t\u0259r\u0259find\u0259n icra olunma\u011fa ba\u015flanan layih\u0259l\u0259r h\u0259m format, h\u0259m d\u0259 istiqam\u0259t bax\u0131m\u0131ndan m\u00fcxt\u0259lifdir. T\u0259\u015f\u0259bb\u00fcsl\u0259rin \u0259ks\u0259riyy\u0259ti maarifl\u0259ndirici xarakter da\u015f\u0131sa da, onlar aras\u0131nda filml\u0259rin seyr edilm\u0259si, oyunlar, ekskursiyalar v\u0259 a\u00e7\u0131q havada ke\u00e7iril\u0259n t\u0259dbirl\u0259r kimi yarad\u0131c\u0131 v\u0259 icma quruculu\u011funa y\u00f6n\u0259lmi\u015f f\u0259aliyy\u0259tl\u0259r d\u0259 var. M\u0259zunlar \u00f6vladlar\u0131n\u0131 t\u0259kba\u015f\u0131na b\u00f6y\u00fcd\u0259n analar\u0131n, h\u0259bsxanadak\u0131 g\u0259ncl\u0259rin v\u0259 ya u\u015faq evl\u0259rind\u0259ki u\u015faqlar\u0131n c\u0259lb olundu\u011fu f\u0259aliyy\u0259tl\u0259r kimi daha \u00e7\u0259tin tap\u015f\u0131r\u0131qlar\u0131 yerin\u0259 yetirm\u0259y\u0259 q\u0259rar verdikd\u0259 h\u0259d\u0259f auditoriya il\u0259 qar\u015f\u0131l\u0131ql\u0131 \u0259laq\u0259 vasit\u0259l\u0259ri m\u00fcvafiq olaraq uy\u011funla\u015fd\u0131r\u0131l\u0131r.<\/p>\n\n\n\n<p>\u201cEU4Youth\u201d M\u0259zunlar \u015e\u0259b\u0259k\u0259sinin \u0259ks\u0259r t\u0259\u015f\u0259bb\u00fcsl\u0259ri&nbsp;<strong>d\u00f6rd \u0259sas kateqoriyaya&nbsp;<\/strong>b\u00f6l\u00fcn\u00fcr. Onlar\u0131n h\u0259r biri g\u0259ncl\u0259rin \u00f6z icmalar\u0131ndak\u0131 m\u00fcxt\u0259lif maraqlar\u0131n\u0131 v\u0259 ehtiyaclar\u0131n\u0131 \u0259ks etdirir. Bu t\u0259\u015f\u0259bb\u00fcsl\u0259r aras\u0131nda liderlik v\u0259 kommunikasiya bacar\u0131qlar\u0131, el\u0259c\u0259 d\u0259 r\u0259q\u0259msal texnologiyalar sah\u0259sind\u0259 savadl\u0131l\u0131q kimi&nbsp;<strong>g\u0259l\u0259c\u0259yin bacar\u0131qlar\u0131n\u0131<\/strong>&nbsp;inki\u015faf\u0131na y\u00f6n\u0259lmi\u015f G\u00fcrc\u00fcstanda h\u0259yata ke\u00e7iril\u0259n&nbsp;<a href=\"https:\/\/euneighbourseast.eu\/news\/stories\/girl-power-2-0-eu4youth-alumni-empowering-young-women-in-georgia\/\">\u201cQ\u0131zlar\u0131n g\u00fcc\u00fc\u201d yenil\u0259nmi\u015f t\u0259\u015f\u0259bb\u00fcs\u00fc<\/a>&nbsp;v\u0259 ya Az\u0259rbaycanda h\u0259yata ke\u00e7iril\u0259n&nbsp;<a href=\"https:\/\/euneighbourseast.eu\/news\/stories\/book-yourself-promoting-reading-among-youth-in-rural-azerbaijan\/?utm_source=chatgpt.com\">\u201c\u00d6z\u00fcn\u00fc realla\u015fd\u0131r\u201d<\/a>&nbsp;layih\u0259si var. Dig\u0259r t\u0259\u015f\u0259bb\u00fcsl\u0259rd\u0259 k\u00f6n\u00fcll\u00fcl\u00fck, m\u0259d\u0259ni t\u0259dbirl\u0259r v\u0259 v\u0259t\u0259nda\u015f dialoqu vasit\u0259sil\u0259&nbsp;<strong>daha g\u00fccl\u00fc c\u0259miyy\u0259tl\u0259rin<\/strong>&nbsp;qurulmas\u0131 n\u0259z\u0259rd\u0259 tutulub. Erm\u0259nistanda is\u0259 m\u0259zunlar&nbsp;<a href=\"https:\/\/euneighbourseast.eu\/news\/stories\/the-eu4youth-alumni-connecting-the-dots-between-young-yazidis-and-armenians-in-aragatsotn\/\">yezidi v\u0259 erm\u0259ni g\u0259ncl\u0259ri<\/a>&nbsp;aras\u0131nda qar\u015f\u0131l\u0131ql\u0131 anla\u015fman\u0131 v\u0259 sosial \u0259laq\u0259l\u0259ri yax\u015f\u0131la\u015fd\u0131rma\u011fa k\u00f6m\u0259k edibl\u0259r.<\/p>\n\n\n\n<p>G\u0259ncl\u0259rin&nbsp;<strong>v\u0259t\u0259nda\u015f c\u0259miyy\u0259tind\u0259 i\u015ftirak\u0131n\u0131n<\/strong>&nbsp;art\u0131r\u0131lmas\u0131 m\u00f6vzusu bir \u00e7ox t\u0259\u015f\u0259bb\u00fcsd\u0259 \u00f6z \u0259ksini tap\u0131r. M\u0259zunlar g\u0259ncl\u0259rin s\u0259sl\u0259rinin ucald\u0131lmas\u0131 v\u0259 onlar\u0131n q\u0259rar q\u0259buletm\u0259 prosesl\u0259rin\u0259 \u015f\u00fcurlu sur\u0259td\u0259 c\u0259lb edilm\u0259sin\u0259 \u00e7al\u0131\u015f\u0131rlar. Ukraynan\u0131n \u201cG\u0259ncl\u0259r Klubu\u201d layih\u0259si \u00e7\u0259r\u00e7iv\u0259sind\u0259 g\u0259ncl\u0259rin v\u0259t\u0259nda\u015f c\u0259miyy\u0259ti prosesl\u0259ri haqq\u0131nda m\u0259lumat almaq v\u0259 icmalar\u0131n\u0131n formala\u015fmas\u0131nda f\u0259al rol oynaya bil\u0259c\u0259yi platforma yarad\u0131l\u0131b. N\u0259hay\u0259t, demokratiya, inkl\u00fczivlik, h\u0259mr\u0259ylik v\u0259 s\u00fclh quruculu\u011fu kimi&nbsp;<strong>A\u0130 d\u0259y\u0259rl\u0259rinin t\u0259\u015fviqin\u0259<\/strong>&nbsp;y\u00f6n\u0259lmi\u015f bir ne\u00e7\u0259 t\u0259\u015f\u0259bb\u00fcs h\u0259yata ke\u00e7irilib.<\/p>\n\n\n\n<figure class=\"wp-block-image size-large\"><img loading=\"lazy\" decoding=\"async\" width=\"1024\" height=\"683\" src=\"https:\/\/eu4azerbaijan.eu\/wp-content\/uploads\/4444-1024x683.jpg\" alt=\"\" class=\"wp-image-66941\" srcset=\"https:\/\/eu4azerbaijan.eu\/wp-content\/uploads\/4444-1024x683.jpg 1024w, https:\/\/eu4azerbaijan.eu\/wp-content\/uploads\/4444-300x200.jpg 300w, https:\/\/eu4azerbaijan.eu\/wp-content\/uploads\/4444-768x512.jpg 768w, https:\/\/eu4azerbaijan.eu\/wp-content\/uploads\/4444.jpg 1536w\" sizes=\"(max-width: 1024px) 100vw, 1024px\" \/><\/figure>\n\n\n\n<p><strong>F\u0259al v\u0259 sadiq m\u0259zunlar<\/strong><\/p>\n\n\n\n<p>Bir \u00e7ox m\u0259zun \u00f6z f\u0259aliyy\u0259tini geni\u015fl\u0259ndirm\u0259k, liderlik bacar\u0131qlar\u0131n\u0131 d\u0259rinl\u0259\u015fdirm\u0259k v\u0259 ya icmalar\u0131na d\u0259st\u0259yi davam etdirm\u0259k \u00fc\u00e7\u00fcn daha bir il \u00fc\u00e7\u00fcn \u015e\u0259b\u0259k\u0259y\u0259 geri d\u00f6n\u00fcrl\u0259r. M\u0259zunlar \u015f\u0259b\u0259k\u0259si onlara yeni t\u0259\u015f\u0259bb\u00fcsl\u0259rini h\u0259yata ke\u00e7irm\u0259y\u0259, yaxud m\u00f6vcud layih\u0259l\u0259rini yeni s\u0259viyy\u0259y\u0259 \u00e7atd\u0131rma\u011fa k\u00f6m\u0259k edir. Geri qay\u0131dan m\u0259zunlar\u0131n nisb\u0259ti regiondan as\u0131l\u0131 olaraq d\u0259yi\u015fir. M\u0259s\u0259l\u0259n, Erm\u0259nistan v\u0259 Az\u0259rbaycanda h\u0259r yeni m\u0259zun qrupunun yar\u0131dan \u00e7oxu \u015f\u0259b\u0259k\u0259y\u0259 yenid\u0259n \u00fcz tutan i\u015ftirak\u00e7\u0131lard\u0131r.<\/p>\n\n\n\n<p>B\u0259zi m\u0259zunlar h\u0259tta mentor, regional t\u0259dbirl\u0259rin t\u0259\u015fkilat\u00e7\u0131s\u0131 v\u0259 ya bel\u0259 t\u0259dbirl\u0259rin r\u0259hb\u0259ri kimi yeni rollarda \u015f\u0259b\u0259k\u0259y\u0259 yenid\u0259n \u00fcz tuturlar. G\u00fcrc\u00fcstandan i\u015ftirak\u00e7\u0131 kimi t\u0259\u015f\u0259bb\u00fcs\u0259 qo\u015fulan v\u0259 daha sonra mentor olan Ar\u00e7il Tsulaya xat\u0131rlay\u0131r:&nbsp;<em>\u201cM\u0259nim \u00fc\u00e7\u00fcn bu M\u0259zun \u015e\u0259b\u0259k\u0259si inki\u015faf etm\u0259yim\u0259 k\u00f6m\u0259k ed\u0259n insanlarla, ideyalarla v\u0259 t\u0259cr\u00fcb\u0259l\u0259rl\u0259 \u0259laq\u0259d\u0259 qalmaq yoludur. Bu, ba\u015flad\u0131\u011f\u0131m\u0131z yeri \u00e7atd\u0131\u011f\u0131m\u0131z yerl\u0259 birl\u0259\u015fdir\u0259n bir k\u00f6rp\u00fc kimidir\u201d.<\/em><\/p>\n\n\n\n<figure class=\"wp-block-image size-large\"><img loading=\"lazy\" decoding=\"async\" width=\"1024\" height=\"683\" src=\"https:\/\/eu4azerbaijan.eu\/wp-content\/uploads\/555-1024x683.jpg\" alt=\"\" class=\"wp-image-66943\" srcset=\"https:\/\/eu4azerbaijan.eu\/wp-content\/uploads\/555-1024x683.jpg 1024w, https:\/\/eu4azerbaijan.eu\/wp-content\/uploads\/555-300x200.jpg 300w, https:\/\/eu4azerbaijan.eu\/wp-content\/uploads\/555-768x512.jpg 768w, https:\/\/eu4azerbaijan.eu\/wp-content\/uploads\/555.jpg 1536w\" sizes=\"(max-width: 1024px) 100vw, 1024px\" \/><\/figure>\n\n\n\n<p><strong>Dinamik sistem v\u0259 f\u0259rdi yana\u015fma<\/strong><strong><\/strong><\/p>\n\n\n\n<p>\u015e\u0259b\u0259k\u0259nin t\u0259sis edildiyi ilk vaxtlarda \u00e7ox \u00e7\u0259tin \u015f\u0259raitd\u0259 f\u0259aliyy\u0259t g\u00f6st\u0259rm\u0259li olub. Bel\u0259 ki, \u015f\u0259b\u0259k\u0259 \u00fczvl\u0259ri COVID-19 pandemiyas\u0131, siyasi v\u0259 sosial g\u0259rginlikl\u0259r, region \u00f6lk\u0259l\u0259ri aras\u0131nda silahl\u0131 m\u00fcnaqi\u015f\u0259l\u0259r, Rusiyan\u0131n Ukraynaya qar\u015f\u0131 tammiqyasl\u0131 m\u00fcharib\u0259si v\u0259 dig\u0259r regional v\u0259 qlobal probleml\u0259rl\u0259 \u00fczl\u0259\u015fibl\u0259r.<\/p>\n\n\n\n<p>Bununla bel\u0259, proqram \u00e7\u0259tinlikl\u0259rin \u00f6hd\u0259sind\u0259n g\u0259lm\u0259yi v\u0259 v\u0259ziyy\u0259t\u0259 uy\u011funla\u015fma\u011f\u0131 bacar\u0131b. M\u0259zunlar v\u0259 mentorlar t\u0259l\u0259b olunduqda c\u0259ld uy\u011funla\u015faraq yana\u015fmalar\u0131 d\u0259yi\u015fibl\u0259r. Onlar f\u0259aliyy\u0259tl\u0259ri onlayn formata ke\u00e7ir\u0259r\u0259k yeni al\u0259tl\u0259r s\u0131naqdan ke\u00e7iribl\u0259r, c\u0259miyy\u0259tin d\u0259yi\u015f\u0259n ehtiyaclar\u0131n\u0131 c\u0259ld m\u00fc\u0259yy\u0259nl\u0259\u015fdir\u0259r\u0259k h\u0259tta laz\u0131m g\u0259ldikd\u0259 t\u0259\u015f\u0259bb\u00fcsl\u0259r\u0259 s\u0131f\u0131rdan ba\u015flay\u0131blar. Bunun bariz n\u00fcmun\u0259si Ukraynada h\u0259yata ke\u00e7iril\u0259n&nbsp;<a href=\"https:\/\/euneighbourseast.eu\/news\/stories\/eu4youth-alumni-help-young-ukrainians-to-develop-skills-and-contribute-to-victory\/\">\u201cSa\u011f qalmaq \u00fc\u00e7\u00fcn tik\u201d<\/a>&nbsp;t\u0259\u015f\u0259bb\u00fcs\u00fcd\u00fcr. Burada iki m\u0259zun m\u00fcharib\u0259 ba\u015flayandan sonra layih\u0259l\u0259rini yenid\u0259n formala\u015fd\u0131raraq g\u0259ncl\u0259r\u0259 praktiki bacar\u0131qlar qazanmaqla yana\u015f\u0131, icmalar\u0131na d\u0259st\u0259k olmaq imkan\u0131 yarad\u0131blar.<\/p>\n\n\n\n<p>M\u0259zun \u015e\u0259b\u0259k\u0259sinin \u0259laq\u0259l\u0259ndiricisi Maks Pijevski izah edir:&nbsp;<em>\u201c\u015e\u0259b\u0259k\u0259nin dayan\u0131ql\u0131\u011f\u0131 onun strukturundan ir\u0259li g\u0259lir: mentorlar h\u0259r bir t\u0259\u015f\u0259bb\u00fcs\u00fcn konkret ehtiyaclar\u0131na uy\u011fun olaraq h\u0259r bir m\u0259zuna f\u0259rdi yana\u015f\u0131rlar. M\u0259zunlar da \u00f6z n\u00f6vb\u0259l\u0259rind\u0259 icmalar\u0131 il\u0259 birba\u015fa \u0259laq\u0259d\u0259 olurlar\u201d.&nbsp;<\/em>Bu, g\u0259l\u0259c\u0259k v\u0259 davaml\u0131 f\u0259aliyy\u0259tl\u0259r \u00fc\u00e7\u00fcn m\u00f6hk\u0259m v\u0259 etibarl\u0131 bir z\u0259min yarad\u0131r.<\/p>\n\n\n\n<figure class=\"wp-block-image size-large\"><img loading=\"lazy\" decoding=\"async\" width=\"1024\" height=\"683\" src=\"https:\/\/eu4azerbaijan.eu\/wp-content\/uploads\/66-1024x683.jpg\" alt=\"\" class=\"wp-image-66945\" srcset=\"https:\/\/eu4azerbaijan.eu\/wp-content\/uploads\/66-1024x683.jpg 1024w, https:\/\/eu4azerbaijan.eu\/wp-content\/uploads\/66-300x200.jpg 300w, https:\/\/eu4azerbaijan.eu\/wp-content\/uploads\/66-768x512.jpg 768w, https:\/\/eu4azerbaijan.eu\/wp-content\/uploads\/66.jpg 1536w\" sizes=\"(max-width: 1024px) 100vw, 1024px\" \/><\/figure>\n\n\n\n<p><strong>Proqram sad\u0259c\u0259 ba\u011flan\u011f\u0131cd\u0131r<\/strong><em><\/em><\/p>\n\n\n\n<p>\u015e\u0259b\u0259k\u0259nin m\u0259zunlar\u0131n\u0131n \u0259ks\u0259riyy\u0259ti \u00fc\u00e7\u00fcn ya\u015fad\u0131qlar\u0131 c\u0259miyy\u0259td\u0259 f\u0259al i\u015ftiraklar\u0131 bu proqramla bitmir. Bu onlar \u00fc\u00e7\u00fcn \u00e7ox vaxt bir ba\u015flan\u011f\u0131c n\u00f6qt\u0259sidir. Ke\u00e7mi\u015f i\u015ftirak\u00e7\u0131lar yerli ictimai t\u0259\u015fkilatlara, beyn\u0259lxalq \u015f\u0259b\u0259k\u0259l\u0259r\u0259 v\u0259 A\u0130 t\u0259r\u0259find\u0259n maliyy\u0259l\u0259\u015fdiril\u0259n yerd\u0259yi\u015fm\u0259 proqramlar\u0131na qo\u015fulurlar. Onlar h\u0259m\u00e7inin t\u0259hsil, t\u0259qa\u00fcd proqramlar\u0131, yaxud siyas\u0259t sah\u0259sind\u0259 v\u0259 g\u0259ncl\u0259r t\u0259\u015fkilatlar\u0131nda r\u0259hb\u0259r, t\u0259\u015fkilat\u00e7\u0131, mentor v\u0259 ya g\u0259ncl\u0259rl\u0259 i\u015f \u00fczr\u0259 m\u00fct\u0259x\u0259ssis kimi f\u0259aliyy\u0259t g\u00f6st\u0259rirl\u0259r.<\/p>\n\n\n\n<p>M\u0259s\u0259l\u0259n, Moldovadan olan ke\u00e7mi\u015f m\u0259zun Kristian Vizir haz\u0131rda Moldova Milli G\u0259ncl\u0259r \u015euras\u0131n\u0131n r\u0259hb\u0259ridir. Dig\u0259r ke\u00e7mi\u015f m\u0259zun Qriqore Rinja da h\u0259min&nbsp;<a href=\"https:\/\/cntm.md\/echipa-cntm\/\" target=\"_blank\" rel=\"noreferrer noopener\">\u015furada m\u00fcxt\u0259lif v\u0259zif\u0259l\u0259rd\u0259 f\u0259aliyy\u0259t g\u00f6st\u0259rir.<\/a>&nbsp;Rezida Rzayeva&nbsp;<a href=\"https:\/\/participationpool.eu\/project\/100-girls-of-azerbaijan-empowering-voices-and-overcoming-barriers\/\" target=\"_blank\" rel=\"noreferrer noopener\">Az\u0259rbaycandan 100-l\u0259rl\u0259 q\u0131z t\u0259\u015f\u0259bb\u00fcs\u00fcn\u00fc t\u0259sis edib<\/a>. Bu t\u0259\u015f\u0259bb\u00fcs milli s\u0259viyy\u0259d\u0259 tan\u0131naraq, UNESCO-nun SDG4YOUTH \u015e\u0259b\u0259k\u0259sinin 2022-ci ild\u0259 ke\u00e7iril\u0259n T\u0259hsili D\u0259yi\u015f\u0259n Sammit daxil olmaqla beyn\u0259lxalq t\u0259dbirl\u0259r\u0259 d\u0259v\u0259tl\u0259r al\u0131b v\u0259 bununla da, f\u0259aliyy\u0259tini daha da geni\u015fl\u0259ndirib.<\/p>\n\n\n\n<p>\u015e\u0259b\u0259k\u0259nin g\u00fccl\u00fc f\u0259aliyy\u0259ti f\u0259rdi inki\u015fafla yana\u015f\u0131, regional \u0259m\u0259kda\u015fl\u0131\u011fa v\u0259 davaml\u0131 t\u0259r\u0259fda\u015fl\u0131qlara da yol a\u00e7\u0131r. Erm\u0259nistanda yerli \u0259laq\u0259l\u0259ri g\u00fccl\u0259ndir\u0259n \u015e\u0259b\u0259k\u0259, Razmik Mnatsakanyan\u0131n r\u0259hb\u0259rlik etdiyi \u201cUniting Bridge\u201d (Birl\u0259\u015fdir\u0259n K\u00f6rp\u00fc) adl\u0131 ictimai t\u0259\u015fkilat\u0131n f\u0259aliyy\u0259tini t\u0259\u015fviq edib. Anahit Babkenyan v\u0259 Kristin Hovhannisyan kimi m\u0259zunlar Razmikl\u0259 birlikd\u0259 yerli g\u0259ncl\u0259r \u00fc\u00e7\u00fcn t\u0259\u015f\u0259bb\u00fcsl\u0259r h\u0259yata ke\u00e7irm\u0259k \u00fc\u00e7\u00fcn bir ne\u00e7\u0259 dig\u0259r h\u0259mya\u015f\u0131dlar\u0131 il\u0259 birg\u0259 bu t\u0259\u015fkilata qo\u015fulublar.&nbsp;<em>\u201cG\u0259ncl\u0259r t\u0259\u015fkilat\u0131n\u0131n \u00fczv\u00fc v\u0259 ictimai t\u0259\u015fkilat\u0131n lideri kimi \u201cEU4Youth\u201d M\u0259zunlar \u015f\u0259b\u0259k\u0259si m\u0259nim \u00fc\u00e7\u00fcn \u0259h\u0259miyy\u0259tli rol oynay\u0131b.<\/em><em>&nbsp;Mentorumla g\u00f6r\u00fc\u015fd\u00fcm, sonradan h\u0259mkar oldu\u011fum dostlar qazand\u0131m v\u0259 inki\u015faf\u0131ma k\u00f6m\u0259k ed\u0259n t\u0259r\u0259fda\u015fl\u0131qlar qurdum,\u201d- &nbsp;<\/em>Razmik deyib.&nbsp;<\/p>\n\n\n\n<figure class=\"wp-block-gallery has-nested-images columns-default is-cropped wp-block-gallery-1 is-layout-flex wp-block-gallery-is-layout-flex\">\n<figure class=\"wp-block-image size-large\"><img loading=\"lazy\" decoding=\"async\" width=\"1024\" height=\"683\" data-id=\"66947\" src=\"https:\/\/eu4azerbaijan.eu\/wp-content\/uploads\/77.jpg\" alt=\"\" class=\"wp-image-66947\" srcset=\"https:\/\/eu4azerbaijan.eu\/wp-content\/uploads\/77.jpg 1024w, https:\/\/eu4azerbaijan.eu\/wp-content\/uploads\/77-300x200.jpg 300w, https:\/\/eu4azerbaijan.eu\/wp-content\/uploads\/77-768x512.jpg 768w\" sizes=\"(max-width: 1024px) 100vw, 1024px\" \/><\/figure>\n<\/figure>\n\n\n\n<p><strong>Ba\u015fa \u00e7atan proqram\u0131n g\u0259l\u0259c\u0259k n\u0259sill\u0259r \u00fc\u00e7\u00fcn t\u00f6hf\u0259si<\/strong><strong><\/strong><\/p>\n\n\n\n<p>\u201cEU4Youth\u201d proqram\u0131 \u00e7\u0259r\u00e7iv\u0259sind\u0259 sonuncu, y\u0259ni be\u015finci m\u0259zun q\u0259bulu d\u00f6vr\u00fc 2024-c\u00fc ilin oktyabr\u0131nda ba\u015flay\u0131b. 60 y\u00fcks\u0259k motivasiyal\u0131 i\u015ftirak\u00e7\u0131dan ibar\u0259t m\u0259zun qrupu 2025-ci il \u0259rzind\u0259 g\u0259ncl\u0259rin maarifl\u0259ndirilm\u0259si \u00fczr\u0259 t\u0259\u015f\u0259bb\u00fcsl\u0259rini h\u0259yata ke\u00e7irm\u0259y\u0259 ba\u015flay\u0131blar.<\/p>\n\n\n\n<p>\u201cEU4Youth\u201d M\u0259zunlar \u015e\u0259b\u0259k\u0259sinin yekun t\u0259dbiri 12-14 iyul tarixl\u0259rind\u0259 ba\u015f tutacaq. \u015e\u0259rq T\u0259r\u0259fda\u015fl\u0131\u011f\u0131 regionundan olan m\u0259zunlar\u0131 v\u0259 mentorlar\u0131 bir araya g\u0259tir\u0259c\u0259k t\u0259dbird\u0259 \u015f\u0259b\u0259k\u0259nin be\u015finci d\u0259f\u0259 m\u0259zun burax\u0131l\u0131\u015f\u0131 il\u0259 yana\u015f\u0131, be\u015f m\u0259zun burax\u0131l\u0131\u015f\u0131n\u0131n h\u0259r biri, m\u0259zunlar\u0131n nailiyy\u0259tl\u0259ri v\u0259 \u0259ld\u0259 etdikl\u0259ri bilikl\u0259ri t\u0259nt\u0259n\u0259li \u015f\u0259kild\u0259 qeyd olunacaq.<\/p>\n\n\n\n<p>M\u0259zun \u015e\u0259b\u0259k\u0259si proqram\u0131 sona \u00e7atsa da, onun t\u0259siri v\u0259 t\u00f6hf\u0259si davam ed\u0259c\u0259k. \u018fld\u0259 etdikl\u0259ri bacar\u0131qlar v\u0259 qurduqlar\u0131 \u0259laq\u0259l\u0259r say\u0259sind\u0259, \u015e\u0259b\u0259k\u0259nin m\u0259zunlar\u0131 regionda daha g\u00fccl\u00fc, daha inkl\u00fcziv c\u0259miyy\u0259tl\u0259r qurma\u011fa davam ed\u0259c\u0259kl\u0259r.<\/p>\n\n\n\n<p><\/p>\n","protected":false},"excerpt":{"rendered":"<p>G\u0259ncl\u0259r\u0259 \u00f6z ideyalar\u0131n\u0131 \u0259m\u0259li f\u0259aliyy\u0259t\u0259 \u00e7evirm\u0259k \u00fc\u00e7\u00fcn platforma v\u0259 d\u0259st\u0259k verildikd\u0259 n\u0259 ba\u015f verir? 2019-cu ild\u0259n etibar\u0259n \u201cEU4Youth\u201d M\u0259zunlar \u015e\u0259b\u0259k\u0259si f\u0259al g\u0259ncl\u0259r\u0259 ideyalar\u0131n\u0131 layih\u0259l\u0259r\u0259 \u00e7evirm\u0259y\u0259 k\u00f6m\u0259k edir. Bu layih\u0259l\u0259r \u015e\u0259rq T\u0259r\u0259fda\u015fl\u0131\u011f\u0131 regionunda ya\u015fayan insanlar\u0131n rifah\u0131na, el\u0259c\u0259 d\u0259 h\u00fcquq v\u0259 imkanlar\u0131n\u0131n art\u0131r\u0131lmas\u0131na xidm\u0259t edir. M\u0259zunlar \u015e\u0259b\u0259k\u0259si A\u0130 t\u0259r\u0259find\u0259n maliyy\u0259l\u0259\u015f\u0259n proqramlardan m\u0259zun olmu\u015f g\u0259ncl\u0259ri t\u0259\u015f\u0259bb\u00fcsl\u0259rini h\u0259yata ke\u00e7irm\u0259k [&hellip;]<\/p>\n","protected":false},"author":19,"featured_media":66936,"comment_status":"closed","ping_status":"closed","sticky":false,"template":"","format":"standard","meta":{"_acf_changed":false,"footnotes":""},"categories":[302,374,284],"tags":[],"topic":[],"class_list":["post-66950","post","type-post","status-publish","format-standard","has-post-thumbnail","hentry","category-feature-story-az","category-whats-happening-az","category-news-az"],"acf":[],"yoast_head":"<!-- This site is optimized with the Yoast SEO plugin v26.4 - https:\/\/yoast.com\/wordpress\/plugins\/seo\/ -->\n<title>U\u011fura aparan yol: \u201cEU4Youth\u201d M\u0259zunlar \u015e\u0259b\u0259k\u0259sinin be\u015fillik yubileyi v\u0259 sonuncu m\u0259zun burax\u0131l\u0131\u015f\u0131 qeyd olunur - EU for Azerbaijan<\/title>\n<meta name=\"robots\" content=\"index, follow, max-snippet:-1, max-image-preview:large, max-video-preview:-1\" \/>\n<link rel=\"canonical\" href=\"https:\/\/eu4azerbaijan.eu\/az\/a-journey-of-impact-celebrating-five-generations-of-eu4youth-alumni-network\/\" \/>\n<meta property=\"og:locale\" content=\"az_AZ\" \/>\n<meta property=\"og:type\" content=\"article\" \/>\n<meta property=\"og:title\" content=\"U\u011fura aparan yol: \u201cEU4Youth\u201d M\u0259zunlar \u015e\u0259b\u0259k\u0259sinin be\u015fillik yubileyi v\u0259 sonuncu m\u0259zun burax\u0131l\u0131\u015f\u0131 qeyd olunur - EU for Azerbaijan\" \/>\n<meta property=\"og:description\" content=\"G\u0259ncl\u0259r\u0259 \u00f6z ideyalar\u0131n\u0131 \u0259m\u0259li f\u0259aliyy\u0259t\u0259 \u00e7evirm\u0259k \u00fc\u00e7\u00fcn platforma v\u0259 d\u0259st\u0259k verildikd\u0259 n\u0259 ba\u015f verir? 2019-cu ild\u0259n etibar\u0259n \u201cEU4Youth\u201d M\u0259zunlar \u015e\u0259b\u0259k\u0259si f\u0259al g\u0259ncl\u0259r\u0259 ideyalar\u0131n\u0131 layih\u0259l\u0259r\u0259 \u00e7evirm\u0259y\u0259 k\u00f6m\u0259k edir. Bu layih\u0259l\u0259r \u015e\u0259rq T\u0259r\u0259fda\u015fl\u0131\u011f\u0131 regionunda ya\u015fayan insanlar\u0131n rifah\u0131na, el\u0259c\u0259 d\u0259 h\u00fcquq v\u0259 imkanlar\u0131n\u0131n art\u0131r\u0131lmas\u0131na xidm\u0259t edir. M\u0259zunlar \u015e\u0259b\u0259k\u0259si A\u0130 t\u0259r\u0259find\u0259n maliyy\u0259l\u0259\u015f\u0259n proqramlardan m\u0259zun olmu\u015f g\u0259ncl\u0259ri t\u0259\u015f\u0259bb\u00fcsl\u0259rini h\u0259yata ke\u00e7irm\u0259k [&hellip;]\" \/>\n<meta property=\"og:url\" content=\"https:\/\/eu4azerbaijan.eu\/az\/a-journey-of-impact-celebrating-five-generations-of-eu4youth-alumni-network\/\" \/>\n<meta property=\"og:site_name\" content=\"EU for Azerbaijan\" \/>\n<meta property=\"article:published_time\" content=\"2025-07-10T12:52:15+00:00\" \/>\n<meta property=\"article:modified_time\" content=\"2025-07-10T13:13:05+00:00\" \/>\n<meta property=\"og:image\" content=\"https:\/\/eu4azerbaijan.eu\/wp-content\/uploads\/111.webp\" \/>\n\t<meta property=\"og:image:width\" content=\"1920\" \/>\n\t<meta property=\"og:image:height\" content=\"1193\" \/>\n\t<meta property=\"og:image:type\" content=\"image\/webp\" \/>\n<meta name=\"author\" content=\"Aydan Topchibasheva\" \/>\n<meta name=\"twitter:card\" content=\"summary_large_image\" \/>\n<meta name=\"twitter:label1\" content=\"Written by\" \/>\n\t<meta name=\"twitter:data1\" content=\"Aydan Topchibasheva\" \/>\n\t<meta name=\"twitter:label2\" content=\"Est. reading time\" \/>\n\t<meta name=\"twitter:data2\" content=\"7 minutes\" \/>\n<script type=\"application\/ld+json\" class=\"yoast-schema-graph\">{\"@context\":\"https:\/\/schema.org\",\"@graph\":[{\"@type\":\"WebPage\",\"@id\":\"https:\/\/eu4azerbaijan.eu\/az\/a-journey-of-impact-celebrating-five-generations-of-eu4youth-alumni-network\/\",\"url\":\"https:\/\/eu4azerbaijan.eu\/az\/a-journey-of-impact-celebrating-five-generations-of-eu4youth-alumni-network\/\",\"name\":\"U\u011fura aparan yol: \u201cEU4Youth\u201d M\u0259zunlar \u015e\u0259b\u0259k\u0259sinin be\u015fillik yubileyi v\u0259 sonuncu m\u0259zun burax\u0131l\u0131\u015f\u0131 qeyd olunur - EU for Azerbaijan\",\"isPartOf\":{\"@id\":\"https:\/\/eu4azerbaijan.eu\/az\/#website\"},\"primaryImageOfPage\":{\"@id\":\"https:\/\/eu4azerbaijan.eu\/az\/a-journey-of-impact-celebrating-five-generations-of-eu4youth-alumni-network\/#primaryimage\"},\"image\":{\"@id\":\"https:\/\/eu4azerbaijan.eu\/az\/a-journey-of-impact-celebrating-five-generations-of-eu4youth-alumni-network\/#primaryimage\"},\"thumbnailUrl\":\"https:\/\/eu4azerbaijan.eu\/wp-content\/uploads\/111.webp\",\"datePublished\":\"2025-07-10T12:52:15+00:00\",\"dateModified\":\"2025-07-10T13:13:05+00:00\",\"author\":{\"@id\":\"https:\/\/eu4azerbaijan.eu\/az\/#\/schema\/person\/cf17ddba07387955c481997af06797df\"},\"breadcrumb\":{\"@id\":\"https:\/\/eu4azerbaijan.eu\/az\/a-journey-of-impact-celebrating-five-generations-of-eu4youth-alumni-network\/#breadcrumb\"},\"inLanguage\":\"az-AZ\",\"potentialAction\":[{\"@type\":\"ReadAction\",\"target\":[\"https:\/\/eu4azerbaijan.eu\/az\/a-journey-of-impact-celebrating-five-generations-of-eu4youth-alumni-network\/\"]}]},{\"@type\":\"ImageObject\",\"inLanguage\":\"az-AZ\",\"@id\":\"https:\/\/eu4azerbaijan.eu\/az\/a-journey-of-impact-celebrating-five-generations-of-eu4youth-alumni-network\/#primaryimage\",\"url\":\"https:\/\/eu4azerbaijan.eu\/wp-content\/uploads\/111.webp\",\"contentUrl\":\"https:\/\/eu4azerbaijan.eu\/wp-content\/uploads\/111.webp\",\"width\":1920,\"height\":1193},{\"@type\":\"BreadcrumbList\",\"@id\":\"https:\/\/eu4azerbaijan.eu\/az\/a-journey-of-impact-celebrating-five-generations-of-eu4youth-alumni-network\/#breadcrumb\",\"itemListElement\":[{\"@type\":\"ListItem\",\"position\":1,\"name\":\"Home\",\"item\":\"https:\/\/eu4azerbaijan.eu\/az\/\"},{\"@type\":\"ListItem\",\"position\":2,\"name\":\"U\u011fura aparan yol: \u201cEU4Youth\u201d M\u0259zunlar \u015e\u0259b\u0259k\u0259sinin be\u015fillik yubileyi v\u0259 sonuncu m\u0259zun burax\u0131l\u0131\u015f\u0131 qeyd olunur\"}]},{\"@type\":\"WebSite\",\"@id\":\"https:\/\/eu4azerbaijan.eu\/az\/#website\",\"url\":\"https:\/\/eu4azerbaijan.eu\/az\/\",\"name\":\"EU for Azerbaijan\",\"description\":\"\",\"potentialAction\":[{\"@type\":\"SearchAction\",\"target\":{\"@type\":\"EntryPoint\",\"urlTemplate\":\"https:\/\/eu4azerbaijan.eu\/az\/?s={search_term_string}\"},\"query-input\":{\"@type\":\"PropertyValueSpecification\",\"valueRequired\":true,\"valueName\":\"search_term_string\"}}],\"inLanguage\":\"az-AZ\"},{\"@type\":\"Person\",\"@id\":\"https:\/\/eu4azerbaijan.eu\/az\/#\/schema\/person\/cf17ddba07387955c481997af06797df\",\"name\":\"Aydan Topchibasheva\",\"image\":{\"@type\":\"ImageObject\",\"inLanguage\":\"az-AZ\",\"@id\":\"https:\/\/eu4azerbaijan.eu\/az\/#\/schema\/person\/image\/\",\"url\":\"https:\/\/secure.gravatar.com\/avatar\/657ac54b68aced49adde2a29a43651c77d8555f376d5ee5dd68172194a09f856?s=96&d=mm&r=g\",\"contentUrl\":\"https:\/\/secure.gravatar.com\/avatar\/657ac54b68aced49adde2a29a43651c77d8555f376d5ee5dd68172194a09f856?s=96&d=mm&r=g\",\"caption\":\"Aydan Topchibasheva\"},\"url\":\"https:\/\/eu4azerbaijan.eu\/az\/author\/aydan\/\"}]}<\/script>\n<!-- \/ Yoast SEO plugin. -->","yoast_head_json":{"title":"U\u011fura aparan yol: \u201cEU4Youth\u201d M\u0259zunlar \u015e\u0259b\u0259k\u0259sinin be\u015fillik yubileyi v\u0259 sonuncu m\u0259zun burax\u0131l\u0131\u015f\u0131 qeyd olunur - EU for Azerbaijan","robots":{"index":"index","follow":"follow","max-snippet":"max-snippet:-1","max-image-preview":"max-image-preview:large","max-video-preview":"max-video-preview:-1"},"canonical":"https:\/\/eu4azerbaijan.eu\/az\/a-journey-of-impact-celebrating-five-generations-of-eu4youth-alumni-network\/","og_locale":"az_AZ","og_type":"article","og_title":"U\u011fura aparan yol: \u201cEU4Youth\u201d M\u0259zunlar \u015e\u0259b\u0259k\u0259sinin be\u015fillik yubileyi v\u0259 sonuncu m\u0259zun burax\u0131l\u0131\u015f\u0131 qeyd olunur - EU for Azerbaijan","og_description":"G\u0259ncl\u0259r\u0259 \u00f6z ideyalar\u0131n\u0131 \u0259m\u0259li f\u0259aliyy\u0259t\u0259 \u00e7evirm\u0259k \u00fc\u00e7\u00fcn platforma v\u0259 d\u0259st\u0259k verildikd\u0259 n\u0259 ba\u015f verir? 2019-cu ild\u0259n etibar\u0259n \u201cEU4Youth\u201d M\u0259zunlar \u015e\u0259b\u0259k\u0259si f\u0259al g\u0259ncl\u0259r\u0259 ideyalar\u0131n\u0131 layih\u0259l\u0259r\u0259 \u00e7evirm\u0259y\u0259 k\u00f6m\u0259k edir. Bu layih\u0259l\u0259r \u015e\u0259rq T\u0259r\u0259fda\u015fl\u0131\u011f\u0131 regionunda ya\u015fayan insanlar\u0131n rifah\u0131na, el\u0259c\u0259 d\u0259 h\u00fcquq v\u0259 imkanlar\u0131n\u0131n art\u0131r\u0131lmas\u0131na xidm\u0259t edir. M\u0259zunlar \u015e\u0259b\u0259k\u0259si A\u0130 t\u0259r\u0259find\u0259n maliyy\u0259l\u0259\u015f\u0259n proqramlardan m\u0259zun olmu\u015f g\u0259ncl\u0259ri t\u0259\u015f\u0259bb\u00fcsl\u0259rini h\u0259yata ke\u00e7irm\u0259k [&hellip;]","og_url":"https:\/\/eu4azerbaijan.eu\/az\/a-journey-of-impact-celebrating-five-generations-of-eu4youth-alumni-network\/","og_site_name":"EU for Azerbaijan","article_published_time":"2025-07-10T12:52:15+00:00","article_modified_time":"2025-07-10T13:13:05+00:00","og_image":[{"width":1920,"height":1193,"url":"https:\/\/eu4azerbaijan.eu\/wp-content\/uploads\/111.webp","type":"image\/webp"}],"author":"Aydan Topchibasheva","twitter_card":"summary_large_image","twitter_misc":{"Written by":"Aydan Topchibasheva","Est. reading time":"7 minutes"},"schema":{"@context":"https:\/\/schema.org","@graph":[{"@type":"WebPage","@id":"https:\/\/eu4azerbaijan.eu\/az\/a-journey-of-impact-celebrating-five-generations-of-eu4youth-alumni-network\/","url":"https:\/\/eu4azerbaijan.eu\/az\/a-journey-of-impact-celebrating-five-generations-of-eu4youth-alumni-network\/","name":"U\u011fura aparan yol: \u201cEU4Youth\u201d M\u0259zunlar \u015e\u0259b\u0259k\u0259sinin be\u015fillik yubileyi v\u0259 sonuncu m\u0259zun burax\u0131l\u0131\u015f\u0131 qeyd olunur - EU for Azerbaijan","isPartOf":{"@id":"https:\/\/eu4azerbaijan.eu\/az\/#website"},"primaryImageOfPage":{"@id":"https:\/\/eu4azerbaijan.eu\/az\/a-journey-of-impact-celebrating-five-generations-of-eu4youth-alumni-network\/#primaryimage"},"image":{"@id":"https:\/\/eu4azerbaijan.eu\/az\/a-journey-of-impact-celebrating-five-generations-of-eu4youth-alumni-network\/#primaryimage"},"thumbnailUrl":"https:\/\/eu4azerbaijan.eu\/wp-content\/uploads\/111.webp","datePublished":"2025-07-10T12:52:15+00:00","dateModified":"2025-07-10T13:13:05+00:00","author":{"@id":"https:\/\/eu4azerbaijan.eu\/az\/#\/schema\/person\/cf17ddba07387955c481997af06797df"},"breadcrumb":{"@id":"https:\/\/eu4azerbaijan.eu\/az\/a-journey-of-impact-celebrating-five-generations-of-eu4youth-alumni-network\/#breadcrumb"},"inLanguage":"az-AZ","potentialAction":[{"@type":"ReadAction","target":["https:\/\/eu4azerbaijan.eu\/az\/a-journey-of-impact-celebrating-five-generations-of-eu4youth-alumni-network\/"]}]},{"@type":"ImageObject","inLanguage":"az-AZ","@id":"https:\/\/eu4azerbaijan.eu\/az\/a-journey-of-impact-celebrating-five-generations-of-eu4youth-alumni-network\/#primaryimage","url":"https:\/\/eu4azerbaijan.eu\/wp-content\/uploads\/111.webp","contentUrl":"https:\/\/eu4azerbaijan.eu\/wp-content\/uploads\/111.webp","width":1920,"height":1193},{"@type":"BreadcrumbList","@id":"https:\/\/eu4azerbaijan.eu\/az\/a-journey-of-impact-celebrating-five-generations-of-eu4youth-alumni-network\/#breadcrumb","itemListElement":[{"@type":"ListItem","position":1,"name":"Home","item":"https:\/\/eu4azerbaijan.eu\/az\/"},{"@type":"ListItem","position":2,"name":"U\u011fura aparan yol: \u201cEU4Youth\u201d M\u0259zunlar \u015e\u0259b\u0259k\u0259sinin be\u015fillik yubileyi v\u0259 sonuncu m\u0259zun burax\u0131l\u0131\u015f\u0131 qeyd olunur"}]},{"@type":"WebSite","@id":"https:\/\/eu4azerbaijan.eu\/az\/#website","url":"https:\/\/eu4azerbaijan.eu\/az\/","name":"EU for Azerbaijan","description":"","potentialAction":[{"@type":"SearchAction","target":{"@type":"EntryPoint","urlTemplate":"https:\/\/eu4azerbaijan.eu\/az\/?s={search_term_string}"},"query-input":{"@type":"PropertyValueSpecification","valueRequired":true,"valueName":"search_term_string"}}],"inLanguage":"az-AZ"},{"@type":"Person","@id":"https:\/\/eu4azerbaijan.eu\/az\/#\/schema\/person\/cf17ddba07387955c481997af06797df","name":"Aydan Topchibasheva","image":{"@type":"ImageObject","inLanguage":"az-AZ","@id":"https:\/\/eu4azerbaijan.eu\/az\/#\/schema\/person\/image\/","url":"https:\/\/secure.gravatar.com\/avatar\/657ac54b68aced49adde2a29a43651c77d8555f376d5ee5dd68172194a09f856?s=96&d=mm&r=g","contentUrl":"https:\/\/secure.gravatar.com\/avatar\/657ac54b68aced49adde2a29a43651c77d8555f376d5ee5dd68172194a09f856?s=96&d=mm&r=g","caption":"Aydan Topchibasheva"},"url":"https:\/\/eu4azerbaijan.eu\/az\/author\/aydan\/"}]}},"_links":{"self":[{"href":"https:\/\/eu4azerbaijan.eu\/az\/wp-json\/wp\/v2\/posts\/66950","targetHints":{"allow":["GET"]}}],"collection":[{"href":"https:\/\/eu4azerbaijan.eu\/az\/wp-json\/wp\/v2\/posts"}],"about":[{"href":"https:\/\/eu4azerbaijan.eu\/az\/wp-json\/wp\/v2\/types\/post"}],"author":[{"embeddable":true,"href":"https:\/\/eu4azerbaijan.eu\/az\/wp-json\/wp\/v2\/users\/19"}],"replies":[{"embeddable":true,"href":"https:\/\/eu4azerbaijan.eu\/az\/wp-json\/wp\/v2\/comments?post=66950"}],"version-history":[{"count":2,"href":"https:\/\/eu4azerbaijan.eu\/az\/wp-json\/wp\/v2\/posts\/66950\/revisions"}],"predecessor-version":[{"id":66953,"href":"https:\/\/eu4azerbaijan.eu\/az\/wp-json\/wp\/v2\/posts\/66950\/revisions\/66953"}],"wp:featuredmedia":[{"embeddable":true,"href":"https:\/\/eu4azerbaijan.eu\/az\/wp-json\/wp\/v2\/media\/66936"}],"wp:attachment":[{"href":"https:\/\/eu4azerbaijan.eu\/az\/wp-json\/wp\/v2\/media?parent=66950"}],"wp:term":[{"taxonomy":"category","embeddable":true,"href":"https:\/\/eu4azerbaijan.eu\/az\/wp-json\/wp\/v2\/categories?post=66950"},{"taxonomy":"post_tag","embeddable":true,"href":"https:\/\/eu4azerbaijan.eu\/az\/wp-json\/wp\/v2\/tags?post=66950"},{"taxonomy":"topic","embeddable":true,"href":"https:\/\/eu4azerbaijan.eu\/az\/wp-json\/wp\/v2\/topic?post=66950"}],"curies":[{"name":"wp","href":"https:\/\/api.w.org\/{rel}","templated":true}]}}