{"id":66930,"date":"2025-06-18T13:42:01","date_gmt":"2025-06-18T13:42:01","guid":{"rendered":"https:\/\/eu4azerbaijan.eu\/registration-for-euroschool2025-is-now-open\/"},"modified":"2025-07-09T13:44:56","modified_gmt":"2025-07-09T13:44:56","slug":"registration-for-euroschool2025-is-now-open","status":"publish","type":"post","link":"https:\/\/eu4azerbaijan.eu\/az\/registration-for-euroschool2025-is-now-open\/","title":{"rendered":"#EuroSchool2025 \u00fc\u00e7\u00fcn qeydiyyat ba\u015flad\u0131!"},"content":{"rendered":"\n<p>12\u201314 avqust tarixl\u0259rind\u0259 ba\u015f tutacaq \u201cEuroSchool 2025\u201d proqram\u0131nda s\u0259n d\u0259 i\u015ftirak et!<\/p>\n\n\n\n<p>Bu 3 g\u00fcnl\u00fck \u00f6yr\u0259dici v\u0259 interaktiv t\u0259lim proqram\u0131 s\u0259n\u0259 Avropa \u0130ttifaq\u0131n\u0131 daha yax\u0131ndan tan\u0131maq imkan\u0131 qazand\u0131racaq.<\/p>\n\n\n\n<p><img loading=\"lazy\" decoding=\"async\" height=\"16\" width=\"16\" alt=\"\ud83d\udccd\" src=\"https:\/\/static.xx.fbcdn.net\/images\/emoji.php\/v9\/t2d\/1\/16\/1f4cd.png\"> T\u0259lim Az\u0259rbaycan\u0131n bir b\u00f6lg\u0259sind\u0259 ke\u00e7iril\u0259c\u0259k v\u0259 b\u00fct\u00fcn x\u0259rcl\u0259r Avropa \u0130ttifaq\u0131 n\u00fcmay\u0259nd\u0259liyi t\u0259r\u0259find\u0259n qar\u015f\u0131lanacaq (n\u0259qliyyat, yem\u0259k v\u0259 qalacaq yer).<\/p>\n\n\n\n<p><img loading=\"lazy\" decoding=\"async\" height=\"16\" width=\"16\" alt=\"\ud83d\udccc\" src=\"https:\/\/static.xx.fbcdn.net\/images\/emoji.php\/v9\/tac\/1\/16\/1f4cc.png\"> Az\u0259rbaycandan olan G\u0259nc Avropa S\u0259firl\u0259rinin (YEA) f\u0259al i\u015ftirak\u0131 il\u0259 i\u015ftirak\u00e7\u0131lar a\u015fa\u011f\u0131dak\u0131 m\u00f6vzular \u00fczr\u0259 sessiyalarda i\u015ftirak ed\u0259c\u0259kl\u0259r:<\/p>\n\n\n\n<p><img loading=\"lazy\" decoding=\"async\" height=\"16\" width=\"16\" alt=\"\ud83d\udd39\" src=\"https:\/\/static.xx.fbcdn.net\/images\/emoji.php\/v9\/tf3\/1\/16\/1f539.png\"> A\u0130 v\u0259 Az\u0259rbaycan m\u00fcnasib\u0259tl\u0259ri;<\/p>\n\n\n\n<p><img loading=\"lazy\" decoding=\"async\" height=\"16\" width=\"16\" alt=\"\ud83d\udd39\" src=\"https:\/\/static.xx.fbcdn.net\/images\/emoji.php\/v9\/tf3\/1\/16\/1f539.png\"> \u015e\u0259rq T\u0259r\u0259fda\u015fl\u0131\u011f\u0131;<\/p>\n\n\n\n<p><img loading=\"lazy\" decoding=\"async\" height=\"16\" width=\"16\" alt=\"\ud83d\udd39\" src=\"https:\/\/static.xx.fbcdn.net\/images\/emoji.php\/v9\/tf3\/1\/16\/1f539.png\"> Enerji v\u0259 \u0259traf m\u00fchit;<\/p>\n\n\n\n<p><img loading=\"lazy\" decoding=\"async\" height=\"16\" width=\"16\" alt=\"\ud83d\udd39\" src=\"https:\/\/static.xx.fbcdn.net\/images\/emoji.php\/v9\/tf3\/1\/16\/1f539.png\"> Dezinformasiyaya qar\u015f\u0131 m\u00fcbariz\u0259;<\/p>\n\n\n\n<p><img loading=\"lazy\" decoding=\"async\" height=\"16\" width=\"16\" alt=\"\ud83d\udd39\" src=\"https:\/\/static.xx.fbcdn.net\/images\/emoji.php\/v9\/tf3\/1\/16\/1f539.png\"> A\u0130-d\u0259 t\u0259hsil v\u0259 k\u00f6n\u00fcll\u00fcl\u00fck imkanlar\u0131.<\/p>\n\n\n\n<p><img loading=\"lazy\" decoding=\"async\" height=\"16\" width=\"16\" alt=\"\ud83d\udc65\" src=\"https:\/\/static.xx.fbcdn.net\/images\/emoji.php\/v9\/t8b\/1\/16\/1f465.png\"> 18\u201325 ya\u015f aras\u0131, ali t\u0259hsil alan v\u0259 ya yeni m\u0259zun olmu\u015f, ingilis dili biliyi olan g\u0259ncl\u0259r i\u015ftirak ed\u0259 bil\u0259r.<\/p>\n\n\n\n<p><img loading=\"lazy\" decoding=\"async\" height=\"16\" width=\"16\" alt=\"\ud83d\udcc5\" src=\"https:\/\/static.xx.fbcdn.net\/images\/emoji.php\/v9\/t7e\/1\/16\/1f4c5.png\"> Son m\u00fcraci\u0259t tarixi: 1 iyul 2025<\/p>\n\n\n\n<p><img loading=\"lazy\" decoding=\"async\" height=\"16\" width=\"16\" alt=\"\ud83d\udce9\" src=\"https:\/\/static.xx.fbcdn.net\/images\/emoji.php\/v9\/tc0\/1\/16\/1f4e9.png\"> Suni intellekt al\u0259ti il\u0259 (AI) yaz\u0131lm\u0131\u015f \u0259riz\u0259l\u0259r q\u0259bul olunmayacaq.<\/p>\n\n\n\n<p>Daha \u0259trafl\u0131 v\u0259 qeydiyyatdan ke\u00e7m\u0259k \u00fc\u00e7\u00fcn link\u0259 ke\u00e7id edin.<\/p>\n\n\n\n<p><a href=\"https:\/\/euneighbourseast.eu\/...\/step-into-euroschool...\/\">https:\/\/euneighbourseast.eu\/&#8230;\/step-into-euroschool&#8230;\/<\/a><\/p>\n\n\n\n<p><\/p>\n","protected":false},"excerpt":{"rendered":"<p>12\u201314 avqust tarixl\u0259rind\u0259 ba\u015f tutacaq \u201cEuroSchool 2025\u201d proqram\u0131nda s\u0259n d\u0259 i\u015ftirak et! Bu 3 g\u00fcnl\u00fck \u00f6yr\u0259dici v\u0259 interaktiv t\u0259lim proqram\u0131 s\u0259n\u0259 Avropa \u0130ttifaq\u0131n\u0131 daha yax\u0131ndan tan\u0131maq imkan\u0131 qazand\u0131racaq. T\u0259lim Az\u0259rbaycan\u0131n bir b\u00f6lg\u0259sind\u0259 ke\u00e7iril\u0259c\u0259k v\u0259 b\u00fct\u00fcn x\u0259rcl\u0259r Avropa \u0130ttifaq\u0131 n\u00fcmay\u0259nd\u0259liyi t\u0259r\u0259find\u0259n qar\u015f\u0131lanacaq (n\u0259qliyyat, yem\u0259k v\u0259 qalacaq yer). Az\u0259rbaycandan olan G\u0259nc Avropa S\u0259firl\u0259rinin (YEA) f\u0259al i\u015ftirak\u0131 il\u0259 [&hellip;]<\/p>\n","protected":false},"author":19,"featured_media":66928,"comment_status":"closed","ping_status":"closed","sticky":false,"template":"","format":"standard","meta":{"_acf_changed":false,"footnotes":""},"categories":[303,374,284],"tags":[],"topic":[],"class_list":["post-66930","post","type-post","status-publish","format-standard","has-post-thumbnail","hentry","category-opportunities-az","category-whats-happening-az","category-news-az"],"acf":[],"yoast_head":"<!-- This site is optimized with the Yoast SEO plugin v26.4 - https:\/\/yoast.com\/wordpress\/plugins\/seo\/ -->\n<title>#EuroSchool2025 \u00fc\u00e7\u00fcn qeydiyyat ba\u015flad\u0131! - EU for Azerbaijan<\/title>\n<meta name=\"robots\" content=\"index, follow, max-snippet:-1, max-image-preview:large, max-video-preview:-1\" \/>\n<link rel=\"canonical\" href=\"https:\/\/eu4azerbaijan.eu\/az\/registration-for-euroschool2025-is-now-open\/\" \/>\n<meta property=\"og:locale\" content=\"az_AZ\" \/>\n<meta property=\"og:type\" content=\"article\" \/>\n<meta property=\"og:title\" content=\"#EuroSchool2025 \u00fc\u00e7\u00fcn qeydiyyat ba\u015flad\u0131! - EU for Azerbaijan\" \/>\n<meta property=\"og:description\" content=\"12\u201314 avqust tarixl\u0259rind\u0259 ba\u015f tutacaq \u201cEuroSchool 2025\u201d proqram\u0131nda s\u0259n d\u0259 i\u015ftirak et! Bu 3 g\u00fcnl\u00fck \u00f6yr\u0259dici v\u0259 interaktiv t\u0259lim proqram\u0131 s\u0259n\u0259 Avropa \u0130ttifaq\u0131n\u0131 daha yax\u0131ndan tan\u0131maq imkan\u0131 qazand\u0131racaq. T\u0259lim Az\u0259rbaycan\u0131n bir b\u00f6lg\u0259sind\u0259 ke\u00e7iril\u0259c\u0259k v\u0259 b\u00fct\u00fcn x\u0259rcl\u0259r Avropa \u0130ttifaq\u0131 n\u00fcmay\u0259nd\u0259liyi t\u0259r\u0259find\u0259n qar\u015f\u0131lanacaq (n\u0259qliyyat, yem\u0259k v\u0259 qalacaq yer). Az\u0259rbaycandan olan G\u0259nc Avropa S\u0259firl\u0259rinin (YEA) f\u0259al i\u015ftirak\u0131 il\u0259 [&hellip;]\" \/>\n<meta property=\"og:url\" content=\"https:\/\/eu4azerbaijan.eu\/az\/registration-for-euroschool2025-is-now-open\/\" \/>\n<meta property=\"og:site_name\" content=\"EU for Azerbaijan\" \/>\n<meta property=\"article:published_time\" content=\"2025-06-18T13:42:01+00:00\" \/>\n<meta property=\"article:modified_time\" content=\"2025-07-09T13:44:56+00:00\" \/>\n<meta property=\"og:image\" content=\"https:\/\/eu4azerbaijan.eu\/wp-content\/uploads\/dsc5445-scaled-e1750154993620-36de3ff3.webp\" \/>\n\t<meta property=\"og:image:width\" content=\"1920\" \/>\n\t<meta property=\"og:image:height\" content=\"1193\" \/>\n\t<meta property=\"og:image:type\" content=\"image\/webp\" \/>\n<meta name=\"author\" content=\"Aydan Topchibasheva\" \/>\n<meta name=\"twitter:card\" content=\"summary_large_image\" \/>\n<meta name=\"twitter:label1\" content=\"Written by\" \/>\n\t<meta name=\"twitter:data1\" content=\"Aydan Topchibasheva\" \/>\n\t<meta name=\"twitter:label2\" content=\"Est. reading time\" \/>\n\t<meta name=\"twitter:data2\" content=\"3 minutes\" \/>\n<script type=\"application\/ld+json\" class=\"yoast-schema-graph\">{\"@context\":\"https:\/\/schema.org\",\"@graph\":[{\"@type\":\"WebPage\",\"@id\":\"https:\/\/eu4azerbaijan.eu\/az\/registration-for-euroschool2025-is-now-open\/\",\"url\":\"https:\/\/eu4azerbaijan.eu\/az\/registration-for-euroschool2025-is-now-open\/\",\"name\":\"#EuroSchool2025 \u00fc\u00e7\u00fcn qeydiyyat ba\u015flad\u0131! - EU for Azerbaijan\",\"isPartOf\":{\"@id\":\"https:\/\/eu4azerbaijan.eu\/az\/#website\"},\"primaryImageOfPage\":{\"@id\":\"https:\/\/eu4azerbaijan.eu\/az\/registration-for-euroschool2025-is-now-open\/#primaryimage\"},\"image\":{\"@id\":\"https:\/\/eu4azerbaijan.eu\/az\/registration-for-euroschool2025-is-now-open\/#primaryimage\"},\"thumbnailUrl\":\"https:\/\/eu4azerbaijan.eu\/wp-content\/uploads\/dsc5445-scaled-e1750154993620-36de3ff3.webp\",\"datePublished\":\"2025-06-18T13:42:01+00:00\",\"dateModified\":\"2025-07-09T13:44:56+00:00\",\"author\":{\"@id\":\"https:\/\/eu4azerbaijan.eu\/az\/#\/schema\/person\/cf17ddba07387955c481997af06797df\"},\"breadcrumb\":{\"@id\":\"https:\/\/eu4azerbaijan.eu\/az\/registration-for-euroschool2025-is-now-open\/#breadcrumb\"},\"inLanguage\":\"az-AZ\",\"potentialAction\":[{\"@type\":\"ReadAction\",\"target\":[\"https:\/\/eu4azerbaijan.eu\/az\/registration-for-euroschool2025-is-now-open\/\"]}]},{\"@type\":\"ImageObject\",\"inLanguage\":\"az-AZ\",\"@id\":\"https:\/\/eu4azerbaijan.eu\/az\/registration-for-euroschool2025-is-now-open\/#primaryimage\",\"url\":\"https:\/\/eu4azerbaijan.eu\/wp-content\/uploads\/dsc5445-scaled-e1750154993620-36de3ff3.webp\",\"contentUrl\":\"https:\/\/eu4azerbaijan.eu\/wp-content\/uploads\/dsc5445-scaled-e1750154993620-36de3ff3.webp\",\"width\":1920,\"height\":1193},{\"@type\":\"BreadcrumbList\",\"@id\":\"https:\/\/eu4azerbaijan.eu\/az\/registration-for-euroschool2025-is-now-open\/#breadcrumb\",\"itemListElement\":[{\"@type\":\"ListItem\",\"position\":1,\"name\":\"Home\",\"item\":\"https:\/\/eu4azerbaijan.eu\/az\/\"},{\"@type\":\"ListItem\",\"position\":2,\"name\":\"#EuroSchool2025 \u00fc\u00e7\u00fcn qeydiyyat ba\u015flad\u0131!\"}]},{\"@type\":\"WebSite\",\"@id\":\"https:\/\/eu4azerbaijan.eu\/az\/#website\",\"url\":\"https:\/\/eu4azerbaijan.eu\/az\/\",\"name\":\"EU for Azerbaijan\",\"description\":\"\",\"potentialAction\":[{\"@type\":\"SearchAction\",\"target\":{\"@type\":\"EntryPoint\",\"urlTemplate\":\"https:\/\/eu4azerbaijan.eu\/az\/?s={search_term_string}\"},\"query-input\":{\"@type\":\"PropertyValueSpecification\",\"valueRequired\":true,\"valueName\":\"search_term_string\"}}],\"inLanguage\":\"az-AZ\"},{\"@type\":\"Person\",\"@id\":\"https:\/\/eu4azerbaijan.eu\/az\/#\/schema\/person\/cf17ddba07387955c481997af06797df\",\"name\":\"Aydan Topchibasheva\",\"image\":{\"@type\":\"ImageObject\",\"inLanguage\":\"az-AZ\",\"@id\":\"https:\/\/eu4azerbaijan.eu\/az\/#\/schema\/person\/image\/\",\"url\":\"https:\/\/secure.gravatar.com\/avatar\/657ac54b68aced49adde2a29a43651c77d8555f376d5ee5dd68172194a09f856?s=96&d=mm&r=g\",\"contentUrl\":\"https:\/\/secure.gravatar.com\/avatar\/657ac54b68aced49adde2a29a43651c77d8555f376d5ee5dd68172194a09f856?s=96&d=mm&r=g\",\"caption\":\"Aydan Topchibasheva\"},\"url\":\"https:\/\/eu4azerbaijan.eu\/az\/author\/aydan\/\"}]}<\/script>\n<!-- \/ Yoast SEO plugin. -->","yoast_head_json":{"title":"#EuroSchool2025 \u00fc\u00e7\u00fcn qeydiyyat ba\u015flad\u0131! - EU for Azerbaijan","robots":{"index":"index","follow":"follow","max-snippet":"max-snippet:-1","max-image-preview":"max-image-preview:large","max-video-preview":"max-video-preview:-1"},"canonical":"https:\/\/eu4azerbaijan.eu\/az\/registration-for-euroschool2025-is-now-open\/","og_locale":"az_AZ","og_type":"article","og_title":"#EuroSchool2025 \u00fc\u00e7\u00fcn qeydiyyat ba\u015flad\u0131! - EU for Azerbaijan","og_description":"12\u201314 avqust tarixl\u0259rind\u0259 ba\u015f tutacaq \u201cEuroSchool 2025\u201d proqram\u0131nda s\u0259n d\u0259 i\u015ftirak et! Bu 3 g\u00fcnl\u00fck \u00f6yr\u0259dici v\u0259 interaktiv t\u0259lim proqram\u0131 s\u0259n\u0259 Avropa \u0130ttifaq\u0131n\u0131 daha yax\u0131ndan tan\u0131maq imkan\u0131 qazand\u0131racaq. T\u0259lim Az\u0259rbaycan\u0131n bir b\u00f6lg\u0259sind\u0259 ke\u00e7iril\u0259c\u0259k v\u0259 b\u00fct\u00fcn x\u0259rcl\u0259r Avropa \u0130ttifaq\u0131 n\u00fcmay\u0259nd\u0259liyi t\u0259r\u0259find\u0259n qar\u015f\u0131lanacaq (n\u0259qliyyat, yem\u0259k v\u0259 qalacaq yer). Az\u0259rbaycandan olan G\u0259nc Avropa S\u0259firl\u0259rinin (YEA) f\u0259al i\u015ftirak\u0131 il\u0259 [&hellip;]","og_url":"https:\/\/eu4azerbaijan.eu\/az\/registration-for-euroschool2025-is-now-open\/","og_site_name":"EU for Azerbaijan","article_published_time":"2025-06-18T13:42:01+00:00","article_modified_time":"2025-07-09T13:44:56+00:00","og_image":[{"width":1920,"height":1193,"url":"https:\/\/eu4azerbaijan.eu\/wp-content\/uploads\/dsc5445-scaled-e1750154993620-36de3ff3.webp","type":"image\/webp"}],"author":"Aydan Topchibasheva","twitter_card":"summary_large_image","twitter_misc":{"Written by":"Aydan Topchibasheva","Est. reading time":"3 minutes"},"schema":{"@context":"https:\/\/schema.org","@graph":[{"@type":"WebPage","@id":"https:\/\/eu4azerbaijan.eu\/az\/registration-for-euroschool2025-is-now-open\/","url":"https:\/\/eu4azerbaijan.eu\/az\/registration-for-euroschool2025-is-now-open\/","name":"#EuroSchool2025 \u00fc\u00e7\u00fcn qeydiyyat ba\u015flad\u0131! - EU for Azerbaijan","isPartOf":{"@id":"https:\/\/eu4azerbaijan.eu\/az\/#website"},"primaryImageOfPage":{"@id":"https:\/\/eu4azerbaijan.eu\/az\/registration-for-euroschool2025-is-now-open\/#primaryimage"},"image":{"@id":"https:\/\/eu4azerbaijan.eu\/az\/registration-for-euroschool2025-is-now-open\/#primaryimage"},"thumbnailUrl":"https:\/\/eu4azerbaijan.eu\/wp-content\/uploads\/dsc5445-scaled-e1750154993620-36de3ff3.webp","datePublished":"2025-06-18T13:42:01+00:00","dateModified":"2025-07-09T13:44:56+00:00","author":{"@id":"https:\/\/eu4azerbaijan.eu\/az\/#\/schema\/person\/cf17ddba07387955c481997af06797df"},"breadcrumb":{"@id":"https:\/\/eu4azerbaijan.eu\/az\/registration-for-euroschool2025-is-now-open\/#breadcrumb"},"inLanguage":"az-AZ","potentialAction":[{"@type":"ReadAction","target":["https:\/\/eu4azerbaijan.eu\/az\/registration-for-euroschool2025-is-now-open\/"]}]},{"@type":"ImageObject","inLanguage":"az-AZ","@id":"https:\/\/eu4azerbaijan.eu\/az\/registration-for-euroschool2025-is-now-open\/#primaryimage","url":"https:\/\/eu4azerbaijan.eu\/wp-content\/uploads\/dsc5445-scaled-e1750154993620-36de3ff3.webp","contentUrl":"https:\/\/eu4azerbaijan.eu\/wp-content\/uploads\/dsc5445-scaled-e1750154993620-36de3ff3.webp","width":1920,"height":1193},{"@type":"BreadcrumbList","@id":"https:\/\/eu4azerbaijan.eu\/az\/registration-for-euroschool2025-is-now-open\/#breadcrumb","itemListElement":[{"@type":"ListItem","position":1,"name":"Home","item":"https:\/\/eu4azerbaijan.eu\/az\/"},{"@type":"ListItem","position":2,"name":"#EuroSchool2025 \u00fc\u00e7\u00fcn qeydiyyat ba\u015flad\u0131!"}]},{"@type":"WebSite","@id":"https:\/\/eu4azerbaijan.eu\/az\/#website","url":"https:\/\/eu4azerbaijan.eu\/az\/","name":"EU for Azerbaijan","description":"","potentialAction":[{"@type":"SearchAction","target":{"@type":"EntryPoint","urlTemplate":"https:\/\/eu4azerbaijan.eu\/az\/?s={search_term_string}"},"query-input":{"@type":"PropertyValueSpecification","valueRequired":true,"valueName":"search_term_string"}}],"inLanguage":"az-AZ"},{"@type":"Person","@id":"https:\/\/eu4azerbaijan.eu\/az\/#\/schema\/person\/cf17ddba07387955c481997af06797df","name":"Aydan Topchibasheva","image":{"@type":"ImageObject","inLanguage":"az-AZ","@id":"https:\/\/eu4azerbaijan.eu\/az\/#\/schema\/person\/image\/","url":"https:\/\/secure.gravatar.com\/avatar\/657ac54b68aced49adde2a29a43651c77d8555f376d5ee5dd68172194a09f856?s=96&d=mm&r=g","contentUrl":"https:\/\/secure.gravatar.com\/avatar\/657ac54b68aced49adde2a29a43651c77d8555f376d5ee5dd68172194a09f856?s=96&d=mm&r=g","caption":"Aydan Topchibasheva"},"url":"https:\/\/eu4azerbaijan.eu\/az\/author\/aydan\/"}]}},"_links":{"self":[{"href":"https:\/\/eu4azerbaijan.eu\/az\/wp-json\/wp\/v2\/posts\/66930","targetHints":{"allow":["GET"]}}],"collection":[{"href":"https:\/\/eu4azerbaijan.eu\/az\/wp-json\/wp\/v2\/posts"}],"about":[{"href":"https:\/\/eu4azerbaijan.eu\/az\/wp-json\/wp\/v2\/types\/post"}],"author":[{"embeddable":true,"href":"https:\/\/eu4azerbaijan.eu\/az\/wp-json\/wp\/v2\/users\/19"}],"replies":[{"embeddable":true,"href":"https:\/\/eu4azerbaijan.eu\/az\/wp-json\/wp\/v2\/comments?post=66930"}],"version-history":[{"count":2,"href":"https:\/\/eu4azerbaijan.eu\/az\/wp-json\/wp\/v2\/posts\/66930\/revisions"}],"predecessor-version":[{"id":66932,"href":"https:\/\/eu4azerbaijan.eu\/az\/wp-json\/wp\/v2\/posts\/66930\/revisions\/66932"}],"wp:featuredmedia":[{"embeddable":true,"href":"https:\/\/eu4azerbaijan.eu\/az\/wp-json\/wp\/v2\/media\/66928"}],"wp:attachment":[{"href":"https:\/\/eu4azerbaijan.eu\/az\/wp-json\/wp\/v2\/media?parent=66930"}],"wp:term":[{"taxonomy":"category","embeddable":true,"href":"https:\/\/eu4azerbaijan.eu\/az\/wp-json\/wp\/v2\/categories?post=66930"},{"taxonomy":"post_tag","embeddable":true,"href":"https:\/\/eu4azerbaijan.eu\/az\/wp-json\/wp\/v2\/tags?post=66930"},{"taxonomy":"topic","embeddable":true,"href":"https:\/\/eu4azerbaijan.eu\/az\/wp-json\/wp\/v2\/topic?post=66930"}],"curies":[{"name":"wp","href":"https:\/\/api.w.org\/{rel}","templated":true}]}}