{"id":66919,"date":"2025-07-03T13:37:46","date_gmt":"2025-07-03T13:37:46","guid":{"rendered":"https:\/\/eu4azerbaijan.eu\/?p=66919"},"modified":"2025-07-09T13:40:35","modified_gmt":"2025-07-09T13:40:35","slug":"young-journalists-brussels-is-calling","status":"publish","type":"post","link":"https:\/\/eu4azerbaijan.eu\/az\/young-journalists-brussels-is-calling\/","title":{"rendered":"G\u0259nc jurnalistl\u0259r, Br\u00fcssel sizi g\u00f6zl\u0259yir!"},"content":{"rendered":"\n<p>Avropa \u0130ttifaq\u0131n\u0131n <a href=\"https:\/\/www.facebook.com\/hashtag\/youth4regions2025?__eep__=6&amp;__cft__[0]=AZVkd0d2nCJUqNRKFgNC5pHhBunMBk00KkyndWfCHZFOUhbGY-9AGTeiVLzT2E2-gEokyjyN4rxAHh05LRoQ3vRqenZ_6SHS9J-ylcbzBMLPfk4dqVRlmCD8ONyu0BzdqbyPBkcdK6C-x_Jlxgj6Vsv4&amp;__tn__=*NK-R\">#Youth4Regions2025<\/a> proqram\u0131 \u00fc\u00e7\u00fcn qeydiyyat ba\u015flad\u0131.<\/p>\n\n\n\n<p><a><\/a>18\u201330 ya\u015f aras\u0131 v\u0259 2 il\u0259 q\u0259d\u0259r t\u0259cr\u00fcb\u0259si olan jurnalistl\u0259r A\u0130-nin region siyas\u0259tini Br\u00fcsseld\u0259 yax\u0131ndan \u00f6yr\u0259nm\u0259k imkan\u0131 qazanacaq.<\/p>\n\n\n\n<p><img loading=\"lazy\" decoding=\"async\" height=\"16\" width=\"16\" alt=\"\ud83d\udccd\" src=\"https:\/\/static.xx.fbcdn.net\/images\/emoji.php\/v9\/t2d\/1\/16\/1f4cd.png\"> Br\u00fcssel, 11\u201317 oktyabr 2025<\/p>\n\n\n\n<p><img loading=\"lazy\" decoding=\"async\" height=\"16\" width=\"16\" alt=\"\ud83d\udcc5\" src=\"https:\/\/static.xx.fbcdn.net\/images\/emoji.php\/v9\/t7e\/1\/16\/1f4c5.png\"> Son m\u00fcraci\u0259t: 7 iyul 2025<\/p>\n\n\n\n<p><img loading=\"lazy\" decoding=\"async\" height=\"16\" width=\"16\" alt=\"\ud83d\udd17\" src=\"https:\/\/static.xx.fbcdn.net\/images\/emoji.php\/v9\/tb3\/1\/16\/1f517.png\"> \u018ftrafl\u0131 link\u0259 ke\u00e7id edin.<\/p>\n\n\n\n<p><a href=\"https:\/\/euneighbourseast.eu\/...\/youth4regions-2025-apply...\/\">https:\/\/euneighbourseast.eu\/&#8230;\/youth4regions-2025-apply&#8230;\/<\/a><\/p>\n","protected":false},"excerpt":{"rendered":"<p>Avropa \u0130ttifaq\u0131n\u0131n #Youth4Regions2025 proqram\u0131 \u00fc\u00e7\u00fcn qeydiyyat ba\u015flad\u0131. 18\u201330 ya\u015f aras\u0131 v\u0259 2 il\u0259 q\u0259d\u0259r t\u0259cr\u00fcb\u0259si olan jurnalistl\u0259r A\u0130-nin region siyas\u0259tini Br\u00fcsseld\u0259 yax\u0131ndan \u00f6yr\u0259nm\u0259k imkan\u0131 qazanacaq. Br\u00fcssel, 11\u201317 oktyabr 2025 Son m\u00fcraci\u0259t: 7 iyul 2025 \u018ftrafl\u0131 link\u0259 ke\u00e7id edin. https:\/\/euneighbourseast.eu\/&#8230;\/youth4regions-2025-apply&#8230;\/<\/p>\n","protected":false},"author":19,"featured_media":66920,"comment_status":"closed","ping_status":"closed","sticky":false,"template":"","format":"standard","meta":{"_acf_changed":false,"footnotes":""},"categories":[303,374,284],"tags":[],"topic":[],"class_list":["post-66919","post","type-post","status-publish","format-standard","has-post-thumbnail","hentry","category-opportunities-az","category-whats-happening-az","category-news-az"],"acf":[],"yoast_head":"<!-- This site is optimized with the Yoast SEO plugin v26.4 - https:\/\/yoast.com\/wordpress\/plugins\/seo\/ -->\n<title>G\u0259nc jurnalistl\u0259r, Br\u00fcssel sizi g\u00f6zl\u0259yir! - EU for Azerbaijan<\/title>\n<meta name=\"robots\" content=\"index, follow, max-snippet:-1, max-image-preview:large, max-video-preview:-1\" \/>\n<link rel=\"canonical\" href=\"https:\/\/eu4azerbaijan.eu\/az\/young-journalists-brussels-is-calling\/\" \/>\n<meta property=\"og:locale\" content=\"az_AZ\" \/>\n<meta property=\"og:type\" content=\"article\" \/>\n<meta property=\"og:title\" content=\"G\u0259nc jurnalistl\u0259r, Br\u00fcssel sizi g\u00f6zl\u0259yir! - EU for Azerbaijan\" \/>\n<meta property=\"og:description\" content=\"Avropa \u0130ttifaq\u0131n\u0131n #Youth4Regions2025 proqram\u0131 \u00fc\u00e7\u00fcn qeydiyyat ba\u015flad\u0131. 18\u201330 ya\u015f aras\u0131 v\u0259 2 il\u0259 q\u0259d\u0259r t\u0259cr\u00fcb\u0259si olan jurnalistl\u0259r A\u0130-nin region siyas\u0259tini Br\u00fcsseld\u0259 yax\u0131ndan \u00f6yr\u0259nm\u0259k imkan\u0131 qazanacaq. Br\u00fcssel, 11\u201317 oktyabr 2025 Son m\u00fcraci\u0259t: 7 iyul 2025 \u018ftrafl\u0131 link\u0259 ke\u00e7id edin. https:\/\/euneighbourseast.eu\/&#8230;\/youth4regions-2025-apply&#8230;\/\" \/>\n<meta property=\"og:url\" content=\"https:\/\/eu4azerbaijan.eu\/az\/young-journalists-brussels-is-calling\/\" \/>\n<meta property=\"og:site_name\" content=\"EU for Azerbaijan\" \/>\n<meta property=\"article:published_time\" content=\"2025-07-03T13:37:46+00:00\" \/>\n<meta property=\"article:modified_time\" content=\"2025-07-09T13:40:35+00:00\" \/>\n<meta property=\"og:image\" content=\"https:\/\/eu4azerbaijan.eu\/wp-content\/uploads\/aa.jpg\" \/>\n\t<meta property=\"og:image:width\" content=\"1200\" \/>\n\t<meta property=\"og:image:height\" content=\"1200\" \/>\n\t<meta property=\"og:image:type\" content=\"image\/jpeg\" \/>\n<meta name=\"author\" content=\"Aydan Topchibasheva\" \/>\n<meta name=\"twitter:card\" content=\"summary_large_image\" \/>\n<meta name=\"twitter:label1\" content=\"Written by\" \/>\n\t<meta name=\"twitter:data1\" content=\"Aydan Topchibasheva\" \/>\n\t<meta name=\"twitter:label2\" content=\"Est. reading time\" \/>\n\t<meta name=\"twitter:data2\" content=\"1 minute\" \/>\n<script type=\"application\/ld+json\" class=\"yoast-schema-graph\">{\"@context\":\"https:\/\/schema.org\",\"@graph\":[{\"@type\":\"WebPage\",\"@id\":\"https:\/\/eu4azerbaijan.eu\/az\/young-journalists-brussels-is-calling\/\",\"url\":\"https:\/\/eu4azerbaijan.eu\/az\/young-journalists-brussels-is-calling\/\",\"name\":\"G\u0259nc jurnalistl\u0259r, Br\u00fcssel sizi g\u00f6zl\u0259yir! - EU for Azerbaijan\",\"isPartOf\":{\"@id\":\"https:\/\/eu4azerbaijan.eu\/az\/#website\"},\"primaryImageOfPage\":{\"@id\":\"https:\/\/eu4azerbaijan.eu\/az\/young-journalists-brussels-is-calling\/#primaryimage\"},\"image\":{\"@id\":\"https:\/\/eu4azerbaijan.eu\/az\/young-journalists-brussels-is-calling\/#primaryimage\"},\"thumbnailUrl\":\"https:\/\/eu4azerbaijan.eu\/wp-content\/uploads\/aa.jpg\",\"datePublished\":\"2025-07-03T13:37:46+00:00\",\"dateModified\":\"2025-07-09T13:40:35+00:00\",\"author\":{\"@id\":\"https:\/\/eu4azerbaijan.eu\/az\/#\/schema\/person\/cf17ddba07387955c481997af06797df\"},\"breadcrumb\":{\"@id\":\"https:\/\/eu4azerbaijan.eu\/az\/young-journalists-brussels-is-calling\/#breadcrumb\"},\"inLanguage\":\"az-AZ\",\"potentialAction\":[{\"@type\":\"ReadAction\",\"target\":[\"https:\/\/eu4azerbaijan.eu\/az\/young-journalists-brussels-is-calling\/\"]}]},{\"@type\":\"ImageObject\",\"inLanguage\":\"az-AZ\",\"@id\":\"https:\/\/eu4azerbaijan.eu\/az\/young-journalists-brussels-is-calling\/#primaryimage\",\"url\":\"https:\/\/eu4azerbaijan.eu\/wp-content\/uploads\/aa.jpg\",\"contentUrl\":\"https:\/\/eu4azerbaijan.eu\/wp-content\/uploads\/aa.jpg\",\"width\":1200,\"height\":1200},{\"@type\":\"BreadcrumbList\",\"@id\":\"https:\/\/eu4azerbaijan.eu\/az\/young-journalists-brussels-is-calling\/#breadcrumb\",\"itemListElement\":[{\"@type\":\"ListItem\",\"position\":1,\"name\":\"Home\",\"item\":\"https:\/\/eu4azerbaijan.eu\/az\/\"},{\"@type\":\"ListItem\",\"position\":2,\"name\":\"G\u0259nc jurnalistl\u0259r, Br\u00fcssel sizi g\u00f6zl\u0259yir!\"}]},{\"@type\":\"WebSite\",\"@id\":\"https:\/\/eu4azerbaijan.eu\/az\/#website\",\"url\":\"https:\/\/eu4azerbaijan.eu\/az\/\",\"name\":\"EU for Azerbaijan\",\"description\":\"\",\"potentialAction\":[{\"@type\":\"SearchAction\",\"target\":{\"@type\":\"EntryPoint\",\"urlTemplate\":\"https:\/\/eu4azerbaijan.eu\/az\/?s={search_term_string}\"},\"query-input\":{\"@type\":\"PropertyValueSpecification\",\"valueRequired\":true,\"valueName\":\"search_term_string\"}}],\"inLanguage\":\"az-AZ\"},{\"@type\":\"Person\",\"@id\":\"https:\/\/eu4azerbaijan.eu\/az\/#\/schema\/person\/cf17ddba07387955c481997af06797df\",\"name\":\"Aydan Topchibasheva\",\"image\":{\"@type\":\"ImageObject\",\"inLanguage\":\"az-AZ\",\"@id\":\"https:\/\/eu4azerbaijan.eu\/az\/#\/schema\/person\/image\/\",\"url\":\"https:\/\/secure.gravatar.com\/avatar\/657ac54b68aced49adde2a29a43651c77d8555f376d5ee5dd68172194a09f856?s=96&d=mm&r=g\",\"contentUrl\":\"https:\/\/secure.gravatar.com\/avatar\/657ac54b68aced49adde2a29a43651c77d8555f376d5ee5dd68172194a09f856?s=96&d=mm&r=g\",\"caption\":\"Aydan Topchibasheva\"},\"url\":\"https:\/\/eu4azerbaijan.eu\/az\/author\/aydan\/\"}]}<\/script>\n<!-- \/ Yoast SEO plugin. -->","yoast_head_json":{"title":"G\u0259nc jurnalistl\u0259r, Br\u00fcssel sizi g\u00f6zl\u0259yir! - EU for Azerbaijan","robots":{"index":"index","follow":"follow","max-snippet":"max-snippet:-1","max-image-preview":"max-image-preview:large","max-video-preview":"max-video-preview:-1"},"canonical":"https:\/\/eu4azerbaijan.eu\/az\/young-journalists-brussels-is-calling\/","og_locale":"az_AZ","og_type":"article","og_title":"G\u0259nc jurnalistl\u0259r, Br\u00fcssel sizi g\u00f6zl\u0259yir! - EU for Azerbaijan","og_description":"Avropa \u0130ttifaq\u0131n\u0131n #Youth4Regions2025 proqram\u0131 \u00fc\u00e7\u00fcn qeydiyyat ba\u015flad\u0131. 18\u201330 ya\u015f aras\u0131 v\u0259 2 il\u0259 q\u0259d\u0259r t\u0259cr\u00fcb\u0259si olan jurnalistl\u0259r A\u0130-nin region siyas\u0259tini Br\u00fcsseld\u0259 yax\u0131ndan \u00f6yr\u0259nm\u0259k imkan\u0131 qazanacaq. Br\u00fcssel, 11\u201317 oktyabr 2025 Son m\u00fcraci\u0259t: 7 iyul 2025 \u018ftrafl\u0131 link\u0259 ke\u00e7id edin. https:\/\/euneighbourseast.eu\/&#8230;\/youth4regions-2025-apply&#8230;\/","og_url":"https:\/\/eu4azerbaijan.eu\/az\/young-journalists-brussels-is-calling\/","og_site_name":"EU for Azerbaijan","article_published_time":"2025-07-03T13:37:46+00:00","article_modified_time":"2025-07-09T13:40:35+00:00","og_image":[{"width":1200,"height":1200,"url":"https:\/\/eu4azerbaijan.eu\/wp-content\/uploads\/aa.jpg","type":"image\/jpeg"}],"author":"Aydan Topchibasheva","twitter_card":"summary_large_image","twitter_misc":{"Written by":"Aydan Topchibasheva","Est. reading time":"1 minute"},"schema":{"@context":"https:\/\/schema.org","@graph":[{"@type":"WebPage","@id":"https:\/\/eu4azerbaijan.eu\/az\/young-journalists-brussels-is-calling\/","url":"https:\/\/eu4azerbaijan.eu\/az\/young-journalists-brussels-is-calling\/","name":"G\u0259nc jurnalistl\u0259r, Br\u00fcssel sizi g\u00f6zl\u0259yir! - EU for Azerbaijan","isPartOf":{"@id":"https:\/\/eu4azerbaijan.eu\/az\/#website"},"primaryImageOfPage":{"@id":"https:\/\/eu4azerbaijan.eu\/az\/young-journalists-brussels-is-calling\/#primaryimage"},"image":{"@id":"https:\/\/eu4azerbaijan.eu\/az\/young-journalists-brussels-is-calling\/#primaryimage"},"thumbnailUrl":"https:\/\/eu4azerbaijan.eu\/wp-content\/uploads\/aa.jpg","datePublished":"2025-07-03T13:37:46+00:00","dateModified":"2025-07-09T13:40:35+00:00","author":{"@id":"https:\/\/eu4azerbaijan.eu\/az\/#\/schema\/person\/cf17ddba07387955c481997af06797df"},"breadcrumb":{"@id":"https:\/\/eu4azerbaijan.eu\/az\/young-journalists-brussels-is-calling\/#breadcrumb"},"inLanguage":"az-AZ","potentialAction":[{"@type":"ReadAction","target":["https:\/\/eu4azerbaijan.eu\/az\/young-journalists-brussels-is-calling\/"]}]},{"@type":"ImageObject","inLanguage":"az-AZ","@id":"https:\/\/eu4azerbaijan.eu\/az\/young-journalists-brussels-is-calling\/#primaryimage","url":"https:\/\/eu4azerbaijan.eu\/wp-content\/uploads\/aa.jpg","contentUrl":"https:\/\/eu4azerbaijan.eu\/wp-content\/uploads\/aa.jpg","width":1200,"height":1200},{"@type":"BreadcrumbList","@id":"https:\/\/eu4azerbaijan.eu\/az\/young-journalists-brussels-is-calling\/#breadcrumb","itemListElement":[{"@type":"ListItem","position":1,"name":"Home","item":"https:\/\/eu4azerbaijan.eu\/az\/"},{"@type":"ListItem","position":2,"name":"G\u0259nc jurnalistl\u0259r, Br\u00fcssel sizi g\u00f6zl\u0259yir!"}]},{"@type":"WebSite","@id":"https:\/\/eu4azerbaijan.eu\/az\/#website","url":"https:\/\/eu4azerbaijan.eu\/az\/","name":"EU for Azerbaijan","description":"","potentialAction":[{"@type":"SearchAction","target":{"@type":"EntryPoint","urlTemplate":"https:\/\/eu4azerbaijan.eu\/az\/?s={search_term_string}"},"query-input":{"@type":"PropertyValueSpecification","valueRequired":true,"valueName":"search_term_string"}}],"inLanguage":"az-AZ"},{"@type":"Person","@id":"https:\/\/eu4azerbaijan.eu\/az\/#\/schema\/person\/cf17ddba07387955c481997af06797df","name":"Aydan Topchibasheva","image":{"@type":"ImageObject","inLanguage":"az-AZ","@id":"https:\/\/eu4azerbaijan.eu\/az\/#\/schema\/person\/image\/","url":"https:\/\/secure.gravatar.com\/avatar\/657ac54b68aced49adde2a29a43651c77d8555f376d5ee5dd68172194a09f856?s=96&d=mm&r=g","contentUrl":"https:\/\/secure.gravatar.com\/avatar\/657ac54b68aced49adde2a29a43651c77d8555f376d5ee5dd68172194a09f856?s=96&d=mm&r=g","caption":"Aydan Topchibasheva"},"url":"https:\/\/eu4azerbaijan.eu\/az\/author\/aydan\/"}]}},"_links":{"self":[{"href":"https:\/\/eu4azerbaijan.eu\/az\/wp-json\/wp\/v2\/posts\/66919","targetHints":{"allow":["GET"]}}],"collection":[{"href":"https:\/\/eu4azerbaijan.eu\/az\/wp-json\/wp\/v2\/posts"}],"about":[{"href":"https:\/\/eu4azerbaijan.eu\/az\/wp-json\/wp\/v2\/types\/post"}],"author":[{"embeddable":true,"href":"https:\/\/eu4azerbaijan.eu\/az\/wp-json\/wp\/v2\/users\/19"}],"replies":[{"embeddable":true,"href":"https:\/\/eu4azerbaijan.eu\/az\/wp-json\/wp\/v2\/comments?post=66919"}],"version-history":[{"count":2,"href":"https:\/\/eu4azerbaijan.eu\/az\/wp-json\/wp\/v2\/posts\/66919\/revisions"}],"predecessor-version":[{"id":66925,"href":"https:\/\/eu4azerbaijan.eu\/az\/wp-json\/wp\/v2\/posts\/66919\/revisions\/66925"}],"wp:featuredmedia":[{"embeddable":true,"href":"https:\/\/eu4azerbaijan.eu\/az\/wp-json\/wp\/v2\/media\/66920"}],"wp:attachment":[{"href":"https:\/\/eu4azerbaijan.eu\/az\/wp-json\/wp\/v2\/media?parent=66919"}],"wp:term":[{"taxonomy":"category","embeddable":true,"href":"https:\/\/eu4azerbaijan.eu\/az\/wp-json\/wp\/v2\/categories?post=66919"},{"taxonomy":"post_tag","embeddable":true,"href":"https:\/\/eu4azerbaijan.eu\/az\/wp-json\/wp\/v2\/tags?post=66919"},{"taxonomy":"topic","embeddable":true,"href":"https:\/\/eu4azerbaijan.eu\/az\/wp-json\/wp\/v2\/topic?post=66919"}],"curies":[{"name":"wp","href":"https:\/\/api.w.org\/{rel}","templated":true}]}}