{"id":66915,"date":"2025-06-25T09:12:27","date_gmt":"2025-06-25T09:12:27","guid":{"rendered":"https:\/\/eu4azerbaijan.eu\/eurovillage-2025-in-baku\/"},"modified":"2025-07-09T09:15:59","modified_gmt":"2025-07-09T09:15:59","slug":"eurovillage-2025-in-baku","status":"publish","type":"post","link":"https:\/\/eu4azerbaijan.eu\/az\/eurovillage-2025-in-baku\/","title":{"rendered":"Avropa \u015e\u0259h\u0259rciyi 2025"},"content":{"rendered":"\n<p>Avropa \u0130ttifaq\u0131n\u0131n Az\u0259rbaycandak\u0131 N\u00fcmay\u0259nd\u0259liyinin v\u0259 Avropa \u0130ttifaq\u0131na \u00fczv \u00f6lk\u0259l\u0259rin s\u0259firlikl\u0259rinin birg\u0259 t\u0259\u015fkilat\u00e7\u0131l\u0131\u011f\u0131 il\u0259 ke\u00e7iril\u0259n Avropa \u015e\u0259h\u0259rciyi <a href=\"https:\/\/www.facebook.com\/hashtag\/eurovillage2025?__eep__=6&amp;__cft__[0]=AZV92FvFBG59vqbbvxp7Yl8f4uFvsi1ukSZ-gpR_oVkOinQqsHll0OlIqTq2nbpOjqI4jA1Odmoz_3PE_NWzx8YOb18K9sZcP3CsmWvELU-KcdiZZCDjsjz4y_dMn6SWUkHwj6SM72z1QNnOjCYDxaaiE9cjWDtiDOLSo8tcOkZyboVXYYJy1OO2Zy94I_ck8OKvDdDsg19aWQX4medoeDVA&amp;__tn__=*NK-R\">#EuroVillage2025<\/a> minl\u0259rl\u0259 ziyar\u0259t\u00e7iy\u0259 r\u0259ngar\u0259ng v\u0259 maraql\u0131 f\u0259aliyy\u0259tl\u0259rl\u0259 dolu bir g\u00fcn ya\u015fatd\u0131.<\/p>\n\n\n\n<p>T\u0259dbir Avropa \u0130ttifaq\u0131n\u0131n Az\u0259rbaycandak\u0131 s\u0259firi Zati-alil\u0259ri Peter Mixalko v\u0259 Avropa \u0130ttifaq\u0131na \u00fczv \u00f6lk\u0259l\u0259rin s\u0259firl\u0259rinin s\u0259hn\u0259d\u0259n i\u015ftirak\u00e7\u0131lar\u0131 salamlamas\u0131 il\u0259 a\u00e7\u0131q elan edildi.<\/p>\n\n\n\n<p>G\u00fcn r\u0259ngar\u0259ng konsert proqram\u0131 il\u0259 ba\u015fa \u00e7atd\u0131 v\u0259 bayram \u0259hval-ruhiyy\u0259si yaratd\u0131.<\/p>\n\n\n\n<figure class=\"wp-block-gallery has-nested-images columns-default is-cropped wp-block-gallery-1 is-layout-flex wp-block-gallery-is-layout-flex\">\n<figure class=\"wp-block-image size-large\"><img loading=\"lazy\" decoding=\"async\" width=\"1024\" height=\"682\" data-id=\"66912\" src=\"https:\/\/eu4azerbaijan.eu\/wp-content\/uploads\/512468758_1129332885912919_7025099695338855312_n-1024x682.jpg\" alt=\"\" class=\"wp-image-66912\" srcset=\"https:\/\/eu4azerbaijan.eu\/wp-content\/uploads\/512468758_1129332885912919_7025099695338855312_n-1024x682.jpg 1024w, https:\/\/eu4azerbaijan.eu\/wp-content\/uploads\/512468758_1129332885912919_7025099695338855312_n-300x200.jpg 300w, https:\/\/eu4azerbaijan.eu\/wp-content\/uploads\/512468758_1129332885912919_7025099695338855312_n-768x512.jpg 768w, https:\/\/eu4azerbaijan.eu\/wp-content\/uploads\/512468758_1129332885912919_7025099695338855312_n-1536x1023.jpg 1536w, https:\/\/eu4azerbaijan.eu\/wp-content\/uploads\/512468758_1129332885912919_7025099695338855312_n.jpg 1600w\" sizes=\"(max-width: 1024px) 100vw, 1024px\" \/><\/figure>\n\n\n\n<figure class=\"wp-block-image size-large\"><img loading=\"lazy\" decoding=\"async\" width=\"1024\" height=\"682\" data-id=\"66902\" src=\"https:\/\/eu4azerbaijan.eu\/wp-content\/uploads\/510633179_1129348549244686_7712780402385532201_n-1024x682.jpg\" alt=\"\" class=\"wp-image-66902\" srcset=\"https:\/\/eu4azerbaijan.eu\/wp-content\/uploads\/510633179_1129348549244686_7712780402385532201_n-1024x682.jpg 1024w, https:\/\/eu4azerbaijan.eu\/wp-content\/uploads\/510633179_1129348549244686_7712780402385532201_n-300x200.jpg 300w, https:\/\/eu4azerbaijan.eu\/wp-content\/uploads\/510633179_1129348549244686_7712780402385532201_n-768x512.jpg 768w, https:\/\/eu4azerbaijan.eu\/wp-content\/uploads\/510633179_1129348549244686_7712780402385532201_n-1536x1023.jpg 1536w, https:\/\/eu4azerbaijan.eu\/wp-content\/uploads\/510633179_1129348549244686_7712780402385532201_n.jpg 1600w\" sizes=\"(max-width: 1024px) 100vw, 1024px\" \/><\/figure>\n\n\n\n<figure class=\"wp-block-image size-large\"><img loading=\"lazy\" decoding=\"async\" width=\"1024\" height=\"682\" data-id=\"66910\" src=\"https:\/\/eu4azerbaijan.eu\/wp-content\/uploads\/511158414_1129333085912899_2815212032791478147_n-1024x682.jpg\" alt=\"\" class=\"wp-image-66910\" srcset=\"https:\/\/eu4azerbaijan.eu\/wp-content\/uploads\/511158414_1129333085912899_2815212032791478147_n-1024x682.jpg 1024w, https:\/\/eu4azerbaijan.eu\/wp-content\/uploads\/511158414_1129333085912899_2815212032791478147_n-300x200.jpg 300w, https:\/\/eu4azerbaijan.eu\/wp-content\/uploads\/511158414_1129333085912899_2815212032791478147_n-768x512.jpg 768w, https:\/\/eu4azerbaijan.eu\/wp-content\/uploads\/511158414_1129333085912899_2815212032791478147_n-1536x1023.jpg 1536w, https:\/\/eu4azerbaijan.eu\/wp-content\/uploads\/511158414_1129333085912899_2815212032791478147_n.jpg 1600w\" sizes=\"(max-width: 1024px) 100vw, 1024px\" \/><\/figure>\n\n\n\n<figure class=\"wp-block-image size-large\"><img loading=\"lazy\" decoding=\"async\" width=\"1024\" height=\"682\" data-id=\"66908\" src=\"https:\/\/eu4azerbaijan.eu\/wp-content\/uploads\/511314680_1129348592578015_2380999095889377791_n-1024x682.jpg\" alt=\"\" class=\"wp-image-66908\" srcset=\"https:\/\/eu4azerbaijan.eu\/wp-content\/uploads\/511314680_1129348592578015_2380999095889377791_n-1024x682.jpg 1024w, https:\/\/eu4azerbaijan.eu\/wp-content\/uploads\/511314680_1129348592578015_2380999095889377791_n-300x200.jpg 300w, https:\/\/eu4azerbaijan.eu\/wp-content\/uploads\/511314680_1129348592578015_2380999095889377791_n-768x512.jpg 768w, https:\/\/eu4azerbaijan.eu\/wp-content\/uploads\/511314680_1129348592578015_2380999095889377791_n-1536x1023.jpg 1536w, https:\/\/eu4azerbaijan.eu\/wp-content\/uploads\/511314680_1129348592578015_2380999095889377791_n.jpg 1600w\" sizes=\"(max-width: 1024px) 100vw, 1024px\" \/><\/figure>\n\n\n\n<figure class=\"wp-block-image size-large\"><img loading=\"lazy\" decoding=\"async\" width=\"1024\" height=\"682\" data-id=\"66906\" src=\"https:\/\/eu4azerbaijan.eu\/wp-content\/uploads\/511084229_1129348585911349_866622767024909804_n-1024x682.jpg\" alt=\"\" class=\"wp-image-66906\" srcset=\"https:\/\/eu4azerbaijan.eu\/wp-content\/uploads\/511084229_1129348585911349_866622767024909804_n-1024x682.jpg 1024w, https:\/\/eu4azerbaijan.eu\/wp-content\/uploads\/511084229_1129348585911349_866622767024909804_n-300x200.jpg 300w, https:\/\/eu4azerbaijan.eu\/wp-content\/uploads\/511084229_1129348585911349_866622767024909804_n-768x512.jpg 768w, https:\/\/eu4azerbaijan.eu\/wp-content\/uploads\/511084229_1129348585911349_866622767024909804_n-1536x1023.jpg 1536w, https:\/\/eu4azerbaijan.eu\/wp-content\/uploads\/511084229_1129348585911349_866622767024909804_n.jpg 1600w\" sizes=\"(max-width: 1024px) 100vw, 1024px\" \/><\/figure>\n\n\n\n<figure class=\"wp-block-image size-large\"><img loading=\"lazy\" decoding=\"async\" width=\"1024\" height=\"682\" data-id=\"66904\" src=\"https:\/\/eu4azerbaijan.eu\/wp-content\/uploads\/511195381_1129348689244672_5742698563652802016_n-1024x682.jpg\" alt=\"\" class=\"wp-image-66904\" srcset=\"https:\/\/eu4azerbaijan.eu\/wp-content\/uploads\/511195381_1129348689244672_5742698563652802016_n-1024x682.jpg 1024w, https:\/\/eu4azerbaijan.eu\/wp-content\/uploads\/511195381_1129348689244672_5742698563652802016_n-300x200.jpg 300w, https:\/\/eu4azerbaijan.eu\/wp-content\/uploads\/511195381_1129348689244672_5742698563652802016_n-768x512.jpg 768w, https:\/\/eu4azerbaijan.eu\/wp-content\/uploads\/511195381_1129348689244672_5742698563652802016_n-1536x1023.jpg 1536w, https:\/\/eu4azerbaijan.eu\/wp-content\/uploads\/511195381_1129348689244672_5742698563652802016_n.jpg 1600w\" sizes=\"(max-width: 1024px) 100vw, 1024px\" \/><\/figure>\n\n\n\n<figure class=\"wp-block-image size-large\"><img loading=\"lazy\" decoding=\"async\" width=\"1024\" height=\"682\" data-id=\"66896\" src=\"https:\/\/eu4azerbaijan.eu\/wp-content\/uploads\/512526352_1129348522578022_5078963615889976251_n-1024x682.jpg\" alt=\"\" class=\"wp-image-66896\" srcset=\"https:\/\/eu4azerbaijan.eu\/wp-content\/uploads\/512526352_1129348522578022_5078963615889976251_n-1024x682.jpg 1024w, https:\/\/eu4azerbaijan.eu\/wp-content\/uploads\/512526352_1129348522578022_5078963615889976251_n-300x200.jpg 300w, https:\/\/eu4azerbaijan.eu\/wp-content\/uploads\/512526352_1129348522578022_5078963615889976251_n-768x512.jpg 768w, https:\/\/eu4azerbaijan.eu\/wp-content\/uploads\/512526352_1129348522578022_5078963615889976251_n.jpg 1280w\" sizes=\"(max-width: 1024px) 100vw, 1024px\" \/><\/figure>\n\n\n\n<figure class=\"wp-block-image size-large\"><img loading=\"lazy\" decoding=\"async\" width=\"1024\" height=\"682\" data-id=\"66894\" src=\"https:\/\/eu4azerbaijan.eu\/wp-content\/uploads\/512643145_1129348675911340_1465626233247597414_n-1024x682.jpg\" alt=\"\" class=\"wp-image-66894\" srcset=\"https:\/\/eu4azerbaijan.eu\/wp-content\/uploads\/512643145_1129348675911340_1465626233247597414_n-1024x682.jpg 1024w, https:\/\/eu4azerbaijan.eu\/wp-content\/uploads\/512643145_1129348675911340_1465626233247597414_n-300x200.jpg 300w, https:\/\/eu4azerbaijan.eu\/wp-content\/uploads\/512643145_1129348675911340_1465626233247597414_n-768x512.jpg 768w, https:\/\/eu4azerbaijan.eu\/wp-content\/uploads\/512643145_1129348675911340_1465626233247597414_n-1536x1023.jpg 1536w, https:\/\/eu4azerbaijan.eu\/wp-content\/uploads\/512643145_1129348675911340_1465626233247597414_n.jpg 1600w\" sizes=\"(max-width: 1024px) 100vw, 1024px\" \/><\/figure>\n\n\n\n<figure class=\"wp-block-image size-large\"><img loading=\"lazy\" decoding=\"async\" width=\"1024\" height=\"682\" data-id=\"66898\" src=\"https:\/\/eu4azerbaijan.eu\/wp-content\/uploads\/511958050_1129348532578021_2290224768858339151_n-1024x682.jpg\" alt=\"\" class=\"wp-image-66898\" srcset=\"https:\/\/eu4azerbaijan.eu\/wp-content\/uploads\/511958050_1129348532578021_2290224768858339151_n-1024x682.jpg 1024w, https:\/\/eu4azerbaijan.eu\/wp-content\/uploads\/511958050_1129348532578021_2290224768858339151_n-300x200.jpg 300w, https:\/\/eu4azerbaijan.eu\/wp-content\/uploads\/511958050_1129348532578021_2290224768858339151_n-768x512.jpg 768w, https:\/\/eu4azerbaijan.eu\/wp-content\/uploads\/511958050_1129348532578021_2290224768858339151_n.jpg 1280w\" sizes=\"(max-width: 1024px) 100vw, 1024px\" \/><\/figure>\n\n\n\n<figure class=\"wp-block-image size-large\"><img loading=\"lazy\" decoding=\"async\" width=\"1024\" height=\"682\" data-id=\"66892\" src=\"https:\/\/eu4azerbaijan.eu\/wp-content\/uploads\/512736326_1129348685911339_85292886553483695_n-1024x682.jpg\" alt=\"\" class=\"wp-image-66892\" srcset=\"https:\/\/eu4azerbaijan.eu\/wp-content\/uploads\/512736326_1129348685911339_85292886553483695_n-1024x682.jpg 1024w, https:\/\/eu4azerbaijan.eu\/wp-content\/uploads\/512736326_1129348685911339_85292886553483695_n-300x200.jpg 300w, https:\/\/eu4azerbaijan.eu\/wp-content\/uploads\/512736326_1129348685911339_85292886553483695_n-768x512.jpg 768w, https:\/\/eu4azerbaijan.eu\/wp-content\/uploads\/512736326_1129348685911339_85292886553483695_n.jpg 1280w\" sizes=\"(max-width: 1024px) 100vw, 1024px\" \/><\/figure>\n<\/figure>\n","protected":false},"excerpt":{"rendered":"<p>Avropa \u0130ttifaq\u0131n\u0131n Az\u0259rbaycandak\u0131 N\u00fcmay\u0259nd\u0259liyinin v\u0259 Avropa \u0130ttifaq\u0131na \u00fczv \u00f6lk\u0259l\u0259rin s\u0259firlikl\u0259rinin birg\u0259 t\u0259\u015fkilat\u00e7\u0131l\u0131\u011f\u0131 il\u0259 ke\u00e7iril\u0259n Avropa \u015e\u0259h\u0259rciyi #EuroVillage2025 minl\u0259rl\u0259 ziyar\u0259t\u00e7iy\u0259 r\u0259ngar\u0259ng v\u0259 maraql\u0131 f\u0259aliyy\u0259tl\u0259rl\u0259 dolu bir g\u00fcn ya\u015fatd\u0131. T\u0259dbir Avropa \u0130ttifaq\u0131n\u0131n Az\u0259rbaycandak\u0131 s\u0259firi Zati-alil\u0259ri Peter Mixalko v\u0259 Avropa \u0130ttifaq\u0131na \u00fczv \u00f6lk\u0259l\u0259rin s\u0259firl\u0259rinin s\u0259hn\u0259d\u0259n i\u015ftirak\u00e7\u0131lar\u0131 salamlamas\u0131 il\u0259 a\u00e7\u0131q elan edildi. G\u00fcn r\u0259ngar\u0259ng konsert proqram\u0131 il\u0259 ba\u015fa \u00e7atd\u0131 [&hellip;]<\/p>\n","protected":false},"author":19,"featured_media":66901,"comment_status":"closed","ping_status":"closed","sticky":false,"template":"","format":"standard","meta":{"_acf_changed":false,"footnotes":""},"categories":[374,284],"tags":[],"topic":[],"class_list":["post-66915","post","type-post","status-publish","format-standard","has-post-thumbnail","hentry","category-whats-happening-az","category-news-az"],"acf":[],"yoast_head":"<!-- This site is optimized with the Yoast SEO plugin v26.4 - https:\/\/yoast.com\/wordpress\/plugins\/seo\/ -->\n<title>Avropa \u015e\u0259h\u0259rciyi 2025 - EU for Azerbaijan<\/title>\n<meta name=\"robots\" content=\"index, follow, max-snippet:-1, max-image-preview:large, max-video-preview:-1\" \/>\n<link rel=\"canonical\" href=\"https:\/\/eu4azerbaijan.eu\/az\/eurovillage-2025-in-baku\/\" \/>\n<meta property=\"og:locale\" content=\"az_AZ\" \/>\n<meta property=\"og:type\" content=\"article\" \/>\n<meta property=\"og:title\" content=\"Avropa \u015e\u0259h\u0259rciyi 2025 - EU for Azerbaijan\" \/>\n<meta property=\"og:description\" content=\"Avropa \u0130ttifaq\u0131n\u0131n Az\u0259rbaycandak\u0131 N\u00fcmay\u0259nd\u0259liyinin v\u0259 Avropa \u0130ttifaq\u0131na \u00fczv \u00f6lk\u0259l\u0259rin s\u0259firlikl\u0259rinin birg\u0259 t\u0259\u015fkilat\u00e7\u0131l\u0131\u011f\u0131 il\u0259 ke\u00e7iril\u0259n Avropa \u015e\u0259h\u0259rciyi #EuroVillage2025 minl\u0259rl\u0259 ziyar\u0259t\u00e7iy\u0259 r\u0259ngar\u0259ng v\u0259 maraql\u0131 f\u0259aliyy\u0259tl\u0259rl\u0259 dolu bir g\u00fcn ya\u015fatd\u0131. T\u0259dbir Avropa \u0130ttifaq\u0131n\u0131n Az\u0259rbaycandak\u0131 s\u0259firi Zati-alil\u0259ri Peter Mixalko v\u0259 Avropa \u0130ttifaq\u0131na \u00fczv \u00f6lk\u0259l\u0259rin s\u0259firl\u0259rinin s\u0259hn\u0259d\u0259n i\u015ftirak\u00e7\u0131lar\u0131 salamlamas\u0131 il\u0259 a\u00e7\u0131q elan edildi. G\u00fcn r\u0259ngar\u0259ng konsert proqram\u0131 il\u0259 ba\u015fa \u00e7atd\u0131 [&hellip;]\" \/>\n<meta property=\"og:url\" content=\"https:\/\/eu4azerbaijan.eu\/az\/eurovillage-2025-in-baku\/\" \/>\n<meta property=\"og:site_name\" content=\"EU for Azerbaijan\" \/>\n<meta property=\"article:published_time\" content=\"2025-06-25T09:12:27+00:00\" \/>\n<meta property=\"article:modified_time\" content=\"2025-07-09T09:15:59+00:00\" \/>\n<meta property=\"og:image\" content=\"https:\/\/eu4azerbaijan.eu\/wp-content\/uploads\/512647551_1129348519244689_3274885216295204772_n.jpg\" \/>\n\t<meta property=\"og:image:width\" content=\"1280\" \/>\n\t<meta property=\"og:image:height\" content=\"853\" \/>\n\t<meta property=\"og:image:type\" content=\"image\/jpeg\" \/>\n<meta name=\"author\" content=\"Aydan Topchibasheva\" \/>\n<meta name=\"twitter:card\" content=\"summary_large_image\" \/>\n<meta name=\"twitter:label1\" content=\"Written by\" \/>\n\t<meta name=\"twitter:data1\" content=\"Aydan Topchibasheva\" \/>\n\t<meta name=\"twitter:label2\" content=\"Est. reading time\" \/>\n\t<meta name=\"twitter:data2\" content=\"3 minutes\" \/>\n<script type=\"application\/ld+json\" class=\"yoast-schema-graph\">{\"@context\":\"https:\/\/schema.org\",\"@graph\":[{\"@type\":\"WebPage\",\"@id\":\"https:\/\/eu4azerbaijan.eu\/az\/eurovillage-2025-in-baku\/\",\"url\":\"https:\/\/eu4azerbaijan.eu\/az\/eurovillage-2025-in-baku\/\",\"name\":\"Avropa \u015e\u0259h\u0259rciyi 2025 - EU for Azerbaijan\",\"isPartOf\":{\"@id\":\"https:\/\/eu4azerbaijan.eu\/az\/#website\"},\"primaryImageOfPage\":{\"@id\":\"https:\/\/eu4azerbaijan.eu\/az\/eurovillage-2025-in-baku\/#primaryimage\"},\"image\":{\"@id\":\"https:\/\/eu4azerbaijan.eu\/az\/eurovillage-2025-in-baku\/#primaryimage\"},\"thumbnailUrl\":\"https:\/\/eu4azerbaijan.eu\/wp-content\/uploads\/512647551_1129348519244689_3274885216295204772_n.jpg\",\"datePublished\":\"2025-06-25T09:12:27+00:00\",\"dateModified\":\"2025-07-09T09:15:59+00:00\",\"author\":{\"@id\":\"https:\/\/eu4azerbaijan.eu\/az\/#\/schema\/person\/cf17ddba07387955c481997af06797df\"},\"breadcrumb\":{\"@id\":\"https:\/\/eu4azerbaijan.eu\/az\/eurovillage-2025-in-baku\/#breadcrumb\"},\"inLanguage\":\"az-AZ\",\"potentialAction\":[{\"@type\":\"ReadAction\",\"target\":[\"https:\/\/eu4azerbaijan.eu\/az\/eurovillage-2025-in-baku\/\"]}]},{\"@type\":\"ImageObject\",\"inLanguage\":\"az-AZ\",\"@id\":\"https:\/\/eu4azerbaijan.eu\/az\/eurovillage-2025-in-baku\/#primaryimage\",\"url\":\"https:\/\/eu4azerbaijan.eu\/wp-content\/uploads\/512647551_1129348519244689_3274885216295204772_n.jpg\",\"contentUrl\":\"https:\/\/eu4azerbaijan.eu\/wp-content\/uploads\/512647551_1129348519244689_3274885216295204772_n.jpg\",\"width\":1280,\"height\":853},{\"@type\":\"BreadcrumbList\",\"@id\":\"https:\/\/eu4azerbaijan.eu\/az\/eurovillage-2025-in-baku\/#breadcrumb\",\"itemListElement\":[{\"@type\":\"ListItem\",\"position\":1,\"name\":\"Home\",\"item\":\"https:\/\/eu4azerbaijan.eu\/az\/\"},{\"@type\":\"ListItem\",\"position\":2,\"name\":\"Avropa \u015e\u0259h\u0259rciyi 2025\"}]},{\"@type\":\"WebSite\",\"@id\":\"https:\/\/eu4azerbaijan.eu\/az\/#website\",\"url\":\"https:\/\/eu4azerbaijan.eu\/az\/\",\"name\":\"EU for Azerbaijan\",\"description\":\"\",\"potentialAction\":[{\"@type\":\"SearchAction\",\"target\":{\"@type\":\"EntryPoint\",\"urlTemplate\":\"https:\/\/eu4azerbaijan.eu\/az\/?s={search_term_string}\"},\"query-input\":{\"@type\":\"PropertyValueSpecification\",\"valueRequired\":true,\"valueName\":\"search_term_string\"}}],\"inLanguage\":\"az-AZ\"},{\"@type\":\"Person\",\"@id\":\"https:\/\/eu4azerbaijan.eu\/az\/#\/schema\/person\/cf17ddba07387955c481997af06797df\",\"name\":\"Aydan Topchibasheva\",\"image\":{\"@type\":\"ImageObject\",\"inLanguage\":\"az-AZ\",\"@id\":\"https:\/\/eu4azerbaijan.eu\/az\/#\/schema\/person\/image\/\",\"url\":\"https:\/\/secure.gravatar.com\/avatar\/657ac54b68aced49adde2a29a43651c77d8555f376d5ee5dd68172194a09f856?s=96&d=mm&r=g\",\"contentUrl\":\"https:\/\/secure.gravatar.com\/avatar\/657ac54b68aced49adde2a29a43651c77d8555f376d5ee5dd68172194a09f856?s=96&d=mm&r=g\",\"caption\":\"Aydan Topchibasheva\"},\"url\":\"https:\/\/eu4azerbaijan.eu\/az\/author\/aydan\/\"}]}<\/script>\n<!-- \/ Yoast SEO plugin. -->","yoast_head_json":{"title":"Avropa \u015e\u0259h\u0259rciyi 2025 - EU for Azerbaijan","robots":{"index":"index","follow":"follow","max-snippet":"max-snippet:-1","max-image-preview":"max-image-preview:large","max-video-preview":"max-video-preview:-1"},"canonical":"https:\/\/eu4azerbaijan.eu\/az\/eurovillage-2025-in-baku\/","og_locale":"az_AZ","og_type":"article","og_title":"Avropa \u015e\u0259h\u0259rciyi 2025 - EU for Azerbaijan","og_description":"Avropa \u0130ttifaq\u0131n\u0131n Az\u0259rbaycandak\u0131 N\u00fcmay\u0259nd\u0259liyinin v\u0259 Avropa \u0130ttifaq\u0131na \u00fczv \u00f6lk\u0259l\u0259rin s\u0259firlikl\u0259rinin birg\u0259 t\u0259\u015fkilat\u00e7\u0131l\u0131\u011f\u0131 il\u0259 ke\u00e7iril\u0259n Avropa \u015e\u0259h\u0259rciyi #EuroVillage2025 minl\u0259rl\u0259 ziyar\u0259t\u00e7iy\u0259 r\u0259ngar\u0259ng v\u0259 maraql\u0131 f\u0259aliyy\u0259tl\u0259rl\u0259 dolu bir g\u00fcn ya\u015fatd\u0131. T\u0259dbir Avropa \u0130ttifaq\u0131n\u0131n Az\u0259rbaycandak\u0131 s\u0259firi Zati-alil\u0259ri Peter Mixalko v\u0259 Avropa \u0130ttifaq\u0131na \u00fczv \u00f6lk\u0259l\u0259rin s\u0259firl\u0259rinin s\u0259hn\u0259d\u0259n i\u015ftirak\u00e7\u0131lar\u0131 salamlamas\u0131 il\u0259 a\u00e7\u0131q elan edildi. G\u00fcn r\u0259ngar\u0259ng konsert proqram\u0131 il\u0259 ba\u015fa \u00e7atd\u0131 [&hellip;]","og_url":"https:\/\/eu4azerbaijan.eu\/az\/eurovillage-2025-in-baku\/","og_site_name":"EU for Azerbaijan","article_published_time":"2025-06-25T09:12:27+00:00","article_modified_time":"2025-07-09T09:15:59+00:00","og_image":[{"width":1280,"height":853,"url":"https:\/\/eu4azerbaijan.eu\/wp-content\/uploads\/512647551_1129348519244689_3274885216295204772_n.jpg","type":"image\/jpeg"}],"author":"Aydan Topchibasheva","twitter_card":"summary_large_image","twitter_misc":{"Written by":"Aydan Topchibasheva","Est. reading time":"3 minutes"},"schema":{"@context":"https:\/\/schema.org","@graph":[{"@type":"WebPage","@id":"https:\/\/eu4azerbaijan.eu\/az\/eurovillage-2025-in-baku\/","url":"https:\/\/eu4azerbaijan.eu\/az\/eurovillage-2025-in-baku\/","name":"Avropa \u015e\u0259h\u0259rciyi 2025 - EU for Azerbaijan","isPartOf":{"@id":"https:\/\/eu4azerbaijan.eu\/az\/#website"},"primaryImageOfPage":{"@id":"https:\/\/eu4azerbaijan.eu\/az\/eurovillage-2025-in-baku\/#primaryimage"},"image":{"@id":"https:\/\/eu4azerbaijan.eu\/az\/eurovillage-2025-in-baku\/#primaryimage"},"thumbnailUrl":"https:\/\/eu4azerbaijan.eu\/wp-content\/uploads\/512647551_1129348519244689_3274885216295204772_n.jpg","datePublished":"2025-06-25T09:12:27+00:00","dateModified":"2025-07-09T09:15:59+00:00","author":{"@id":"https:\/\/eu4azerbaijan.eu\/az\/#\/schema\/person\/cf17ddba07387955c481997af06797df"},"breadcrumb":{"@id":"https:\/\/eu4azerbaijan.eu\/az\/eurovillage-2025-in-baku\/#breadcrumb"},"inLanguage":"az-AZ","potentialAction":[{"@type":"ReadAction","target":["https:\/\/eu4azerbaijan.eu\/az\/eurovillage-2025-in-baku\/"]}]},{"@type":"ImageObject","inLanguage":"az-AZ","@id":"https:\/\/eu4azerbaijan.eu\/az\/eurovillage-2025-in-baku\/#primaryimage","url":"https:\/\/eu4azerbaijan.eu\/wp-content\/uploads\/512647551_1129348519244689_3274885216295204772_n.jpg","contentUrl":"https:\/\/eu4azerbaijan.eu\/wp-content\/uploads\/512647551_1129348519244689_3274885216295204772_n.jpg","width":1280,"height":853},{"@type":"BreadcrumbList","@id":"https:\/\/eu4azerbaijan.eu\/az\/eurovillage-2025-in-baku\/#breadcrumb","itemListElement":[{"@type":"ListItem","position":1,"name":"Home","item":"https:\/\/eu4azerbaijan.eu\/az\/"},{"@type":"ListItem","position":2,"name":"Avropa \u015e\u0259h\u0259rciyi 2025"}]},{"@type":"WebSite","@id":"https:\/\/eu4azerbaijan.eu\/az\/#website","url":"https:\/\/eu4azerbaijan.eu\/az\/","name":"EU for Azerbaijan","description":"","potentialAction":[{"@type":"SearchAction","target":{"@type":"EntryPoint","urlTemplate":"https:\/\/eu4azerbaijan.eu\/az\/?s={search_term_string}"},"query-input":{"@type":"PropertyValueSpecification","valueRequired":true,"valueName":"search_term_string"}}],"inLanguage":"az-AZ"},{"@type":"Person","@id":"https:\/\/eu4azerbaijan.eu\/az\/#\/schema\/person\/cf17ddba07387955c481997af06797df","name":"Aydan Topchibasheva","image":{"@type":"ImageObject","inLanguage":"az-AZ","@id":"https:\/\/eu4azerbaijan.eu\/az\/#\/schema\/person\/image\/","url":"https:\/\/secure.gravatar.com\/avatar\/657ac54b68aced49adde2a29a43651c77d8555f376d5ee5dd68172194a09f856?s=96&d=mm&r=g","contentUrl":"https:\/\/secure.gravatar.com\/avatar\/657ac54b68aced49adde2a29a43651c77d8555f376d5ee5dd68172194a09f856?s=96&d=mm&r=g","caption":"Aydan Topchibasheva"},"url":"https:\/\/eu4azerbaijan.eu\/az\/author\/aydan\/"}]}},"_links":{"self":[{"href":"https:\/\/eu4azerbaijan.eu\/az\/wp-json\/wp\/v2\/posts\/66915","targetHints":{"allow":["GET"]}}],"collection":[{"href":"https:\/\/eu4azerbaijan.eu\/az\/wp-json\/wp\/v2\/posts"}],"about":[{"href":"https:\/\/eu4azerbaijan.eu\/az\/wp-json\/wp\/v2\/types\/post"}],"author":[{"embeddable":true,"href":"https:\/\/eu4azerbaijan.eu\/az\/wp-json\/wp\/v2\/users\/19"}],"replies":[{"embeddable":true,"href":"https:\/\/eu4azerbaijan.eu\/az\/wp-json\/wp\/v2\/comments?post=66915"}],"version-history":[{"count":2,"href":"https:\/\/eu4azerbaijan.eu\/az\/wp-json\/wp\/v2\/posts\/66915\/revisions"}],"predecessor-version":[{"id":66918,"href":"https:\/\/eu4azerbaijan.eu\/az\/wp-json\/wp\/v2\/posts\/66915\/revisions\/66918"}],"wp:featuredmedia":[{"embeddable":true,"href":"https:\/\/eu4azerbaijan.eu\/az\/wp-json\/wp\/v2\/media\/66901"}],"wp:attachment":[{"href":"https:\/\/eu4azerbaijan.eu\/az\/wp-json\/wp\/v2\/media?parent=66915"}],"wp:term":[{"taxonomy":"category","embeddable":true,"href":"https:\/\/eu4azerbaijan.eu\/az\/wp-json\/wp\/v2\/categories?post=66915"},{"taxonomy":"post_tag","embeddable":true,"href":"https:\/\/eu4azerbaijan.eu\/az\/wp-json\/wp\/v2\/tags?post=66915"},{"taxonomy":"topic","embeddable":true,"href":"https:\/\/eu4azerbaijan.eu\/az\/wp-json\/wp\/v2\/topic?post=66915"}],"curies":[{"name":"wp","href":"https:\/\/api.w.org\/{rel}","templated":true}]}}