{"id":66884,"date":"2025-06-20T09:05:40","date_gmt":"2025-06-20T09:05:40","guid":{"rendered":"https:\/\/eu4azerbaijan.eu\/join-eurovillage-2025-in-baku\/"},"modified":"2025-07-09T09:10:48","modified_gmt":"2025-07-09T09:10:48","slug":"join-eurovillage-2025-in-baku","status":"publish","type":"post","link":"https:\/\/eu4azerbaijan.eu\/az\/join-eurovillage-2025-in-baku\/","title":{"rendered":"Avropa \u015e\u0259h\u0259rciyi 2025 Bak\u0131da!"},"content":{"rendered":"\n<p>Avropa \u0130ttifaq\u0131 sizi \u201cEuroVillage 2025\u201d t\u0259dbirin\u0259 d\u0259v\u0259t edir!<\/p>\n\n\n\n<p>\u0130yunun 22-d\u0259 Bak\u0131 bulvar\u0131nda t\u0259\u015fkil olunacaq bu a\u00e7\u0131q hava festival\u0131nda Avropa \u0130ttifaq\u0131na \u00fczv d\u00f6vl\u0259tl\u0259rin s\u0259firlikl\u0259ri il\u0259 tan\u0131\u015f olacaq, onlar\u0131n m\u0259d\u0259niyy\u0259ti, d\u0259y\u0259rl\u0259ri v\u0259 \u0259n\u0259n\u0259l\u0259rini k\u0259\u015ff ed\u0259c\u0259ksiniz.<\/p>\n\n\n\n<p>\u00dcst\u0259lik:<\/p>\n\n\n\n<p><img loading=\"lazy\" decoding=\"async\" height=\"16\" width=\"16\" alt=\"\ud83d\udd39\" src=\"https:\/\/static.xx.fbcdn.net\/images\/emoji.php\/v9\/tf3\/1\/16\/1f539.png\">&nbsp;Avropa \u0130ttifaq\u0131n\u0131n Az\u0259rbaycandak\u0131 layih\u0259l\u0259ri bar\u0259d\u0259 m\u0259lumat alacaq;<\/p>\n\n\n\n<p><img loading=\"lazy\" decoding=\"async\" height=\"16\" width=\"16\" alt=\"\ud83d\udd39\" src=\"https:\/\/static.xx.fbcdn.net\/images\/emoji.php\/v9\/tf3\/1\/16\/1f539.png\">&nbsp;Avropada t\u0259hsil imkanlar\u0131 il\u0259 maraqlanacaq;<\/p>\n\n\n\n<p><img loading=\"lazy\" decoding=\"async\" height=\"16\" width=\"16\" alt=\"\ud83d\udd39\" src=\"https:\/\/static.xx.fbcdn.net\/images\/emoji.php\/v9\/tf3\/1\/16\/1f539.png\">&nbsp;\u0130dman v\u0259 \u0259yl\u0259nc\u0259 zonalar\u0131nda aktiv i\u015ftirak ed\u0259 bil\u0259c\u0259ksiniz.<\/p>\n\n\n\n<p><img loading=\"lazy\" decoding=\"async\" height=\"16\" width=\"16\" alt=\"\u26bd\" src=\"https:\/\/static.xx.fbcdn.net\/images\/emoji.php\/v9\/taf\/1\/16\/26bd.png\">&nbsp;Sabah FK il\u0259 mini futbol;<\/p>\n\n\n\n<p><img loading=\"lazy\" decoding=\"async\" height=\"16\" width=\"16\" alt=\"\ud83c\udfc0\" src=\"https:\/\/static.xx.fbcdn.net\/images\/emoji.php\/v9\/tb8\/1\/16\/1f3c0.png\">&nbsp;Basketbol meydan\u00e7as\u0131;<\/p>\n\n\n\n<p><img loading=\"lazy\" decoding=\"async\" height=\"16\" width=\"16\" alt=\"\ud83c\udfaf\" src=\"https:\/\/static.xx.fbcdn.net\/images\/emoji.php\/v9\/tb0\/1\/16\/1f3af.png\">&nbsp;\u018fyl\u0259nc\u0259li oyunlar v\u0259 s\u00fcrpriz h\u0259diyy\u0259l\u0259r.<\/p>\n\n\n\n<p><img loading=\"lazy\" decoding=\"async\" height=\"16\" width=\"16\" alt=\"\ud83c\udfb6\" src=\"https:\/\/static.xx.fbcdn.net\/images\/emoji.php\/v9\/t1f\/1\/16\/1f3b6.png\">Samira Efendi v\u0259 Miles Band konsert proqram\u0131 il\u0259 \u00e7\u0131x\u0131\u015f ed\u0259r\u0259k \u0259hval\u0131n\u0131z\u0131 daha da y\u00fcks\u0259ld\u0259c\u0259k.<\/p>\n\n\n\n<p>Ail\u0259niz v\u0259 dostlar\u0131n\u0131zla birlikd\u0259 r\u0259ngar\u0259ng, maarifl\u0259ndirici v\u0259 \u0259yl\u0259nc\u0259li bir g\u00fcn ke\u00e7irm\u0259k \u00fc\u00e7\u00fcn sizi g\u00f6zl\u0259yirik!<\/p>\n\n\n\n<p><img loading=\"lazy\" decoding=\"async\" height=\"16\" width=\"16\" alt=\"\ud83d\udccd\" src=\"https:\/\/static.xx.fbcdn.net\/images\/emoji.php\/v9\/t2d\/1\/16\/1f4cd.png\">&nbsp;22 iyun, Bak\u0131 Bulvar\u0131 (D\u0259niz Mall yax\u0131nl\u0131\u011f\u0131)<\/p>\n\n\n\n<p><img loading=\"lazy\" decoding=\"async\" height=\"16\" width=\"16\" alt=\"\ud83d\udd50\" src=\"https:\/\/static.xx.fbcdn.net\/images\/emoji.php\/v9\/ta8\/1\/16\/1f550.png\">&nbsp;Saat 13:00-dan etibar\u0259n<\/p>\n\n\n\n<p><img loading=\"lazy\" decoding=\"async\" height=\"16\" width=\"16\" alt=\"\ud83c\udf9f\ufe0f\" src=\"https:\/\/static.xx.fbcdn.net\/images\/emoji.php\/v9\/td8\/1\/16\/1f39f.png\">&nbsp;Giri\u015f s\u0259rb\u0259stdir<\/p>\n\n\n\n<p><\/p>\n","protected":false},"excerpt":{"rendered":"<p>Avropa \u0130ttifaq\u0131 sizi \u201cEuroVillage 2025\u201d t\u0259dbirin\u0259 d\u0259v\u0259t edir! \u0130yunun 22-d\u0259 Bak\u0131 bulvar\u0131nda t\u0259\u015fkil olunacaq bu a\u00e7\u0131q hava festival\u0131nda Avropa \u0130ttifaq\u0131na \u00fczv d\u00f6vl\u0259tl\u0259rin s\u0259firlikl\u0259ri il\u0259 tan\u0131\u015f olacaq, onlar\u0131n m\u0259d\u0259niyy\u0259ti, d\u0259y\u0259rl\u0259ri v\u0259 \u0259n\u0259n\u0259l\u0259rini k\u0259\u015ff ed\u0259c\u0259ksiniz. \u00dcst\u0259lik: &nbsp;Avropa \u0130ttifaq\u0131n\u0131n Az\u0259rbaycandak\u0131 layih\u0259l\u0259ri bar\u0259d\u0259 m\u0259lumat alacaq; &nbsp;Avropada t\u0259hsil imkanlar\u0131 il\u0259 maraqlanacaq; &nbsp;\u0130dman v\u0259 \u0259yl\u0259nc\u0259 zonalar\u0131nda aktiv i\u015ftirak ed\u0259 bil\u0259c\u0259ksiniz. &nbsp;Sabah [&hellip;]<\/p>\n","protected":false},"author":19,"featured_media":66882,"comment_status":"closed","ping_status":"closed","sticky":false,"template":"","format":"standard","meta":{"_acf_changed":false,"footnotes":""},"categories":[303,374,284],"tags":[],"topic":[],"class_list":["post-66884","post","type-post","status-publish","format-standard","has-post-thumbnail","hentry","category-opportunities-az","category-whats-happening-az","category-news-az"],"acf":[],"yoast_head":"<!-- This site is optimized with the Yoast SEO plugin v26.4 - https:\/\/yoast.com\/wordpress\/plugins\/seo\/ -->\n<title>Avropa \u015e\u0259h\u0259rciyi 2025 Bak\u0131da! - EU for Azerbaijan<\/title>\n<meta name=\"robots\" content=\"index, follow, max-snippet:-1, max-image-preview:large, max-video-preview:-1\" \/>\n<link rel=\"canonical\" href=\"https:\/\/eu4azerbaijan.eu\/az\/join-eurovillage-2025-in-baku\/\" \/>\n<meta property=\"og:locale\" content=\"az_AZ\" \/>\n<meta property=\"og:type\" content=\"article\" \/>\n<meta property=\"og:title\" content=\"Avropa \u015e\u0259h\u0259rciyi 2025 Bak\u0131da! - EU for Azerbaijan\" \/>\n<meta property=\"og:description\" content=\"Avropa \u0130ttifaq\u0131 sizi \u201cEuroVillage 2025\u201d t\u0259dbirin\u0259 d\u0259v\u0259t edir! \u0130yunun 22-d\u0259 Bak\u0131 bulvar\u0131nda t\u0259\u015fkil olunacaq bu a\u00e7\u0131q hava festival\u0131nda Avropa \u0130ttifaq\u0131na \u00fczv d\u00f6vl\u0259tl\u0259rin s\u0259firlikl\u0259ri il\u0259 tan\u0131\u015f olacaq, onlar\u0131n m\u0259d\u0259niyy\u0259ti, d\u0259y\u0259rl\u0259ri v\u0259 \u0259n\u0259n\u0259l\u0259rini k\u0259\u015ff ed\u0259c\u0259ksiniz. \u00dcst\u0259lik: &nbsp;Avropa \u0130ttifaq\u0131n\u0131n Az\u0259rbaycandak\u0131 layih\u0259l\u0259ri bar\u0259d\u0259 m\u0259lumat alacaq; &nbsp;Avropada t\u0259hsil imkanlar\u0131 il\u0259 maraqlanacaq; &nbsp;\u0130dman v\u0259 \u0259yl\u0259nc\u0259 zonalar\u0131nda aktiv i\u015ftirak ed\u0259 bil\u0259c\u0259ksiniz. &nbsp;Sabah [&hellip;]\" \/>\n<meta property=\"og:url\" content=\"https:\/\/eu4azerbaijan.eu\/az\/join-eurovillage-2025-in-baku\/\" \/>\n<meta property=\"og:site_name\" content=\"EU for Azerbaijan\" \/>\n<meta property=\"article:published_time\" content=\"2025-06-20T09:05:40+00:00\" \/>\n<meta property=\"article:modified_time\" content=\"2025-07-09T09:10:48+00:00\" \/>\n<meta property=\"og:image\" content=\"https:\/\/eu4azerbaijan.eu\/wp-content\/uploads\/510552673_1124403133072561_892470260535492264_n.jpg\" \/>\n\t<meta property=\"og:image:width\" content=\"1702\" \/>\n\t<meta property=\"og:image:height\" content=\"630\" \/>\n\t<meta property=\"og:image:type\" content=\"image\/jpeg\" \/>\n<meta name=\"author\" content=\"Aydan Topchibasheva\" \/>\n<meta name=\"twitter:card\" content=\"summary_large_image\" \/>\n<meta name=\"twitter:label1\" content=\"Written by\" \/>\n\t<meta name=\"twitter:data1\" content=\"Aydan Topchibasheva\" \/>\n\t<meta name=\"twitter:label2\" content=\"Est. reading time\" \/>\n\t<meta name=\"twitter:data2\" content=\"3 minutes\" \/>\n<script type=\"application\/ld+json\" class=\"yoast-schema-graph\">{\"@context\":\"https:\/\/schema.org\",\"@graph\":[{\"@type\":\"WebPage\",\"@id\":\"https:\/\/eu4azerbaijan.eu\/az\/join-eurovillage-2025-in-baku\/\",\"url\":\"https:\/\/eu4azerbaijan.eu\/az\/join-eurovillage-2025-in-baku\/\",\"name\":\"Avropa \u015e\u0259h\u0259rciyi 2025 Bak\u0131da! - EU for Azerbaijan\",\"isPartOf\":{\"@id\":\"https:\/\/eu4azerbaijan.eu\/az\/#website\"},\"primaryImageOfPage\":{\"@id\":\"https:\/\/eu4azerbaijan.eu\/az\/join-eurovillage-2025-in-baku\/#primaryimage\"},\"image\":{\"@id\":\"https:\/\/eu4azerbaijan.eu\/az\/join-eurovillage-2025-in-baku\/#primaryimage\"},\"thumbnailUrl\":\"https:\/\/eu4azerbaijan.eu\/wp-content\/uploads\/510552673_1124403133072561_892470260535492264_n.jpg\",\"datePublished\":\"2025-06-20T09:05:40+00:00\",\"dateModified\":\"2025-07-09T09:10:48+00:00\",\"author\":{\"@id\":\"https:\/\/eu4azerbaijan.eu\/az\/#\/schema\/person\/cf17ddba07387955c481997af06797df\"},\"breadcrumb\":{\"@id\":\"https:\/\/eu4azerbaijan.eu\/az\/join-eurovillage-2025-in-baku\/#breadcrumb\"},\"inLanguage\":\"az-AZ\",\"potentialAction\":[{\"@type\":\"ReadAction\",\"target\":[\"https:\/\/eu4azerbaijan.eu\/az\/join-eurovillage-2025-in-baku\/\"]}]},{\"@type\":\"ImageObject\",\"inLanguage\":\"az-AZ\",\"@id\":\"https:\/\/eu4azerbaijan.eu\/az\/join-eurovillage-2025-in-baku\/#primaryimage\",\"url\":\"https:\/\/eu4azerbaijan.eu\/wp-content\/uploads\/510552673_1124403133072561_892470260535492264_n.jpg\",\"contentUrl\":\"https:\/\/eu4azerbaijan.eu\/wp-content\/uploads\/510552673_1124403133072561_892470260535492264_n.jpg\",\"width\":1702,\"height\":630},{\"@type\":\"BreadcrumbList\",\"@id\":\"https:\/\/eu4azerbaijan.eu\/az\/join-eurovillage-2025-in-baku\/#breadcrumb\",\"itemListElement\":[{\"@type\":\"ListItem\",\"position\":1,\"name\":\"Home\",\"item\":\"https:\/\/eu4azerbaijan.eu\/az\/\"},{\"@type\":\"ListItem\",\"position\":2,\"name\":\"Avropa \u015e\u0259h\u0259rciyi 2025 Bak\u0131da!\"}]},{\"@type\":\"WebSite\",\"@id\":\"https:\/\/eu4azerbaijan.eu\/az\/#website\",\"url\":\"https:\/\/eu4azerbaijan.eu\/az\/\",\"name\":\"EU for Azerbaijan\",\"description\":\"\",\"potentialAction\":[{\"@type\":\"SearchAction\",\"target\":{\"@type\":\"EntryPoint\",\"urlTemplate\":\"https:\/\/eu4azerbaijan.eu\/az\/?s={search_term_string}\"},\"query-input\":{\"@type\":\"PropertyValueSpecification\",\"valueRequired\":true,\"valueName\":\"search_term_string\"}}],\"inLanguage\":\"az-AZ\"},{\"@type\":\"Person\",\"@id\":\"https:\/\/eu4azerbaijan.eu\/az\/#\/schema\/person\/cf17ddba07387955c481997af06797df\",\"name\":\"Aydan Topchibasheva\",\"image\":{\"@type\":\"ImageObject\",\"inLanguage\":\"az-AZ\",\"@id\":\"https:\/\/eu4azerbaijan.eu\/az\/#\/schema\/person\/image\/\",\"url\":\"https:\/\/secure.gravatar.com\/avatar\/657ac54b68aced49adde2a29a43651c77d8555f376d5ee5dd68172194a09f856?s=96&d=mm&r=g\",\"contentUrl\":\"https:\/\/secure.gravatar.com\/avatar\/657ac54b68aced49adde2a29a43651c77d8555f376d5ee5dd68172194a09f856?s=96&d=mm&r=g\",\"caption\":\"Aydan Topchibasheva\"},\"url\":\"https:\/\/eu4azerbaijan.eu\/az\/author\/aydan\/\"}]}<\/script>\n<!-- \/ Yoast SEO plugin. -->","yoast_head_json":{"title":"Avropa \u015e\u0259h\u0259rciyi 2025 Bak\u0131da! - EU for Azerbaijan","robots":{"index":"index","follow":"follow","max-snippet":"max-snippet:-1","max-image-preview":"max-image-preview:large","max-video-preview":"max-video-preview:-1"},"canonical":"https:\/\/eu4azerbaijan.eu\/az\/join-eurovillage-2025-in-baku\/","og_locale":"az_AZ","og_type":"article","og_title":"Avropa \u015e\u0259h\u0259rciyi 2025 Bak\u0131da! - EU for Azerbaijan","og_description":"Avropa \u0130ttifaq\u0131 sizi \u201cEuroVillage 2025\u201d t\u0259dbirin\u0259 d\u0259v\u0259t edir! \u0130yunun 22-d\u0259 Bak\u0131 bulvar\u0131nda t\u0259\u015fkil olunacaq bu a\u00e7\u0131q hava festival\u0131nda Avropa \u0130ttifaq\u0131na \u00fczv d\u00f6vl\u0259tl\u0259rin s\u0259firlikl\u0259ri il\u0259 tan\u0131\u015f olacaq, onlar\u0131n m\u0259d\u0259niyy\u0259ti, d\u0259y\u0259rl\u0259ri v\u0259 \u0259n\u0259n\u0259l\u0259rini k\u0259\u015ff ed\u0259c\u0259ksiniz. \u00dcst\u0259lik: &nbsp;Avropa \u0130ttifaq\u0131n\u0131n Az\u0259rbaycandak\u0131 layih\u0259l\u0259ri bar\u0259d\u0259 m\u0259lumat alacaq; &nbsp;Avropada t\u0259hsil imkanlar\u0131 il\u0259 maraqlanacaq; &nbsp;\u0130dman v\u0259 \u0259yl\u0259nc\u0259 zonalar\u0131nda aktiv i\u015ftirak ed\u0259 bil\u0259c\u0259ksiniz. &nbsp;Sabah [&hellip;]","og_url":"https:\/\/eu4azerbaijan.eu\/az\/join-eurovillage-2025-in-baku\/","og_site_name":"EU for Azerbaijan","article_published_time":"2025-06-20T09:05:40+00:00","article_modified_time":"2025-07-09T09:10:48+00:00","og_image":[{"width":1702,"height":630,"url":"https:\/\/eu4azerbaijan.eu\/wp-content\/uploads\/510552673_1124403133072561_892470260535492264_n.jpg","type":"image\/jpeg"}],"author":"Aydan Topchibasheva","twitter_card":"summary_large_image","twitter_misc":{"Written by":"Aydan Topchibasheva","Est. reading time":"3 minutes"},"schema":{"@context":"https:\/\/schema.org","@graph":[{"@type":"WebPage","@id":"https:\/\/eu4azerbaijan.eu\/az\/join-eurovillage-2025-in-baku\/","url":"https:\/\/eu4azerbaijan.eu\/az\/join-eurovillage-2025-in-baku\/","name":"Avropa \u015e\u0259h\u0259rciyi 2025 Bak\u0131da! - EU for Azerbaijan","isPartOf":{"@id":"https:\/\/eu4azerbaijan.eu\/az\/#website"},"primaryImageOfPage":{"@id":"https:\/\/eu4azerbaijan.eu\/az\/join-eurovillage-2025-in-baku\/#primaryimage"},"image":{"@id":"https:\/\/eu4azerbaijan.eu\/az\/join-eurovillage-2025-in-baku\/#primaryimage"},"thumbnailUrl":"https:\/\/eu4azerbaijan.eu\/wp-content\/uploads\/510552673_1124403133072561_892470260535492264_n.jpg","datePublished":"2025-06-20T09:05:40+00:00","dateModified":"2025-07-09T09:10:48+00:00","author":{"@id":"https:\/\/eu4azerbaijan.eu\/az\/#\/schema\/person\/cf17ddba07387955c481997af06797df"},"breadcrumb":{"@id":"https:\/\/eu4azerbaijan.eu\/az\/join-eurovillage-2025-in-baku\/#breadcrumb"},"inLanguage":"az-AZ","potentialAction":[{"@type":"ReadAction","target":["https:\/\/eu4azerbaijan.eu\/az\/join-eurovillage-2025-in-baku\/"]}]},{"@type":"ImageObject","inLanguage":"az-AZ","@id":"https:\/\/eu4azerbaijan.eu\/az\/join-eurovillage-2025-in-baku\/#primaryimage","url":"https:\/\/eu4azerbaijan.eu\/wp-content\/uploads\/510552673_1124403133072561_892470260535492264_n.jpg","contentUrl":"https:\/\/eu4azerbaijan.eu\/wp-content\/uploads\/510552673_1124403133072561_892470260535492264_n.jpg","width":1702,"height":630},{"@type":"BreadcrumbList","@id":"https:\/\/eu4azerbaijan.eu\/az\/join-eurovillage-2025-in-baku\/#breadcrumb","itemListElement":[{"@type":"ListItem","position":1,"name":"Home","item":"https:\/\/eu4azerbaijan.eu\/az\/"},{"@type":"ListItem","position":2,"name":"Avropa \u015e\u0259h\u0259rciyi 2025 Bak\u0131da!"}]},{"@type":"WebSite","@id":"https:\/\/eu4azerbaijan.eu\/az\/#website","url":"https:\/\/eu4azerbaijan.eu\/az\/","name":"EU for Azerbaijan","description":"","potentialAction":[{"@type":"SearchAction","target":{"@type":"EntryPoint","urlTemplate":"https:\/\/eu4azerbaijan.eu\/az\/?s={search_term_string}"},"query-input":{"@type":"PropertyValueSpecification","valueRequired":true,"valueName":"search_term_string"}}],"inLanguage":"az-AZ"},{"@type":"Person","@id":"https:\/\/eu4azerbaijan.eu\/az\/#\/schema\/person\/cf17ddba07387955c481997af06797df","name":"Aydan Topchibasheva","image":{"@type":"ImageObject","inLanguage":"az-AZ","@id":"https:\/\/eu4azerbaijan.eu\/az\/#\/schema\/person\/image\/","url":"https:\/\/secure.gravatar.com\/avatar\/657ac54b68aced49adde2a29a43651c77d8555f376d5ee5dd68172194a09f856?s=96&d=mm&r=g","contentUrl":"https:\/\/secure.gravatar.com\/avatar\/657ac54b68aced49adde2a29a43651c77d8555f376d5ee5dd68172194a09f856?s=96&d=mm&r=g","caption":"Aydan Topchibasheva"},"url":"https:\/\/eu4azerbaijan.eu\/az\/author\/aydan\/"}]}},"_links":{"self":[{"href":"https:\/\/eu4azerbaijan.eu\/az\/wp-json\/wp\/v2\/posts\/66884","targetHints":{"allow":["GET"]}}],"collection":[{"href":"https:\/\/eu4azerbaijan.eu\/az\/wp-json\/wp\/v2\/posts"}],"about":[{"href":"https:\/\/eu4azerbaijan.eu\/az\/wp-json\/wp\/v2\/types\/post"}],"author":[{"embeddable":true,"href":"https:\/\/eu4azerbaijan.eu\/az\/wp-json\/wp\/v2\/users\/19"}],"replies":[{"embeddable":true,"href":"https:\/\/eu4azerbaijan.eu\/az\/wp-json\/wp\/v2\/comments?post=66884"}],"version-history":[{"count":3,"href":"https:\/\/eu4azerbaijan.eu\/az\/wp-json\/wp\/v2\/posts\/66884\/revisions"}],"predecessor-version":[{"id":66890,"href":"https:\/\/eu4azerbaijan.eu\/az\/wp-json\/wp\/v2\/posts\/66884\/revisions\/66890"}],"wp:featuredmedia":[{"embeddable":true,"href":"https:\/\/eu4azerbaijan.eu\/az\/wp-json\/wp\/v2\/media\/66882"}],"wp:attachment":[{"href":"https:\/\/eu4azerbaijan.eu\/az\/wp-json\/wp\/v2\/media?parent=66884"}],"wp:term":[{"taxonomy":"category","embeddable":true,"href":"https:\/\/eu4azerbaijan.eu\/az\/wp-json\/wp\/v2\/categories?post=66884"},{"taxonomy":"post_tag","embeddable":true,"href":"https:\/\/eu4azerbaijan.eu\/az\/wp-json\/wp\/v2\/tags?post=66884"},{"taxonomy":"topic","embeddable":true,"href":"https:\/\/eu4azerbaijan.eu\/az\/wp-json\/wp\/v2\/topic?post=66884"}],"curies":[{"name":"wp","href":"https:\/\/api.w.org\/{rel}","templated":true}]}}