{"id":66703,"date":"2025-04-18T14:32:38","date_gmt":"2025-04-18T14:32:38","guid":{"rendered":"https:\/\/eu4azerbaijan.eu\/young-photographers-join-exclusive-seminar-with-reza-deghati-as-part-of-eus-for-our-planet-campaign\/"},"modified":"2025-06-12T14:37:38","modified_gmt":"2025-06-12T14:37:38","slug":"young-photographers-join-exclusive-seminar-with-reza-deghati-as-part-of-eus-for-our-planet-campaign","status":"publish","type":"post","link":"https:\/\/eu4azerbaijan.eu\/az\/young-photographers-join-exclusive-seminar-with-reza-deghati-as-part-of-eus-for-our-planet-campaign\/","title":{"rendered":"\u201cPlanetimiz namin\u0259\u201d m\u00fcsabiq\u0259sinin qalibl\u0259ri Reza Deqati il\u0259 ekskl\u00fcziv seminarda i\u015ftirak edibl\u0259r"},"content":{"rendered":"\n<p>Avropa \u0130ttifaq\u0131n\u0131n \u201cPlanetimiz namin\u0259\u201d kampaniyas\u0131 \u00e7\u0259r\u00e7iv\u0259sind\u0259 t\u0259\u015fkil olunan fotom\u00fcsabiq\u0259d\u0259 qalib g\u0259l\u0259n i\u015ftirak\u00e7\u0131lar d\u00fcnya \u015f\u00f6hr\u0259tli fotoqraf Reza Deqatinin x\u00fcsusi <a><\/a>fotoqrafiya seminar\u0131nda i\u015ftirak etdil\u0259r.<\/p>\n\n\n\n<p>Bu seminar g\u0259nc fotoqraflar \u00fc\u00e7\u00fcn h\u0259m ilhamverici, h\u0259m d\u0259 maarifl\u0259ndirici t\u0259cr\u00fcb\u0259 oldu. Onlar pe\u015f\u0259kar fotoqrafiyan\u0131n \u0259saslar\u0131n\u0131 \u00f6yr\u0259ndil\u0259r, \u0259traf m\u00fchiti t\u0259svir etm\u0259yin yarad\u0131c\u0131 yollar\u0131n\u0131 k\u0259\u015ff etdil\u0259r v\u0259 \u00f6z bacar\u0131qlar\u0131n\u0131 inki\u015faf etdirm\u0259k f\u00fcrs\u0259ti qazand\u0131lar.<\/p>\n\n\n\n<figure class=\"wp-block-gallery has-nested-images columns-default is-cropped wp-block-gallery-1 is-layout-flex wp-block-gallery-is-layout-flex\">\n<figure class=\"wp-block-image size-large\"><img loading=\"lazy\" decoding=\"async\" width=\"1024\" height=\"683\" data-id=\"66698\" src=\"https:\/\/eu4azerbaijan.eu\/wp-content\/uploads\/491077939_18354972217197376_5312237519466388860_n-1024x683.jpg\" alt=\"\" class=\"wp-image-66698\" srcset=\"https:\/\/eu4azerbaijan.eu\/wp-content\/uploads\/491077939_18354972217197376_5312237519466388860_n-1024x683.jpg 1024w, https:\/\/eu4azerbaijan.eu\/wp-content\/uploads\/491077939_18354972217197376_5312237519466388860_n-300x200.jpg 300w, https:\/\/eu4azerbaijan.eu\/wp-content\/uploads\/491077939_18354972217197376_5312237519466388860_n-768x512.jpg 768w, https:\/\/eu4azerbaijan.eu\/wp-content\/uploads\/491077939_18354972217197376_5312237519466388860_n.jpg 1440w\" sizes=\"(max-width: 1024px) 100vw, 1024px\" \/><\/figure>\n\n\n\n<figure class=\"wp-block-image size-large\"><img loading=\"lazy\" decoding=\"async\" width=\"1024\" height=\"683\" data-id=\"66696\" src=\"https:\/\/eu4azerbaijan.eu\/wp-content\/uploads\/491443513_18354972226197376_3126806126836827339_n-1024x683.jpg\" alt=\"\" class=\"wp-image-66696\" srcset=\"https:\/\/eu4azerbaijan.eu\/wp-content\/uploads\/491443513_18354972226197376_3126806126836827339_n-1024x683.jpg 1024w, https:\/\/eu4azerbaijan.eu\/wp-content\/uploads\/491443513_18354972226197376_3126806126836827339_n-300x200.jpg 300w, https:\/\/eu4azerbaijan.eu\/wp-content\/uploads\/491443513_18354972226197376_3126806126836827339_n-768x512.jpg 768w, https:\/\/eu4azerbaijan.eu\/wp-content\/uploads\/491443513_18354972226197376_3126806126836827339_n.jpg 1440w\" sizes=\"(max-width: 1024px) 100vw, 1024px\" \/><\/figure>\n\n\n\n<figure class=\"wp-block-image size-large\"><img loading=\"lazy\" decoding=\"async\" width=\"1024\" height=\"683\" data-id=\"66694\" src=\"https:\/\/eu4azerbaijan.eu\/wp-content\/uploads\/491507804_18354972235197376_3403970029950324002_n-1024x683.jpg\" alt=\"\" class=\"wp-image-66694\" srcset=\"https:\/\/eu4azerbaijan.eu\/wp-content\/uploads\/491507804_18354972235197376_3403970029950324002_n-1024x683.jpg 1024w, https:\/\/eu4azerbaijan.eu\/wp-content\/uploads\/491507804_18354972235197376_3403970029950324002_n-300x200.jpg 300w, https:\/\/eu4azerbaijan.eu\/wp-content\/uploads\/491507804_18354972235197376_3403970029950324002_n-768x512.jpg 768w, https:\/\/eu4azerbaijan.eu\/wp-content\/uploads\/491507804_18354972235197376_3403970029950324002_n.jpg 1440w\" sizes=\"(max-width: 1024px) 100vw, 1024px\" \/><\/figure>\n\n\n\n<figure class=\"wp-block-image size-large\"><img loading=\"lazy\" decoding=\"async\" width=\"1024\" height=\"683\" data-id=\"66692\" src=\"https:\/\/eu4azerbaijan.eu\/wp-content\/uploads\/491439340_18354972244197376_7673637051735924812_n-1024x683.jpg\" alt=\"\" class=\"wp-image-66692\" srcset=\"https:\/\/eu4azerbaijan.eu\/wp-content\/uploads\/491439340_18354972244197376_7673637051735924812_n-1024x683.jpg 1024w, https:\/\/eu4azerbaijan.eu\/wp-content\/uploads\/491439340_18354972244197376_7673637051735924812_n-300x200.jpg 300w, https:\/\/eu4azerbaijan.eu\/wp-content\/uploads\/491439340_18354972244197376_7673637051735924812_n-768x512.jpg 768w, https:\/\/eu4azerbaijan.eu\/wp-content\/uploads\/491439340_18354972244197376_7673637051735924812_n.jpg 1440w\" sizes=\"(max-width: 1024px) 100vw, 1024px\" \/><\/figure>\n\n\n\n<figure class=\"wp-block-image size-large\"><img loading=\"lazy\" decoding=\"async\" width=\"1024\" height=\"683\" data-id=\"66690\" src=\"https:\/\/eu4azerbaijan.eu\/wp-content\/uploads\/491414195_18354972259197376_5505129310165339343_n-1024x683.jpg\" alt=\"\" class=\"wp-image-66690\" srcset=\"https:\/\/eu4azerbaijan.eu\/wp-content\/uploads\/491414195_18354972259197376_5505129310165339343_n-1024x683.jpg 1024w, https:\/\/eu4azerbaijan.eu\/wp-content\/uploads\/491414195_18354972259197376_5505129310165339343_n-300x200.jpg 300w, https:\/\/eu4azerbaijan.eu\/wp-content\/uploads\/491414195_18354972259197376_5505129310165339343_n-768x512.jpg 768w, https:\/\/eu4azerbaijan.eu\/wp-content\/uploads\/491414195_18354972259197376_5505129310165339343_n.jpg 1440w\" sizes=\"(max-width: 1024px) 100vw, 1024px\" \/><\/figure>\n\n\n\n<figure class=\"wp-block-image size-large\"><img loading=\"lazy\" decoding=\"async\" width=\"1024\" height=\"683\" data-id=\"66688\" src=\"https:\/\/eu4azerbaijan.eu\/wp-content\/uploads\/491438513_18354972262197376_6197093453714641506_n-1024x683.jpg\" alt=\"\" class=\"wp-image-66688\" srcset=\"https:\/\/eu4azerbaijan.eu\/wp-content\/uploads\/491438513_18354972262197376_6197093453714641506_n-1024x683.jpg 1024w, https:\/\/eu4azerbaijan.eu\/wp-content\/uploads\/491438513_18354972262197376_6197093453714641506_n-300x200.jpg 300w, https:\/\/eu4azerbaijan.eu\/wp-content\/uploads\/491438513_18354972262197376_6197093453714641506_n-768x512.jpg 768w, https:\/\/eu4azerbaijan.eu\/wp-content\/uploads\/491438513_18354972262197376_6197093453714641506_n.jpg 1440w\" sizes=\"(max-width: 1024px) 100vw, 1024px\" \/><\/figure>\n\n\n\n<figure class=\"wp-block-image size-large\"><img loading=\"lazy\" decoding=\"async\" width=\"1024\" height=\"683\" data-id=\"66686\" src=\"https:\/\/eu4azerbaijan.eu\/wp-content\/uploads\/491526473_18354972271197376_2976110823017582051_n-1024x683.jpg\" alt=\"\" class=\"wp-image-66686\" srcset=\"https:\/\/eu4azerbaijan.eu\/wp-content\/uploads\/491526473_18354972271197376_2976110823017582051_n-1024x683.jpg 1024w, https:\/\/eu4azerbaijan.eu\/wp-content\/uploads\/491526473_18354972271197376_2976110823017582051_n-300x200.jpg 300w, https:\/\/eu4azerbaijan.eu\/wp-content\/uploads\/491526473_18354972271197376_2976110823017582051_n-768x512.jpg 768w, https:\/\/eu4azerbaijan.eu\/wp-content\/uploads\/491526473_18354972271197376_2976110823017582051_n.jpg 1440w\" sizes=\"(max-width: 1024px) 100vw, 1024px\" \/><\/figure>\n\n\n\n<figure class=\"wp-block-image size-large\"><img loading=\"lazy\" decoding=\"async\" width=\"1024\" height=\"683\" data-id=\"66684\" src=\"https:\/\/eu4azerbaijan.eu\/wp-content\/uploads\/491436420_18354972280197376_6117883411516659411_n-1024x683.jpg\" alt=\"\" class=\"wp-image-66684\" srcset=\"https:\/\/eu4azerbaijan.eu\/wp-content\/uploads\/491436420_18354972280197376_6117883411516659411_n-1024x683.jpg 1024w, https:\/\/eu4azerbaijan.eu\/wp-content\/uploads\/491436420_18354972280197376_6117883411516659411_n-300x200.jpg 300w, https:\/\/eu4azerbaijan.eu\/wp-content\/uploads\/491436420_18354972280197376_6117883411516659411_n-768x512.jpg 768w, https:\/\/eu4azerbaijan.eu\/wp-content\/uploads\/491436420_18354972280197376_6117883411516659411_n.jpg 1440w\" sizes=\"(max-width: 1024px) 100vw, 1024px\" \/><\/figure>\n<\/figure>\n","protected":false},"excerpt":{"rendered":"<p>Avropa \u0130ttifaq\u0131n\u0131n \u201cPlanetimiz namin\u0259\u201d kampaniyas\u0131 \u00e7\u0259r\u00e7iv\u0259sind\u0259 t\u0259\u015fkil olunan fotom\u00fcsabiq\u0259d\u0259 qalib g\u0259l\u0259n i\u015ftirak\u00e7\u0131lar d\u00fcnya \u015f\u00f6hr\u0259tli fotoqraf Reza Deqatinin x\u00fcsusi fotoqrafiya seminar\u0131nda i\u015ftirak etdil\u0259r. Bu seminar g\u0259nc fotoqraflar \u00fc\u00e7\u00fcn h\u0259m ilhamverici, h\u0259m d\u0259 maarifl\u0259ndirici t\u0259cr\u00fcb\u0259 oldu. Onlar pe\u015f\u0259kar fotoqrafiyan\u0131n \u0259saslar\u0131n\u0131 \u00f6yr\u0259ndil\u0259r, \u0259traf m\u00fchiti t\u0259svir etm\u0259yin yarad\u0131c\u0131 yollar\u0131n\u0131 k\u0259\u015ff etdil\u0259r v\u0259 \u00f6z bacar\u0131qlar\u0131n\u0131 inki\u015faf etdirm\u0259k f\u00fcrs\u0259ti qazand\u0131lar.<\/p>\n","protected":false},"author":19,"featured_media":66701,"comment_status":"closed","ping_status":"closed","sticky":false,"template":"","format":"standard","meta":{"_acf_changed":false,"footnotes":""},"categories":[374,284],"tags":[],"topic":[],"class_list":["post-66703","post","type-post","status-publish","format-standard","has-post-thumbnail","hentry","category-whats-happening-az","category-news-az"],"acf":[],"yoast_head":"<!-- This site is optimized with the Yoast SEO plugin v26.4 - https:\/\/yoast.com\/wordpress\/plugins\/seo\/ -->\n<title>\u201cPlanetimiz namin\u0259\u201d m\u00fcsabiq\u0259sinin qalibl\u0259ri Reza Deqati il\u0259 ekskl\u00fcziv seminarda i\u015ftirak edibl\u0259r - EU for Azerbaijan<\/title>\n<meta name=\"robots\" content=\"index, follow, max-snippet:-1, max-image-preview:large, max-video-preview:-1\" \/>\n<link rel=\"canonical\" href=\"https:\/\/eu4azerbaijan.eu\/az\/young-photographers-join-exclusive-seminar-with-reza-deghati-as-part-of-eus-for-our-planet-campaign\/\" \/>\n<meta property=\"og:locale\" content=\"az_AZ\" \/>\n<meta property=\"og:type\" content=\"article\" \/>\n<meta property=\"og:title\" content=\"\u201cPlanetimiz namin\u0259\u201d m\u00fcsabiq\u0259sinin qalibl\u0259ri Reza Deqati il\u0259 ekskl\u00fcziv seminarda i\u015ftirak edibl\u0259r - EU for Azerbaijan\" \/>\n<meta property=\"og:description\" content=\"Avropa \u0130ttifaq\u0131n\u0131n \u201cPlanetimiz namin\u0259\u201d kampaniyas\u0131 \u00e7\u0259r\u00e7iv\u0259sind\u0259 t\u0259\u015fkil olunan fotom\u00fcsabiq\u0259d\u0259 qalib g\u0259l\u0259n i\u015ftirak\u00e7\u0131lar d\u00fcnya \u015f\u00f6hr\u0259tli fotoqraf Reza Deqatinin x\u00fcsusi fotoqrafiya seminar\u0131nda i\u015ftirak etdil\u0259r. Bu seminar g\u0259nc fotoqraflar \u00fc\u00e7\u00fcn h\u0259m ilhamverici, h\u0259m d\u0259 maarifl\u0259ndirici t\u0259cr\u00fcb\u0259 oldu. Onlar pe\u015f\u0259kar fotoqrafiyan\u0131n \u0259saslar\u0131n\u0131 \u00f6yr\u0259ndil\u0259r, \u0259traf m\u00fchiti t\u0259svir etm\u0259yin yarad\u0131c\u0131 yollar\u0131n\u0131 k\u0259\u015ff etdil\u0259r v\u0259 \u00f6z bacar\u0131qlar\u0131n\u0131 inki\u015faf etdirm\u0259k f\u00fcrs\u0259ti qazand\u0131lar.\" \/>\n<meta property=\"og:url\" content=\"https:\/\/eu4azerbaijan.eu\/az\/young-photographers-join-exclusive-seminar-with-reza-deghati-as-part-of-eus-for-our-planet-campaign\/\" \/>\n<meta property=\"og:site_name\" content=\"EU for Azerbaijan\" \/>\n<meta property=\"article:published_time\" content=\"2025-04-18T14:32:38+00:00\" \/>\n<meta property=\"article:modified_time\" content=\"2025-06-12T14:37:38+00:00\" \/>\n<meta property=\"og:image\" content=\"https:\/\/eu4azerbaijan.eu\/wp-content\/uploads\/491438441_18354972208197376_7190753568063168547_n.jpg\" \/>\n\t<meta property=\"og:image:width\" content=\"1440\" \/>\n\t<meta property=\"og:image:height\" content=\"960\" \/>\n\t<meta property=\"og:image:type\" content=\"image\/jpeg\" \/>\n<meta name=\"author\" content=\"Aydan Topchibasheva\" \/>\n<meta name=\"twitter:card\" content=\"summary_large_image\" \/>\n<meta name=\"twitter:label1\" content=\"Written by\" \/>\n\t<meta name=\"twitter:data1\" content=\"Aydan Topchibasheva\" \/>\n\t<meta name=\"twitter:label2\" content=\"Est. reading time\" \/>\n\t<meta name=\"twitter:data2\" content=\"3 minutes\" \/>\n<script type=\"application\/ld+json\" class=\"yoast-schema-graph\">{\"@context\":\"https:\/\/schema.org\",\"@graph\":[{\"@type\":\"WebPage\",\"@id\":\"https:\/\/eu4azerbaijan.eu\/az\/young-photographers-join-exclusive-seminar-with-reza-deghati-as-part-of-eus-for-our-planet-campaign\/\",\"url\":\"https:\/\/eu4azerbaijan.eu\/az\/young-photographers-join-exclusive-seminar-with-reza-deghati-as-part-of-eus-for-our-planet-campaign\/\",\"name\":\"\u201cPlanetimiz namin\u0259\u201d m\u00fcsabiq\u0259sinin qalibl\u0259ri Reza Deqati il\u0259 ekskl\u00fcziv seminarda i\u015ftirak edibl\u0259r - EU for Azerbaijan\",\"isPartOf\":{\"@id\":\"https:\/\/eu4azerbaijan.eu\/az\/#website\"},\"primaryImageOfPage\":{\"@id\":\"https:\/\/eu4azerbaijan.eu\/az\/young-photographers-join-exclusive-seminar-with-reza-deghati-as-part-of-eus-for-our-planet-campaign\/#primaryimage\"},\"image\":{\"@id\":\"https:\/\/eu4azerbaijan.eu\/az\/young-photographers-join-exclusive-seminar-with-reza-deghati-as-part-of-eus-for-our-planet-campaign\/#primaryimage\"},\"thumbnailUrl\":\"https:\/\/eu4azerbaijan.eu\/wp-content\/uploads\/491438441_18354972208197376_7190753568063168547_n.jpg\",\"datePublished\":\"2025-04-18T14:32:38+00:00\",\"dateModified\":\"2025-06-12T14:37:38+00:00\",\"author\":{\"@id\":\"https:\/\/eu4azerbaijan.eu\/az\/#\/schema\/person\/cf17ddba07387955c481997af06797df\"},\"breadcrumb\":{\"@id\":\"https:\/\/eu4azerbaijan.eu\/az\/young-photographers-join-exclusive-seminar-with-reza-deghati-as-part-of-eus-for-our-planet-campaign\/#breadcrumb\"},\"inLanguage\":\"az-AZ\",\"potentialAction\":[{\"@type\":\"ReadAction\",\"target\":[\"https:\/\/eu4azerbaijan.eu\/az\/young-photographers-join-exclusive-seminar-with-reza-deghati-as-part-of-eus-for-our-planet-campaign\/\"]}]},{\"@type\":\"ImageObject\",\"inLanguage\":\"az-AZ\",\"@id\":\"https:\/\/eu4azerbaijan.eu\/az\/young-photographers-join-exclusive-seminar-with-reza-deghati-as-part-of-eus-for-our-planet-campaign\/#primaryimage\",\"url\":\"https:\/\/eu4azerbaijan.eu\/wp-content\/uploads\/491438441_18354972208197376_7190753568063168547_n.jpg\",\"contentUrl\":\"https:\/\/eu4azerbaijan.eu\/wp-content\/uploads\/491438441_18354972208197376_7190753568063168547_n.jpg\",\"width\":1440,\"height\":960},{\"@type\":\"BreadcrumbList\",\"@id\":\"https:\/\/eu4azerbaijan.eu\/az\/young-photographers-join-exclusive-seminar-with-reza-deghati-as-part-of-eus-for-our-planet-campaign\/#breadcrumb\",\"itemListElement\":[{\"@type\":\"ListItem\",\"position\":1,\"name\":\"Home\",\"item\":\"https:\/\/eu4azerbaijan.eu\/az\/\"},{\"@type\":\"ListItem\",\"position\":2,\"name\":\"\u201cPlanetimiz namin\u0259\u201d m\u00fcsabiq\u0259sinin qalibl\u0259ri Reza Deqati il\u0259 ekskl\u00fcziv seminarda i\u015ftirak edibl\u0259r\"}]},{\"@type\":\"WebSite\",\"@id\":\"https:\/\/eu4azerbaijan.eu\/az\/#website\",\"url\":\"https:\/\/eu4azerbaijan.eu\/az\/\",\"name\":\"EU for Azerbaijan\",\"description\":\"\",\"potentialAction\":[{\"@type\":\"SearchAction\",\"target\":{\"@type\":\"EntryPoint\",\"urlTemplate\":\"https:\/\/eu4azerbaijan.eu\/az\/?s={search_term_string}\"},\"query-input\":{\"@type\":\"PropertyValueSpecification\",\"valueRequired\":true,\"valueName\":\"search_term_string\"}}],\"inLanguage\":\"az-AZ\"},{\"@type\":\"Person\",\"@id\":\"https:\/\/eu4azerbaijan.eu\/az\/#\/schema\/person\/cf17ddba07387955c481997af06797df\",\"name\":\"Aydan Topchibasheva\",\"image\":{\"@type\":\"ImageObject\",\"inLanguage\":\"az-AZ\",\"@id\":\"https:\/\/eu4azerbaijan.eu\/az\/#\/schema\/person\/image\/\",\"url\":\"https:\/\/secure.gravatar.com\/avatar\/657ac54b68aced49adde2a29a43651c77d8555f376d5ee5dd68172194a09f856?s=96&d=mm&r=g\",\"contentUrl\":\"https:\/\/secure.gravatar.com\/avatar\/657ac54b68aced49adde2a29a43651c77d8555f376d5ee5dd68172194a09f856?s=96&d=mm&r=g\",\"caption\":\"Aydan Topchibasheva\"},\"url\":\"https:\/\/eu4azerbaijan.eu\/az\/author\/aydan\/\"}]}<\/script>\n<!-- \/ Yoast SEO plugin. -->","yoast_head_json":{"title":"\u201cPlanetimiz namin\u0259\u201d m\u00fcsabiq\u0259sinin qalibl\u0259ri Reza Deqati il\u0259 ekskl\u00fcziv seminarda i\u015ftirak edibl\u0259r - EU for Azerbaijan","robots":{"index":"index","follow":"follow","max-snippet":"max-snippet:-1","max-image-preview":"max-image-preview:large","max-video-preview":"max-video-preview:-1"},"canonical":"https:\/\/eu4azerbaijan.eu\/az\/young-photographers-join-exclusive-seminar-with-reza-deghati-as-part-of-eus-for-our-planet-campaign\/","og_locale":"az_AZ","og_type":"article","og_title":"\u201cPlanetimiz namin\u0259\u201d m\u00fcsabiq\u0259sinin qalibl\u0259ri Reza Deqati il\u0259 ekskl\u00fcziv seminarda i\u015ftirak edibl\u0259r - EU for Azerbaijan","og_description":"Avropa \u0130ttifaq\u0131n\u0131n \u201cPlanetimiz namin\u0259\u201d kampaniyas\u0131 \u00e7\u0259r\u00e7iv\u0259sind\u0259 t\u0259\u015fkil olunan fotom\u00fcsabiq\u0259d\u0259 qalib g\u0259l\u0259n i\u015ftirak\u00e7\u0131lar d\u00fcnya \u015f\u00f6hr\u0259tli fotoqraf Reza Deqatinin x\u00fcsusi fotoqrafiya seminar\u0131nda i\u015ftirak etdil\u0259r. Bu seminar g\u0259nc fotoqraflar \u00fc\u00e7\u00fcn h\u0259m ilhamverici, h\u0259m d\u0259 maarifl\u0259ndirici t\u0259cr\u00fcb\u0259 oldu. Onlar pe\u015f\u0259kar fotoqrafiyan\u0131n \u0259saslar\u0131n\u0131 \u00f6yr\u0259ndil\u0259r, \u0259traf m\u00fchiti t\u0259svir etm\u0259yin yarad\u0131c\u0131 yollar\u0131n\u0131 k\u0259\u015ff etdil\u0259r v\u0259 \u00f6z bacar\u0131qlar\u0131n\u0131 inki\u015faf etdirm\u0259k f\u00fcrs\u0259ti qazand\u0131lar.","og_url":"https:\/\/eu4azerbaijan.eu\/az\/young-photographers-join-exclusive-seminar-with-reza-deghati-as-part-of-eus-for-our-planet-campaign\/","og_site_name":"EU for Azerbaijan","article_published_time":"2025-04-18T14:32:38+00:00","article_modified_time":"2025-06-12T14:37:38+00:00","og_image":[{"width":1440,"height":960,"url":"https:\/\/eu4azerbaijan.eu\/wp-content\/uploads\/491438441_18354972208197376_7190753568063168547_n.jpg","type":"image\/jpeg"}],"author":"Aydan Topchibasheva","twitter_card":"summary_large_image","twitter_misc":{"Written by":"Aydan Topchibasheva","Est. reading time":"3 minutes"},"schema":{"@context":"https:\/\/schema.org","@graph":[{"@type":"WebPage","@id":"https:\/\/eu4azerbaijan.eu\/az\/young-photographers-join-exclusive-seminar-with-reza-deghati-as-part-of-eus-for-our-planet-campaign\/","url":"https:\/\/eu4azerbaijan.eu\/az\/young-photographers-join-exclusive-seminar-with-reza-deghati-as-part-of-eus-for-our-planet-campaign\/","name":"\u201cPlanetimiz namin\u0259\u201d m\u00fcsabiq\u0259sinin qalibl\u0259ri Reza Deqati il\u0259 ekskl\u00fcziv seminarda i\u015ftirak edibl\u0259r - EU for Azerbaijan","isPartOf":{"@id":"https:\/\/eu4azerbaijan.eu\/az\/#website"},"primaryImageOfPage":{"@id":"https:\/\/eu4azerbaijan.eu\/az\/young-photographers-join-exclusive-seminar-with-reza-deghati-as-part-of-eus-for-our-planet-campaign\/#primaryimage"},"image":{"@id":"https:\/\/eu4azerbaijan.eu\/az\/young-photographers-join-exclusive-seminar-with-reza-deghati-as-part-of-eus-for-our-planet-campaign\/#primaryimage"},"thumbnailUrl":"https:\/\/eu4azerbaijan.eu\/wp-content\/uploads\/491438441_18354972208197376_7190753568063168547_n.jpg","datePublished":"2025-04-18T14:32:38+00:00","dateModified":"2025-06-12T14:37:38+00:00","author":{"@id":"https:\/\/eu4azerbaijan.eu\/az\/#\/schema\/person\/cf17ddba07387955c481997af06797df"},"breadcrumb":{"@id":"https:\/\/eu4azerbaijan.eu\/az\/young-photographers-join-exclusive-seminar-with-reza-deghati-as-part-of-eus-for-our-planet-campaign\/#breadcrumb"},"inLanguage":"az-AZ","potentialAction":[{"@type":"ReadAction","target":["https:\/\/eu4azerbaijan.eu\/az\/young-photographers-join-exclusive-seminar-with-reza-deghati-as-part-of-eus-for-our-planet-campaign\/"]}]},{"@type":"ImageObject","inLanguage":"az-AZ","@id":"https:\/\/eu4azerbaijan.eu\/az\/young-photographers-join-exclusive-seminar-with-reza-deghati-as-part-of-eus-for-our-planet-campaign\/#primaryimage","url":"https:\/\/eu4azerbaijan.eu\/wp-content\/uploads\/491438441_18354972208197376_7190753568063168547_n.jpg","contentUrl":"https:\/\/eu4azerbaijan.eu\/wp-content\/uploads\/491438441_18354972208197376_7190753568063168547_n.jpg","width":1440,"height":960},{"@type":"BreadcrumbList","@id":"https:\/\/eu4azerbaijan.eu\/az\/young-photographers-join-exclusive-seminar-with-reza-deghati-as-part-of-eus-for-our-planet-campaign\/#breadcrumb","itemListElement":[{"@type":"ListItem","position":1,"name":"Home","item":"https:\/\/eu4azerbaijan.eu\/az\/"},{"@type":"ListItem","position":2,"name":"\u201cPlanetimiz namin\u0259\u201d m\u00fcsabiq\u0259sinin qalibl\u0259ri Reza Deqati il\u0259 ekskl\u00fcziv seminarda i\u015ftirak edibl\u0259r"}]},{"@type":"WebSite","@id":"https:\/\/eu4azerbaijan.eu\/az\/#website","url":"https:\/\/eu4azerbaijan.eu\/az\/","name":"EU for Azerbaijan","description":"","potentialAction":[{"@type":"SearchAction","target":{"@type":"EntryPoint","urlTemplate":"https:\/\/eu4azerbaijan.eu\/az\/?s={search_term_string}"},"query-input":{"@type":"PropertyValueSpecification","valueRequired":true,"valueName":"search_term_string"}}],"inLanguage":"az-AZ"},{"@type":"Person","@id":"https:\/\/eu4azerbaijan.eu\/az\/#\/schema\/person\/cf17ddba07387955c481997af06797df","name":"Aydan Topchibasheva","image":{"@type":"ImageObject","inLanguage":"az-AZ","@id":"https:\/\/eu4azerbaijan.eu\/az\/#\/schema\/person\/image\/","url":"https:\/\/secure.gravatar.com\/avatar\/657ac54b68aced49adde2a29a43651c77d8555f376d5ee5dd68172194a09f856?s=96&d=mm&r=g","contentUrl":"https:\/\/secure.gravatar.com\/avatar\/657ac54b68aced49adde2a29a43651c77d8555f376d5ee5dd68172194a09f856?s=96&d=mm&r=g","caption":"Aydan Topchibasheva"},"url":"https:\/\/eu4azerbaijan.eu\/az\/author\/aydan\/"}]}},"_links":{"self":[{"href":"https:\/\/eu4azerbaijan.eu\/az\/wp-json\/wp\/v2\/posts\/66703","targetHints":{"allow":["GET"]}}],"collection":[{"href":"https:\/\/eu4azerbaijan.eu\/az\/wp-json\/wp\/v2\/posts"}],"about":[{"href":"https:\/\/eu4azerbaijan.eu\/az\/wp-json\/wp\/v2\/types\/post"}],"author":[{"embeddable":true,"href":"https:\/\/eu4azerbaijan.eu\/az\/wp-json\/wp\/v2\/users\/19"}],"replies":[{"embeddable":true,"href":"https:\/\/eu4azerbaijan.eu\/az\/wp-json\/wp\/v2\/comments?post=66703"}],"version-history":[{"count":2,"href":"https:\/\/eu4azerbaijan.eu\/az\/wp-json\/wp\/v2\/posts\/66703\/revisions"}],"predecessor-version":[{"id":66706,"href":"https:\/\/eu4azerbaijan.eu\/az\/wp-json\/wp\/v2\/posts\/66703\/revisions\/66706"}],"wp:featuredmedia":[{"embeddable":true,"href":"https:\/\/eu4azerbaijan.eu\/az\/wp-json\/wp\/v2\/media\/66701"}],"wp:attachment":[{"href":"https:\/\/eu4azerbaijan.eu\/az\/wp-json\/wp\/v2\/media?parent=66703"}],"wp:term":[{"taxonomy":"category","embeddable":true,"href":"https:\/\/eu4azerbaijan.eu\/az\/wp-json\/wp\/v2\/categories?post=66703"},{"taxonomy":"post_tag","embeddable":true,"href":"https:\/\/eu4azerbaijan.eu\/az\/wp-json\/wp\/v2\/tags?post=66703"},{"taxonomy":"topic","embeddable":true,"href":"https:\/\/eu4azerbaijan.eu\/az\/wp-json\/wp\/v2\/topic?post=66703"}],"curies":[{"name":"wp","href":"https:\/\/api.w.org\/{rel}","templated":true}]}}