{"id":66577,"date":"2025-04-14T11:55:05","date_gmt":"2025-04-14T11:55:05","guid":{"rendered":"https:\/\/eu4azerbaijan.eu\/a-window-of-opportunity-during-covid-19\/"},"modified":"2025-04-14T11:56:24","modified_gmt":"2025-04-14T11:56:24","slug":"a-window-of-opportunity-during-covid-19","status":"publish","type":"post","link":"https:\/\/eu4azerbaijan.eu\/az\/a-window-of-opportunity-during-covid-19\/","title":{"rendered":"COV\u0130D\u0130N A\u00c7DI\u011eI QAPILAR&#8230;"},"content":{"rendered":"\n<p><em>Covid-19 pandemiyas\u0131 \u00e7oxumuzu qap\u0131lar\u0131 ba\u011flay\u0131b evd\u0259 oturma\u011fa m\u0259cbir ed\u0259nd\u0259, onlar, \u0259ksin\u0259, qap\u0131lar\u0131 a\u00e7\u0131rd\u0131lar. \u00d6z\u00fc d\u0259 Bak\u0131da yox, \u015eamax\u0131n\u0131n ucqar k\u0259ndl\u0259rind\u0259 &#8211; Qu\u015f\u00e7uda, Birinci \u00c7ayl\u0131da, G\u00f6yl\u0259rd\u0259, \u00c7uxuryurdda, M\u0259lik\u00e7obanl\u0131da, Sabird\u0259.<\/em><\/p>\n\n\n\n<p><em>Az\u0259rbaycan Tibb Universitetinin, 1 v\u0259 2 sayl\u0131 Bak\u0131 Tibb Kollecl\u0259rinin 30-dan \u00e7ox&nbsp; t\u0259l\u0259b\u0259sini bir araya g\u0259tir\u0259n Avropa \u0130ttifaq\u0131n\u0131n maliyy\u0259l\u0259\u015fdirdiyi, \u00dcmumd\u00fcnya S\u0259hiyy\u0259 T\u0259\u015fkilat\u0131<\/em><em>n\u0131n h\u0259yata ke\u00e7irdiyi <\/em><em>\u201cCOVID-19 \u0259leyhin\u0259 <\/em><em>vaksinasiyaya <\/em><em>d\u0259st\u0259k<\/em><em>\u201d layih\u0259si<\/em><em> yerli \u0259hali aras\u0131nda Covid-19 bar\u0259d\u0259 m\u0259lumatl\u0131l\u0131\u011f\u0131n art\u0131r\u0131lmas\u0131, b\u00f6y\u00fckl\u0259rin v\u0259 u\u015faqlar\u0131n vaksinasiyas\u0131, el\u0259c\u0259 d\u0259 kardiovaskulyar v\u0259 diabet riskl\u0259rinin qiym\u0259tl\u0259ndirm\u0259si, u\u015faqlar\u0131n \u00e7\u0259ki v\u0259 boylar\u0131n\u0131n \u00f6l\u00e7\u00fclm\u0259si kimi t\u0259dbirl\u0259ri \u0259hat\u0259 edirdi.<\/em><\/p>\n\n\n\n<p><em>\u00d6t\u0259n ilin aprelind\u0259 M\u0259kan\u0259 Abbasl\u0131, C\u0259mil\u0259 \u0130smiyeva v\u0259 Leylaxan\u0131m K\u0259rimli layih\u0259 \u00e7\u0259r\u00e7iv\u0259sind\u0259 Avropa \u0130mmunla\u015fd\u0131rma H\u0259ft\u0259si<\/em><em>n\u0259<\/em> <em>qo\u015fulanda bilmirdil\u0259r ki, onlar t\u0259kc\u0259 ixtisas t\u0259cr\u00fcb\u0259si deyil, h\u0259m d\u0259 b\u00f6y\u00fck bir h\u0259yat t\u0259cr\u00fcb\u0259si qazanacaqlar.<\/em><\/p>\n\n\n\n<p><em>Onlar art\u0131q t\u0259l\u0259b\u0259 deyill\u0259r. T\u0259l\u0259b\u0259lik ill\u0259rinin son ilinin bu ilginc t\u0259cr\u00fcb\u0259sini is\u0259 sonsuz minn\u0259tdarl\u0131q v\u0259 x\u0259fif nostalji hissil\u0259 xat\u0131rlay\u0131rlar.<\/em><\/p>\n\n\n\n<p><strong>C\u0259mil\u0259 \u0130smiyeva<\/strong><strong>, 1 sayl\u0131 Bak\u0131 Tibb Kollecinin m\u0259zunu<\/strong><\/p>\n\n\n\n<p>D\u00fcz\u00fc, t\u0259bit\u0259n o q\u0259d\u0259r \u00fcnsiyy\u0259t\u00e7il deyil\u0259m, m\u0259nim \u00fc\u00e7\u00fcn insanlarla kontakta girm\u0259k o q\u0259d\u0259r d\u0259 asan deyil. \u015eamax\u0131da is\u0259 biz k\u0259ndi qap\u0131-qap\u0131 g\u0259zib ail\u0259l\u0259rl\u0259 s\u00f6hb\u0259t etm\u0259li, u\u015faqlar\u0131 peyv\u0259nd etm\u0259li, eyni zamanda \u00fcr\u0259k x\u0259st\u0259likl\u0259ri risk amill\u0259rinin m\u00fc\u0259yy\u0259nl\u0259\u015fdirilm\u0259si m\u0259qs\u0259dil\u0259 insanlar\u0131 skrininq testind\u0259n ke\u00e7m\u0259y\u0259 d\u0259v\u0259t etm\u0259li idik. \u018fvv\u0259l-\u0259vv\u0259l \u00e7\u0259tin idi. Amma h\u0259r saat, h\u0259r g\u00fcn t\u0259cr\u00fcb\u0259 qazand\u0131\u011f\u0131m\u0131 hiss edirdim. \u0130\u015fim m\u0259n\u0259 h\u0259dsiz z\u00f6vq verirdi.<\/p>\n\n\n\n<p>D\u00fc\u015f\u00fcn\u00fcr\u0259m ki, \u0259n b\u00f6y\u00fck qazanc\u0131m \u00fcnsiyy\u0259t kompleksini aradan qald\u0131rma\u011f\u0131m oldu.<\/p>\n\n\n\n<p><strong>Leylaxan\u0131m K\u0259rimli<\/strong><strong>, &nbsp;1 sayl\u0131 Bak\u0131 Tibb kollecinin <\/strong><strong>m\u0259zunu<\/strong><\/p>\n\n\n\n<p>E\u015fid\u0259nd\u0259 ki, lahiy\u0259y\u0259 se\u00e7il\u0259n t\u0259l\u0259b\u0259l\u0259r aras\u0131nda m\u0259n d\u0259 varam, \u00e7ox sevinmi\u015fdim. Amma g\u00f6r\u0259c\u0259yim i\u015f bar\u0259d\u0259 he\u00e7 bir t\u0259s\u0259vv\u00fcr\u00fcm yox idi. M\u0259ni n\u0259l\u0259r g\u00f6zl\u0259diyini t\u0259xmin bel\u0259 ed\u0259 bilmirdim&#8230;<\/p>\n\n\n\n<p>\u0130lk t\u0259limatlar\u0131 \u015eamax\u0131da m\u00fc\u0259liml\u0259rimizd\u0259n ald\u0131q. Onlar biz\u0259 k\u0259nd sakinl\u0259ri il\u0259 \u00fcnsiyy\u0259t qurma\u011f\u0131n sirl\u0259rini b\u00f6l\u00fc\u015f\u00fcrd\u00fcl\u0259r. Biz anlay\u0131rd\u0131q ki, \u0259haliy\u0259 \u00e7atd\u0131raca\u011f\u0131m\u0131z m\u0259lumat,&nbsp; g\u00f6r\u0259c\u0259yimiz i\u015fin u\u011furu, ilk n\u00f6vb\u0259d\u0259, insanlarla \u00fcnsiyy\u0259td\u0259n as\u0131l\u0131d\u0131r. Onlar biz\u0259 inanmal\u0131 idil\u0259r. Biz 3 komandaya ayr\u0131lm\u0131\u015fd\u0131q. T\u0259lim ba\u015fa \u00e7atd\u0131qdan sonra komandalar\u0131n hans\u0131 k\u0259nd\u0259 ged\u0259c\u0259yini m\u00fc\u0259yy\u0259n etm\u0259k \u00fc\u00e7\u00fcn p\u00fc\u015fkatma oldu. Bizim komandan\u0131n ged\u0259c\u0259yi ilk k\u0259nd Qu\u015f\u00e7u k\u0259ndi oldu. Qu\u015f\u00e7u ucqar da\u011f k\u0259ndidir. Burada i\u015fl\u0259m\u0259k o q\u0259d\u0259r asan deyildi. Biz\u0259 veril\u0259n tibbi l\u0259vazimatlar\u0131 g\u00f6t\u00fcr\u00fcb k\u0259ndi tan\u0131yan icra n\u00fcmay\u0259nd\u0259si il\u0259 evl\u0259r\u0259 do\u011fru yola d\u00fc\u015f\u00fcb i\u015f\u0259 ba\u015flad\u0131q. Qap\u0131s\u0131n\u0131 d\u00f6yd\u00fcy\u00fcm\u00fcz ilk evd\u0259 insanlar t\u0259r\u0259dd\u00fcd i\u00e7ind\u0259 idi. Bizi tan\u0131m\u0131rd\u0131lar dey\u0259 \u00e7\u0259kinirdil\u0259r. Amma bu \u00e7ox az \u00e7\u0259kdi. \u00d6z\u00fcm\u00fcz\u00fc t\u0259qdim edib ev sahibin\u0259 v\u0259 u\u015faqlara xo\u015f m\u00fcnasib\u0259t g\u00f6st\u0259rdik. Bu, cavabs\u0131z qalmad\u0131. Ail\u0259 d\u0259 biz\u0259 s\u0259mimiiyy\u0259tl\u0259 cavab verdi. &nbsp;Ana v\u0259 atada Covid-19 \u0259leyhin\u0259 peyv\u0259ndl\u0259nm\u0259 tam olmad\u0131\u011f\u0131ndan biz onlara tam doza vaksinin sa\u011flaml\u0131qlar\u0131 \u00fc\u00e7\u00fcn \u00f6n\u0259mli oldu\u011funu anlatd\u0131q. Onlar biziml\u0259 raz\u0131la\u015fd\u0131lar, tam doza ald\u0131lar.<\/p>\n\n\n\n<p>Evd\u0259ki az ya\u015fl\u0131 u\u015faqlarda da peyv\u0259ndl\u0259nm\u0259 tam olmam\u0131\u015fd\u0131. U\u015faqlara dedik ki, m\u0259nt\u0259q\u0259y\u0259 g\u0259l\u0259rl\u0259rs\u0259, onlara tam \u00f6d\u0259ni\u015fsiz peyv\u0259nd vurulacaq. Amma i\u015fimiz bununla bitmirdi. U\u015faqlar\u0131n<\/p>\n\n\n\n<p>ya\u015f d\u00f6vrl\u0259rin\u0259 g\u00f6r\u0259 inki\u015faflar\u0131n\u0131n n\u0259 d\u0259r\u0259c\u0259d\u0259 normal getdiyini bilm\u0259k \u00fc\u00e7\u00fcn m\u00fcayin\u0259l\u0259r apar\u0131rd\u0131q, onlar\u0131n boyunu, \u00e7\u0259kisini \u00f6l\u00e7\u00fcrd\u00fck.<\/p>\n\n\n\n<p>\u0130ki-\u00fc\u00e7 g\u00fcn\u00fcn i\u00e7ind\u0259 k\u0259ndd\u0259 art\u0131q bizi ham\u0131 tan\u0131y\u0131rd\u0131. Onlar artl\u0131q \u00f6zl\u0259ri bizi evl\u0259rin\u0259 d\u0259v\u0259t edirdil\u0259r. K\u0259ndin tibb m\u0259nt\u0259q\u0259si uzaq oldu\u011fu \u00fc\u00e7\u00fcn da\u011f\u0259t\u0259yi hiss\u0259d\u0259 ya\u015fayan ya\u015fl\u0131 k\u0259ndlil\u0259r ora g\u0259lm\u0259y\u0259 \u00e7\u0259tinlik \u00e7\u0259kirdil\u0259r. Bel\u0259d\u0259 biz \u00f6z\u00fcm\u00fcz onlar\u0131n evl\u0259rin\u0259 gedir, m\u00fcayin\u0259l\u0259ri el\u0259 evd\u0259 edirdik.<\/p>\n\n\n\n<p>H\u0259r \u00f6t\u0259n g\u00fcn k\u0259nd camaat\u0131n\u0131 biz\u0259 daha da yax\u0131nla\u015fd\u0131r\u0131rd\u0131. Biz Qu\u015f\u00e7uda 4 g\u00fcn qald\u0131qdan sonra onlardan do\u011fmalar\u0131m\u0131z kimi ayr\u0131ld\u0131q v\u0259 Birinci \u00c7ayl\u0131 k\u0259ndin\u0259 yola d\u00fc\u015fd\u00fck. Ham\u0131m\u0131z ilk bax\u0131\u015fdan Birinci \u00c7ayl\u0131n\u0131n t\u0259bi\u0259tin\u0259, daha sonra is\u0259 s\u0259mimi v\u0259 sevgi dolu insanlar\u0131na vurulduq.<\/p>\n\n\n\n<p>B\u0130z\u0259 el\u0259 g\u0259lirdi ki, onlar Qu\u015f\u00e7u k\u0259ndinin sakinl\u0259rind\u0259n f\u0259rqli olaraq, bizd\u0259n ehtiyat etmirl\u0259r. B\u0259lk\u0259 d\u0259, bu, do\u011frudan da, bel\u0259 idi. B\u0259lk\u0259 d\u0259, biz art\u0131q \u00f6z\u00fcm\u00fcz\u0259 daha \u00e7ox inan\u0131rd\u0131q, insanlarla daha rahat dil tap\u0131rd\u0131q.<\/p>\n\n\n\n<p>M\u0259nim t\u0259hsil ill\u0259rim pandemiya d\u00f6vr\u00fcn\u0259 t\u0259sad\u00fcf etdiyi \u00fc\u00e7\u00fcn pasiyentl\u0259rl\u0259 i\u015f t\u0259cr\u00fcb\u0259m az idi,<\/p>\n\n\n\n<p>onlarla \u00e7ox kontaktda ola bilm\u0259mi\u015fdim. Bu layih\u0259d\u0259 i\u015ftirak m\u0259n\u0259 pasiyentl\u0259r v\u0259 m\u00fcxt\u0259lif sa\u011flaml\u0131q sorunlar\u0131 olan insanlarla z\u0259ngin \u00fcnsiyy\u0259t t\u0259cr\u00fcb\u0259si verdi.<\/p>\n\n\n\n<p><strong>M<\/strong><strong>\u0259kan\u0259 Abbasl\u0131, A<\/strong><strong>z<\/strong><strong>\u0259rbaycan Tibb Universitetinin m\u0259zunu<\/strong><\/p>\n\n\n\n<p>\u00d6t\u0259n il \u015eamax\u0131ya yollananda m\u0259n sonuncu kurs t\u0259l\u0259b\u0259si idim. \u0130ndi is\u0259 M\u0259rk\u0259zi G\u00f6mr\u00fck X\u0259st\u0259xanas\u0131nda anestezioloq-reanimatoloq h\u0259kim kimi rezident\u0259m. H\u0259r g\u00fcn anestezioloji bax\u0131\u015fda x\u0259st\u0259d\u0259n \u0259trafl\u0131 anamnez toplaya bil\u0259nd\u0259 \u015eamax\u0131da \u201cCOVID-19 \u0259leyhin\u0259 vaksinasiyaya d\u0259st\u0259k\u201d layih\u0259si \u00e7\u0259r\u00e7iv\u0259sind\u0259 i\u015ftirak\u00e7\u0131s\u0131 oldu\u011fum Avropa \u0130mmunla\u015fd\u0131rma H\u0259ft\u0259sini minn\u0259tdarl\u0131q hissi il\u0259 xat\u0131rlay\u0131ram.<\/p>\n\n\n\n<p>Universitet ill\u0259rind\u0259 yax\u015f\u0131 t\u0259l\u0259b\u0259 olsam da, n\u0259z\u0259ri bilikl\u0259rimi he\u00e7 zaman t\u0259tbiq etm\u0259k imkan\u0131m olmam\u0131\u015fd\u0131. Onu da deyim ki, t\u0259bi\u0259t\u0259n bir q\u0259d\u0259r utanca\u011fam. \u015eamax\u0131da biz x\u0259st\u0259l\u0259rl\u0259 t\u0259k qalanda \u00f6yr\u0259ndikl\u0259rimi t\u0259tbiq etm\u0259k kimi g\u00f6z\u0259l bir f\u00fcrs\u0259t qazand\u0131m. &nbsp;Anamnez toplamaq \u00fc\u00e7\u00fcn x\u0259st\u0259l\u0259rl\u0259 nec\u0259 s\u00f6hb\u0259t etm\u0259yi d\u0259 orada \u00f6yr\u0259ndim. M\u0259n \u00e7\u0259king\u0259nliyim\u0259 \u00fcst\u00fcn g\u0259ldim.<\/p>\n\n\n\n<p>\u0130st\u0259rdim ki, t\u0259l\u0259b\u0259l\u0259r qism\u0259tl\u0259rin\u0259 d\u00fc\u015f\u0259n imkanlar\u0131 h\u0259r zaman d\u00fczg\u00fcn qiym\u0259tl\u0259ndirsinl\u0259r, ondan pe\u015f\u0259kar kimi yeti\u015fm\u0259k \u00fc\u00e7\u00fcn yararlana bilsinl\u0259r.<\/p>\n\n\n\n<figure class=\"wp-block-image size-large\"><img loading=\"lazy\" decoding=\"async\" width=\"1024\" height=\"768\" src=\"https:\/\/eu4azerbaijan.eu\/wp-content\/uploads\/Covid-19-1-1024x768.jpg\" alt=\"\" class=\"wp-image-66572\" srcset=\"https:\/\/eu4azerbaijan.eu\/wp-content\/uploads\/Covid-19-1-1024x768.jpg 1024w, https:\/\/eu4azerbaijan.eu\/wp-content\/uploads\/Covid-19-1-300x225.jpg 300w, https:\/\/eu4azerbaijan.eu\/wp-content\/uploads\/Covid-19-1-768x576.jpg 768w, https:\/\/eu4azerbaijan.eu\/wp-content\/uploads\/Covid-19-1-1536x1152.jpg 1536w, https:\/\/eu4azerbaijan.eu\/wp-content\/uploads\/Covid-19-1-2048x1536.jpg 2048w\" sizes=\"(max-width: 1024px) 100vw, 1024px\" \/><\/figure>\n","protected":false},"excerpt":{"rendered":"<p>Covid-19 pandemiyas\u0131 \u00e7oxumuzu qap\u0131lar\u0131 ba\u011flay\u0131b evd\u0259 oturma\u011fa m\u0259cbir ed\u0259nd\u0259, onlar, \u0259ksin\u0259, qap\u0131lar\u0131 a\u00e7\u0131rd\u0131lar. \u00d6z\u00fc d\u0259 Bak\u0131da yox, \u015eamax\u0131n\u0131n ucqar k\u0259ndl\u0259rind\u0259 &#8211; Qu\u015f\u00e7uda, Birinci \u00c7ayl\u0131da, G\u00f6yl\u0259rd\u0259, \u00c7uxuryurdda, M\u0259lik\u00e7obanl\u0131da, Sabird\u0259. Az\u0259rbaycan Tibb Universitetinin, 1 v\u0259 2 sayl\u0131 Bak\u0131 Tibb Kollecl\u0259rinin 30-dan \u00e7ox&nbsp; t\u0259l\u0259b\u0259sini bir araya g\u0259tir\u0259n Avropa \u0130ttifaq\u0131n\u0131n maliyy\u0259l\u0259\u015fdirdiyi, \u00dcmumd\u00fcnya S\u0259hiyy\u0259 T\u0259\u015fkilat\u0131n\u0131n h\u0259yata ke\u00e7irdiyi \u201cCOVID-19 \u0259leyhin\u0259 vaksinasiyaya [&hellip;]<\/p>\n","protected":false},"author":19,"featured_media":66575,"comment_status":"closed","ping_status":"closed","sticky":false,"template":"","format":"standard","meta":{"_acf_changed":false,"footnotes":""},"categories":[302,374,284],"tags":[],"topic":[],"class_list":["post-66577","post","type-post","status-publish","format-standard","has-post-thumbnail","hentry","category-feature-story-az","category-whats-happening-az","category-news-az"],"acf":[],"yoast_head":"<!-- This site is optimized with the Yoast SEO plugin v26.4 - https:\/\/yoast.com\/wordpress\/plugins\/seo\/ -->\n<title>COV\u0130D\u0130N A\u00c7DI\u011eI QAPILAR... - EU for Azerbaijan<\/title>\n<meta name=\"robots\" content=\"index, follow, max-snippet:-1, max-image-preview:large, max-video-preview:-1\" \/>\n<link rel=\"canonical\" href=\"https:\/\/eu4azerbaijan.eu\/az\/a-window-of-opportunity-during-covid-19\/\" \/>\n<meta property=\"og:locale\" content=\"az_AZ\" \/>\n<meta property=\"og:type\" content=\"article\" \/>\n<meta property=\"og:title\" content=\"COV\u0130D\u0130N A\u00c7DI\u011eI QAPILAR... - EU for Azerbaijan\" \/>\n<meta property=\"og:description\" content=\"Covid-19 pandemiyas\u0131 \u00e7oxumuzu qap\u0131lar\u0131 ba\u011flay\u0131b evd\u0259 oturma\u011fa m\u0259cbir ed\u0259nd\u0259, onlar, \u0259ksin\u0259, qap\u0131lar\u0131 a\u00e7\u0131rd\u0131lar. \u00d6z\u00fc d\u0259 Bak\u0131da yox, \u015eamax\u0131n\u0131n ucqar k\u0259ndl\u0259rind\u0259 &#8211; Qu\u015f\u00e7uda, Birinci \u00c7ayl\u0131da, G\u00f6yl\u0259rd\u0259, \u00c7uxuryurdda, M\u0259lik\u00e7obanl\u0131da, Sabird\u0259. Az\u0259rbaycan Tibb Universitetinin, 1 v\u0259 2 sayl\u0131 Bak\u0131 Tibb Kollecl\u0259rinin 30-dan \u00e7ox&nbsp; t\u0259l\u0259b\u0259sini bir araya g\u0259tir\u0259n Avropa \u0130ttifaq\u0131n\u0131n maliyy\u0259l\u0259\u015fdirdiyi, \u00dcmumd\u00fcnya S\u0259hiyy\u0259 T\u0259\u015fkilat\u0131n\u0131n h\u0259yata ke\u00e7irdiyi \u201cCOVID-19 \u0259leyhin\u0259 vaksinasiyaya [&hellip;]\" \/>\n<meta property=\"og:url\" content=\"https:\/\/eu4azerbaijan.eu\/az\/a-window-of-opportunity-during-covid-19\/\" \/>\n<meta property=\"og:site_name\" content=\"EU for Azerbaijan\" \/>\n<meta property=\"article:published_time\" content=\"2025-04-14T11:55:05+00:00\" \/>\n<meta property=\"article:modified_time\" content=\"2025-04-14T11:56:24+00:00\" \/>\n<meta property=\"og:image\" content=\"https:\/\/eu4azerbaijan.eu\/wp-content\/uploads\/covid19-1-1024x675.jpg\" \/>\n\t<meta property=\"og:image:width\" content=\"1024\" \/>\n\t<meta property=\"og:image:height\" content=\"675\" \/>\n\t<meta property=\"og:image:type\" content=\"image\/jpeg\" \/>\n<meta name=\"author\" content=\"Aydan Topchibasheva\" \/>\n<meta name=\"twitter:card\" content=\"summary_large_image\" \/>\n<meta name=\"twitter:label1\" content=\"Written by\" \/>\n\t<meta name=\"twitter:data1\" content=\"Aydan Topchibasheva\" \/>\n\t<meta name=\"twitter:label2\" content=\"Est. reading time\" \/>\n\t<meta name=\"twitter:data2\" content=\"4 minutes\" \/>\n<script type=\"application\/ld+json\" class=\"yoast-schema-graph\">{\"@context\":\"https:\/\/schema.org\",\"@graph\":[{\"@type\":\"WebPage\",\"@id\":\"https:\/\/eu4azerbaijan.eu\/az\/a-window-of-opportunity-during-covid-19\/\",\"url\":\"https:\/\/eu4azerbaijan.eu\/az\/a-window-of-opportunity-during-covid-19\/\",\"name\":\"COV\u0130D\u0130N A\u00c7DI\u011eI QAPILAR... - EU for Azerbaijan\",\"isPartOf\":{\"@id\":\"https:\/\/eu4azerbaijan.eu\/az\/#website\"},\"primaryImageOfPage\":{\"@id\":\"https:\/\/eu4azerbaijan.eu\/az\/a-window-of-opportunity-during-covid-19\/#primaryimage\"},\"image\":{\"@id\":\"https:\/\/eu4azerbaijan.eu\/az\/a-window-of-opportunity-during-covid-19\/#primaryimage\"},\"thumbnailUrl\":\"https:\/\/eu4azerbaijan.eu\/wp-content\/uploads\/covid19-1.jpg\",\"datePublished\":\"2025-04-14T11:55:05+00:00\",\"dateModified\":\"2025-04-14T11:56:24+00:00\",\"author\":{\"@id\":\"https:\/\/eu4azerbaijan.eu\/az\/#\/schema\/person\/cf17ddba07387955c481997af06797df\"},\"breadcrumb\":{\"@id\":\"https:\/\/eu4azerbaijan.eu\/az\/a-window-of-opportunity-during-covid-19\/#breadcrumb\"},\"inLanguage\":\"az-AZ\",\"potentialAction\":[{\"@type\":\"ReadAction\",\"target\":[\"https:\/\/eu4azerbaijan.eu\/az\/a-window-of-opportunity-during-covid-19\/\"]}]},{\"@type\":\"ImageObject\",\"inLanguage\":\"az-AZ\",\"@id\":\"https:\/\/eu4azerbaijan.eu\/az\/a-window-of-opportunity-during-covid-19\/#primaryimage\",\"url\":\"https:\/\/eu4azerbaijan.eu\/wp-content\/uploads\/covid19-1.jpg\",\"contentUrl\":\"https:\/\/eu4azerbaijan.eu\/wp-content\/uploads\/covid19-1.jpg\",\"width\":2048,\"height\":1350},{\"@type\":\"BreadcrumbList\",\"@id\":\"https:\/\/eu4azerbaijan.eu\/az\/a-window-of-opportunity-during-covid-19\/#breadcrumb\",\"itemListElement\":[{\"@type\":\"ListItem\",\"position\":1,\"name\":\"Home\",\"item\":\"https:\/\/eu4azerbaijan.eu\/az\/\"},{\"@type\":\"ListItem\",\"position\":2,\"name\":\"COV\u0130D\u0130N A\u00c7DI\u011eI QAPILAR&#8230;\"}]},{\"@type\":\"WebSite\",\"@id\":\"https:\/\/eu4azerbaijan.eu\/az\/#website\",\"url\":\"https:\/\/eu4azerbaijan.eu\/az\/\",\"name\":\"EU for Azerbaijan\",\"description\":\"\",\"potentialAction\":[{\"@type\":\"SearchAction\",\"target\":{\"@type\":\"EntryPoint\",\"urlTemplate\":\"https:\/\/eu4azerbaijan.eu\/az\/?s={search_term_string}\"},\"query-input\":{\"@type\":\"PropertyValueSpecification\",\"valueRequired\":true,\"valueName\":\"search_term_string\"}}],\"inLanguage\":\"az-AZ\"},{\"@type\":\"Person\",\"@id\":\"https:\/\/eu4azerbaijan.eu\/az\/#\/schema\/person\/cf17ddba07387955c481997af06797df\",\"name\":\"Aydan Topchibasheva\",\"image\":{\"@type\":\"ImageObject\",\"inLanguage\":\"az-AZ\",\"@id\":\"https:\/\/eu4azerbaijan.eu\/az\/#\/schema\/person\/image\/\",\"url\":\"https:\/\/secure.gravatar.com\/avatar\/657ac54b68aced49adde2a29a43651c77d8555f376d5ee5dd68172194a09f856?s=96&d=mm&r=g\",\"contentUrl\":\"https:\/\/secure.gravatar.com\/avatar\/657ac54b68aced49adde2a29a43651c77d8555f376d5ee5dd68172194a09f856?s=96&d=mm&r=g\",\"caption\":\"Aydan Topchibasheva\"},\"url\":\"https:\/\/eu4azerbaijan.eu\/az\/author\/aydan\/\"}]}<\/script>\n<!-- \/ Yoast SEO plugin. -->","yoast_head_json":{"title":"COV\u0130D\u0130N A\u00c7DI\u011eI QAPILAR... - EU for Azerbaijan","robots":{"index":"index","follow":"follow","max-snippet":"max-snippet:-1","max-image-preview":"max-image-preview:large","max-video-preview":"max-video-preview:-1"},"canonical":"https:\/\/eu4azerbaijan.eu\/az\/a-window-of-opportunity-during-covid-19\/","og_locale":"az_AZ","og_type":"article","og_title":"COV\u0130D\u0130N A\u00c7DI\u011eI QAPILAR... - EU for Azerbaijan","og_description":"Covid-19 pandemiyas\u0131 \u00e7oxumuzu qap\u0131lar\u0131 ba\u011flay\u0131b evd\u0259 oturma\u011fa m\u0259cbir ed\u0259nd\u0259, onlar, \u0259ksin\u0259, qap\u0131lar\u0131 a\u00e7\u0131rd\u0131lar. \u00d6z\u00fc d\u0259 Bak\u0131da yox, \u015eamax\u0131n\u0131n ucqar k\u0259ndl\u0259rind\u0259 &#8211; Qu\u015f\u00e7uda, Birinci \u00c7ayl\u0131da, G\u00f6yl\u0259rd\u0259, \u00c7uxuryurdda, M\u0259lik\u00e7obanl\u0131da, Sabird\u0259. Az\u0259rbaycan Tibb Universitetinin, 1 v\u0259 2 sayl\u0131 Bak\u0131 Tibb Kollecl\u0259rinin 30-dan \u00e7ox&nbsp; t\u0259l\u0259b\u0259sini bir araya g\u0259tir\u0259n Avropa \u0130ttifaq\u0131n\u0131n maliyy\u0259l\u0259\u015fdirdiyi, \u00dcmumd\u00fcnya S\u0259hiyy\u0259 T\u0259\u015fkilat\u0131n\u0131n h\u0259yata ke\u00e7irdiyi \u201cCOVID-19 \u0259leyhin\u0259 vaksinasiyaya [&hellip;]","og_url":"https:\/\/eu4azerbaijan.eu\/az\/a-window-of-opportunity-during-covid-19\/","og_site_name":"EU for Azerbaijan","article_published_time":"2025-04-14T11:55:05+00:00","article_modified_time":"2025-04-14T11:56:24+00:00","og_image":[{"width":1024,"height":675,"url":"https:\/\/eu4azerbaijan.eu\/wp-content\/uploads\/covid19-1-1024x675.jpg","type":"image\/jpeg"}],"author":"Aydan Topchibasheva","twitter_card":"summary_large_image","twitter_misc":{"Written by":"Aydan Topchibasheva","Est. reading time":"4 minutes"},"schema":{"@context":"https:\/\/schema.org","@graph":[{"@type":"WebPage","@id":"https:\/\/eu4azerbaijan.eu\/az\/a-window-of-opportunity-during-covid-19\/","url":"https:\/\/eu4azerbaijan.eu\/az\/a-window-of-opportunity-during-covid-19\/","name":"COV\u0130D\u0130N A\u00c7DI\u011eI QAPILAR... - EU for Azerbaijan","isPartOf":{"@id":"https:\/\/eu4azerbaijan.eu\/az\/#website"},"primaryImageOfPage":{"@id":"https:\/\/eu4azerbaijan.eu\/az\/a-window-of-opportunity-during-covid-19\/#primaryimage"},"image":{"@id":"https:\/\/eu4azerbaijan.eu\/az\/a-window-of-opportunity-during-covid-19\/#primaryimage"},"thumbnailUrl":"https:\/\/eu4azerbaijan.eu\/wp-content\/uploads\/covid19-1.jpg","datePublished":"2025-04-14T11:55:05+00:00","dateModified":"2025-04-14T11:56:24+00:00","author":{"@id":"https:\/\/eu4azerbaijan.eu\/az\/#\/schema\/person\/cf17ddba07387955c481997af06797df"},"breadcrumb":{"@id":"https:\/\/eu4azerbaijan.eu\/az\/a-window-of-opportunity-during-covid-19\/#breadcrumb"},"inLanguage":"az-AZ","potentialAction":[{"@type":"ReadAction","target":["https:\/\/eu4azerbaijan.eu\/az\/a-window-of-opportunity-during-covid-19\/"]}]},{"@type":"ImageObject","inLanguage":"az-AZ","@id":"https:\/\/eu4azerbaijan.eu\/az\/a-window-of-opportunity-during-covid-19\/#primaryimage","url":"https:\/\/eu4azerbaijan.eu\/wp-content\/uploads\/covid19-1.jpg","contentUrl":"https:\/\/eu4azerbaijan.eu\/wp-content\/uploads\/covid19-1.jpg","width":2048,"height":1350},{"@type":"BreadcrumbList","@id":"https:\/\/eu4azerbaijan.eu\/az\/a-window-of-opportunity-during-covid-19\/#breadcrumb","itemListElement":[{"@type":"ListItem","position":1,"name":"Home","item":"https:\/\/eu4azerbaijan.eu\/az\/"},{"@type":"ListItem","position":2,"name":"COV\u0130D\u0130N A\u00c7DI\u011eI QAPILAR&#8230;"}]},{"@type":"WebSite","@id":"https:\/\/eu4azerbaijan.eu\/az\/#website","url":"https:\/\/eu4azerbaijan.eu\/az\/","name":"EU for Azerbaijan","description":"","potentialAction":[{"@type":"SearchAction","target":{"@type":"EntryPoint","urlTemplate":"https:\/\/eu4azerbaijan.eu\/az\/?s={search_term_string}"},"query-input":{"@type":"PropertyValueSpecification","valueRequired":true,"valueName":"search_term_string"}}],"inLanguage":"az-AZ"},{"@type":"Person","@id":"https:\/\/eu4azerbaijan.eu\/az\/#\/schema\/person\/cf17ddba07387955c481997af06797df","name":"Aydan Topchibasheva","image":{"@type":"ImageObject","inLanguage":"az-AZ","@id":"https:\/\/eu4azerbaijan.eu\/az\/#\/schema\/person\/image\/","url":"https:\/\/secure.gravatar.com\/avatar\/657ac54b68aced49adde2a29a43651c77d8555f376d5ee5dd68172194a09f856?s=96&d=mm&r=g","contentUrl":"https:\/\/secure.gravatar.com\/avatar\/657ac54b68aced49adde2a29a43651c77d8555f376d5ee5dd68172194a09f856?s=96&d=mm&r=g","caption":"Aydan Topchibasheva"},"url":"https:\/\/eu4azerbaijan.eu\/az\/author\/aydan\/"}]}},"_links":{"self":[{"href":"https:\/\/eu4azerbaijan.eu\/az\/wp-json\/wp\/v2\/posts\/66577","targetHints":{"allow":["GET"]}}],"collection":[{"href":"https:\/\/eu4azerbaijan.eu\/az\/wp-json\/wp\/v2\/posts"}],"about":[{"href":"https:\/\/eu4azerbaijan.eu\/az\/wp-json\/wp\/v2\/types\/post"}],"author":[{"embeddable":true,"href":"https:\/\/eu4azerbaijan.eu\/az\/wp-json\/wp\/v2\/users\/19"}],"replies":[{"embeddable":true,"href":"https:\/\/eu4azerbaijan.eu\/az\/wp-json\/wp\/v2\/comments?post=66577"}],"version-history":[{"count":2,"href":"https:\/\/eu4azerbaijan.eu\/az\/wp-json\/wp\/v2\/posts\/66577\/revisions"}],"predecessor-version":[{"id":66579,"href":"https:\/\/eu4azerbaijan.eu\/az\/wp-json\/wp\/v2\/posts\/66577\/revisions\/66579"}],"wp:featuredmedia":[{"embeddable":true,"href":"https:\/\/eu4azerbaijan.eu\/az\/wp-json\/wp\/v2\/media\/66575"}],"wp:attachment":[{"href":"https:\/\/eu4azerbaijan.eu\/az\/wp-json\/wp\/v2\/media?parent=66577"}],"wp:term":[{"taxonomy":"category","embeddable":true,"href":"https:\/\/eu4azerbaijan.eu\/az\/wp-json\/wp\/v2\/categories?post=66577"},{"taxonomy":"post_tag","embeddable":true,"href":"https:\/\/eu4azerbaijan.eu\/az\/wp-json\/wp\/v2\/tags?post=66577"},{"taxonomy":"topic","embeddable":true,"href":"https:\/\/eu4azerbaijan.eu\/az\/wp-json\/wp\/v2\/topic?post=66577"}],"curies":[{"name":"wp","href":"https:\/\/api.w.org\/{rel}","templated":true}]}}