{"id":66558,"date":"2025-04-14T11:45:10","date_gmt":"2025-04-14T11:45:10","guid":{"rendered":"https:\/\/eu4azerbaijan.eu\/a-small-village-featuring-a-pomegranate-valley-has-something-in-common-with-germany-even-paris-andoscar-claude-monet\/"},"modified":"2025-04-14T11:46:57","modified_gmt":"2025-04-14T11:46:57","slug":"a-small-village-featuring-a-pomegranate-valley-has-something-in-common-with-germany-even-paris-andoscar-claude-monet","status":"publish","type":"post","link":"https:\/\/eu4azerbaijan.eu\/az\/a-small-village-featuring-a-pomegranate-valley-has-something-in-common-with-germany-even-paris-andoscar-claude-monet\/","title":{"rendered":"Qaram\u0259ry\u0259m, Almaniya, Paris, Nar Vadisi\u00a0 v\u0259 Mone\u2026"},"content":{"rendered":"\n<p><strong>Yegan\u0259 v\u0259 M\u0259tl\u0259b Nuriyevl\u0259rin nar kimi min bir d\u0259n\u0259li hekay\u0259si<\/strong><\/p>\n\n\n\n<p><em>Avropa \u0130ttifaq\u0131n\u0131n \u201cNar\u00e7\u0131l\u0131q d\u0259y\u0259r z\u0259ncirind\u0259 \u00fcst\u00fcn keyfiyy\u0259tin \u0259ld\u0259 edilm\u0259si v\u0259 d\u0259yi\u015fiklikl\u0259r\u0259 d\u0259st\u0259k\u201d (STEP) layih\u0259sinin benefisiar\u0131 Yegan\u0259 Nuriyevan\u0131 ham\u0131 G\u00f6y\u00e7ay rayonunun Qaram\u0259ry\u0259m k\u0259ndind\u0259ki&nbsp; \u201cNar vadisi\u201d turizm m\u0259kan\u0131n\u0131n sahib\u0259si kimi tan\u0131y\u0131r. Yegan\u0259 xan\u0131msa bu r\u0259smi t\u0259qdimata qulaq asanda bir q\u0259d\u0259r q\u0131m\u0131\u015f\u0131r. Ona nar ba\u011f\u0131 bar\u0259d\u0259 sual ver\u0259nd\u0259: \u201cM\u0259nd\u0259n yox, &nbsp;M\u0259tl\u0259bd\u0259n soru\u015fun, o yax\u015f\u0131 bilir. O ba\u011f M\u0259tl\u0259bin 18 illik gec\u0259si-g\u00fcnd\u00fczd\u00fcr,- deyir.<\/em><\/p>\n\n\n\n<p><em>\u00dcz\u00fcm\u00fc M\u0259tl\u0259b b\u0259y\u0259 tuturam. O is\u0259: \u201cB\u0130r ne\u00e7\u0259 il bundan \u0259vv\u0259l ba\u011f\u0131 atmaq ist\u0259yirdim. T\u0259miz ruhdan d\u00fc\u015fm\u00fc\u015fd\u00fcm. Yegan\u0259 olmasa idi, y\u0259qin, h\u0259r \u015feyi atacaqd\u0131m. Yegan\u0259 g\u0259ldi, torpa\u011fa can verdi,\u201d- deyir&#8230;<\/em><\/p>\n\n\n\n<p><em>Onlara qulaq asd\u0131qca g\u00f6z\u00fcm\u00fcn \u00f6n\u00fcnd\u0259 saf, \u015fux, yumruq kimi m\u00f6hk\u0259m, adama g\u0259l-g\u0259l dey\u0259n bir nar canlan\u0131rd\u0131. S\u00f6hb\u0259t etdikc\u0259, m\u0259n\u0259 el\u0259 g\u0259lirdi ki, nar\u0131 k\u0259sir\u0259m, onun sirl\u0259rini \u00f6yr\u0259nm\u0259k ist\u0259yir\u0259m. D\u0259n\u0259l\u0259r m\u0259rcan kimi d\u0259n\u0259l\u0259nirdi \u2013 ya Almaniyaya qa\u00e7\u0131rd\u0131, ya Fransaya, ya da Az\u0259rbaycana. Onlar\u0131 y\u0131\u011f\u0131b-y\u0131\u011f\u0131\u015fd\u0131rmaq olmurdu&#8230;<\/em><\/p>\n\n\n\n<p><strong>M\u0259tl\u0259b:<\/strong> 2020-ci ilin pay\u0131z\u0131 idi. Ba\u011f m\u0259ni yaman yormu\u015fdu. Onda ist\u0259dim ki, a\u011faclar\u0131 k\u0259s\u0259m. Amma \u0259lim qalxmad\u0131&#8230; Valideyn \u00f6z u\u015faqlar\u0131n\u0131 tan\u0131yan kimi m\u0259n d\u0259 2500 a\u011fac\u0131n ham\u0131s\u0131n\u0131 bir-bir tan\u0131yaram. Ham\u0131s\u0131nda z\u0259hm\u0259tim var. Onda Yegan\u0259 m\u0259n\u0259 qo\u015fuldu.<\/p>\n\n\n\n<p><strong>Yegan\u0259:<\/strong> H\u0259min vaxt sonbe\u015fiyimiz Fransaya oxuma\u011fa getdi. O\u011flumun getm\u0259si il\u0259 ev tam bo\u015fald\u0131. Q\u0131zlar\u0131m\u0131z ne\u00e7\u0259 il idi ki, Almaniyada oxuyurlar. Bird\u0259nbir\u0259 t\u0259kliyimi hiss etdim. Vicdan\u0131m yol verm\u0259di, M\u0259tl\u0259b\u0259 qo\u015fulub Bak\u0131dan k\u0259nd\u0259 g\u0259ldim. O zaman sah\u0259d\u0259 balaca bir ota\u011f\u0131m\u0131z vard\u0131, \u015f\u0259raitsiz. G\u00fcnd\u00fcz ba\u011fda i\u015fl\u0259yib ax\u015fam \u0130smay\u0131ll\u0131dak\u0131 evimiz\u0259 qay\u0131d\u0131rd\u0131q. Fevral idi. \u018fll\u0259rimiz dona-dona a\u011faclar\u0131 buday\u0131rd\u0131q. \u0130\u015f\u00e7i tutma\u011fa pulumuz yox idi. He\u00e7 kim biz\u0259 k\u00f6m\u0259k etmirdi. \u00c7oxlar\u0131 M\u0259tl\u0259bi q\u0131nay\u0131rd\u0131lar. Deyirdil\u0259r, biz fikirl\u0259\u015firdik ki, s\u0259n Bak\u0131ya gedib bizi d\u0259 arxanca aparacaqsan. S\u0259ns\u0259 k\u0259nd\u0259 qay\u0131td\u0131n. Vicdandan deyildi. M\u0259n M\u0259tl\u0259bi t\u0259k qoya bilm\u0259zdim. Ax\u0131 bu ba\u011f \u00fc\u00e7\u00fcn o, ill\u0259rl\u0259 \u0130smay\u0131\u0131l\u0131, G\u00f6y\u00e7ay, Bak\u0131 aras\u0131nda yollarda qal\u0131b.&nbsp;&nbsp;<\/p>\n\n\n\n<p><em>M\u0259tl\u0259b G\u00f6y\u00e7ay\u0131n \u015eahsoltanl\u0131, Yegan\u0259 is\u0259 \u0130smay\u0131ll\u0131n\u0131n Mican k\u0259ndind\u0259ndir. Qaram\u0259ry\u0259md\u0259ki 20 hektarl\u0131q torpaq sah\u0259sini M\u0259tl\u0259b Nuriyev 2000-ci ill\u0259rin \u0259vv\u0259lind\u0259 pay torpaqlar\u0131 b\u00f6l\u00fcn\u0259rk\u0259n al\u0131b. O zaman Nuriyevl\u0259r art\u0131q on il idi ki, Bak\u0131ya k\u00f6\u00e7m\u00fc\u015fd\u00fcl\u0259r. M\u0259tl\u0259b ixtasasca texnoloq olsa da, \u00f6s\u00fcn\u00fcm\u0259\u015f\u011fulluqla pul qazan\u0131rd\u0131. Yegan\u0259 tibb bac\u0131s\u0131 kursunu bitirs\u0259 d\u0259, i\u015fl\u0259mirdi. U\u015faqlara bax\u0131rd\u0131.<\/em><\/p>\n\n\n\n<p><strong>Yegan\u0259: <\/strong>M\u0259tl\u0259bin \u0259lind\u0259n g\u0259lm\u0259y\u0259n i\u015f yoxdur. Ail\u0259ni doland\u0131rmaq \u00fc\u00e7\u00fcn h\u0259mi\u015f\u0259 \u00e7ox z\u0259hm\u0259t \u00e7\u0259kib, m\u00fcxt\u0259lif s\u0259n\u0259tl\u0259r\u0259 yiy\u0259l\u0259nib. Texnoloq olsa da, M\u0259tl\u0259bd\u0259 bird\u0259nbir\u0259 torpa\u011fa m\u0259h\u0259bb\u0259t ba\u015f qald\u0131rd\u0131. N\u0259 \u0259k\u0259c\u0259yin\u0259 \u00f6z\u00fc q\u0259rar verdi. Dedi ki, G\u00f6y\u00e7ay\u0131nk\u0131 nard\u0131r. 4 hektarda nar \u0259kdi. Bir nec\u0259 ild\u0259n sonra narlar\u0131 \u015faxta vuranda ba\u011f\u0131 t\u0259z\u0259d\u0259n sald\u0131. Bu ill\u0259r \u0259rzind\u0259 bizim u\u011fur qazanaca\u011f\u0131m\u0131za inanan insanlar \u00e7ox az olub. M\u0259tl\u0259bs\u0259 \u00f6z\u00fcn\u0259 h\u0259mi\u015f\u0259 inan\u0131rd\u0131.<\/p>\n\n\n\n<p><strong>M\u0259tl\u0259b:<\/strong> Bu yerl\u0259rin \u0259n b\u00f6y\u00fck problemi sudur. A\u011faclar n\u0259 q\u0259d\u0259r ki balaca idil\u0259r su \u00e7atd\u0131ra bilirdim. \u0130nid v\u0259izyy\u0259t \u00e7\u0259tinl\u0259\u015fib. Nar\u0131 h\u0259ft\u0259d\u0259 iki d\u0259f\u0259 sulamaq laz\u0131md\u0131r. Bu i\u015fd\u0259 z\u00fcl\u00fcm \u00e7\u0259kirik. Qazanc\u0131m\u0131z\u0131n 20 faizi suya gedir&#8230;<\/p>\n\n\n\n<p>\u018frazinin 4 hektar\u0131nda g\u00f6l var. \u018fvv\u0259l qur\u011fu d\u00fcz\u0259ltmi\u015fdim, a\u011faclar\u0131 g\u00f6l\u00fcn suyu il\u0259 sulay\u0131rd\u0131m. Sonra bu az oldu. Yax\u0131nl\u0131qda arx var, amma oradan bura su \u00e7\u0259km\u0259k \u00fc\u00e7\u00fcn 25-30 min azn. maliyy\u0259 laz\u0131md\u0131r. H\u0259l\u0259 ki buna imkan\u0131m\u0131z yoxdur. Susuzluqdan evin \u0259traf\u0131n\u0131 ya\u015f\u0131lla\u015fd\u0131ra bilm\u0259mi\u015f\u0259m. Dey\u0259s\u0259n, bir az gecikmi\u015fik..&nbsp; Nar m\u00f6vs\u00fcm\u00fc bit\u0259nd\u0259n sonra buralar \u00e7\u0131lpaq g\u00f6r\u00fcn\u00fcr. Bizs\u0259 turizml\u0259 m\u0259\u015f\u011ful oluruq, g\u0259r\u0259k insanlar, turistl\u0259r \u00fc\u00e7\u00fcn bu yerl\u0259r c\u0259lbedici olsun.<\/p>\n\n\n\n<p><em>2021-ci ild\u0259 el\u0259 fevral ay\u0131nda Nuriyevl\u0259r burada \u2013 Nar ba\u011f\u0131nda ev tikm\u0259y\u0259 q\u0259rar verdil\u0259r. H\u0259min g\u00fcnl\u0259rd\u0259 Yegan\u0259nin qarda\u015f\u0131 \u015eahinin d\u0259st\u0259yi yerin\u0259 d\u00fc\u015fd\u00fc.<\/em><\/p>\n\n\n\n<p><strong>Yegan\u0259: <\/strong>\u015eahin 30 ildir ki, Moskavada ya\u015fay\u0131r. Amma v\u0259t\u0259nin\u0259, torpa\u011fa \u00e7ox ba\u011fl\u0131d\u0131r. D\u00fcz\u00fc, aqronom Zaur m\u00fc\u0259lliml\u0259 d\u0259 bizi o tan\u0131\u015f etdi. Zaur m\u00fc\u0259llim biz\u0259 a\u011faclara aqrotexniki qullu\u011fu \u00f6yr\u0259tdi. G\u00fcnl\u0259rin birind\u0259 is\u0259 o, biz\u0259 STEP layih\u0259sinin meneceri S\u0259buhi H\u0259s\u0259novla qonaq g\u0259ldi. Biz onda STEP layih\u0259si il\u0259 tan\u0131\u015f olduq. Layih\u0259 biz\u0259 evimizi turizm m\u0259kan\u0131na \u00e7evirm\u0259yi t\u0259klif etdi. Evi art\u0131q layih\u0259nin t\u0259l\u0259bl\u0259rin\u0259 uy\u011fun olaraq qurma\u011fa ba\u015flad\u0131q. Avropa \u0130ttifaq\u0131n\u0131n maliyy\u0259 d\u0259st\u0259yi il\u0259 xeyli avadanl\u0131q ald\u0131q \u2013 mebel, kondisioner, soyuducu, paltaryuyan ma\u015f\u0131n. Biz \u00f6z\u00fcm\u00fcz birinci m\u0259rt\u0259b\u0259 geni\u015f hamam ota\u011f\u0131 tikmi\u015fik. Layih\u0259nin t\u0259klifi il\u0259 ikinci m\u0259rt\u0259b\u0259d\u0259 d\u0259 hamam tikdik.<\/p>\n\n\n\n<p><strong>M\u0259tl\u0259b:<\/strong> Hamam\u0131 \u00f6z b\u00fcdc\u0259min hesab\u0131na tikdim. \u0130ndi ikinci m\u0259rt\u0259b\u0259d\u0259 yataq ota\u011f\u0131, qonaq ota\u011f\u0131, m\u0259tb\u0259x v\u0259 hamam var. M\u0259n g\u0259l\u0259c\u0259k haqq\u0131nda d\u00fc\u015f\u00fcn\u00fcr\u0259m.&nbsp; A\u00e7\u0131\u011f\u0131n\u0131 deyim, h\u0259l\u0259 ki qonaqlar bizd\u0259 maksimum iki g\u00fcn qal\u0131rlar. Bura, \u0259sas\u0259n, bal\u0131q tutmaq ist\u0259y\u0259nl\u0259r g\u0259lir. Amma bir g\u00f6ll\u0259 kifay\u0259tl\u0259nm\u0259k olmaz. G\u00f6l\u00fcn \u0259traf\u0131nda bir-iki ev tikm\u0259k ist\u0259yir\u0259m. Bir d\u0259 g\u00f6r\u00fcrs\u0259n ki, eyni g\u00fcnd\u0259 iki m\u00fc\u015ft\u0259ri m\u00fcraci\u0259t edir. Bel\u0259d\u0259 yox dem\u0259k ist\u0259mirs\u0259n. \u0130nsanlar \u00fc\u00e7\u00fcn maraql\u0131 ola bil\u0259c\u0259k yerl\u0259r k\u0259\u015ff edir\u0259m. Buradan 5-6 km. uzaqda Qafqaz s\u0131ra da\u011flar\u0131n\u0131n bitdiyi yerd\u0259 bir da\u011f var, oradan Aran zonas\u0131 ovuc i\u00e7i kimi g\u00f6r\u00fcn\u00fcr. \u0130nsanlara bu yerl\u0259ri tan\u0131tmaq laz\u0131md\u0131r. Bir-iki d\u0259f\u0259 qonaqlar\u0131 ora aparm\u0131\u015fam, ham\u0131 heyr\u0259tl\u0259nir&#8230;&nbsp;<\/p>\n\n\n\n<p>Bak\u0131da i\u015fl\u0259rimi yekunla\u015fd\u0131r\u0131m, k\u0259ndd\u0259 k\u00f6c\u0259y\u0259m. Ya\u015f ke\u00e7dikc\u0259, torpaq adam\u0131 \u00f6z\u00fcn\u0259 \u00e7\u0259kir&#8230;<\/p>\n\n\n\n<p><em>Nuriyevl\u0259r t\u0259kc\u0259 Az\u0259rbaycan\u0131 k\u0259\u015ff etmirl\u0259r. Biz s\u00f6hb\u0259tl\u0259\u015f\u0259nd\u0259 onlar bir ne\u00e7\u0259 g\u00fcn idi ki, Avropadan qay\u0131tm\u0131\u015fd\u0131lar. \u018fvv\u0259l Almaniyada q\u0131zlar\u0131n\u0131n qona\u011f\u0131 olmu\u015fdular. Sonra Fransaya getmi\u015fdil\u0259r.<\/em><\/p>\n\n\n\n<p><strong>Yegan\u0259<\/strong>: U\u015faqlar n\u0259 qazan\u0131blarsa \u00f6z z\u0259hm\u0259tl\u0259rinin hesab\u0131na qazan\u0131blar. \u018fvv\u0259l b\u00f6y\u00fck q\u0131z\u0131m getdi. Sonra ki\u00e7ik q\u0131z\u0131m alman dilini \u00f6yr\u0259ndi, rezidentura t\u0259hsili \u00fc\u00e7\u00fcn yolland\u0131. O, \u00e7ox \u0259ziyy\u0259t \u00e7\u0259ks\u0259 d\u0259, ax\u0131r ki, q\u0259bul olundu. O\u011flum X\u0259z\u0259r Universitetind\u0259 oxuyanda Erazmus+ proqram\u0131 il\u0259 Pol\u015faya getmi\u015fdi. \u0130ndi Parisd\u0259 doktoranturada h\u0259m oxuyur, h\u0259m d\u0259 i\u015fl\u0259yir. Maliyy\u0259\u00e7i olacaq. Almaniyada qalandan sonra o\u011flum bizi Paris\u0259 apard\u0131. Onun otaq yolda\u015f\u0131 frans\u0131zd\u0131r, \u00e7ox yax\u015f\u0131 u\u015faqd\u0131r. Bizi Parisd\u0259 o g\u0259zdirdi. H\u00fcqonun ev-muzeyind\u0259 olduq. Luvra ged\u0259 bilm\u0259s\u0259k d\u0259, Monenin \u015f\u0259kill\u0259rin\u0259 baxa bildim. M\u0259nim xalam o\u011flu r\u0259ssamd\u0131r. M\u0259n\u0259 tap\u015f\u0131rm\u0131\u015fd\u0131 ki, Monenin \u015f\u0259kil\u0259rin\u0259 m\u00fctl\u0259q bax&#8230;. \u0130n\u015falllah, qism\u0259t olsun, siz d\u0259 gedib baxars\u0131n\u0131z&#8230;<\/p>\n\n\n\n<p><em>S\u00f6hb\u0259tin bu yerind\u0259 Yegan\u0259 xan\u0131m m\u0259ni Nar vadisin\u0259 d\u0259 qonaq \u00e7a\u011f\u0131rd\u0131. Dedi ki, turist kimi yox, qonaq kimi g\u0259l\u0259 bil\u0259r\u0259m, g\u00f6z \u00fcst\u0259 yerim var. M\u0259ns\u0259 fikr\u0259 getdim \u2013 Paris\u0259 gets\u0259m yax\u015f\u0131d\u0131r, yoxsa Qaram\u0259ry\u0259m\u0259?<\/em><\/p>\n\n\n\n<figure class=\"wp-block-image size-large\"><img loading=\"lazy\" decoding=\"async\" width=\"1024\" height=\"683\" src=\"https:\/\/eu4azerbaijan.eu\/wp-content\/uploads\/Step-Yegan\u0259-1-1024x683.jpg\" alt=\"\" class=\"wp-image-66555\" srcset=\"https:\/\/eu4azerbaijan.eu\/wp-content\/uploads\/Step-Yegan\u0259-1-1024x683.jpg 1024w, https:\/\/eu4azerbaijan.eu\/wp-content\/uploads\/Step-Yegan\u0259-1-300x200.jpg 300w, https:\/\/eu4azerbaijan.eu\/wp-content\/uploads\/Step-Yegan\u0259-1-768x512.jpg 768w, https:\/\/eu4azerbaijan.eu\/wp-content\/uploads\/Step-Yegan\u0259-1-1536x1024.jpg 1536w, https:\/\/eu4azerbaijan.eu\/wp-content\/uploads\/Step-Yegan\u0259-1-2048x1366.jpg 2048w\" sizes=\"(max-width: 1024px) 100vw, 1024px\" \/><\/figure>\n","protected":false},"excerpt":{"rendered":"<p>Yegan\u0259 v\u0259 M\u0259tl\u0259b Nuriyevl\u0259rin nar kimi min bir d\u0259n\u0259li hekay\u0259si Avropa \u0130ttifaq\u0131n\u0131n \u201cNar\u00e7\u0131l\u0131q d\u0259y\u0259r z\u0259ncirind\u0259 \u00fcst\u00fcn keyfiyy\u0259tin \u0259ld\u0259 edilm\u0259si v\u0259 d\u0259yi\u015fiklikl\u0259r\u0259 d\u0259st\u0259k\u201d (STEP) layih\u0259sinin benefisiar\u0131 Yegan\u0259 Nuriyevan\u0131 ham\u0131 G\u00f6y\u00e7ay rayonunun Qaram\u0259ry\u0259m k\u0259ndind\u0259ki&nbsp; \u201cNar vadisi\u201d turizm m\u0259kan\u0131n\u0131n sahib\u0259si kimi tan\u0131y\u0131r. Yegan\u0259 xan\u0131msa bu r\u0259smi t\u0259qdimata qulaq asanda bir q\u0259d\u0259r q\u0131m\u0131\u015f\u0131r. Ona nar ba\u011f\u0131 bar\u0259d\u0259 sual ver\u0259nd\u0259: [&hellip;]<\/p>\n","protected":false},"author":19,"featured_media":66554,"comment_status":"closed","ping_status":"closed","sticky":false,"template":"","format":"standard","meta":{"_acf_changed":false,"footnotes":""},"categories":[302,374,284],"tags":[],"topic":[],"class_list":["post-66558","post","type-post","status-publish","format-standard","has-post-thumbnail","hentry","category-feature-story-az","category-whats-happening-az","category-news-az"],"acf":[],"yoast_head":"<!-- This site is optimized with the Yoast SEO plugin v26.4 - https:\/\/yoast.com\/wordpress\/plugins\/seo\/ -->\n<title>Qaram\u0259ry\u0259m, Almaniya, Paris, Nar Vadisi\u00a0 v\u0259 Mone\u2026 - EU for Azerbaijan<\/title>\n<meta name=\"robots\" content=\"index, follow, max-snippet:-1, max-image-preview:large, max-video-preview:-1\" \/>\n<link rel=\"canonical\" href=\"https:\/\/eu4azerbaijan.eu\/az\/a-small-village-featuring-a-pomegranate-valley-has-something-in-common-with-germany-even-paris-andoscar-claude-monet\/\" \/>\n<meta property=\"og:locale\" content=\"az_AZ\" \/>\n<meta property=\"og:type\" content=\"article\" \/>\n<meta property=\"og:title\" content=\"Qaram\u0259ry\u0259m, Almaniya, Paris, Nar Vadisi\u00a0 v\u0259 Mone\u2026 - EU for Azerbaijan\" \/>\n<meta property=\"og:description\" content=\"Yegan\u0259 v\u0259 M\u0259tl\u0259b Nuriyevl\u0259rin nar kimi min bir d\u0259n\u0259li hekay\u0259si Avropa \u0130ttifaq\u0131n\u0131n \u201cNar\u00e7\u0131l\u0131q d\u0259y\u0259r z\u0259ncirind\u0259 \u00fcst\u00fcn keyfiyy\u0259tin \u0259ld\u0259 edilm\u0259si v\u0259 d\u0259yi\u015fiklikl\u0259r\u0259 d\u0259st\u0259k\u201d (STEP) layih\u0259sinin benefisiar\u0131 Yegan\u0259 Nuriyevan\u0131 ham\u0131 G\u00f6y\u00e7ay rayonunun Qaram\u0259ry\u0259m k\u0259ndind\u0259ki&nbsp; \u201cNar vadisi\u201d turizm m\u0259kan\u0131n\u0131n sahib\u0259si kimi tan\u0131y\u0131r. Yegan\u0259 xan\u0131msa bu r\u0259smi t\u0259qdimata qulaq asanda bir q\u0259d\u0259r q\u0131m\u0131\u015f\u0131r. Ona nar ba\u011f\u0131 bar\u0259d\u0259 sual ver\u0259nd\u0259: [&hellip;]\" \/>\n<meta property=\"og:url\" content=\"https:\/\/eu4azerbaijan.eu\/az\/a-small-village-featuring-a-pomegranate-valley-has-something-in-common-with-germany-even-paris-andoscar-claude-monet\/\" \/>\n<meta property=\"og:site_name\" content=\"EU for Azerbaijan\" \/>\n<meta property=\"article:published_time\" content=\"2025-04-14T11:45:10+00:00\" \/>\n<meta property=\"article:modified_time\" content=\"2025-04-14T11:46:57+00:00\" \/>\n<meta property=\"og:image\" content=\"https:\/\/eu4azerbaijan.eu\/wp-content\/uploads\/STEP_Yegan\u0259-copy-1-scaled.jpg\" \/>\n\t<meta property=\"og:image:width\" content=\"2560\" \/>\n\t<meta property=\"og:image:height\" content=\"1707\" \/>\n\t<meta property=\"og:image:type\" content=\"image\/jpeg\" \/>\n<meta name=\"author\" content=\"Aydan Topchibasheva\" \/>\n<meta name=\"twitter:card\" content=\"summary_large_image\" \/>\n<meta name=\"twitter:label1\" content=\"Written by\" \/>\n\t<meta name=\"twitter:data1\" content=\"Aydan Topchibasheva\" \/>\n\t<meta name=\"twitter:label2\" content=\"Est. reading time\" \/>\n\t<meta name=\"twitter:data2\" content=\"5 minutes\" \/>\n<script type=\"application\/ld+json\" class=\"yoast-schema-graph\">{\"@context\":\"https:\/\/schema.org\",\"@graph\":[{\"@type\":\"WebPage\",\"@id\":\"https:\/\/eu4azerbaijan.eu\/az\/a-small-village-featuring-a-pomegranate-valley-has-something-in-common-with-germany-even-paris-andoscar-claude-monet\/\",\"url\":\"https:\/\/eu4azerbaijan.eu\/az\/a-small-village-featuring-a-pomegranate-valley-has-something-in-common-with-germany-even-paris-andoscar-claude-monet\/\",\"name\":\"Qaram\u0259ry\u0259m, Almaniya, Paris, Nar Vadisi\u00a0 v\u0259 Mone\u2026 - EU for Azerbaijan\",\"isPartOf\":{\"@id\":\"https:\/\/eu4azerbaijan.eu\/az\/#website\"},\"primaryImageOfPage\":{\"@id\":\"https:\/\/eu4azerbaijan.eu\/az\/a-small-village-featuring-a-pomegranate-valley-has-something-in-common-with-germany-even-paris-andoscar-claude-monet\/#primaryimage\"},\"image\":{\"@id\":\"https:\/\/eu4azerbaijan.eu\/az\/a-small-village-featuring-a-pomegranate-valley-has-something-in-common-with-germany-even-paris-andoscar-claude-monet\/#primaryimage\"},\"thumbnailUrl\":\"https:\/\/eu4azerbaijan.eu\/wp-content\/uploads\/STEP_Yegan\u0259-copy-1-scaled.jpg\",\"datePublished\":\"2025-04-14T11:45:10+00:00\",\"dateModified\":\"2025-04-14T11:46:57+00:00\",\"author\":{\"@id\":\"https:\/\/eu4azerbaijan.eu\/az\/#\/schema\/person\/cf17ddba07387955c481997af06797df\"},\"breadcrumb\":{\"@id\":\"https:\/\/eu4azerbaijan.eu\/az\/a-small-village-featuring-a-pomegranate-valley-has-something-in-common-with-germany-even-paris-andoscar-claude-monet\/#breadcrumb\"},\"inLanguage\":\"az-AZ\",\"potentialAction\":[{\"@type\":\"ReadAction\",\"target\":[\"https:\/\/eu4azerbaijan.eu\/az\/a-small-village-featuring-a-pomegranate-valley-has-something-in-common-with-germany-even-paris-andoscar-claude-monet\/\"]}]},{\"@type\":\"ImageObject\",\"inLanguage\":\"az-AZ\",\"@id\":\"https:\/\/eu4azerbaijan.eu\/az\/a-small-village-featuring-a-pomegranate-valley-has-something-in-common-with-germany-even-paris-andoscar-claude-monet\/#primaryimage\",\"url\":\"https:\/\/eu4azerbaijan.eu\/wp-content\/uploads\/STEP_Yegan\u0259-copy-1-scaled.jpg\",\"contentUrl\":\"https:\/\/eu4azerbaijan.eu\/wp-content\/uploads\/STEP_Yegan\u0259-copy-1-scaled.jpg\",\"width\":2560,\"height\":1707},{\"@type\":\"BreadcrumbList\",\"@id\":\"https:\/\/eu4azerbaijan.eu\/az\/a-small-village-featuring-a-pomegranate-valley-has-something-in-common-with-germany-even-paris-andoscar-claude-monet\/#breadcrumb\",\"itemListElement\":[{\"@type\":\"ListItem\",\"position\":1,\"name\":\"Home\",\"item\":\"https:\/\/eu4azerbaijan.eu\/az\/\"},{\"@type\":\"ListItem\",\"position\":2,\"name\":\"Qaram\u0259ry\u0259m, Almaniya, Paris, Nar Vadisi\u00a0 v\u0259 Mone\u2026\"}]},{\"@type\":\"WebSite\",\"@id\":\"https:\/\/eu4azerbaijan.eu\/az\/#website\",\"url\":\"https:\/\/eu4azerbaijan.eu\/az\/\",\"name\":\"EU for Azerbaijan\",\"description\":\"\",\"potentialAction\":[{\"@type\":\"SearchAction\",\"target\":{\"@type\":\"EntryPoint\",\"urlTemplate\":\"https:\/\/eu4azerbaijan.eu\/az\/?s={search_term_string}\"},\"query-input\":{\"@type\":\"PropertyValueSpecification\",\"valueRequired\":true,\"valueName\":\"search_term_string\"}}],\"inLanguage\":\"az-AZ\"},{\"@type\":\"Person\",\"@id\":\"https:\/\/eu4azerbaijan.eu\/az\/#\/schema\/person\/cf17ddba07387955c481997af06797df\",\"name\":\"Aydan Topchibasheva\",\"image\":{\"@type\":\"ImageObject\",\"inLanguage\":\"az-AZ\",\"@id\":\"https:\/\/eu4azerbaijan.eu\/az\/#\/schema\/person\/image\/\",\"url\":\"https:\/\/secure.gravatar.com\/avatar\/657ac54b68aced49adde2a29a43651c77d8555f376d5ee5dd68172194a09f856?s=96&d=mm&r=g\",\"contentUrl\":\"https:\/\/secure.gravatar.com\/avatar\/657ac54b68aced49adde2a29a43651c77d8555f376d5ee5dd68172194a09f856?s=96&d=mm&r=g\",\"caption\":\"Aydan Topchibasheva\"},\"url\":\"https:\/\/eu4azerbaijan.eu\/az\/author\/aydan\/\"}]}<\/script>\n<!-- \/ Yoast SEO plugin. -->","yoast_head_json":{"title":"Qaram\u0259ry\u0259m, Almaniya, Paris, Nar Vadisi\u00a0 v\u0259 Mone\u2026 - EU for Azerbaijan","robots":{"index":"index","follow":"follow","max-snippet":"max-snippet:-1","max-image-preview":"max-image-preview:large","max-video-preview":"max-video-preview:-1"},"canonical":"https:\/\/eu4azerbaijan.eu\/az\/a-small-village-featuring-a-pomegranate-valley-has-something-in-common-with-germany-even-paris-andoscar-claude-monet\/","og_locale":"az_AZ","og_type":"article","og_title":"Qaram\u0259ry\u0259m, Almaniya, Paris, Nar Vadisi\u00a0 v\u0259 Mone\u2026 - EU for Azerbaijan","og_description":"Yegan\u0259 v\u0259 M\u0259tl\u0259b Nuriyevl\u0259rin nar kimi min bir d\u0259n\u0259li hekay\u0259si Avropa \u0130ttifaq\u0131n\u0131n \u201cNar\u00e7\u0131l\u0131q d\u0259y\u0259r z\u0259ncirind\u0259 \u00fcst\u00fcn keyfiyy\u0259tin \u0259ld\u0259 edilm\u0259si v\u0259 d\u0259yi\u015fiklikl\u0259r\u0259 d\u0259st\u0259k\u201d (STEP) layih\u0259sinin benefisiar\u0131 Yegan\u0259 Nuriyevan\u0131 ham\u0131 G\u00f6y\u00e7ay rayonunun Qaram\u0259ry\u0259m k\u0259ndind\u0259ki&nbsp; \u201cNar vadisi\u201d turizm m\u0259kan\u0131n\u0131n sahib\u0259si kimi tan\u0131y\u0131r. Yegan\u0259 xan\u0131msa bu r\u0259smi t\u0259qdimata qulaq asanda bir q\u0259d\u0259r q\u0131m\u0131\u015f\u0131r. Ona nar ba\u011f\u0131 bar\u0259d\u0259 sual ver\u0259nd\u0259: [&hellip;]","og_url":"https:\/\/eu4azerbaijan.eu\/az\/a-small-village-featuring-a-pomegranate-valley-has-something-in-common-with-germany-even-paris-andoscar-claude-monet\/","og_site_name":"EU for Azerbaijan","article_published_time":"2025-04-14T11:45:10+00:00","article_modified_time":"2025-04-14T11:46:57+00:00","og_image":[{"width":2560,"height":1707,"url":"https:\/\/eu4azerbaijan.eu\/wp-content\/uploads\/STEP_Yegan\u0259-copy-1-scaled.jpg","type":"image\/jpeg"}],"author":"Aydan Topchibasheva","twitter_card":"summary_large_image","twitter_misc":{"Written by":"Aydan Topchibasheva","Est. reading time":"5 minutes"},"schema":{"@context":"https:\/\/schema.org","@graph":[{"@type":"WebPage","@id":"https:\/\/eu4azerbaijan.eu\/az\/a-small-village-featuring-a-pomegranate-valley-has-something-in-common-with-germany-even-paris-andoscar-claude-monet\/","url":"https:\/\/eu4azerbaijan.eu\/az\/a-small-village-featuring-a-pomegranate-valley-has-something-in-common-with-germany-even-paris-andoscar-claude-monet\/","name":"Qaram\u0259ry\u0259m, Almaniya, Paris, Nar Vadisi\u00a0 v\u0259 Mone\u2026 - EU for Azerbaijan","isPartOf":{"@id":"https:\/\/eu4azerbaijan.eu\/az\/#website"},"primaryImageOfPage":{"@id":"https:\/\/eu4azerbaijan.eu\/az\/a-small-village-featuring-a-pomegranate-valley-has-something-in-common-with-germany-even-paris-andoscar-claude-monet\/#primaryimage"},"image":{"@id":"https:\/\/eu4azerbaijan.eu\/az\/a-small-village-featuring-a-pomegranate-valley-has-something-in-common-with-germany-even-paris-andoscar-claude-monet\/#primaryimage"},"thumbnailUrl":"https:\/\/eu4azerbaijan.eu\/wp-content\/uploads\/STEP_Yegan\u0259-copy-1-scaled.jpg","datePublished":"2025-04-14T11:45:10+00:00","dateModified":"2025-04-14T11:46:57+00:00","author":{"@id":"https:\/\/eu4azerbaijan.eu\/az\/#\/schema\/person\/cf17ddba07387955c481997af06797df"},"breadcrumb":{"@id":"https:\/\/eu4azerbaijan.eu\/az\/a-small-village-featuring-a-pomegranate-valley-has-something-in-common-with-germany-even-paris-andoscar-claude-monet\/#breadcrumb"},"inLanguage":"az-AZ","potentialAction":[{"@type":"ReadAction","target":["https:\/\/eu4azerbaijan.eu\/az\/a-small-village-featuring-a-pomegranate-valley-has-something-in-common-with-germany-even-paris-andoscar-claude-monet\/"]}]},{"@type":"ImageObject","inLanguage":"az-AZ","@id":"https:\/\/eu4azerbaijan.eu\/az\/a-small-village-featuring-a-pomegranate-valley-has-something-in-common-with-germany-even-paris-andoscar-claude-monet\/#primaryimage","url":"https:\/\/eu4azerbaijan.eu\/wp-content\/uploads\/STEP_Yegan\u0259-copy-1-scaled.jpg","contentUrl":"https:\/\/eu4azerbaijan.eu\/wp-content\/uploads\/STEP_Yegan\u0259-copy-1-scaled.jpg","width":2560,"height":1707},{"@type":"BreadcrumbList","@id":"https:\/\/eu4azerbaijan.eu\/az\/a-small-village-featuring-a-pomegranate-valley-has-something-in-common-with-germany-even-paris-andoscar-claude-monet\/#breadcrumb","itemListElement":[{"@type":"ListItem","position":1,"name":"Home","item":"https:\/\/eu4azerbaijan.eu\/az\/"},{"@type":"ListItem","position":2,"name":"Qaram\u0259ry\u0259m, Almaniya, Paris, Nar Vadisi\u00a0 v\u0259 Mone\u2026"}]},{"@type":"WebSite","@id":"https:\/\/eu4azerbaijan.eu\/az\/#website","url":"https:\/\/eu4azerbaijan.eu\/az\/","name":"EU for Azerbaijan","description":"","potentialAction":[{"@type":"SearchAction","target":{"@type":"EntryPoint","urlTemplate":"https:\/\/eu4azerbaijan.eu\/az\/?s={search_term_string}"},"query-input":{"@type":"PropertyValueSpecification","valueRequired":true,"valueName":"search_term_string"}}],"inLanguage":"az-AZ"},{"@type":"Person","@id":"https:\/\/eu4azerbaijan.eu\/az\/#\/schema\/person\/cf17ddba07387955c481997af06797df","name":"Aydan Topchibasheva","image":{"@type":"ImageObject","inLanguage":"az-AZ","@id":"https:\/\/eu4azerbaijan.eu\/az\/#\/schema\/person\/image\/","url":"https:\/\/secure.gravatar.com\/avatar\/657ac54b68aced49adde2a29a43651c77d8555f376d5ee5dd68172194a09f856?s=96&d=mm&r=g","contentUrl":"https:\/\/secure.gravatar.com\/avatar\/657ac54b68aced49adde2a29a43651c77d8555f376d5ee5dd68172194a09f856?s=96&d=mm&r=g","caption":"Aydan Topchibasheva"},"url":"https:\/\/eu4azerbaijan.eu\/az\/author\/aydan\/"}]}},"_links":{"self":[{"href":"https:\/\/eu4azerbaijan.eu\/az\/wp-json\/wp\/v2\/posts\/66558","targetHints":{"allow":["GET"]}}],"collection":[{"href":"https:\/\/eu4azerbaijan.eu\/az\/wp-json\/wp\/v2\/posts"}],"about":[{"href":"https:\/\/eu4azerbaijan.eu\/az\/wp-json\/wp\/v2\/types\/post"}],"author":[{"embeddable":true,"href":"https:\/\/eu4azerbaijan.eu\/az\/wp-json\/wp\/v2\/users\/19"}],"replies":[{"embeddable":true,"href":"https:\/\/eu4azerbaijan.eu\/az\/wp-json\/wp\/v2\/comments?post=66558"}],"version-history":[{"count":2,"href":"https:\/\/eu4azerbaijan.eu\/az\/wp-json\/wp\/v2\/posts\/66558\/revisions"}],"predecessor-version":[{"id":66561,"href":"https:\/\/eu4azerbaijan.eu\/az\/wp-json\/wp\/v2\/posts\/66558\/revisions\/66561"}],"wp:featuredmedia":[{"embeddable":true,"href":"https:\/\/eu4azerbaijan.eu\/az\/wp-json\/wp\/v2\/media\/66554"}],"wp:attachment":[{"href":"https:\/\/eu4azerbaijan.eu\/az\/wp-json\/wp\/v2\/media?parent=66558"}],"wp:term":[{"taxonomy":"category","embeddable":true,"href":"https:\/\/eu4azerbaijan.eu\/az\/wp-json\/wp\/v2\/categories?post=66558"},{"taxonomy":"post_tag","embeddable":true,"href":"https:\/\/eu4azerbaijan.eu\/az\/wp-json\/wp\/v2\/tags?post=66558"},{"taxonomy":"topic","embeddable":true,"href":"https:\/\/eu4azerbaijan.eu\/az\/wp-json\/wp\/v2\/topic?post=66558"}],"curies":[{"name":"wp","href":"https:\/\/api.w.org\/{rel}","templated":true}]}}