{"id":66337,"date":"2025-03-10T09:12:12","date_gmt":"2025-03-10T09:12:12","guid":{"rendered":"https:\/\/eu4azerbaijan.eu\/breaking-barriers-overcoming-challenges\/"},"modified":"2025-03-10T09:13:32","modified_gmt":"2025-03-10T09:13:32","slug":"breaking-barriers-overcoming-challenges","status":"publish","type":"post","link":"https:\/\/eu4azerbaijan.eu\/az\/breaking-barriers-overcoming-challenges\/","title":{"rendered":"&#8220;Mane\u0259l\u0259ri a\u015fmaq v\u0259 d\u0259yi\u015fikliy\u0259 yol a\u00e7maq&#8221;"},"content":{"rendered":"\n<p>7 mart 2025-ci il tarixind\u0259 Avropa \u0130ttifaq\u0131n\u0131n Az\u0259rbaycandak\u0131 N\u00fcmay\u0259nd\u0259liyi, Bel\u00e7ika Krall\u0131\u011f\u0131n\u0131n Az\u0259rbaycandak\u0131 S\u0259firliyi v\u0259 G\u0259nc Avropa S\u0259firl\u0259ri Beyn\u0259lxalq Qad\u0131nlar G\u00fcn\u00fcn\u00fc qeyd etm\u0259k m\u0259qs\u0259dil\u0259 \u201cG\u00dcCL\u00dc QADIN, G\u00dcCL\u00dc C\u018fM\u0130YY\u018fT\u201d \u015f\u00fcar\u0131 alt\u0131nda yeni kampaniya \u00e7\u0259r\u00e7iv\u0259sind\u0259 <strong>&#8220;Mane\u0259l\u0259ri a\u015fmaq v\u0259 d\u0259yi\u015fikliy\u0259 yol a\u00e7maq&#8221;<\/strong> adl\u0131 t\u0259dbir t\u0259\u015fkil etdil\u0259r. Kampaniyan\u0131n m\u0259qs\u0259di gender b\u0259rab\u0259rliyi v\u0259 gender pariteti istiqam\u0259tind\u0259 beyn\u0259lxalq s\u0259viyy\u0259d\u0259 \u0259ld\u0259 olunmu\u015f ir\u0259lil\u0259yi\u015f bar\u0259d\u0259 m\u0259lumatl\u0131l\u0131\u011f\u0131 art\u0131rmaqd\u0131r.<\/p>\n\n\n\n<p>\u018flilliyi olan \u015f\u0259xsl\u0259rin \u00e7al\u0131\u015fd\u0131\u011f\u0131 sosial bax\u0131mdan inkl\u00fcziv m\u0259kan olan \u201cKa\u015falata\u201d kafesind\u0259 ke\u00e7iril\u0259n bu dinamik t\u0259dbird\u0259 diplomatiya, STEM v\u0259 inc\u0259s\u0259n\u0259t sah\u0259l\u0259rind\u0259 qad\u0131nlar\u0131n dayan\u0131ql\u0131l\u0131\u011f\u0131, liderliyi v\u0259 c\u0259miyy\u0259t\u0259 t\u0259siri vur\u011fuland\u0131. T\u0259dbir diplomatik ictimaiyy\u0259tl\u0259 Az\u0259rbaycan g\u0259ncl\u0259ri aras\u0131nda m\u0259nal\u0131 dialoq \u00fc\u00e7\u00fcn ruhland\u0131r\u0131c\u0131 v\u0259 g\u00fccl\u0259ndirici atmosfer yaratm\u0131\u015fd\u0131r. M\u0259zmunlu panel m\u00fczakir\u0259si vasit\u0259sil\u0259 diplomatlar, s\u0259naye ekspertl\u0259ri v\u0259 r\u0259ssamlar d\u0259 daxil olmaqla, g\u00f6rk\u0259mli qad\u0131n liderl\u0259r \u00e7\u0259tinlikl\u0259rin \u00f6hd\u0259sind\u0259n g\u0259lm\u0259k, stereotipl\u0259ri q\u0131rmaq v\u0259 daha inkl\u00fcziv g\u0259l\u0259c\u0259k formala\u015fd\u0131rmaqla ba\u011fl\u0131 t\u0259cr\u00fcb\u0259l\u0259rini b\u00f6l\u00fc\u015fd\u00fcl\u0259r.<\/p>\n\n\n\n<p>Salamlama nitqi il\u0259 \u00e7\u0131x\u0131\u015f ed\u0259n A\u0130-nin Az\u0259rbaycandak\u0131 S\u0259firi c\u0259nab Peter Michalko bildirib: \u201c<em>Avropa \u0130ttifaq\u0131 uzun m\u00fcdd\u0259tdir ki, gender b\u0259rab\u0259rliyi v\u0259 qad\u0131nlar\u0131n s\u0259lahiyy\u0259tl\u0259rinin art\u0131r\u0131lmas\u0131 s\u0259yl\u0259rini y\u00fcks\u0259k s\u0259viyy\u0259d\u0259 d\u0259st\u0259kl\u0259yir. Biz inan\u0131r\u0131q ki, qad\u0131nlar imkanlara, t\u0259hsil\u0259 v\u0259 liderlik rollar\u0131na b\u0259rab\u0259r \u00e7\u0131x\u0131\u015f \u0259ld\u0259 etdikd\u0259 c\u0259miyy\u0259tl\u0259r daha g\u00fccl\u00fc, firavan, innovativ v\u0259 dayan\u0131ql\u0131 olur<\/em>\u201d.<\/p>\n\n\n\n<p>M\u00fcxt\u0259lif sah\u0259l\u0259ri t\u0259msil ed\u0259n g\u0259ncl\u0259rin i\u015ftirak etdiyi bu t\u0259dbir sektorlar aras\u0131nda m\u00fcbadil\u0259 imkanlar\u0131 yaratd\u0131, g\u0259l\u0259c\u0259k n\u0259sli ruhland\u0131rd\u0131, habel\u0259 t\u0259msil\u00e7ilik v\u0259 inkl\u00fczivliyin \u0259h\u0259miyy\u0259tini g\u00fccl\u0259ndirdi.<\/p>\n\n\n\n<p>T\u0259dbird\u0259 a\u015fa\u011f\u0131dak\u0131 \u0259sas m\u00f6vzular m\u00fczakir\u0259 olundu:<\/p>\n\n\n\n<p>Diplomatiyada Qad\u0131nlar \u2013 Liderlik, t\u0259msil\u00e7ilik v\u0259 beyn\u0259lxalq m\u00fcnasib\u0259tl\u0259rd\u0259 d\u0259yi\u015fiklikl\u0259r\u0259 t\u0259sir etm\u0259k<\/p>\n\n\n\n<p>STEM sah\u0259sind\u0259 qad\u0131nlar &#8211; texnologiya v\u0259 elmd\u0259 innovasiya, inkl\u00fczivlik v\u0259 mane\u0259l\u0259rin q\u0131r\u0131lmas\u0131<\/p>\n\n\n\n<p>\u0130nc\u0259s\u0259n\u0259td\u0259 Qad\u0131nlar \u2013 M\u0259d\u0259niyy\u0259t sektorunda qad\u0131nlar\u0131n yarad\u0131c\u0131 fikirl\u0259ri, \u00fczl\u0259\u015fdikl\u0259ri \u00e7\u0259tinlikl\u0259r v\u0259 c\u0259miyy\u0259td\u0259 t\u0259siri<\/p>\n\n\n\n<p>T\u0259dbird\u0259 t\u0259\u015fkilat\u00e7\u0131lar qad\u0131nlar\u0131n c\u0259miyy\u0259td\u0259ki t\u0259sirini qeyd etdil\u0259r, m\u0259nal\u0131 m\u00fczakir\u0259l\u0259ri t\u0259\u015fviq etdil\u0259r, daha inkl\u00fcziv v\u0259 m\u00fcsb\u0259t g\u0259l\u0259c\u0259yin yarad\u0131lmas\u0131nda qad\u0131nlar\u0131n oynad\u0131qlar\u0131 rolu n\u00fcmayi\u015f etdirdil\u0259r.<\/p>\n\n\n\n<figure class=\"wp-block-gallery has-nested-images columns-default is-cropped wp-block-gallery-1 is-layout-flex wp-block-gallery-is-layout-flex\">\n<figure class=\"wp-block-image size-large\"><img loading=\"lazy\" decoding=\"async\" width=\"1024\" height=\"683\" data-id=\"66332\" src=\"https:\/\/eu4azerbaijan.eu\/wp-content\/uploads\/DSC2928-1024x683.jpg\" alt=\"\" class=\"wp-image-66332\" srcset=\"https:\/\/eu4azerbaijan.eu\/wp-content\/uploads\/DSC2928-1024x683.jpg 1024w, https:\/\/eu4azerbaijan.eu\/wp-content\/uploads\/DSC2928-300x200.jpg 300w, https:\/\/eu4azerbaijan.eu\/wp-content\/uploads\/DSC2928-768x512.jpg 768w, https:\/\/eu4azerbaijan.eu\/wp-content\/uploads\/DSC2928-1536x1024.jpg 1536w, https:\/\/eu4azerbaijan.eu\/wp-content\/uploads\/DSC2928-2048x1365.jpg 2048w\" sizes=\"(max-width: 1024px) 100vw, 1024px\" \/><\/figure>\n\n\n\n<figure class=\"wp-block-image size-large\"><img loading=\"lazy\" decoding=\"async\" width=\"1024\" height=\"683\" data-id=\"66330\" src=\"https:\/\/eu4azerbaijan.eu\/wp-content\/uploads\/DSC2859-1024x683.jpg\" alt=\"\" class=\"wp-image-66330\" srcset=\"https:\/\/eu4azerbaijan.eu\/wp-content\/uploads\/DSC2859-1024x683.jpg 1024w, https:\/\/eu4azerbaijan.eu\/wp-content\/uploads\/DSC2859-300x200.jpg 300w, https:\/\/eu4azerbaijan.eu\/wp-content\/uploads\/DSC2859-768x512.jpg 768w, https:\/\/eu4azerbaijan.eu\/wp-content\/uploads\/DSC2859-1536x1024.jpg 1536w, https:\/\/eu4azerbaijan.eu\/wp-content\/uploads\/DSC2859-2048x1365.jpg 2048w\" sizes=\"(max-width: 1024px) 100vw, 1024px\" \/><\/figure>\n\n\n\n<figure class=\"wp-block-image size-large\"><img loading=\"lazy\" decoding=\"async\" width=\"1024\" height=\"683\" data-id=\"66328\" src=\"https:\/\/eu4azerbaijan.eu\/wp-content\/uploads\/DSC2568-1024x683.jpg\" alt=\"\" class=\"wp-image-66328\" srcset=\"https:\/\/eu4azerbaijan.eu\/wp-content\/uploads\/DSC2568-1024x683.jpg 1024w, https:\/\/eu4azerbaijan.eu\/wp-content\/uploads\/DSC2568-300x200.jpg 300w, https:\/\/eu4azerbaijan.eu\/wp-content\/uploads\/DSC2568-768x512.jpg 768w, https:\/\/eu4azerbaijan.eu\/wp-content\/uploads\/DSC2568-1536x1024.jpg 1536w, https:\/\/eu4azerbaijan.eu\/wp-content\/uploads\/DSC2568-2048x1365.jpg 2048w\" sizes=\"(max-width: 1024px) 100vw, 1024px\" \/><\/figure>\n\n\n\n<figure class=\"wp-block-image size-large\"><img loading=\"lazy\" decoding=\"async\" width=\"1024\" height=\"683\" data-id=\"66322\" src=\"https:\/\/eu4azerbaijan.eu\/wp-content\/uploads\/DSC2475-1024x683.jpg\" alt=\"\" class=\"wp-image-66322\" srcset=\"https:\/\/eu4azerbaijan.eu\/wp-content\/uploads\/DSC2475-1024x683.jpg 1024w, https:\/\/eu4azerbaijan.eu\/wp-content\/uploads\/DSC2475-300x200.jpg 300w, https:\/\/eu4azerbaijan.eu\/wp-content\/uploads\/DSC2475-768x512.jpg 768w, https:\/\/eu4azerbaijan.eu\/wp-content\/uploads\/DSC2475-1536x1024.jpg 1536w, https:\/\/eu4azerbaijan.eu\/wp-content\/uploads\/DSC2475-2048x1365.jpg 2048w\" sizes=\"(max-width: 1024px) 100vw, 1024px\" \/><\/figure>\n\n\n\n<figure class=\"wp-block-image size-large\"><img loading=\"lazy\" decoding=\"async\" width=\"1024\" height=\"683\" data-id=\"66324\" src=\"https:\/\/eu4azerbaijan.eu\/wp-content\/uploads\/DSC2513-1024x683.jpg\" alt=\"\" class=\"wp-image-66324\" srcset=\"https:\/\/eu4azerbaijan.eu\/wp-content\/uploads\/DSC2513-1024x683.jpg 1024w, https:\/\/eu4azerbaijan.eu\/wp-content\/uploads\/DSC2513-300x200.jpg 300w, https:\/\/eu4azerbaijan.eu\/wp-content\/uploads\/DSC2513-768x512.jpg 768w, https:\/\/eu4azerbaijan.eu\/wp-content\/uploads\/DSC2513-1536x1024.jpg 1536w, https:\/\/eu4azerbaijan.eu\/wp-content\/uploads\/DSC2513-2048x1365.jpg 2048w\" sizes=\"(max-width: 1024px) 100vw, 1024px\" \/><\/figure>\n\n\n\n<figure class=\"wp-block-image size-large\"><img loading=\"lazy\" decoding=\"async\" width=\"1024\" height=\"683\" data-id=\"66326\" src=\"https:\/\/eu4azerbaijan.eu\/wp-content\/uploads\/DSC2554-1024x683.jpg\" alt=\"\" class=\"wp-image-66326\" srcset=\"https:\/\/eu4azerbaijan.eu\/wp-content\/uploads\/DSC2554-1024x683.jpg 1024w, https:\/\/eu4azerbaijan.eu\/wp-content\/uploads\/DSC2554-300x200.jpg 300w, https:\/\/eu4azerbaijan.eu\/wp-content\/uploads\/DSC2554-768x512.jpg 768w, https:\/\/eu4azerbaijan.eu\/wp-content\/uploads\/DSC2554-1536x1024.jpg 1536w, https:\/\/eu4azerbaijan.eu\/wp-content\/uploads\/DSC2554-2048x1365.jpg 2048w\" sizes=\"(max-width: 1024px) 100vw, 1024px\" \/><\/figure>\n<\/figure>\n","protected":false},"excerpt":{"rendered":"<p>7 mart 2025-ci il tarixind\u0259 Avropa \u0130ttifaq\u0131n\u0131n Az\u0259rbaycandak\u0131 N\u00fcmay\u0259nd\u0259liyi, Bel\u00e7ika Krall\u0131\u011f\u0131n\u0131n Az\u0259rbaycandak\u0131 S\u0259firliyi v\u0259 G\u0259nc Avropa S\u0259firl\u0259ri Beyn\u0259lxalq Qad\u0131nlar G\u00fcn\u00fcn\u00fc qeyd etm\u0259k m\u0259qs\u0259dil\u0259 \u201cG\u00dcCL\u00dc QADIN, G\u00dcCL\u00dc C\u018fM\u0130YY\u018fT\u201d \u015f\u00fcar\u0131 alt\u0131nda yeni kampaniya \u00e7\u0259r\u00e7iv\u0259sind\u0259 &#8220;Mane\u0259l\u0259ri a\u015fmaq v\u0259 d\u0259yi\u015fikliy\u0259 yol a\u00e7maq&#8221; adl\u0131 t\u0259dbir t\u0259\u015fkil etdil\u0259r. Kampaniyan\u0131n m\u0259qs\u0259di gender b\u0259rab\u0259rliyi v\u0259 gender pariteti istiqam\u0259tind\u0259 beyn\u0259lxalq s\u0259viyy\u0259d\u0259 \u0259ld\u0259 olunmu\u015f ir\u0259lil\u0259yi\u015f [&hellip;]<\/p>\n","protected":false},"author":19,"featured_media":66335,"comment_status":"closed","ping_status":"closed","sticky":false,"template":"","format":"standard","meta":{"_acf_changed":false,"footnotes":""},"categories":[374,284],"tags":[],"topic":[],"class_list":["post-66337","post","type-post","status-publish","format-standard","has-post-thumbnail","hentry","category-whats-happening-az","category-news-az"],"acf":[],"yoast_head":"<!-- This site is optimized with the Yoast SEO plugin v26.4 - https:\/\/yoast.com\/wordpress\/plugins\/seo\/ -->\n<title>&quot;Mane\u0259l\u0259ri a\u015fmaq v\u0259 d\u0259yi\u015fikliy\u0259 yol a\u00e7maq&quot; - EU for Azerbaijan<\/title>\n<meta name=\"robots\" content=\"index, follow, max-snippet:-1, max-image-preview:large, max-video-preview:-1\" \/>\n<link rel=\"canonical\" href=\"https:\/\/eu4azerbaijan.eu\/az\/breaking-barriers-overcoming-challenges\/\" \/>\n<meta property=\"og:locale\" content=\"az_AZ\" \/>\n<meta property=\"og:type\" content=\"article\" \/>\n<meta property=\"og:title\" content=\"&quot;Mane\u0259l\u0259ri a\u015fmaq v\u0259 d\u0259yi\u015fikliy\u0259 yol a\u00e7maq&quot; - EU for Azerbaijan\" \/>\n<meta property=\"og:description\" content=\"7 mart 2025-ci il tarixind\u0259 Avropa \u0130ttifaq\u0131n\u0131n Az\u0259rbaycandak\u0131 N\u00fcmay\u0259nd\u0259liyi, Bel\u00e7ika Krall\u0131\u011f\u0131n\u0131n Az\u0259rbaycandak\u0131 S\u0259firliyi v\u0259 G\u0259nc Avropa S\u0259firl\u0259ri Beyn\u0259lxalq Qad\u0131nlar G\u00fcn\u00fcn\u00fc qeyd etm\u0259k m\u0259qs\u0259dil\u0259 \u201cG\u00dcCL\u00dc QADIN, G\u00dcCL\u00dc C\u018fM\u0130YY\u018fT\u201d \u015f\u00fcar\u0131 alt\u0131nda yeni kampaniya \u00e7\u0259r\u00e7iv\u0259sind\u0259 &#8220;Mane\u0259l\u0259ri a\u015fmaq v\u0259 d\u0259yi\u015fikliy\u0259 yol a\u00e7maq&#8221; adl\u0131 t\u0259dbir t\u0259\u015fkil etdil\u0259r. Kampaniyan\u0131n m\u0259qs\u0259di gender b\u0259rab\u0259rliyi v\u0259 gender pariteti istiqam\u0259tind\u0259 beyn\u0259lxalq s\u0259viyy\u0259d\u0259 \u0259ld\u0259 olunmu\u015f ir\u0259lil\u0259yi\u015f [&hellip;]\" \/>\n<meta property=\"og:url\" content=\"https:\/\/eu4azerbaijan.eu\/az\/breaking-barriers-overcoming-challenges\/\" \/>\n<meta property=\"og:site_name\" content=\"EU for Azerbaijan\" \/>\n<meta property=\"article:published_time\" content=\"2025-03-10T09:12:12+00:00\" \/>\n<meta property=\"article:modified_time\" content=\"2025-03-10T09:13:32+00:00\" \/>\n<meta property=\"og:image\" content=\"https:\/\/eu4azerbaijan.eu\/wp-content\/uploads\/DSC2975-scaled.jpg\" \/>\n\t<meta property=\"og:image:width\" content=\"2560\" \/>\n\t<meta property=\"og:image:height\" content=\"1707\" \/>\n\t<meta property=\"og:image:type\" content=\"image\/jpeg\" \/>\n<meta name=\"author\" content=\"Aydan Topchibasheva\" \/>\n<meta name=\"twitter:card\" content=\"summary_large_image\" \/>\n<meta name=\"twitter:label1\" content=\"Written by\" \/>\n\t<meta name=\"twitter:data1\" content=\"Aydan Topchibasheva\" \/>\n\t<meta name=\"twitter:label2\" content=\"Est. reading time\" \/>\n\t<meta name=\"twitter:data2\" content=\"3 minutes\" \/>\n<script type=\"application\/ld+json\" class=\"yoast-schema-graph\">{\"@context\":\"https:\/\/schema.org\",\"@graph\":[{\"@type\":\"WebPage\",\"@id\":\"https:\/\/eu4azerbaijan.eu\/az\/breaking-barriers-overcoming-challenges\/\",\"url\":\"https:\/\/eu4azerbaijan.eu\/az\/breaking-barriers-overcoming-challenges\/\",\"name\":\"\\\"Mane\u0259l\u0259ri a\u015fmaq v\u0259 d\u0259yi\u015fikliy\u0259 yol a\u00e7maq\\\" - EU for Azerbaijan\",\"isPartOf\":{\"@id\":\"https:\/\/eu4azerbaijan.eu\/az\/#website\"},\"primaryImageOfPage\":{\"@id\":\"https:\/\/eu4azerbaijan.eu\/az\/breaking-barriers-overcoming-challenges\/#primaryimage\"},\"image\":{\"@id\":\"https:\/\/eu4azerbaijan.eu\/az\/breaking-barriers-overcoming-challenges\/#primaryimage\"},\"thumbnailUrl\":\"https:\/\/eu4azerbaijan.eu\/wp-content\/uploads\/DSC2975-scaled.jpg\",\"datePublished\":\"2025-03-10T09:12:12+00:00\",\"dateModified\":\"2025-03-10T09:13:32+00:00\",\"author\":{\"@id\":\"https:\/\/eu4azerbaijan.eu\/az\/#\/schema\/person\/cf17ddba07387955c481997af06797df\"},\"breadcrumb\":{\"@id\":\"https:\/\/eu4azerbaijan.eu\/az\/breaking-barriers-overcoming-challenges\/#breadcrumb\"},\"inLanguage\":\"az-AZ\",\"potentialAction\":[{\"@type\":\"ReadAction\",\"target\":[\"https:\/\/eu4azerbaijan.eu\/az\/breaking-barriers-overcoming-challenges\/\"]}]},{\"@type\":\"ImageObject\",\"inLanguage\":\"az-AZ\",\"@id\":\"https:\/\/eu4azerbaijan.eu\/az\/breaking-barriers-overcoming-challenges\/#primaryimage\",\"url\":\"https:\/\/eu4azerbaijan.eu\/wp-content\/uploads\/DSC2975-scaled.jpg\",\"contentUrl\":\"https:\/\/eu4azerbaijan.eu\/wp-content\/uploads\/DSC2975-scaled.jpg\",\"width\":2560,\"height\":1707},{\"@type\":\"BreadcrumbList\",\"@id\":\"https:\/\/eu4azerbaijan.eu\/az\/breaking-barriers-overcoming-challenges\/#breadcrumb\",\"itemListElement\":[{\"@type\":\"ListItem\",\"position\":1,\"name\":\"Home\",\"item\":\"https:\/\/eu4azerbaijan.eu\/az\/\"},{\"@type\":\"ListItem\",\"position\":2,\"name\":\"&#8220;Mane\u0259l\u0259ri a\u015fmaq v\u0259 d\u0259yi\u015fikliy\u0259 yol a\u00e7maq&#8221;\"}]},{\"@type\":\"WebSite\",\"@id\":\"https:\/\/eu4azerbaijan.eu\/az\/#website\",\"url\":\"https:\/\/eu4azerbaijan.eu\/az\/\",\"name\":\"EU for Azerbaijan\",\"description\":\"\",\"potentialAction\":[{\"@type\":\"SearchAction\",\"target\":{\"@type\":\"EntryPoint\",\"urlTemplate\":\"https:\/\/eu4azerbaijan.eu\/az\/?s={search_term_string}\"},\"query-input\":{\"@type\":\"PropertyValueSpecification\",\"valueRequired\":true,\"valueName\":\"search_term_string\"}}],\"inLanguage\":\"az-AZ\"},{\"@type\":\"Person\",\"@id\":\"https:\/\/eu4azerbaijan.eu\/az\/#\/schema\/person\/cf17ddba07387955c481997af06797df\",\"name\":\"Aydan Topchibasheva\",\"image\":{\"@type\":\"ImageObject\",\"inLanguage\":\"az-AZ\",\"@id\":\"https:\/\/eu4azerbaijan.eu\/az\/#\/schema\/person\/image\/\",\"url\":\"https:\/\/secure.gravatar.com\/avatar\/657ac54b68aced49adde2a29a43651c77d8555f376d5ee5dd68172194a09f856?s=96&d=mm&r=g\",\"contentUrl\":\"https:\/\/secure.gravatar.com\/avatar\/657ac54b68aced49adde2a29a43651c77d8555f376d5ee5dd68172194a09f856?s=96&d=mm&r=g\",\"caption\":\"Aydan Topchibasheva\"},\"url\":\"https:\/\/eu4azerbaijan.eu\/az\/author\/aydan\/\"}]}<\/script>\n<!-- \/ Yoast SEO plugin. -->","yoast_head_json":{"title":"\"Mane\u0259l\u0259ri a\u015fmaq v\u0259 d\u0259yi\u015fikliy\u0259 yol a\u00e7maq\" - EU for Azerbaijan","robots":{"index":"index","follow":"follow","max-snippet":"max-snippet:-1","max-image-preview":"max-image-preview:large","max-video-preview":"max-video-preview:-1"},"canonical":"https:\/\/eu4azerbaijan.eu\/az\/breaking-barriers-overcoming-challenges\/","og_locale":"az_AZ","og_type":"article","og_title":"\"Mane\u0259l\u0259ri a\u015fmaq v\u0259 d\u0259yi\u015fikliy\u0259 yol a\u00e7maq\" - EU for Azerbaijan","og_description":"7 mart 2025-ci il tarixind\u0259 Avropa \u0130ttifaq\u0131n\u0131n Az\u0259rbaycandak\u0131 N\u00fcmay\u0259nd\u0259liyi, Bel\u00e7ika Krall\u0131\u011f\u0131n\u0131n Az\u0259rbaycandak\u0131 S\u0259firliyi v\u0259 G\u0259nc Avropa S\u0259firl\u0259ri Beyn\u0259lxalq Qad\u0131nlar G\u00fcn\u00fcn\u00fc qeyd etm\u0259k m\u0259qs\u0259dil\u0259 \u201cG\u00dcCL\u00dc QADIN, G\u00dcCL\u00dc C\u018fM\u0130YY\u018fT\u201d \u015f\u00fcar\u0131 alt\u0131nda yeni kampaniya \u00e7\u0259r\u00e7iv\u0259sind\u0259 &#8220;Mane\u0259l\u0259ri a\u015fmaq v\u0259 d\u0259yi\u015fikliy\u0259 yol a\u00e7maq&#8221; adl\u0131 t\u0259dbir t\u0259\u015fkil etdil\u0259r. Kampaniyan\u0131n m\u0259qs\u0259di gender b\u0259rab\u0259rliyi v\u0259 gender pariteti istiqam\u0259tind\u0259 beyn\u0259lxalq s\u0259viyy\u0259d\u0259 \u0259ld\u0259 olunmu\u015f ir\u0259lil\u0259yi\u015f [&hellip;]","og_url":"https:\/\/eu4azerbaijan.eu\/az\/breaking-barriers-overcoming-challenges\/","og_site_name":"EU for Azerbaijan","article_published_time":"2025-03-10T09:12:12+00:00","article_modified_time":"2025-03-10T09:13:32+00:00","og_image":[{"width":2560,"height":1707,"url":"https:\/\/eu4azerbaijan.eu\/wp-content\/uploads\/DSC2975-scaled.jpg","type":"image\/jpeg"}],"author":"Aydan Topchibasheva","twitter_card":"summary_large_image","twitter_misc":{"Written by":"Aydan Topchibasheva","Est. reading time":"3 minutes"},"schema":{"@context":"https:\/\/schema.org","@graph":[{"@type":"WebPage","@id":"https:\/\/eu4azerbaijan.eu\/az\/breaking-barriers-overcoming-challenges\/","url":"https:\/\/eu4azerbaijan.eu\/az\/breaking-barriers-overcoming-challenges\/","name":"\"Mane\u0259l\u0259ri a\u015fmaq v\u0259 d\u0259yi\u015fikliy\u0259 yol a\u00e7maq\" - EU for Azerbaijan","isPartOf":{"@id":"https:\/\/eu4azerbaijan.eu\/az\/#website"},"primaryImageOfPage":{"@id":"https:\/\/eu4azerbaijan.eu\/az\/breaking-barriers-overcoming-challenges\/#primaryimage"},"image":{"@id":"https:\/\/eu4azerbaijan.eu\/az\/breaking-barriers-overcoming-challenges\/#primaryimage"},"thumbnailUrl":"https:\/\/eu4azerbaijan.eu\/wp-content\/uploads\/DSC2975-scaled.jpg","datePublished":"2025-03-10T09:12:12+00:00","dateModified":"2025-03-10T09:13:32+00:00","author":{"@id":"https:\/\/eu4azerbaijan.eu\/az\/#\/schema\/person\/cf17ddba07387955c481997af06797df"},"breadcrumb":{"@id":"https:\/\/eu4azerbaijan.eu\/az\/breaking-barriers-overcoming-challenges\/#breadcrumb"},"inLanguage":"az-AZ","potentialAction":[{"@type":"ReadAction","target":["https:\/\/eu4azerbaijan.eu\/az\/breaking-barriers-overcoming-challenges\/"]}]},{"@type":"ImageObject","inLanguage":"az-AZ","@id":"https:\/\/eu4azerbaijan.eu\/az\/breaking-barriers-overcoming-challenges\/#primaryimage","url":"https:\/\/eu4azerbaijan.eu\/wp-content\/uploads\/DSC2975-scaled.jpg","contentUrl":"https:\/\/eu4azerbaijan.eu\/wp-content\/uploads\/DSC2975-scaled.jpg","width":2560,"height":1707},{"@type":"BreadcrumbList","@id":"https:\/\/eu4azerbaijan.eu\/az\/breaking-barriers-overcoming-challenges\/#breadcrumb","itemListElement":[{"@type":"ListItem","position":1,"name":"Home","item":"https:\/\/eu4azerbaijan.eu\/az\/"},{"@type":"ListItem","position":2,"name":"&#8220;Mane\u0259l\u0259ri a\u015fmaq v\u0259 d\u0259yi\u015fikliy\u0259 yol a\u00e7maq&#8221;"}]},{"@type":"WebSite","@id":"https:\/\/eu4azerbaijan.eu\/az\/#website","url":"https:\/\/eu4azerbaijan.eu\/az\/","name":"EU for Azerbaijan","description":"","potentialAction":[{"@type":"SearchAction","target":{"@type":"EntryPoint","urlTemplate":"https:\/\/eu4azerbaijan.eu\/az\/?s={search_term_string}"},"query-input":{"@type":"PropertyValueSpecification","valueRequired":true,"valueName":"search_term_string"}}],"inLanguage":"az-AZ"},{"@type":"Person","@id":"https:\/\/eu4azerbaijan.eu\/az\/#\/schema\/person\/cf17ddba07387955c481997af06797df","name":"Aydan Topchibasheva","image":{"@type":"ImageObject","inLanguage":"az-AZ","@id":"https:\/\/eu4azerbaijan.eu\/az\/#\/schema\/person\/image\/","url":"https:\/\/secure.gravatar.com\/avatar\/657ac54b68aced49adde2a29a43651c77d8555f376d5ee5dd68172194a09f856?s=96&d=mm&r=g","contentUrl":"https:\/\/secure.gravatar.com\/avatar\/657ac54b68aced49adde2a29a43651c77d8555f376d5ee5dd68172194a09f856?s=96&d=mm&r=g","caption":"Aydan Topchibasheva"},"url":"https:\/\/eu4azerbaijan.eu\/az\/author\/aydan\/"}]}},"_links":{"self":[{"href":"https:\/\/eu4azerbaijan.eu\/az\/wp-json\/wp\/v2\/posts\/66337","targetHints":{"allow":["GET"]}}],"collection":[{"href":"https:\/\/eu4azerbaijan.eu\/az\/wp-json\/wp\/v2\/posts"}],"about":[{"href":"https:\/\/eu4azerbaijan.eu\/az\/wp-json\/wp\/v2\/types\/post"}],"author":[{"embeddable":true,"href":"https:\/\/eu4azerbaijan.eu\/az\/wp-json\/wp\/v2\/users\/19"}],"replies":[{"embeddable":true,"href":"https:\/\/eu4azerbaijan.eu\/az\/wp-json\/wp\/v2\/comments?post=66337"}],"version-history":[{"count":2,"href":"https:\/\/eu4azerbaijan.eu\/az\/wp-json\/wp\/v2\/posts\/66337\/revisions"}],"predecessor-version":[{"id":66339,"href":"https:\/\/eu4azerbaijan.eu\/az\/wp-json\/wp\/v2\/posts\/66337\/revisions\/66339"}],"wp:featuredmedia":[{"embeddable":true,"href":"https:\/\/eu4azerbaijan.eu\/az\/wp-json\/wp\/v2\/media\/66335"}],"wp:attachment":[{"href":"https:\/\/eu4azerbaijan.eu\/az\/wp-json\/wp\/v2\/media?parent=66337"}],"wp:term":[{"taxonomy":"category","embeddable":true,"href":"https:\/\/eu4azerbaijan.eu\/az\/wp-json\/wp\/v2\/categories?post=66337"},{"taxonomy":"post_tag","embeddable":true,"href":"https:\/\/eu4azerbaijan.eu\/az\/wp-json\/wp\/v2\/tags?post=66337"},{"taxonomy":"topic","embeddable":true,"href":"https:\/\/eu4azerbaijan.eu\/az\/wp-json\/wp\/v2\/topic?post=66337"}],"curies":[{"name":"wp","href":"https:\/\/api.w.org\/{rel}","templated":true}]}}