{"id":66143,"date":"2025-02-03T07:57:18","date_gmt":"2025-02-03T07:57:18","guid":{"rendered":"https:\/\/eu4azerbaijan.eu\/eu-commissioner-for-climate-action-wopke-hoekstra-at-ada-university-video\/"},"modified":"2025-02-18T08:00:56","modified_gmt":"2025-02-18T08:00:56","slug":"eu-commissioner-for-climate-action-wopke-hoekstra-at-ada-university-video","status":"publish","type":"post","link":"https:\/\/eu4azerbaijan.eu\/az\/eu-commissioner-for-climate-action-wopke-hoekstra-at-ada-university-video\/","title":{"rendered":"A\u0130-nin \u0130qlim F\u0259aliyy\u0259ti \u00fczr\u0259 Komissar\u0131 Vopke Hoekstra ADA Universitetind\u0259 &#8211; Video"},"content":{"rendered":"\n<p>Avropa \u0130ttifaq\u0131n\u0131n \u0130qlim F\u0259aliyy\u0259ti \u00fczr\u0259 Komissar\u0131 Vopke Hoekstra ADA Universitetind\u0259 t\u0259l\u0259b\u0259l\u0259r v\u0259\u00a0G\u0259nc Avropa S\u0259firl\u0259ri il\u0259 iqlim v\u0259 \u0259traf m\u00fchit m\u00f6vzusunda m\u00fczakir\u0259l\u0259r apard\u0131. G\u00f6r\u00fc\u015f ADA \u0130nki\u015faf v\u0259 Diplomatiya \u0130nstitutunun direktoru Fariz \u0130smay\u0131lzad\u0259nin moderatorlu\u011fu il\u0259 \u201cQlobal Perspektivl\u0259r\u201d m\u00fchazir\u0259 seriyas\u0131 v\u0259 Avropa \u0130ttifaq\u0131n\u0131n\u00a0<a href=\"https:\/\/www.facebook.com\/watch\/hashtag\/forourplanet?__eep__=6%2F&amp;__tn__=*NK-R\">#ForOurPlanet<\/a>\u00a0kampaniyas\u0131 \u00e7\u0259r\u00e7iv\u0259sind\u0259 ba\u015f tutdu.<\/p>\n\n\n\n<figure class=\"wp-block-embed is-type-video is-provider-youtube wp-block-embed-youtube wp-embed-aspect-16-9 wp-has-aspect-ratio\"><div class=\"wp-block-embed__wrapper\">\n<iframe loading=\"lazy\" title=\"EU Commissioner for Climate Action Wopke Hoekstra at ADA University #ForOurPlanet\" width=\"500\" height=\"281\" src=\"https:\/\/www.youtube.com\/embed\/AXOOIWkPwGQ?feature=oembed\" frameborder=\"0\" allow=\"accelerometer; autoplay; clipboard-write; encrypted-media; gyroscope; picture-in-picture; web-share\" referrerpolicy=\"strict-origin-when-cross-origin\" allowfullscreen><\/iframe>\n<\/div><\/figure>\n","protected":false},"excerpt":{"rendered":"<p>Avropa \u0130ttifaq\u0131n\u0131n \u0130qlim F\u0259aliyy\u0259ti \u00fczr\u0259 Komissar\u0131 Vopke Hoekstra ADA Universitetind\u0259 t\u0259l\u0259b\u0259l\u0259r v\u0259\u00a0G\u0259nc Avropa S\u0259firl\u0259ri il\u0259 iqlim v\u0259 \u0259traf m\u00fchit m\u00f6vzusunda m\u00fczakir\u0259l\u0259r apard\u0131. G\u00f6r\u00fc\u015f ADA \u0130nki\u015faf v\u0259 Diplomatiya \u0130nstitutunun direktoru Fariz \u0130smay\u0131lzad\u0259nin moderatorlu\u011fu il\u0259 \u201cQlobal Perspektivl\u0259r\u201d m\u00fchazir\u0259 seriyas\u0131 v\u0259 Avropa \u0130ttifaq\u0131n\u0131n\u00a0#ForOurPlanet\u00a0kampaniyas\u0131 \u00e7\u0259r\u00e7iv\u0259sind\u0259 ba\u015f tutdu.<\/p>\n","protected":false},"author":19,"featured_media":65488,"comment_status":"closed","ping_status":"closed","sticky":false,"template":"","format":"standard","meta":{"_acf_changed":false,"footnotes":""},"categories":[374,284],"tags":[],"topic":[],"class_list":["post-66143","post","type-post","status-publish","format-standard","has-post-thumbnail","hentry","category-whats-happening-az","category-news-az"],"acf":[],"yoast_head":"<!-- This site is optimized with the Yoast SEO plugin v26.4 - https:\/\/yoast.com\/wordpress\/plugins\/seo\/ -->\n<title>A\u0130-nin \u0130qlim F\u0259aliyy\u0259ti \u00fczr\u0259 Komissar\u0131 Vopke Hoekstra ADA Universitetind\u0259 - Video - EU for Azerbaijan<\/title>\n<meta name=\"robots\" content=\"index, follow, max-snippet:-1, max-image-preview:large, max-video-preview:-1\" \/>\n<link rel=\"canonical\" href=\"https:\/\/eu4azerbaijan.eu\/az\/eu-commissioner-for-climate-action-wopke-hoekstra-at-ada-university-video\/\" \/>\n<meta property=\"og:locale\" content=\"az_AZ\" \/>\n<meta property=\"og:type\" content=\"article\" \/>\n<meta property=\"og:title\" content=\"A\u0130-nin \u0130qlim F\u0259aliyy\u0259ti \u00fczr\u0259 Komissar\u0131 Vopke Hoekstra ADA Universitetind\u0259 - Video - EU for Azerbaijan\" \/>\n<meta property=\"og:description\" content=\"Avropa \u0130ttifaq\u0131n\u0131n \u0130qlim F\u0259aliyy\u0259ti \u00fczr\u0259 Komissar\u0131 Vopke Hoekstra ADA Universitetind\u0259 t\u0259l\u0259b\u0259l\u0259r v\u0259\u00a0G\u0259nc Avropa S\u0259firl\u0259ri il\u0259 iqlim v\u0259 \u0259traf m\u00fchit m\u00f6vzusunda m\u00fczakir\u0259l\u0259r apard\u0131. G\u00f6r\u00fc\u015f ADA \u0130nki\u015faf v\u0259 Diplomatiya \u0130nstitutunun direktoru Fariz \u0130smay\u0131lzad\u0259nin moderatorlu\u011fu il\u0259 \u201cQlobal Perspektivl\u0259r\u201d m\u00fchazir\u0259 seriyas\u0131 v\u0259 Avropa \u0130ttifaq\u0131n\u0131n\u00a0#ForOurPlanet\u00a0kampaniyas\u0131 \u00e7\u0259r\u00e7iv\u0259sind\u0259 ba\u015f tutdu.\" \/>\n<meta property=\"og:url\" content=\"https:\/\/eu4azerbaijan.eu\/az\/eu-commissioner-for-climate-action-wopke-hoekstra-at-ada-university-video\/\" \/>\n<meta property=\"og:site_name\" content=\"EU for Azerbaijan\" \/>\n<meta property=\"article:published_time\" content=\"2025-02-03T07:57:18+00:00\" \/>\n<meta property=\"article:modified_time\" content=\"2025-02-18T08:00:56+00:00\" \/>\n<meta property=\"og:image\" content=\"https:\/\/eu4azerbaijan.eu\/wp-content\/uploads\/DSC4769-scaled.jpg\" \/>\n\t<meta property=\"og:image:width\" content=\"2560\" \/>\n\t<meta property=\"og:image:height\" content=\"1707\" \/>\n\t<meta property=\"og:image:type\" content=\"image\/jpeg\" \/>\n<meta name=\"author\" content=\"Aydan Topchibasheva\" \/>\n<meta name=\"twitter:card\" content=\"summary_large_image\" \/>\n<meta name=\"twitter:label1\" content=\"Written by\" \/>\n\t<meta name=\"twitter:data1\" content=\"Aydan Topchibasheva\" \/>\n\t<meta name=\"twitter:label2\" content=\"Est. reading time\" \/>\n\t<meta name=\"twitter:data2\" content=\"1 minute\" \/>\n<script type=\"application\/ld+json\" class=\"yoast-schema-graph\">{\"@context\":\"https:\/\/schema.org\",\"@graph\":[{\"@type\":\"WebPage\",\"@id\":\"https:\/\/eu4azerbaijan.eu\/az\/eu-commissioner-for-climate-action-wopke-hoekstra-at-ada-university-video\/\",\"url\":\"https:\/\/eu4azerbaijan.eu\/az\/eu-commissioner-for-climate-action-wopke-hoekstra-at-ada-university-video\/\",\"name\":\"A\u0130-nin \u0130qlim F\u0259aliyy\u0259ti \u00fczr\u0259 Komissar\u0131 Vopke Hoekstra ADA Universitetind\u0259 - Video - EU for Azerbaijan\",\"isPartOf\":{\"@id\":\"https:\/\/eu4azerbaijan.eu\/az\/#website\"},\"primaryImageOfPage\":{\"@id\":\"https:\/\/eu4azerbaijan.eu\/az\/eu-commissioner-for-climate-action-wopke-hoekstra-at-ada-university-video\/#primaryimage\"},\"image\":{\"@id\":\"https:\/\/eu4azerbaijan.eu\/az\/eu-commissioner-for-climate-action-wopke-hoekstra-at-ada-university-video\/#primaryimage\"},\"thumbnailUrl\":\"https:\/\/eu4azerbaijan.eu\/wp-content\/uploads\/DSC4769-scaled.jpg\",\"datePublished\":\"2025-02-03T07:57:18+00:00\",\"dateModified\":\"2025-02-18T08:00:56+00:00\",\"author\":{\"@id\":\"https:\/\/eu4azerbaijan.eu\/az\/#\/schema\/person\/cf17ddba07387955c481997af06797df\"},\"breadcrumb\":{\"@id\":\"https:\/\/eu4azerbaijan.eu\/az\/eu-commissioner-for-climate-action-wopke-hoekstra-at-ada-university-video\/#breadcrumb\"},\"inLanguage\":\"az-AZ\",\"potentialAction\":[{\"@type\":\"ReadAction\",\"target\":[\"https:\/\/eu4azerbaijan.eu\/az\/eu-commissioner-for-climate-action-wopke-hoekstra-at-ada-university-video\/\"]}]},{\"@type\":\"ImageObject\",\"inLanguage\":\"az-AZ\",\"@id\":\"https:\/\/eu4azerbaijan.eu\/az\/eu-commissioner-for-climate-action-wopke-hoekstra-at-ada-university-video\/#primaryimage\",\"url\":\"https:\/\/eu4azerbaijan.eu\/wp-content\/uploads\/DSC4769-scaled.jpg\",\"contentUrl\":\"https:\/\/eu4azerbaijan.eu\/wp-content\/uploads\/DSC4769-scaled.jpg\",\"width\":2560,\"height\":1707},{\"@type\":\"BreadcrumbList\",\"@id\":\"https:\/\/eu4azerbaijan.eu\/az\/eu-commissioner-for-climate-action-wopke-hoekstra-at-ada-university-video\/#breadcrumb\",\"itemListElement\":[{\"@type\":\"ListItem\",\"position\":1,\"name\":\"Home\",\"item\":\"https:\/\/eu4azerbaijan.eu\/az\/\"},{\"@type\":\"ListItem\",\"position\":2,\"name\":\"A\u0130-nin \u0130qlim F\u0259aliyy\u0259ti \u00fczr\u0259 Komissar\u0131 Vopke Hoekstra ADA Universitetind\u0259 &#8211; Video\"}]},{\"@type\":\"WebSite\",\"@id\":\"https:\/\/eu4azerbaijan.eu\/az\/#website\",\"url\":\"https:\/\/eu4azerbaijan.eu\/az\/\",\"name\":\"EU for Azerbaijan\",\"description\":\"\",\"potentialAction\":[{\"@type\":\"SearchAction\",\"target\":{\"@type\":\"EntryPoint\",\"urlTemplate\":\"https:\/\/eu4azerbaijan.eu\/az\/?s={search_term_string}\"},\"query-input\":{\"@type\":\"PropertyValueSpecification\",\"valueRequired\":true,\"valueName\":\"search_term_string\"}}],\"inLanguage\":\"az-AZ\"},{\"@type\":\"Person\",\"@id\":\"https:\/\/eu4azerbaijan.eu\/az\/#\/schema\/person\/cf17ddba07387955c481997af06797df\",\"name\":\"Aydan Topchibasheva\",\"image\":{\"@type\":\"ImageObject\",\"inLanguage\":\"az-AZ\",\"@id\":\"https:\/\/eu4azerbaijan.eu\/az\/#\/schema\/person\/image\/\",\"url\":\"https:\/\/secure.gravatar.com\/avatar\/657ac54b68aced49adde2a29a43651c77d8555f376d5ee5dd68172194a09f856?s=96&d=mm&r=g\",\"contentUrl\":\"https:\/\/secure.gravatar.com\/avatar\/657ac54b68aced49adde2a29a43651c77d8555f376d5ee5dd68172194a09f856?s=96&d=mm&r=g\",\"caption\":\"Aydan Topchibasheva\"},\"url\":\"https:\/\/eu4azerbaijan.eu\/az\/author\/aydan\/\"}]}<\/script>\n<!-- \/ Yoast SEO plugin. -->","yoast_head_json":{"title":"A\u0130-nin \u0130qlim F\u0259aliyy\u0259ti \u00fczr\u0259 Komissar\u0131 Vopke Hoekstra ADA Universitetind\u0259 - Video - EU for Azerbaijan","robots":{"index":"index","follow":"follow","max-snippet":"max-snippet:-1","max-image-preview":"max-image-preview:large","max-video-preview":"max-video-preview:-1"},"canonical":"https:\/\/eu4azerbaijan.eu\/az\/eu-commissioner-for-climate-action-wopke-hoekstra-at-ada-university-video\/","og_locale":"az_AZ","og_type":"article","og_title":"A\u0130-nin \u0130qlim F\u0259aliyy\u0259ti \u00fczr\u0259 Komissar\u0131 Vopke Hoekstra ADA Universitetind\u0259 - Video - EU for Azerbaijan","og_description":"Avropa \u0130ttifaq\u0131n\u0131n \u0130qlim F\u0259aliyy\u0259ti \u00fczr\u0259 Komissar\u0131 Vopke Hoekstra ADA Universitetind\u0259 t\u0259l\u0259b\u0259l\u0259r v\u0259\u00a0G\u0259nc Avropa S\u0259firl\u0259ri il\u0259 iqlim v\u0259 \u0259traf m\u00fchit m\u00f6vzusunda m\u00fczakir\u0259l\u0259r apard\u0131. G\u00f6r\u00fc\u015f ADA \u0130nki\u015faf v\u0259 Diplomatiya \u0130nstitutunun direktoru Fariz \u0130smay\u0131lzad\u0259nin moderatorlu\u011fu il\u0259 \u201cQlobal Perspektivl\u0259r\u201d m\u00fchazir\u0259 seriyas\u0131 v\u0259 Avropa \u0130ttifaq\u0131n\u0131n\u00a0#ForOurPlanet\u00a0kampaniyas\u0131 \u00e7\u0259r\u00e7iv\u0259sind\u0259 ba\u015f tutdu.","og_url":"https:\/\/eu4azerbaijan.eu\/az\/eu-commissioner-for-climate-action-wopke-hoekstra-at-ada-university-video\/","og_site_name":"EU for Azerbaijan","article_published_time":"2025-02-03T07:57:18+00:00","article_modified_time":"2025-02-18T08:00:56+00:00","og_image":[{"width":2560,"height":1707,"url":"https:\/\/eu4azerbaijan.eu\/wp-content\/uploads\/DSC4769-scaled.jpg","type":"image\/jpeg"}],"author":"Aydan Topchibasheva","twitter_card":"summary_large_image","twitter_misc":{"Written by":"Aydan Topchibasheva","Est. reading time":"1 minute"},"schema":{"@context":"https:\/\/schema.org","@graph":[{"@type":"WebPage","@id":"https:\/\/eu4azerbaijan.eu\/az\/eu-commissioner-for-climate-action-wopke-hoekstra-at-ada-university-video\/","url":"https:\/\/eu4azerbaijan.eu\/az\/eu-commissioner-for-climate-action-wopke-hoekstra-at-ada-university-video\/","name":"A\u0130-nin \u0130qlim F\u0259aliyy\u0259ti \u00fczr\u0259 Komissar\u0131 Vopke Hoekstra ADA Universitetind\u0259 - Video - EU for Azerbaijan","isPartOf":{"@id":"https:\/\/eu4azerbaijan.eu\/az\/#website"},"primaryImageOfPage":{"@id":"https:\/\/eu4azerbaijan.eu\/az\/eu-commissioner-for-climate-action-wopke-hoekstra-at-ada-university-video\/#primaryimage"},"image":{"@id":"https:\/\/eu4azerbaijan.eu\/az\/eu-commissioner-for-climate-action-wopke-hoekstra-at-ada-university-video\/#primaryimage"},"thumbnailUrl":"https:\/\/eu4azerbaijan.eu\/wp-content\/uploads\/DSC4769-scaled.jpg","datePublished":"2025-02-03T07:57:18+00:00","dateModified":"2025-02-18T08:00:56+00:00","author":{"@id":"https:\/\/eu4azerbaijan.eu\/az\/#\/schema\/person\/cf17ddba07387955c481997af06797df"},"breadcrumb":{"@id":"https:\/\/eu4azerbaijan.eu\/az\/eu-commissioner-for-climate-action-wopke-hoekstra-at-ada-university-video\/#breadcrumb"},"inLanguage":"az-AZ","potentialAction":[{"@type":"ReadAction","target":["https:\/\/eu4azerbaijan.eu\/az\/eu-commissioner-for-climate-action-wopke-hoekstra-at-ada-university-video\/"]}]},{"@type":"ImageObject","inLanguage":"az-AZ","@id":"https:\/\/eu4azerbaijan.eu\/az\/eu-commissioner-for-climate-action-wopke-hoekstra-at-ada-university-video\/#primaryimage","url":"https:\/\/eu4azerbaijan.eu\/wp-content\/uploads\/DSC4769-scaled.jpg","contentUrl":"https:\/\/eu4azerbaijan.eu\/wp-content\/uploads\/DSC4769-scaled.jpg","width":2560,"height":1707},{"@type":"BreadcrumbList","@id":"https:\/\/eu4azerbaijan.eu\/az\/eu-commissioner-for-climate-action-wopke-hoekstra-at-ada-university-video\/#breadcrumb","itemListElement":[{"@type":"ListItem","position":1,"name":"Home","item":"https:\/\/eu4azerbaijan.eu\/az\/"},{"@type":"ListItem","position":2,"name":"A\u0130-nin \u0130qlim F\u0259aliyy\u0259ti \u00fczr\u0259 Komissar\u0131 Vopke Hoekstra ADA Universitetind\u0259 &#8211; Video"}]},{"@type":"WebSite","@id":"https:\/\/eu4azerbaijan.eu\/az\/#website","url":"https:\/\/eu4azerbaijan.eu\/az\/","name":"EU for Azerbaijan","description":"","potentialAction":[{"@type":"SearchAction","target":{"@type":"EntryPoint","urlTemplate":"https:\/\/eu4azerbaijan.eu\/az\/?s={search_term_string}"},"query-input":{"@type":"PropertyValueSpecification","valueRequired":true,"valueName":"search_term_string"}}],"inLanguage":"az-AZ"},{"@type":"Person","@id":"https:\/\/eu4azerbaijan.eu\/az\/#\/schema\/person\/cf17ddba07387955c481997af06797df","name":"Aydan Topchibasheva","image":{"@type":"ImageObject","inLanguage":"az-AZ","@id":"https:\/\/eu4azerbaijan.eu\/az\/#\/schema\/person\/image\/","url":"https:\/\/secure.gravatar.com\/avatar\/657ac54b68aced49adde2a29a43651c77d8555f376d5ee5dd68172194a09f856?s=96&d=mm&r=g","contentUrl":"https:\/\/secure.gravatar.com\/avatar\/657ac54b68aced49adde2a29a43651c77d8555f376d5ee5dd68172194a09f856?s=96&d=mm&r=g","caption":"Aydan Topchibasheva"},"url":"https:\/\/eu4azerbaijan.eu\/az\/author\/aydan\/"}]}},"_links":{"self":[{"href":"https:\/\/eu4azerbaijan.eu\/az\/wp-json\/wp\/v2\/posts\/66143","targetHints":{"allow":["GET"]}}],"collection":[{"href":"https:\/\/eu4azerbaijan.eu\/az\/wp-json\/wp\/v2\/posts"}],"about":[{"href":"https:\/\/eu4azerbaijan.eu\/az\/wp-json\/wp\/v2\/types\/post"}],"author":[{"embeddable":true,"href":"https:\/\/eu4azerbaijan.eu\/az\/wp-json\/wp\/v2\/users\/19"}],"replies":[{"embeddable":true,"href":"https:\/\/eu4azerbaijan.eu\/az\/wp-json\/wp\/v2\/comments?post=66143"}],"version-history":[{"count":2,"href":"https:\/\/eu4azerbaijan.eu\/az\/wp-json\/wp\/v2\/posts\/66143\/revisions"}],"predecessor-version":[{"id":66145,"href":"https:\/\/eu4azerbaijan.eu\/az\/wp-json\/wp\/v2\/posts\/66143\/revisions\/66145"}],"wp:featuredmedia":[{"embeddable":true,"href":"https:\/\/eu4azerbaijan.eu\/az\/wp-json\/wp\/v2\/media\/65488"}],"wp:attachment":[{"href":"https:\/\/eu4azerbaijan.eu\/az\/wp-json\/wp\/v2\/media?parent=66143"}],"wp:term":[{"taxonomy":"category","embeddable":true,"href":"https:\/\/eu4azerbaijan.eu\/az\/wp-json\/wp\/v2\/categories?post=66143"},{"taxonomy":"post_tag","embeddable":true,"href":"https:\/\/eu4azerbaijan.eu\/az\/wp-json\/wp\/v2\/tags?post=66143"},{"taxonomy":"topic","embeddable":true,"href":"https:\/\/eu4azerbaijan.eu\/az\/wp-json\/wp\/v2\/topic?post=66143"}],"curies":[{"name":"wp","href":"https:\/\/api.w.org\/{rel}","templated":true}]}}