{"id":65745,"date":"2024-11-06T10:29:19","date_gmt":"2024-11-06T10:29:19","guid":{"rendered":"https:\/\/eu4azerbaijan.eu\/water-unites-us-all-photo-exhibition\/"},"modified":"2024-11-15T10:32:32","modified_gmt":"2024-11-15T10:32:32","slug":"water-unites-us-all-photo-exhibition","status":"publish","type":"post","link":"https:\/\/eu4azerbaijan.eu\/az\/water-unites-us-all-photo-exhibition\/","title":{"rendered":"\u201cBizi birl\u0259\u015fdir\u0259n su\u201d fotos\u0259rgisi"},"content":{"rendered":"\n<p>7-10 noyabr tarixl\u0259drind\u0259 Avropa \u0130ttifaq\u0131n\u0131n Az\u0259rbaycandak\u0131 N\u00fcmay\u0259nd\u0259liyi Avropa \u0130ttifaq\u0131na \u00fczv d\u00f6vl\u0259tl\u0259rin s\u0259firlikl\u0259ri il\u0259 birg\u0259 be\u015finci \u201cFantazEU\u201d M\u0259d\u0259ni \u0130rs Festival\u0131 \u00e7\u0259r\u00e7iv\u0259sind\u0259 \u201cBizi birl\u0259\u015fdir\u0259n su\u201d fotos\u0259rgisini t\u0259\u015fkil edir. Avstriya, Bel\u00e7ika, Xorvatiya, \u00c7exiya, Fransa, Macar\u0131stan, Latviya, Litva, Hollandiya, Pol\u015fa, Rum\u0131niya, Slovakiya v\u0259 \u0130sve\u00e7 s\u0259firlikl\u0259ri \u00e7ay v\u0259 \u015f\u0259lal\u0259l\u0259r kimi t\u0259bi\u0259td\u0259 suyun f\u00fcsunkar \u015f\u0259kill\u0259rini, el\u0259c\u0259 d\u0259 Avropa \u015f\u0259h\u0259rl\u0259rini g\u00f6z\u0259ll\u0259\u015fdir\u0259n <a><\/a>heyr\u0259tamiz f\u0259vvar\u0259l\u0259rin fotolar\u0131n\u0131 t\u0259qdim edibl\u0259r.<\/p>\n\n\n\n<p><strong>\u00dcnvan:<\/strong> Fabrica Gallery (Landmark Biznes M\u0259rk\u0259zinin yan\u0131, Fransa-Az\u0259rbaycan Universiteti il\u0259 \u00fczb\u0259-uz)<\/p>\n\n\n\n<p><\/p>\n","protected":false},"excerpt":{"rendered":"<p>7-10 noyabr tarixl\u0259drind\u0259 Avropa \u0130ttifaq\u0131n\u0131n Az\u0259rbaycandak\u0131 N\u00fcmay\u0259nd\u0259liyi Avropa \u0130ttifaq\u0131na \u00fczv d\u00f6vl\u0259tl\u0259rin s\u0259firlikl\u0259ri il\u0259 birg\u0259 be\u015finci \u201cFantazEU\u201d M\u0259d\u0259ni \u0130rs Festival\u0131 \u00e7\u0259r\u00e7iv\u0259sind\u0259 \u201cBizi birl\u0259\u015fdir\u0259n su\u201d fotos\u0259rgisini t\u0259\u015fkil edir. Avstriya, Bel\u00e7ika, Xorvatiya, \u00c7exiya, Fransa, Macar\u0131stan, Latviya, Litva, Hollandiya, Pol\u015fa, Rum\u0131niya, Slovakiya v\u0259 \u0130sve\u00e7 s\u0259firlikl\u0259ri \u00e7ay v\u0259 \u015f\u0259lal\u0259l\u0259r kimi t\u0259bi\u0259td\u0259 suyun f\u00fcsunkar \u015f\u0259kill\u0259rini, el\u0259c\u0259 d\u0259 Avropa \u015f\u0259h\u0259rl\u0259rini g\u00f6z\u0259ll\u0259\u015fdir\u0259n heyr\u0259tamiz [&hellip;]<\/p>\n","protected":false},"author":19,"featured_media":65743,"comment_status":"closed","ping_status":"closed","sticky":false,"template":"","format":"standard","meta":{"_acf_changed":false,"footnotes":""},"categories":[303,374,284],"tags":[],"topic":[],"class_list":["post-65745","post","type-post","status-publish","format-standard","has-post-thumbnail","hentry","category-opportunities-az","category-whats-happening-az","category-news-az"],"acf":[],"yoast_head":"<!-- This site is optimized with the Yoast SEO plugin v26.4 - https:\/\/yoast.com\/wordpress\/plugins\/seo\/ -->\n<title>\u201cBizi birl\u0259\u015fdir\u0259n su\u201d fotos\u0259rgisi - EU for Azerbaijan<\/title>\n<meta name=\"robots\" content=\"index, follow, max-snippet:-1, max-image-preview:large, max-video-preview:-1\" \/>\n<link rel=\"canonical\" href=\"https:\/\/eu4azerbaijan.eu\/az\/water-unites-us-all-photo-exhibition\/\" \/>\n<meta property=\"og:locale\" content=\"az_AZ\" \/>\n<meta property=\"og:type\" content=\"article\" \/>\n<meta property=\"og:title\" content=\"\u201cBizi birl\u0259\u015fdir\u0259n su\u201d fotos\u0259rgisi - EU for Azerbaijan\" \/>\n<meta property=\"og:description\" content=\"7-10 noyabr tarixl\u0259drind\u0259 Avropa \u0130ttifaq\u0131n\u0131n Az\u0259rbaycandak\u0131 N\u00fcmay\u0259nd\u0259liyi Avropa \u0130ttifaq\u0131na \u00fczv d\u00f6vl\u0259tl\u0259rin s\u0259firlikl\u0259ri il\u0259 birg\u0259 be\u015finci \u201cFantazEU\u201d M\u0259d\u0259ni \u0130rs Festival\u0131 \u00e7\u0259r\u00e7iv\u0259sind\u0259 \u201cBizi birl\u0259\u015fdir\u0259n su\u201d fotos\u0259rgisini t\u0259\u015fkil edir. Avstriya, Bel\u00e7ika, Xorvatiya, \u00c7exiya, Fransa, Macar\u0131stan, Latviya, Litva, Hollandiya, Pol\u015fa, Rum\u0131niya, Slovakiya v\u0259 \u0130sve\u00e7 s\u0259firlikl\u0259ri \u00e7ay v\u0259 \u015f\u0259lal\u0259l\u0259r kimi t\u0259bi\u0259td\u0259 suyun f\u00fcsunkar \u015f\u0259kill\u0259rini, el\u0259c\u0259 d\u0259 Avropa \u015f\u0259h\u0259rl\u0259rini g\u00f6z\u0259ll\u0259\u015fdir\u0259n heyr\u0259tamiz [&hellip;]\" \/>\n<meta property=\"og:url\" content=\"https:\/\/eu4azerbaijan.eu\/az\/water-unites-us-all-photo-exhibition\/\" \/>\n<meta property=\"og:site_name\" content=\"EU for Azerbaijan\" \/>\n<meta property=\"article:published_time\" content=\"2024-11-06T10:29:19+00:00\" \/>\n<meta property=\"article:modified_time\" content=\"2024-11-15T10:32:32+00:00\" \/>\n<meta property=\"og:image\" content=\"https:\/\/eu4azerbaijan.eu\/wp-content\/uploads\/fs.jpg\" \/>\n\t<meta property=\"og:image:width\" content=\"1131\" \/>\n\t<meta property=\"og:image:height\" content=\"1600\" \/>\n\t<meta property=\"og:image:type\" content=\"image\/jpeg\" \/>\n<meta name=\"author\" content=\"Aydan Topchibasheva\" \/>\n<meta name=\"twitter:card\" content=\"summary_large_image\" \/>\n<meta name=\"twitter:label1\" content=\"Written by\" \/>\n\t<meta name=\"twitter:data1\" content=\"Aydan Topchibasheva\" \/>\n\t<meta name=\"twitter:label2\" content=\"Est. reading time\" \/>\n\t<meta name=\"twitter:data2\" content=\"1 minute\" \/>\n<script type=\"application\/ld+json\" class=\"yoast-schema-graph\">{\"@context\":\"https:\/\/schema.org\",\"@graph\":[{\"@type\":\"WebPage\",\"@id\":\"https:\/\/eu4azerbaijan.eu\/az\/water-unites-us-all-photo-exhibition\/\",\"url\":\"https:\/\/eu4azerbaijan.eu\/az\/water-unites-us-all-photo-exhibition\/\",\"name\":\"\u201cBizi birl\u0259\u015fdir\u0259n su\u201d fotos\u0259rgisi - EU for Azerbaijan\",\"isPartOf\":{\"@id\":\"https:\/\/eu4azerbaijan.eu\/az\/#website\"},\"primaryImageOfPage\":{\"@id\":\"https:\/\/eu4azerbaijan.eu\/az\/water-unites-us-all-photo-exhibition\/#primaryimage\"},\"image\":{\"@id\":\"https:\/\/eu4azerbaijan.eu\/az\/water-unites-us-all-photo-exhibition\/#primaryimage\"},\"thumbnailUrl\":\"https:\/\/eu4azerbaijan.eu\/wp-content\/uploads\/fs.jpg\",\"datePublished\":\"2024-11-06T10:29:19+00:00\",\"dateModified\":\"2024-11-15T10:32:32+00:00\",\"author\":{\"@id\":\"https:\/\/eu4azerbaijan.eu\/az\/#\/schema\/person\/cf17ddba07387955c481997af06797df\"},\"breadcrumb\":{\"@id\":\"https:\/\/eu4azerbaijan.eu\/az\/water-unites-us-all-photo-exhibition\/#breadcrumb\"},\"inLanguage\":\"az-AZ\",\"potentialAction\":[{\"@type\":\"ReadAction\",\"target\":[\"https:\/\/eu4azerbaijan.eu\/az\/water-unites-us-all-photo-exhibition\/\"]}]},{\"@type\":\"ImageObject\",\"inLanguage\":\"az-AZ\",\"@id\":\"https:\/\/eu4azerbaijan.eu\/az\/water-unites-us-all-photo-exhibition\/#primaryimage\",\"url\":\"https:\/\/eu4azerbaijan.eu\/wp-content\/uploads\/fs.jpg\",\"contentUrl\":\"https:\/\/eu4azerbaijan.eu\/wp-content\/uploads\/fs.jpg\",\"width\":1131,\"height\":1600},{\"@type\":\"BreadcrumbList\",\"@id\":\"https:\/\/eu4azerbaijan.eu\/az\/water-unites-us-all-photo-exhibition\/#breadcrumb\",\"itemListElement\":[{\"@type\":\"ListItem\",\"position\":1,\"name\":\"Home\",\"item\":\"https:\/\/eu4azerbaijan.eu\/az\/\"},{\"@type\":\"ListItem\",\"position\":2,\"name\":\"\u201cBizi birl\u0259\u015fdir\u0259n su\u201d fotos\u0259rgisi\"}]},{\"@type\":\"WebSite\",\"@id\":\"https:\/\/eu4azerbaijan.eu\/az\/#website\",\"url\":\"https:\/\/eu4azerbaijan.eu\/az\/\",\"name\":\"EU for Azerbaijan\",\"description\":\"\",\"potentialAction\":[{\"@type\":\"SearchAction\",\"target\":{\"@type\":\"EntryPoint\",\"urlTemplate\":\"https:\/\/eu4azerbaijan.eu\/az\/?s={search_term_string}\"},\"query-input\":{\"@type\":\"PropertyValueSpecification\",\"valueRequired\":true,\"valueName\":\"search_term_string\"}}],\"inLanguage\":\"az-AZ\"},{\"@type\":\"Person\",\"@id\":\"https:\/\/eu4azerbaijan.eu\/az\/#\/schema\/person\/cf17ddba07387955c481997af06797df\",\"name\":\"Aydan Topchibasheva\",\"image\":{\"@type\":\"ImageObject\",\"inLanguage\":\"az-AZ\",\"@id\":\"https:\/\/eu4azerbaijan.eu\/az\/#\/schema\/person\/image\/\",\"url\":\"https:\/\/secure.gravatar.com\/avatar\/657ac54b68aced49adde2a29a43651c77d8555f376d5ee5dd68172194a09f856?s=96&d=mm&r=g\",\"contentUrl\":\"https:\/\/secure.gravatar.com\/avatar\/657ac54b68aced49adde2a29a43651c77d8555f376d5ee5dd68172194a09f856?s=96&d=mm&r=g\",\"caption\":\"Aydan Topchibasheva\"},\"url\":\"https:\/\/eu4azerbaijan.eu\/az\/author\/aydan\/\"}]}<\/script>\n<!-- \/ Yoast SEO plugin. -->","yoast_head_json":{"title":"\u201cBizi birl\u0259\u015fdir\u0259n su\u201d fotos\u0259rgisi - EU for Azerbaijan","robots":{"index":"index","follow":"follow","max-snippet":"max-snippet:-1","max-image-preview":"max-image-preview:large","max-video-preview":"max-video-preview:-1"},"canonical":"https:\/\/eu4azerbaijan.eu\/az\/water-unites-us-all-photo-exhibition\/","og_locale":"az_AZ","og_type":"article","og_title":"\u201cBizi birl\u0259\u015fdir\u0259n su\u201d fotos\u0259rgisi - EU for Azerbaijan","og_description":"7-10 noyabr tarixl\u0259drind\u0259 Avropa \u0130ttifaq\u0131n\u0131n Az\u0259rbaycandak\u0131 N\u00fcmay\u0259nd\u0259liyi Avropa \u0130ttifaq\u0131na \u00fczv d\u00f6vl\u0259tl\u0259rin s\u0259firlikl\u0259ri il\u0259 birg\u0259 be\u015finci \u201cFantazEU\u201d M\u0259d\u0259ni \u0130rs Festival\u0131 \u00e7\u0259r\u00e7iv\u0259sind\u0259 \u201cBizi birl\u0259\u015fdir\u0259n su\u201d fotos\u0259rgisini t\u0259\u015fkil edir. Avstriya, Bel\u00e7ika, Xorvatiya, \u00c7exiya, Fransa, Macar\u0131stan, Latviya, Litva, Hollandiya, Pol\u015fa, Rum\u0131niya, Slovakiya v\u0259 \u0130sve\u00e7 s\u0259firlikl\u0259ri \u00e7ay v\u0259 \u015f\u0259lal\u0259l\u0259r kimi t\u0259bi\u0259td\u0259 suyun f\u00fcsunkar \u015f\u0259kill\u0259rini, el\u0259c\u0259 d\u0259 Avropa \u015f\u0259h\u0259rl\u0259rini g\u00f6z\u0259ll\u0259\u015fdir\u0259n heyr\u0259tamiz [&hellip;]","og_url":"https:\/\/eu4azerbaijan.eu\/az\/water-unites-us-all-photo-exhibition\/","og_site_name":"EU for Azerbaijan","article_published_time":"2024-11-06T10:29:19+00:00","article_modified_time":"2024-11-15T10:32:32+00:00","og_image":[{"width":1131,"height":1600,"url":"https:\/\/eu4azerbaijan.eu\/wp-content\/uploads\/fs.jpg","type":"image\/jpeg"}],"author":"Aydan Topchibasheva","twitter_card":"summary_large_image","twitter_misc":{"Written by":"Aydan Topchibasheva","Est. reading time":"1 minute"},"schema":{"@context":"https:\/\/schema.org","@graph":[{"@type":"WebPage","@id":"https:\/\/eu4azerbaijan.eu\/az\/water-unites-us-all-photo-exhibition\/","url":"https:\/\/eu4azerbaijan.eu\/az\/water-unites-us-all-photo-exhibition\/","name":"\u201cBizi birl\u0259\u015fdir\u0259n su\u201d fotos\u0259rgisi - EU for Azerbaijan","isPartOf":{"@id":"https:\/\/eu4azerbaijan.eu\/az\/#website"},"primaryImageOfPage":{"@id":"https:\/\/eu4azerbaijan.eu\/az\/water-unites-us-all-photo-exhibition\/#primaryimage"},"image":{"@id":"https:\/\/eu4azerbaijan.eu\/az\/water-unites-us-all-photo-exhibition\/#primaryimage"},"thumbnailUrl":"https:\/\/eu4azerbaijan.eu\/wp-content\/uploads\/fs.jpg","datePublished":"2024-11-06T10:29:19+00:00","dateModified":"2024-11-15T10:32:32+00:00","author":{"@id":"https:\/\/eu4azerbaijan.eu\/az\/#\/schema\/person\/cf17ddba07387955c481997af06797df"},"breadcrumb":{"@id":"https:\/\/eu4azerbaijan.eu\/az\/water-unites-us-all-photo-exhibition\/#breadcrumb"},"inLanguage":"az-AZ","potentialAction":[{"@type":"ReadAction","target":["https:\/\/eu4azerbaijan.eu\/az\/water-unites-us-all-photo-exhibition\/"]}]},{"@type":"ImageObject","inLanguage":"az-AZ","@id":"https:\/\/eu4azerbaijan.eu\/az\/water-unites-us-all-photo-exhibition\/#primaryimage","url":"https:\/\/eu4azerbaijan.eu\/wp-content\/uploads\/fs.jpg","contentUrl":"https:\/\/eu4azerbaijan.eu\/wp-content\/uploads\/fs.jpg","width":1131,"height":1600},{"@type":"BreadcrumbList","@id":"https:\/\/eu4azerbaijan.eu\/az\/water-unites-us-all-photo-exhibition\/#breadcrumb","itemListElement":[{"@type":"ListItem","position":1,"name":"Home","item":"https:\/\/eu4azerbaijan.eu\/az\/"},{"@type":"ListItem","position":2,"name":"\u201cBizi birl\u0259\u015fdir\u0259n su\u201d fotos\u0259rgisi"}]},{"@type":"WebSite","@id":"https:\/\/eu4azerbaijan.eu\/az\/#website","url":"https:\/\/eu4azerbaijan.eu\/az\/","name":"EU for Azerbaijan","description":"","potentialAction":[{"@type":"SearchAction","target":{"@type":"EntryPoint","urlTemplate":"https:\/\/eu4azerbaijan.eu\/az\/?s={search_term_string}"},"query-input":{"@type":"PropertyValueSpecification","valueRequired":true,"valueName":"search_term_string"}}],"inLanguage":"az-AZ"},{"@type":"Person","@id":"https:\/\/eu4azerbaijan.eu\/az\/#\/schema\/person\/cf17ddba07387955c481997af06797df","name":"Aydan Topchibasheva","image":{"@type":"ImageObject","inLanguage":"az-AZ","@id":"https:\/\/eu4azerbaijan.eu\/az\/#\/schema\/person\/image\/","url":"https:\/\/secure.gravatar.com\/avatar\/657ac54b68aced49adde2a29a43651c77d8555f376d5ee5dd68172194a09f856?s=96&d=mm&r=g","contentUrl":"https:\/\/secure.gravatar.com\/avatar\/657ac54b68aced49adde2a29a43651c77d8555f376d5ee5dd68172194a09f856?s=96&d=mm&r=g","caption":"Aydan Topchibasheva"},"url":"https:\/\/eu4azerbaijan.eu\/az\/author\/aydan\/"}]}},"_links":{"self":[{"href":"https:\/\/eu4azerbaijan.eu\/az\/wp-json\/wp\/v2\/posts\/65745","targetHints":{"allow":["GET"]}}],"collection":[{"href":"https:\/\/eu4azerbaijan.eu\/az\/wp-json\/wp\/v2\/posts"}],"about":[{"href":"https:\/\/eu4azerbaijan.eu\/az\/wp-json\/wp\/v2\/types\/post"}],"author":[{"embeddable":true,"href":"https:\/\/eu4azerbaijan.eu\/az\/wp-json\/wp\/v2\/users\/19"}],"replies":[{"embeddable":true,"href":"https:\/\/eu4azerbaijan.eu\/az\/wp-json\/wp\/v2\/comments?post=65745"}],"version-history":[{"count":2,"href":"https:\/\/eu4azerbaijan.eu\/az\/wp-json\/wp\/v2\/posts\/65745\/revisions"}],"predecessor-version":[{"id":65747,"href":"https:\/\/eu4azerbaijan.eu\/az\/wp-json\/wp\/v2\/posts\/65745\/revisions\/65747"}],"wp:featuredmedia":[{"embeddable":true,"href":"https:\/\/eu4azerbaijan.eu\/az\/wp-json\/wp\/v2\/media\/65743"}],"wp:attachment":[{"href":"https:\/\/eu4azerbaijan.eu\/az\/wp-json\/wp\/v2\/media?parent=65745"}],"wp:term":[{"taxonomy":"category","embeddable":true,"href":"https:\/\/eu4azerbaijan.eu\/az\/wp-json\/wp\/v2\/categories?post=65745"},{"taxonomy":"post_tag","embeddable":true,"href":"https:\/\/eu4azerbaijan.eu\/az\/wp-json\/wp\/v2\/tags?post=65745"},{"taxonomy":"topic","embeddable":true,"href":"https:\/\/eu4azerbaijan.eu\/az\/wp-json\/wp\/v2\/topic?post=65745"}],"curies":[{"name":"wp","href":"https:\/\/api.w.org\/{rel}","templated":true}]}}