{"id":65457,"date":"2024-10-08T09:00:00","date_gmt":"2024-10-08T09:00:00","guid":{"rendered":"https:\/\/eu4azerbaijan.eu\/?p=65457"},"modified":"2024-10-02T10:06:20","modified_gmt":"2024-10-02T10:06:20","slug":"the-azerbaijan-red-crescent-society-became-the-sun-after-the-rain-that-had-fallen-on-me","status":"publish","type":"post","link":"https:\/\/eu4azerbaijan.eu\/az\/the-azerbaijan-red-crescent-society-became-the-sun-after-the-rain-that-had-fallen-on-me\/","title":{"rendered":"\u201cAypara m\u0259n\u0259 ya\u011fan ya\u011f\u0131\u015fdan sonra \u00e7\u0131xan g\u00fcn\u0259\u015f oldu\u201d"},"content":{"rendered":"\n<p>Avropa \u0130ttifaq\u0131n\u0131n (A\u0130) maliyy\u0259 d\u0259st\u0259yil\u0259 Beyn\u0259lxalq Q\u0131z\u0131l Xa\u00e7 v\u0259 Q\u0131z\u0131l Aypara C\u0259miyy\u0259tl\u0259ri Federasiyas\u0131 (IFRC) \u201cAz\u0259rbaycanda icman\u0131n ehtiyaclar\u0131 v\u0259 yerli imkanlarla v\u0259t\u0259nda\u015f c\u0259miyy\u0259ti t\u0259\u015fkilatlar\u0131n\u0131n potensiallar\u0131 aras\u0131ndak\u0131 bo\u015flu\u011fun aradan qald\u0131r\u0131lmas\u0131\u201d layih\u0259sini h\u0259yata ke\u00e7irir. Bu layih\u0259 \u00e7\u0259r\u00e7iv\u0259sind\u0259 IFRC Az\u0259rbaycan Q\u0131z\u0131l Aypara C\u0259miyy\u0259tinin (AzQAC) \u201cPsixi Sa\u011flaml\u0131q v\u0259 Psixososial d\u0259st\u0259k (PSPSD)\u201d potensial\u0131n\u0131 g\u00fccl\u0259ndirm\u0259y\u0259 davam edir.<\/p>\n\n\n\n<p>Bu G\u00fcneldir, v\u0259 o Az\u0259rbaycan Q\u0131z\u0131l Aypara C\u0259miyy\u0259ti k\u00f6n\u00fcll\u00fcs\u00fcd\u00fcr.<\/p>\n\n\n\n<p><em>\u201cM\u0259n G\u00fcnel Abbasova, art\u0131q 14 ildir ki, Az\u0259rbaycan Q\u0131z\u0131l Aypara C\u0259miyy\u0259tinin A\u011fdam rayon b\u00f6lm\u0259sinin k\u00f6n\u00fcll\u00fcs\u00fcy\u0259m. M\u0259n A\u011fdamdan m\u0259cburi k\u00f6\u00e7k\u00fcn d\u00fc\u015f\u0259nd\u0259 m\u00fcnaqi\u015f\u0259 m\u0259nim d\u0259 h\u0259yat\u0131mda bir \u00e7ox iz buraxm\u0131\u015fd\u0131. Yar\u0131m qalan arzular\u0131m, itirdiyim u\u015faql\u0131\u011f\u0131m v\u0259 ali t\u0259hsil ala bilm\u0259m\u0259yim m\u0259ni \u00e7ox sarsd\u0131 psixoloji olaraq. \u00c7\u0259tinlikl\u0259r\u0259 baxmayaraq, balaca G\u00fcnel art\u0131q b\u00f6y\u00fcm\u00fc\u015fd\u00fc, lakin arzular\u0131 h\u0259l\u0259 d\u0259 h\u0259yata ke\u00e7m\u0259mi\u015fdi. H\u0259mi\u015f\u0259 d\u00fc\u015f\u00fcn\u00fcrd\u00fcm ki, b\u00f6y\u00fcy\u0259nd\u0259 h\u00fcquq\u015f\u00fcnas olacam v\u0259 ehtiyac\u0131 olan insanlara yard\u0131m ed\u0259c\u0259m.\u201d<\/em><\/p>\n\n\n\n<p>Milli C\u0259miyy\u0259t G\u00fcnelin h\u0259yat\u0131nda b\u00f6y\u00fck rol oynay\u0131b. Az\u0259rbaycan Q\u0131z\u0131l Aypara C\u0259miyy\u0259ti ona bu \u00e7\u0259tin zamanlarda \u00fcmid verib v\u0259 potensial\u0131n\u0131 realla\u015fd\u0131rma\u011fa k\u00f6m\u0259k edib.<\/p>\n\n\n\n<p><em>\u201cZaman ke\u00e7irdi, ya\u015f \u00fcst\u0259 ya\u015f g\u0259lirdi, v\u0259 m\u0259n art\u0131q \u00fcm\u00fcdimi itirirdim. Lakin, \u00fcm\u00fcdl\u0259rimin t\u00fck\u0259ndiyi anda t\u0259sad\u00fcf\u0259n yolda bir n\u0259f\u0259rl\u0259 qar\u015f\u0131la\u015fd\u0131m. O insan m\u0259n\u0259 Az\u0259rbaycan Q\u0131z\u0131l Aypara C\u0259miyy\u0259tinin A\u011fdam b\u00f6lm\u0259si haqq\u0131nda m\u0259lumat verdi v\u0259 orada k\u00f6n\u00fcll\u00fcl\u0259r\u0259 ehtiyac oldu\u011funu bildirdi. Maddi maraq g\u00fcdm\u0259d\u0259n k\u00f6n\u00fcll\u00fc kimi bu c\u0259miyy\u0259tin missiyas\u0131n\u0131n bir par\u00e7as\u0131 ola bil\u0259c\u0259yimi dedi. Normalda h\u0259r birimiz \u0259n az\u0131ndan x\u0131rda da olsa g\u00f6r\u0259c\u0259yimiz i\u015fin qar\u015f\u0131l\u0131\u011f\u0131nda maddi d\u0259st\u0259k g\u00f6zl\u0259yirik. Amma n\u0259d\u0259ns\u0259 he\u00e7 bu bar\u0259d\u0259 bir saniy\u0259 bel\u0259 d\u00fc\u015f\u00fcnm\u0259dim. Art\u0131q se\u00e7imimi etmi\u015fdim. \u00d6z\u00fcm\u00fc orada tapaca\u011f\u0131ma inand\u0131m v\u0259 h\u0259qiq\u0259t\u0259n d\u0259 yan\u0131lmad\u0131m. Se\u00e7imim m\u0259nim q\u0131r\u0131q qanadlar\u0131m\u0131 sa\u011faltd\u0131, Aypara m\u0259n\u0259 ya\u011fan ya\u011f\u0131\u015fdan sonra \u00e7\u0131xan g\u00fcn\u0259\u015f oldu.\u201d<\/em><\/p>\n\n\n\n<p>Milli C\u0259miyy\u0259t onun bilik v\u0259 bacar\u0131qlar\u0131n\u0131 inki\u015faf etdir\u0259 bil\u0259c\u0259yi bir yer\u0259 \u00e7evrildi. Amma G\u00fcnel n\u0259yins\u0259 \u00e7at\u0131\u015fmad\u0131\u011f\u0131n\u0131 hiss edirdi.<\/p>\n\n\n\n<p><em>\u201c\u0130ll\u0259r sonra art\u0131q t\u0259hsil almaq fikrind\u0259n vaz ke\u00e7mi\u015fdim, lakin Ayparada \u00f6z\u00fcm\u00fc inki\u015faf etdirm\u0259y\u0259 ba\u015flad\u0131m. Bir \u00e7ox rayon v\u0259 \u015f\u0259h\u0259rl\u0259r\u0259 s\u0259f\u0259r ed\u0259r\u0259k, pe\u015f\u0259kar v\u0259 savadl\u0131 t\u0259lim\u00e7il\u0259rd\u0259n t\u0259liml\u0259r al\u0131rd\u0131m, bilik v\u0259 bacar\u0131qlar\u0131m\u0131 art\u0131r\u0131rd\u0131m.<\/em><\/p>\n\n\n\n<p><em>\u00d6z\u00fcm\u00fc daha xo\u015fb\u0259xt hiss etm\u0259y\u0259 ba\u015flam\u0131\u015fd\u0131m. Humanitar yard\u0131mlar\u0131n paylan\u0131\u015f\u0131nda i\u015ftirak edirdim, ilk yard\u0131m g\u00f6st\u0259rirdim, bir \u00e7ox insanlarla tan\u0131\u015f olub dostlar qazanm\u0131\u015fd\u0131m. Amma h\u0259l\u0259 d\u0259 \u00e7at\u0131\u015fmayan n\u0259l\u0259rs\u0259 var idi. B\u0259z\u0259n \u00e7ox g\u00fccs\u00fcz olurdum. B\u0259z\u0259n is\u0259 ba\u015f ver\u0259n hadis\u0259l\u0259rd\u0259n qa\u00e7\u0131rd\u0131m, sank\u0131 itirm\u0259k qorxusu m\u0259ni ir\u0259li add\u0131m atma\u011fa imkan vermirdi.<\/em><\/p>\n\n\n\n<p><em>\u0130nki\u015faf etdikc\u0259 \u00f6z\u00fcm\u00fc axtar\u0131\u015fa ba\u015flad\u0131m. M\u0259n kim\u0259m, hardayam v\u0259 harda olmal\u0131yam. Bu suallar\u0131 \u00f6z\u00fcm\u0259 daima verirdim. Bir g\u00fcn yeni t\u0259limin elan\u0131n\u0131 etdil\u0259r. T\u0259limin ad\u0131n\u0131 e\u015fid\u0259rk\u0259n i\u00e7imd\u0259 xo\u015f bir q\u0131\u011f\u0131lc\u0131m yarand\u0131. \u018flb\u0259tt\u0259 ki, h\u0259yat\u0131m\u0131n o m\u0259qam\u0131nda m\u0259nim m\u0259hz bu m\u00f6vzuda t\u0259lim\u0259 ehtiyac\u0131m var idi \u2013 psixi sa\u011flaml\u0131q v\u0259 psixososial d\u0259st\u0259k.\u201d<\/em><\/p>\n\n\n\n<p>Psixi sa\u011flaml\u0131q v\u0259 psixososial d\u0259st\u0259k sah\u0259si onun h\u0259yat\u0131nda \u00e7at\u0131\u015fmayan bo\u015flu\u011fu doldurdu \u2013 \u00f6z\u00fcn\u00fc daha yax\u015f\u0131 anlama\u011fa, daha xo\u015fb\u0259xt olma\u011fa v\u0259 insanlarla m\u00fcnasib\u0259tl\u0259rini yax\u015f\u0131la\u015fd\u0131rma\u011fa k\u00f6m\u0259k etdi.<\/p>\n\n\n\n<p><em>\u201cBu m\u00f6vzuda t\u0259liml\u0259r\u0259 qat\u0131l\u0131b f\u0259aliyy\u0259tl\u0259rd\u0259 i\u015ftirak ed\u0259rk\u0259n, \u00f6z\u00fcm\u00fc v\u0259 \u00f6z ist\u0259kl\u0259rimi daha yax\u015f\u0131 ba\u015fa d\u00fc\u015fm\u0259y\u0259 ba\u015flad\u0131m. \u0130ll\u0259r ke\u00e7dikc\u0259 art\u0131q bu sah\u0259d\u0259 dig\u0259r insanlar\u0131 da maarifl\u0259ndir\u0259 bil\u0259c\u0259yim s\u0259viyy\u0259y\u0259 \u00e7atm\u0131\u015fd\u0131m. Art\u0131q m\u0259n AzQAC k\u00f6n\u00fcll\u00fcs\u00fc olaraq m\u0259kt\u0259bl\u0259rd\u0259 5-12 ya\u015f u\u015faqlarla i\u015fl\u0259m\u0259y\u0259 ba\u015flam\u0131\u015fd\u0131m, onlara psixososial m\u0259\u015f\u011f\u0259l\u0259l\u0259r ke\u00e7irirdim.\u201d<\/em><\/p>\n\n\n\n<p><em>\u201c\u0130ndi \u00f6z\u00fcm\u00fc tapm\u0131\u015fam v\u0259 bilir\u0259m ki, psixi sa\u011flam olmadan sa\u011flam olmaq m\u00fcmk\u00fcn deyil. Stresl\u0259 m\u00fcbariz\u0259 etm\u0259yi bacar\u0131ram v\u0259 \u00f6z\u00fcm\u0259 qay\u011f\u0131 g\u00f6st\u0259rir\u0259m. Bu m\u00f6vzuda icma \u00fczvl\u0259rin\u0259 maarifl\u0259ndirm\u0259 sessiyalar\u0131 ke\u00e7irir\u0259m. \u0130nsanlar psixi sa\u011flaml\u0131q m\u00f6vzusunda maarifli olsalar bu onlar\u0131 psixoloji problem v\u0259 travmalardan qoruya bil\u0259r. H\u0259yatlar\u0131nda \u00fcmid v\u0259 i\u015f\u0131q oldu\u011funun f\u0259rqin\u0259 vararlar.\u201d<\/em><\/p>\n\n\n\n<p><em>\u201c\u0130ndi daha g\u00fccl\u00fcy\u0259m. \u0130st\u0259yir\u0259m ki, insanlar bir olub \u00e7\u0259tin v\u0259ziyy\u0259tl\u0259rd\u0259 bir biril\u0259rin\u0259 d\u0259st\u0259k olsun. Nec\u0259 ki biz bunu Aypara C\u0259miyy\u0259tind\u0259 edirik. M\u0259ni m\u0259n\u0259 qazand\u0131ran Az\u0259rbaycan Q\u0131z\u0131l Aypara C\u0259miyy\u0259tin\u0259 v\u0259 Psixi Sa\u011flaml\u0131q v\u0259 Psixososial d\u0259st\u0259k komandas\u0131na \u00e7ox t\u0259\u015f\u0259kk\u00fcr edir\u0259m.\u201d<\/em><\/p>\n\n\n\n<figure class=\"wp-block-gallery has-nested-images columns-default is-cropped wp-block-gallery-1 is-layout-flex wp-block-gallery-is-layout-flex\">\n<figure class=\"wp-block-image size-large\"><img loading=\"lazy\" decoding=\"async\" width=\"1024\" height=\"573\" data-id=\"65452\" src=\"https:\/\/eu4azerbaijan.eu\/wp-content\/uploads\/Photo3-1024x573.png\" alt=\"\" class=\"wp-image-65452\" srcset=\"https:\/\/eu4azerbaijan.eu\/wp-content\/uploads\/Photo3-1024x573.png 1024w, https:\/\/eu4azerbaijan.eu\/wp-content\/uploads\/Photo3-300x168.png 300w, https:\/\/eu4azerbaijan.eu\/wp-content\/uploads\/Photo3-768x430.png 768w, https:\/\/eu4azerbaijan.eu\/wp-content\/uploads\/Photo3-1536x860.png 1536w, https:\/\/eu4azerbaijan.eu\/wp-content\/uploads\/Photo3.png 1642w\" sizes=\"(max-width: 1024px) 100vw, 1024px\" \/><\/figure>\n\n\n\n<figure class=\"wp-block-image size-large\"><img loading=\"lazy\" decoding=\"async\" width=\"1024\" height=\"577\" data-id=\"65450\" src=\"https:\/\/eu4azerbaijan.eu\/wp-content\/uploads\/Photo2-1024x577.png\" alt=\"\" class=\"wp-image-65450\" srcset=\"https:\/\/eu4azerbaijan.eu\/wp-content\/uploads\/Photo2-1024x577.png 1024w, https:\/\/eu4azerbaijan.eu\/wp-content\/uploads\/Photo2-300x169.png 300w, https:\/\/eu4azerbaijan.eu\/wp-content\/uploads\/Photo2-768x433.png 768w, https:\/\/eu4azerbaijan.eu\/wp-content\/uploads\/Photo2-1536x866.png 1536w, https:\/\/eu4azerbaijan.eu\/wp-content\/uploads\/Photo2.png 1612w\" sizes=\"(max-width: 1024px) 100vw, 1024px\" \/><\/figure>\n\n\n\n<figure class=\"wp-block-image size-large\"><img loading=\"lazy\" decoding=\"async\" width=\"576\" height=\"1024\" data-id=\"65448\" src=\"https:\/\/eu4azerbaijan.eu\/wp-content\/uploads\/photo1-576x1024.jpg\" alt=\"\" class=\"wp-image-65448\" srcset=\"https:\/\/eu4azerbaijan.eu\/wp-content\/uploads\/photo1-576x1024.jpg 576w, https:\/\/eu4azerbaijan.eu\/wp-content\/uploads\/photo1-169x300.jpg 169w, https:\/\/eu4azerbaijan.eu\/wp-content\/uploads\/photo1.jpg 720w\" sizes=\"(max-width: 576px) 100vw, 576px\" \/><\/figure>\n<\/figure>\n","protected":false},"excerpt":{"rendered":"<p>Avropa \u0130ttifaq\u0131n\u0131n (A\u0130) maliyy\u0259 d\u0259st\u0259yil\u0259 Beyn\u0259lxalq Q\u0131z\u0131l Xa\u00e7 v\u0259 Q\u0131z\u0131l Aypara C\u0259miyy\u0259tl\u0259ri Federasiyas\u0131 (IFRC) \u201cAz\u0259rbaycanda icman\u0131n ehtiyaclar\u0131 v\u0259 yerli imkanlarla v\u0259t\u0259nda\u015f c\u0259miyy\u0259ti t\u0259\u015fkilatlar\u0131n\u0131n potensiallar\u0131 aras\u0131ndak\u0131 bo\u015flu\u011fun aradan qald\u0131r\u0131lmas\u0131\u201d layih\u0259sini h\u0259yata ke\u00e7irir. Bu layih\u0259 \u00e7\u0259r\u00e7iv\u0259sind\u0259 IFRC Az\u0259rbaycan Q\u0131z\u0131l Aypara C\u0259miyy\u0259tinin (AzQAC) \u201cPsixi Sa\u011flaml\u0131q v\u0259 Psixososial d\u0259st\u0259k (PSPSD)\u201d potensial\u0131n\u0131 g\u00fccl\u0259ndirm\u0259y\u0259 davam edir. Bu G\u00fcneldir, v\u0259 o Az\u0259rbaycan [&hellip;]<\/p>\n","protected":false},"author":19,"featured_media":65455,"comment_status":"closed","ping_status":"closed","sticky":false,"template":"","format":"standard","meta":{"_acf_changed":false,"footnotes":""},"categories":[302,374,284],"tags":[],"topic":[],"class_list":["post-65457","post","type-post","status-publish","format-standard","has-post-thumbnail","hentry","category-feature-story-az","category-whats-happening-az","category-news-az"],"acf":[],"yoast_head":"<!-- This site is optimized with the Yoast SEO plugin v26.4 - https:\/\/yoast.com\/wordpress\/plugins\/seo\/ -->\n<title>\u201cAypara m\u0259n\u0259 ya\u011fan ya\u011f\u0131\u015fdan sonra \u00e7\u0131xan g\u00fcn\u0259\u015f oldu\u201d - EU for Azerbaijan<\/title>\n<meta name=\"robots\" content=\"index, follow, max-snippet:-1, max-image-preview:large, max-video-preview:-1\" \/>\n<link rel=\"canonical\" href=\"https:\/\/eu4azerbaijan.eu\/az\/the-azerbaijan-red-crescent-society-became-the-sun-after-the-rain-that-had-fallen-on-me\/\" \/>\n<meta property=\"og:locale\" content=\"az_AZ\" \/>\n<meta property=\"og:type\" content=\"article\" \/>\n<meta property=\"og:title\" content=\"\u201cAypara m\u0259n\u0259 ya\u011fan ya\u011f\u0131\u015fdan sonra \u00e7\u0131xan g\u00fcn\u0259\u015f oldu\u201d - EU for Azerbaijan\" \/>\n<meta property=\"og:description\" content=\"Avropa \u0130ttifaq\u0131n\u0131n (A\u0130) maliyy\u0259 d\u0259st\u0259yil\u0259 Beyn\u0259lxalq Q\u0131z\u0131l Xa\u00e7 v\u0259 Q\u0131z\u0131l Aypara C\u0259miyy\u0259tl\u0259ri Federasiyas\u0131 (IFRC) \u201cAz\u0259rbaycanda icman\u0131n ehtiyaclar\u0131 v\u0259 yerli imkanlarla v\u0259t\u0259nda\u015f c\u0259miyy\u0259ti t\u0259\u015fkilatlar\u0131n\u0131n potensiallar\u0131 aras\u0131ndak\u0131 bo\u015flu\u011fun aradan qald\u0131r\u0131lmas\u0131\u201d layih\u0259sini h\u0259yata ke\u00e7irir. Bu layih\u0259 \u00e7\u0259r\u00e7iv\u0259sind\u0259 IFRC Az\u0259rbaycan Q\u0131z\u0131l Aypara C\u0259miyy\u0259tinin (AzQAC) \u201cPsixi Sa\u011flaml\u0131q v\u0259 Psixososial d\u0259st\u0259k (PSPSD)\u201d potensial\u0131n\u0131 g\u00fccl\u0259ndirm\u0259y\u0259 davam edir. Bu G\u00fcneldir, v\u0259 o Az\u0259rbaycan [&hellip;]\" \/>\n<meta property=\"og:url\" content=\"https:\/\/eu4azerbaijan.eu\/az\/the-azerbaijan-red-crescent-society-became-the-sun-after-the-rain-that-had-fallen-on-me\/\" \/>\n<meta property=\"og:site_name\" content=\"EU for Azerbaijan\" \/>\n<meta property=\"article:published_time\" content=\"2024-10-08T09:00:00+00:00\" \/>\n<meta property=\"og:image\" content=\"https:\/\/eu4azerbaijan.eu\/wp-content\/uploads\/Photo4-scaled.jpg\" \/>\n\t<meta property=\"og:image:width\" content=\"2560\" \/>\n\t<meta property=\"og:image:height\" content=\"1244\" \/>\n\t<meta property=\"og:image:type\" content=\"image\/jpeg\" \/>\n<meta name=\"author\" content=\"Aydan Topchibasheva\" \/>\n<meta name=\"twitter:card\" content=\"summary_large_image\" \/>\n<meta name=\"twitter:label1\" content=\"Written by\" \/>\n\t<meta name=\"twitter:data1\" content=\"Aydan Topchibasheva\" \/>\n\t<meta name=\"twitter:label2\" content=\"Est. reading time\" \/>\n\t<meta name=\"twitter:data2\" content=\"4 minutes\" \/>\n<script type=\"application\/ld+json\" class=\"yoast-schema-graph\">{\"@context\":\"https:\/\/schema.org\",\"@graph\":[{\"@type\":\"WebPage\",\"@id\":\"https:\/\/eu4azerbaijan.eu\/az\/the-azerbaijan-red-crescent-society-became-the-sun-after-the-rain-that-had-fallen-on-me\/\",\"url\":\"https:\/\/eu4azerbaijan.eu\/az\/the-azerbaijan-red-crescent-society-became-the-sun-after-the-rain-that-had-fallen-on-me\/\",\"name\":\"\u201cAypara m\u0259n\u0259 ya\u011fan ya\u011f\u0131\u015fdan sonra \u00e7\u0131xan g\u00fcn\u0259\u015f oldu\u201d - EU for Azerbaijan\",\"isPartOf\":{\"@id\":\"https:\/\/eu4azerbaijan.eu\/az\/#website\"},\"primaryImageOfPage\":{\"@id\":\"https:\/\/eu4azerbaijan.eu\/az\/the-azerbaijan-red-crescent-society-became-the-sun-after-the-rain-that-had-fallen-on-me\/#primaryimage\"},\"image\":{\"@id\":\"https:\/\/eu4azerbaijan.eu\/az\/the-azerbaijan-red-crescent-society-became-the-sun-after-the-rain-that-had-fallen-on-me\/#primaryimage\"},\"thumbnailUrl\":\"https:\/\/eu4azerbaijan.eu\/wp-content\/uploads\/Photo4-scaled.jpg\",\"datePublished\":\"2024-10-08T09:00:00+00:00\",\"author\":{\"@id\":\"https:\/\/eu4azerbaijan.eu\/az\/#\/schema\/person\/cf17ddba07387955c481997af06797df\"},\"breadcrumb\":{\"@id\":\"https:\/\/eu4azerbaijan.eu\/az\/the-azerbaijan-red-crescent-society-became-the-sun-after-the-rain-that-had-fallen-on-me\/#breadcrumb\"},\"inLanguage\":\"az-AZ\",\"potentialAction\":[{\"@type\":\"ReadAction\",\"target\":[\"https:\/\/eu4azerbaijan.eu\/az\/the-azerbaijan-red-crescent-society-became-the-sun-after-the-rain-that-had-fallen-on-me\/\"]}]},{\"@type\":\"ImageObject\",\"inLanguage\":\"az-AZ\",\"@id\":\"https:\/\/eu4azerbaijan.eu\/az\/the-azerbaijan-red-crescent-society-became-the-sun-after-the-rain-that-had-fallen-on-me\/#primaryimage\",\"url\":\"https:\/\/eu4azerbaijan.eu\/wp-content\/uploads\/Photo4-scaled.jpg\",\"contentUrl\":\"https:\/\/eu4azerbaijan.eu\/wp-content\/uploads\/Photo4-scaled.jpg\",\"width\":2560,\"height\":1244},{\"@type\":\"BreadcrumbList\",\"@id\":\"https:\/\/eu4azerbaijan.eu\/az\/the-azerbaijan-red-crescent-society-became-the-sun-after-the-rain-that-had-fallen-on-me\/#breadcrumb\",\"itemListElement\":[{\"@type\":\"ListItem\",\"position\":1,\"name\":\"Home\",\"item\":\"https:\/\/eu4azerbaijan.eu\/az\/\"},{\"@type\":\"ListItem\",\"position\":2,\"name\":\"\u201cAypara m\u0259n\u0259 ya\u011fan ya\u011f\u0131\u015fdan sonra \u00e7\u0131xan g\u00fcn\u0259\u015f oldu\u201d\"}]},{\"@type\":\"WebSite\",\"@id\":\"https:\/\/eu4azerbaijan.eu\/az\/#website\",\"url\":\"https:\/\/eu4azerbaijan.eu\/az\/\",\"name\":\"EU for Azerbaijan\",\"description\":\"\",\"potentialAction\":[{\"@type\":\"SearchAction\",\"target\":{\"@type\":\"EntryPoint\",\"urlTemplate\":\"https:\/\/eu4azerbaijan.eu\/az\/?s={search_term_string}\"},\"query-input\":{\"@type\":\"PropertyValueSpecification\",\"valueRequired\":true,\"valueName\":\"search_term_string\"}}],\"inLanguage\":\"az-AZ\"},{\"@type\":\"Person\",\"@id\":\"https:\/\/eu4azerbaijan.eu\/az\/#\/schema\/person\/cf17ddba07387955c481997af06797df\",\"name\":\"Aydan Topchibasheva\",\"image\":{\"@type\":\"ImageObject\",\"inLanguage\":\"az-AZ\",\"@id\":\"https:\/\/eu4azerbaijan.eu\/az\/#\/schema\/person\/image\/\",\"url\":\"https:\/\/secure.gravatar.com\/avatar\/657ac54b68aced49adde2a29a43651c77d8555f376d5ee5dd68172194a09f856?s=96&d=mm&r=g\",\"contentUrl\":\"https:\/\/secure.gravatar.com\/avatar\/657ac54b68aced49adde2a29a43651c77d8555f376d5ee5dd68172194a09f856?s=96&d=mm&r=g\",\"caption\":\"Aydan Topchibasheva\"},\"url\":\"https:\/\/eu4azerbaijan.eu\/az\/author\/aydan\/\"}]}<\/script>\n<!-- \/ Yoast SEO plugin. -->","yoast_head_json":{"title":"\u201cAypara m\u0259n\u0259 ya\u011fan ya\u011f\u0131\u015fdan sonra \u00e7\u0131xan g\u00fcn\u0259\u015f oldu\u201d - EU for Azerbaijan","robots":{"index":"index","follow":"follow","max-snippet":"max-snippet:-1","max-image-preview":"max-image-preview:large","max-video-preview":"max-video-preview:-1"},"canonical":"https:\/\/eu4azerbaijan.eu\/az\/the-azerbaijan-red-crescent-society-became-the-sun-after-the-rain-that-had-fallen-on-me\/","og_locale":"az_AZ","og_type":"article","og_title":"\u201cAypara m\u0259n\u0259 ya\u011fan ya\u011f\u0131\u015fdan sonra \u00e7\u0131xan g\u00fcn\u0259\u015f oldu\u201d - EU for Azerbaijan","og_description":"Avropa \u0130ttifaq\u0131n\u0131n (A\u0130) maliyy\u0259 d\u0259st\u0259yil\u0259 Beyn\u0259lxalq Q\u0131z\u0131l Xa\u00e7 v\u0259 Q\u0131z\u0131l Aypara C\u0259miyy\u0259tl\u0259ri Federasiyas\u0131 (IFRC) \u201cAz\u0259rbaycanda icman\u0131n ehtiyaclar\u0131 v\u0259 yerli imkanlarla v\u0259t\u0259nda\u015f c\u0259miyy\u0259ti t\u0259\u015fkilatlar\u0131n\u0131n potensiallar\u0131 aras\u0131ndak\u0131 bo\u015flu\u011fun aradan qald\u0131r\u0131lmas\u0131\u201d layih\u0259sini h\u0259yata ke\u00e7irir. Bu layih\u0259 \u00e7\u0259r\u00e7iv\u0259sind\u0259 IFRC Az\u0259rbaycan Q\u0131z\u0131l Aypara C\u0259miyy\u0259tinin (AzQAC) \u201cPsixi Sa\u011flaml\u0131q v\u0259 Psixososial d\u0259st\u0259k (PSPSD)\u201d potensial\u0131n\u0131 g\u00fccl\u0259ndirm\u0259y\u0259 davam edir. Bu G\u00fcneldir, v\u0259 o Az\u0259rbaycan [&hellip;]","og_url":"https:\/\/eu4azerbaijan.eu\/az\/the-azerbaijan-red-crescent-society-became-the-sun-after-the-rain-that-had-fallen-on-me\/","og_site_name":"EU for Azerbaijan","article_published_time":"2024-10-08T09:00:00+00:00","og_image":[{"width":2560,"height":1244,"url":"https:\/\/eu4azerbaijan.eu\/wp-content\/uploads\/Photo4-scaled.jpg","type":"image\/jpeg"}],"author":"Aydan Topchibasheva","twitter_card":"summary_large_image","twitter_misc":{"Written by":"Aydan Topchibasheva","Est. reading time":"4 minutes"},"schema":{"@context":"https:\/\/schema.org","@graph":[{"@type":"WebPage","@id":"https:\/\/eu4azerbaijan.eu\/az\/the-azerbaijan-red-crescent-society-became-the-sun-after-the-rain-that-had-fallen-on-me\/","url":"https:\/\/eu4azerbaijan.eu\/az\/the-azerbaijan-red-crescent-society-became-the-sun-after-the-rain-that-had-fallen-on-me\/","name":"\u201cAypara m\u0259n\u0259 ya\u011fan ya\u011f\u0131\u015fdan sonra \u00e7\u0131xan g\u00fcn\u0259\u015f oldu\u201d - EU for Azerbaijan","isPartOf":{"@id":"https:\/\/eu4azerbaijan.eu\/az\/#website"},"primaryImageOfPage":{"@id":"https:\/\/eu4azerbaijan.eu\/az\/the-azerbaijan-red-crescent-society-became-the-sun-after-the-rain-that-had-fallen-on-me\/#primaryimage"},"image":{"@id":"https:\/\/eu4azerbaijan.eu\/az\/the-azerbaijan-red-crescent-society-became-the-sun-after-the-rain-that-had-fallen-on-me\/#primaryimage"},"thumbnailUrl":"https:\/\/eu4azerbaijan.eu\/wp-content\/uploads\/Photo4-scaled.jpg","datePublished":"2024-10-08T09:00:00+00:00","author":{"@id":"https:\/\/eu4azerbaijan.eu\/az\/#\/schema\/person\/cf17ddba07387955c481997af06797df"},"breadcrumb":{"@id":"https:\/\/eu4azerbaijan.eu\/az\/the-azerbaijan-red-crescent-society-became-the-sun-after-the-rain-that-had-fallen-on-me\/#breadcrumb"},"inLanguage":"az-AZ","potentialAction":[{"@type":"ReadAction","target":["https:\/\/eu4azerbaijan.eu\/az\/the-azerbaijan-red-crescent-society-became-the-sun-after-the-rain-that-had-fallen-on-me\/"]}]},{"@type":"ImageObject","inLanguage":"az-AZ","@id":"https:\/\/eu4azerbaijan.eu\/az\/the-azerbaijan-red-crescent-society-became-the-sun-after-the-rain-that-had-fallen-on-me\/#primaryimage","url":"https:\/\/eu4azerbaijan.eu\/wp-content\/uploads\/Photo4-scaled.jpg","contentUrl":"https:\/\/eu4azerbaijan.eu\/wp-content\/uploads\/Photo4-scaled.jpg","width":2560,"height":1244},{"@type":"BreadcrumbList","@id":"https:\/\/eu4azerbaijan.eu\/az\/the-azerbaijan-red-crescent-society-became-the-sun-after-the-rain-that-had-fallen-on-me\/#breadcrumb","itemListElement":[{"@type":"ListItem","position":1,"name":"Home","item":"https:\/\/eu4azerbaijan.eu\/az\/"},{"@type":"ListItem","position":2,"name":"\u201cAypara m\u0259n\u0259 ya\u011fan ya\u011f\u0131\u015fdan sonra \u00e7\u0131xan g\u00fcn\u0259\u015f oldu\u201d"}]},{"@type":"WebSite","@id":"https:\/\/eu4azerbaijan.eu\/az\/#website","url":"https:\/\/eu4azerbaijan.eu\/az\/","name":"EU for Azerbaijan","description":"","potentialAction":[{"@type":"SearchAction","target":{"@type":"EntryPoint","urlTemplate":"https:\/\/eu4azerbaijan.eu\/az\/?s={search_term_string}"},"query-input":{"@type":"PropertyValueSpecification","valueRequired":true,"valueName":"search_term_string"}}],"inLanguage":"az-AZ"},{"@type":"Person","@id":"https:\/\/eu4azerbaijan.eu\/az\/#\/schema\/person\/cf17ddba07387955c481997af06797df","name":"Aydan Topchibasheva","image":{"@type":"ImageObject","inLanguage":"az-AZ","@id":"https:\/\/eu4azerbaijan.eu\/az\/#\/schema\/person\/image\/","url":"https:\/\/secure.gravatar.com\/avatar\/657ac54b68aced49adde2a29a43651c77d8555f376d5ee5dd68172194a09f856?s=96&d=mm&r=g","contentUrl":"https:\/\/secure.gravatar.com\/avatar\/657ac54b68aced49adde2a29a43651c77d8555f376d5ee5dd68172194a09f856?s=96&d=mm&r=g","caption":"Aydan Topchibasheva"},"url":"https:\/\/eu4azerbaijan.eu\/az\/author\/aydan\/"}]}},"_links":{"self":[{"href":"https:\/\/eu4azerbaijan.eu\/az\/wp-json\/wp\/v2\/posts\/65457","targetHints":{"allow":["GET"]}}],"collection":[{"href":"https:\/\/eu4azerbaijan.eu\/az\/wp-json\/wp\/v2\/posts"}],"about":[{"href":"https:\/\/eu4azerbaijan.eu\/az\/wp-json\/wp\/v2\/types\/post"}],"author":[{"embeddable":true,"href":"https:\/\/eu4azerbaijan.eu\/az\/wp-json\/wp\/v2\/users\/19"}],"replies":[{"embeddable":true,"href":"https:\/\/eu4azerbaijan.eu\/az\/wp-json\/wp\/v2\/comments?post=65457"}],"version-history":[{"count":2,"href":"https:\/\/eu4azerbaijan.eu\/az\/wp-json\/wp\/v2\/posts\/65457\/revisions"}],"predecessor-version":[{"id":65459,"href":"https:\/\/eu4azerbaijan.eu\/az\/wp-json\/wp\/v2\/posts\/65457\/revisions\/65459"}],"wp:featuredmedia":[{"embeddable":true,"href":"https:\/\/eu4azerbaijan.eu\/az\/wp-json\/wp\/v2\/media\/65455"}],"wp:attachment":[{"href":"https:\/\/eu4azerbaijan.eu\/az\/wp-json\/wp\/v2\/media?parent=65457"}],"wp:term":[{"taxonomy":"category","embeddable":true,"href":"https:\/\/eu4azerbaijan.eu\/az\/wp-json\/wp\/v2\/categories?post=65457"},{"taxonomy":"post_tag","embeddable":true,"href":"https:\/\/eu4azerbaijan.eu\/az\/wp-json\/wp\/v2\/tags?post=65457"},{"taxonomy":"topic","embeddable":true,"href":"https:\/\/eu4azerbaijan.eu\/az\/wp-json\/wp\/v2\/topic?post=65457"}],"curies":[{"name":"wp","href":"https:\/\/api.w.org\/{rel}","templated":true}]}}