{"id":65296,"date":"2024-05-24T13:20:46","date_gmt":"2024-05-24T13:20:46","guid":{"rendered":"https:\/\/eu4azerbaijan.eu\/opportunities-for-smes-29th-may-2024\/"},"modified":"2024-06-12T13:30:08","modified_gmt":"2024-06-12T13:30:08","slug":"opportunities-for-smes-29th-may-2024","status":"publish","type":"post","link":"https:\/\/eu4azerbaijan.eu\/az\/opportunities-for-smes-29th-may-2024\/","title":{"rendered":"Ki\u00e7ik Orta Sahibkarlar\u0131n v\u0259 Biznes\u0259 D\u0259st\u0259k T\u0259\u015fkilatlar\u0131n\u0131n diqq\u0259tin\u0259! &#8211;\u00a029 May 2024"},"content":{"rendered":"\n<p>\u015e\u0259rq T\u0259r\u0259fda\u015fl\u0131\u011f\u0131 \u00f6lk\u0259l\u0259rind\u0259ki Ki\u00e7ik Orta Sahibkarlar\u0131n v\u0259 Biznes\u0259 D\u0259st\u0259k T\u0259\u015fkilatlar\u0131n\u0131n diqq\u0259tin\u0259!<\/p>\n\n\n\n<p>EU4Business v\u0259 Avropalata t\u0259r\u0259fda\u015fl\u0131\u011f\u0131 &#8220;EU4Business: KOM-lar \u00fc\u00e7\u00fcn imkanlar&#8221; m\u00f6vzusunda onlayn g\u00f6r\u00fc\u015f t\u0259\u015fkil edir.<\/p>\n\n\n\n<p>M\u0259qs\u0259d:<\/p>\n\n\n\n<p><img loading=\"lazy\" decoding=\"async\" height=\"16\" width=\"16\" alt=\"\u2714\ufe0f\" src=\"https:\/\/static.xx.fbcdn.net\/images\/emoji.php\/v9\/t51\/1\/16\/2714.png\">Avropa \u0130ttifaq\u0131n\u0131n \u015e\u0259rq T\u0259r\u0259fda\u015fl\u0131q regionunda \u00f6z\u0259l sektora d\u0259st\u0259yini ba\u015fa d\u00fc\u015fm\u0259k;<\/p>\n\n\n\n<p><a><\/a><img loading=\"lazy\" decoding=\"async\" height=\"16\" width=\"16\" alt=\"\u2714\ufe0f\" src=\"https:\/\/static.xx.fbcdn.net\/images\/emoji.php\/v9\/t51\/1\/16\/2714.png\">KOM-lar \u00fc\u00e7\u00fcn imkanlar ara\u015fd\u0131rmaq;<\/p>\n\n\n\n<p><img loading=\"lazy\" decoding=\"async\" height=\"16\" width=\"16\" alt=\"\u2714\ufe0f\" src=\"https:\/\/static.xx.fbcdn.net\/images\/emoji.php\/v9\/t51\/1\/16\/2714.png\">Maliyy\u0259, biznesin inki\u015faf\u0131 xidm\u0259tl\u0259ri v\u0259 daha yax\u015f\u0131 biznes m\u00fchitin\u0259 \u00e7\u0131x\u0131\u015f t\u0259min ed\u0259n Avropa \u0130ttifaq\u0131 t\u0259\u015f\u0259bb\u00fcs\u00fc olan EU4Business haqq\u0131nda m\u0259lumatlanmaq;<\/p>\n\n\n\n<p><img loading=\"lazy\" decoding=\"async\" height=\"16\" width=\"16\" alt=\"\u2714\ufe0f\" src=\"https:\/\/static.xx.fbcdn.net\/images\/emoji.php\/v9\/t51\/1\/16\/2714.png\">EU4BCC layih\u0259sind\u0259ki yeni f\u0259aliyy\u0259tl\u0259ri k\u0259\u015ff etm\u0259k.<\/p>\n\n\n\n<p><img loading=\"lazy\" decoding=\"async\" height=\"16\" width=\"16\" alt=\"\ud83d\uddd3\ufe0f\" src=\"https:\/\/static.xx.fbcdn.net\/images\/emoji.php\/v9\/t5c\/1\/16\/1f5d3.png\">Tarix: 29 may<\/p>\n\n\n\n<p><img loading=\"lazy\" decoding=\"async\" height=\"16\" width=\"16\" alt=\"\u23f0\" src=\"https:\/\/static.xx.fbcdn.net\/images\/emoji.php\/v9\/t34\/1\/16\/23f0.png\">Saat: 09:30<\/p>\n\n\n\n<p><img loading=\"lazy\" decoding=\"async\" height=\"16\" width=\"16\" alt=\"\ud83d\udccc\" src=\"https:\/\/static.xx.fbcdn.net\/images\/emoji.php\/v9\/tac\/1\/16\/1f4cc.png\">Qeydiyyat linki: <a href=\"https:\/\/bit.ly\/EU4BusinessOpportunitiesforSMEs?fbclid=IwZXh0bgNhZW0CMTAAAR08xD_ZP7UnA6zTsGNCyR77v9ETAjNYw3b8NM-TN_b-OGXkq1Csg9lLriM_aem_AdmHOWN_LN7Z5no4VVZzNtl66zmDJFMdJvt3dyWI5QDEN1ZH75R73izn8Nb28ALZ7ERFJsiMBGkPas4XtGZimS0g\" rel=\"noreferrer noopener\" target=\"_blank\">https:\/\/bit.ly\/EU4BusinessOpportunitiesforSMEs<\/a><\/p>\n\n\n\n<p>Daha \u00e7ox m\u0259lumat \u0259ld\u0259 etm\u0259k v\u0259 suallar\u0131n\u0131z\u0131 birba\u015fa \u00fcnvanlamaq ist\u0259yirsinizs\u0259, bu \u015fans\u0131 qa\u00e7\u0131rmay\u0131n!<\/p>\n","protected":false},"excerpt":{"rendered":"<p>\u015e\u0259rq T\u0259r\u0259fda\u015fl\u0131\u011f\u0131 \u00f6lk\u0259l\u0259rind\u0259ki Ki\u00e7ik Orta Sahibkarlar\u0131n v\u0259 Biznes\u0259 D\u0259st\u0259k T\u0259\u015fkilatlar\u0131n\u0131n diqq\u0259tin\u0259! EU4Business v\u0259 Avropalata t\u0259r\u0259fda\u015fl\u0131\u011f\u0131 &#8220;EU4Business: KOM-lar \u00fc\u00e7\u00fcn imkanlar&#8221; m\u00f6vzusunda onlayn g\u00f6r\u00fc\u015f t\u0259\u015fkil edir. M\u0259qs\u0259d: Avropa \u0130ttifaq\u0131n\u0131n \u015e\u0259rq T\u0259r\u0259fda\u015fl\u0131q regionunda \u00f6z\u0259l sektora d\u0259st\u0259yini ba\u015fa d\u00fc\u015fm\u0259k; KOM-lar \u00fc\u00e7\u00fcn imkanlar ara\u015fd\u0131rmaq; Maliyy\u0259, biznesin inki\u015faf\u0131 xidm\u0259tl\u0259ri v\u0259 daha yax\u015f\u0131 biznes m\u00fchitin\u0259 \u00e7\u0131x\u0131\u015f t\u0259min ed\u0259n Avropa \u0130ttifaq\u0131 t\u0259\u015f\u0259bb\u00fcs\u00fc olan [&hellip;]<\/p>\n","protected":false},"author":19,"featured_media":65294,"comment_status":"closed","ping_status":"closed","sticky":false,"template":"","format":"standard","meta":{"_acf_changed":false,"footnotes":""},"categories":[303,374,284],"tags":[],"topic":[],"class_list":["post-65296","post","type-post","status-publish","format-standard","has-post-thumbnail","hentry","category-opportunities-az","category-whats-happening-az","category-news-az"],"acf":[],"yoast_head":"<!-- This site is optimized with the Yoast SEO plugin v26.4 - https:\/\/yoast.com\/wordpress\/plugins\/seo\/ -->\n<title>Ki\u00e7ik Orta Sahibkarlar\u0131n v\u0259 Biznes\u0259 D\u0259st\u0259k T\u0259\u015fkilatlar\u0131n\u0131n diqq\u0259tin\u0259! -\u00a029 May 2024 - EU for Azerbaijan<\/title>\n<meta name=\"robots\" content=\"index, follow, max-snippet:-1, max-image-preview:large, max-video-preview:-1\" \/>\n<link rel=\"canonical\" href=\"https:\/\/eu4azerbaijan.eu\/az\/opportunities-for-smes-29th-may-2024\/\" \/>\n<meta property=\"og:locale\" content=\"az_AZ\" \/>\n<meta property=\"og:type\" content=\"article\" \/>\n<meta property=\"og:title\" content=\"Ki\u00e7ik Orta Sahibkarlar\u0131n v\u0259 Biznes\u0259 D\u0259st\u0259k T\u0259\u015fkilatlar\u0131n\u0131n diqq\u0259tin\u0259! -\u00a029 May 2024 - EU for Azerbaijan\" \/>\n<meta property=\"og:description\" content=\"\u015e\u0259rq T\u0259r\u0259fda\u015fl\u0131\u011f\u0131 \u00f6lk\u0259l\u0259rind\u0259ki Ki\u00e7ik Orta Sahibkarlar\u0131n v\u0259 Biznes\u0259 D\u0259st\u0259k T\u0259\u015fkilatlar\u0131n\u0131n diqq\u0259tin\u0259! EU4Business v\u0259 Avropalata t\u0259r\u0259fda\u015fl\u0131\u011f\u0131 &#8220;EU4Business: KOM-lar \u00fc\u00e7\u00fcn imkanlar&#8221; m\u00f6vzusunda onlayn g\u00f6r\u00fc\u015f t\u0259\u015fkil edir. M\u0259qs\u0259d: Avropa \u0130ttifaq\u0131n\u0131n \u015e\u0259rq T\u0259r\u0259fda\u015fl\u0131q regionunda \u00f6z\u0259l sektora d\u0259st\u0259yini ba\u015fa d\u00fc\u015fm\u0259k; KOM-lar \u00fc\u00e7\u00fcn imkanlar ara\u015fd\u0131rmaq; Maliyy\u0259, biznesin inki\u015faf\u0131 xidm\u0259tl\u0259ri v\u0259 daha yax\u015f\u0131 biznes m\u00fchitin\u0259 \u00e7\u0131x\u0131\u015f t\u0259min ed\u0259n Avropa \u0130ttifaq\u0131 t\u0259\u015f\u0259bb\u00fcs\u00fc olan [&hellip;]\" \/>\n<meta property=\"og:url\" content=\"https:\/\/eu4azerbaijan.eu\/az\/opportunities-for-smes-29th-may-2024\/\" \/>\n<meta property=\"og:site_name\" content=\"EU for Azerbaijan\" \/>\n<meta property=\"article:published_time\" content=\"2024-05-24T13:20:46+00:00\" \/>\n<meta property=\"article:modified_time\" content=\"2024-06-12T13:30:08+00:00\" \/>\n<meta property=\"og:image\" content=\"https:\/\/eu4azerbaijan.eu\/wp-content\/uploads\/EU4Business-Opportunities-for-SMEs-v2-01-3.jpg\" \/>\n\t<meta property=\"og:image:width\" content=\"2250\" \/>\n\t<meta property=\"og:image:height\" content=\"2250\" \/>\n\t<meta property=\"og:image:type\" content=\"image\/jpeg\" \/>\n<meta name=\"author\" content=\"Aydan Topchibasheva\" \/>\n<meta name=\"twitter:card\" content=\"summary_large_image\" \/>\n<meta name=\"twitter:label1\" content=\"Written by\" \/>\n\t<meta name=\"twitter:data1\" content=\"Aydan Topchibasheva\" \/>\n\t<meta name=\"twitter:label2\" content=\"Est. reading time\" \/>\n\t<meta name=\"twitter:data2\" content=\"2 minutes\" \/>\n<script type=\"application\/ld+json\" class=\"yoast-schema-graph\">{\"@context\":\"https:\/\/schema.org\",\"@graph\":[{\"@type\":\"WebPage\",\"@id\":\"https:\/\/eu4azerbaijan.eu\/az\/opportunities-for-smes-29th-may-2024\/\",\"url\":\"https:\/\/eu4azerbaijan.eu\/az\/opportunities-for-smes-29th-may-2024\/\",\"name\":\"Ki\u00e7ik Orta Sahibkarlar\u0131n v\u0259 Biznes\u0259 D\u0259st\u0259k T\u0259\u015fkilatlar\u0131n\u0131n diqq\u0259tin\u0259! -\u00a029 May 2024 - EU for Azerbaijan\",\"isPartOf\":{\"@id\":\"https:\/\/eu4azerbaijan.eu\/az\/#website\"},\"primaryImageOfPage\":{\"@id\":\"https:\/\/eu4azerbaijan.eu\/az\/opportunities-for-smes-29th-may-2024\/#primaryimage\"},\"image\":{\"@id\":\"https:\/\/eu4azerbaijan.eu\/az\/opportunities-for-smes-29th-may-2024\/#primaryimage\"},\"thumbnailUrl\":\"https:\/\/eu4azerbaijan.eu\/wp-content\/uploads\/EU4Business-Opportunities-for-SMEs-v2-01-3.jpg\",\"datePublished\":\"2024-05-24T13:20:46+00:00\",\"dateModified\":\"2024-06-12T13:30:08+00:00\",\"author\":{\"@id\":\"https:\/\/eu4azerbaijan.eu\/az\/#\/schema\/person\/cf17ddba07387955c481997af06797df\"},\"breadcrumb\":{\"@id\":\"https:\/\/eu4azerbaijan.eu\/az\/opportunities-for-smes-29th-may-2024\/#breadcrumb\"},\"inLanguage\":\"az-AZ\",\"potentialAction\":[{\"@type\":\"ReadAction\",\"target\":[\"https:\/\/eu4azerbaijan.eu\/az\/opportunities-for-smes-29th-may-2024\/\"]}]},{\"@type\":\"ImageObject\",\"inLanguage\":\"az-AZ\",\"@id\":\"https:\/\/eu4azerbaijan.eu\/az\/opportunities-for-smes-29th-may-2024\/#primaryimage\",\"url\":\"https:\/\/eu4azerbaijan.eu\/wp-content\/uploads\/EU4Business-Opportunities-for-SMEs-v2-01-3.jpg\",\"contentUrl\":\"https:\/\/eu4azerbaijan.eu\/wp-content\/uploads\/EU4Business-Opportunities-for-SMEs-v2-01-3.jpg\",\"width\":2250,\"height\":2250},{\"@type\":\"BreadcrumbList\",\"@id\":\"https:\/\/eu4azerbaijan.eu\/az\/opportunities-for-smes-29th-may-2024\/#breadcrumb\",\"itemListElement\":[{\"@type\":\"ListItem\",\"position\":1,\"name\":\"Home\",\"item\":\"https:\/\/eu4azerbaijan.eu\/az\/\"},{\"@type\":\"ListItem\",\"position\":2,\"name\":\"Ki\u00e7ik Orta Sahibkarlar\u0131n v\u0259 Biznes\u0259 D\u0259st\u0259k T\u0259\u015fkilatlar\u0131n\u0131n diqq\u0259tin\u0259! &#8211;\u00a029 May 2024\"}]},{\"@type\":\"WebSite\",\"@id\":\"https:\/\/eu4azerbaijan.eu\/az\/#website\",\"url\":\"https:\/\/eu4azerbaijan.eu\/az\/\",\"name\":\"EU for Azerbaijan\",\"description\":\"\",\"potentialAction\":[{\"@type\":\"SearchAction\",\"target\":{\"@type\":\"EntryPoint\",\"urlTemplate\":\"https:\/\/eu4azerbaijan.eu\/az\/?s={search_term_string}\"},\"query-input\":{\"@type\":\"PropertyValueSpecification\",\"valueRequired\":true,\"valueName\":\"search_term_string\"}}],\"inLanguage\":\"az-AZ\"},{\"@type\":\"Person\",\"@id\":\"https:\/\/eu4azerbaijan.eu\/az\/#\/schema\/person\/cf17ddba07387955c481997af06797df\",\"name\":\"Aydan Topchibasheva\",\"image\":{\"@type\":\"ImageObject\",\"inLanguage\":\"az-AZ\",\"@id\":\"https:\/\/eu4azerbaijan.eu\/az\/#\/schema\/person\/image\/\",\"url\":\"https:\/\/secure.gravatar.com\/avatar\/657ac54b68aced49adde2a29a43651c77d8555f376d5ee5dd68172194a09f856?s=96&d=mm&r=g\",\"contentUrl\":\"https:\/\/secure.gravatar.com\/avatar\/657ac54b68aced49adde2a29a43651c77d8555f376d5ee5dd68172194a09f856?s=96&d=mm&r=g\",\"caption\":\"Aydan Topchibasheva\"},\"url\":\"https:\/\/eu4azerbaijan.eu\/az\/author\/aydan\/\"}]}<\/script>\n<!-- \/ Yoast SEO plugin. -->","yoast_head_json":{"title":"Ki\u00e7ik Orta Sahibkarlar\u0131n v\u0259 Biznes\u0259 D\u0259st\u0259k T\u0259\u015fkilatlar\u0131n\u0131n diqq\u0259tin\u0259! -\u00a029 May 2024 - EU for Azerbaijan","robots":{"index":"index","follow":"follow","max-snippet":"max-snippet:-1","max-image-preview":"max-image-preview:large","max-video-preview":"max-video-preview:-1"},"canonical":"https:\/\/eu4azerbaijan.eu\/az\/opportunities-for-smes-29th-may-2024\/","og_locale":"az_AZ","og_type":"article","og_title":"Ki\u00e7ik Orta Sahibkarlar\u0131n v\u0259 Biznes\u0259 D\u0259st\u0259k T\u0259\u015fkilatlar\u0131n\u0131n diqq\u0259tin\u0259! -\u00a029 May 2024 - EU for Azerbaijan","og_description":"\u015e\u0259rq T\u0259r\u0259fda\u015fl\u0131\u011f\u0131 \u00f6lk\u0259l\u0259rind\u0259ki Ki\u00e7ik Orta Sahibkarlar\u0131n v\u0259 Biznes\u0259 D\u0259st\u0259k T\u0259\u015fkilatlar\u0131n\u0131n diqq\u0259tin\u0259! EU4Business v\u0259 Avropalata t\u0259r\u0259fda\u015fl\u0131\u011f\u0131 &#8220;EU4Business: KOM-lar \u00fc\u00e7\u00fcn imkanlar&#8221; m\u00f6vzusunda onlayn g\u00f6r\u00fc\u015f t\u0259\u015fkil edir. M\u0259qs\u0259d: Avropa \u0130ttifaq\u0131n\u0131n \u015e\u0259rq T\u0259r\u0259fda\u015fl\u0131q regionunda \u00f6z\u0259l sektora d\u0259st\u0259yini ba\u015fa d\u00fc\u015fm\u0259k; KOM-lar \u00fc\u00e7\u00fcn imkanlar ara\u015fd\u0131rmaq; Maliyy\u0259, biznesin inki\u015faf\u0131 xidm\u0259tl\u0259ri v\u0259 daha yax\u015f\u0131 biznes m\u00fchitin\u0259 \u00e7\u0131x\u0131\u015f t\u0259min ed\u0259n Avropa \u0130ttifaq\u0131 t\u0259\u015f\u0259bb\u00fcs\u00fc olan [&hellip;]","og_url":"https:\/\/eu4azerbaijan.eu\/az\/opportunities-for-smes-29th-may-2024\/","og_site_name":"EU for Azerbaijan","article_published_time":"2024-05-24T13:20:46+00:00","article_modified_time":"2024-06-12T13:30:08+00:00","og_image":[{"width":2250,"height":2250,"url":"https:\/\/eu4azerbaijan.eu\/wp-content\/uploads\/EU4Business-Opportunities-for-SMEs-v2-01-3.jpg","type":"image\/jpeg"}],"author":"Aydan Topchibasheva","twitter_card":"summary_large_image","twitter_misc":{"Written by":"Aydan Topchibasheva","Est. reading time":"2 minutes"},"schema":{"@context":"https:\/\/schema.org","@graph":[{"@type":"WebPage","@id":"https:\/\/eu4azerbaijan.eu\/az\/opportunities-for-smes-29th-may-2024\/","url":"https:\/\/eu4azerbaijan.eu\/az\/opportunities-for-smes-29th-may-2024\/","name":"Ki\u00e7ik Orta Sahibkarlar\u0131n v\u0259 Biznes\u0259 D\u0259st\u0259k T\u0259\u015fkilatlar\u0131n\u0131n diqq\u0259tin\u0259! -\u00a029 May 2024 - EU for Azerbaijan","isPartOf":{"@id":"https:\/\/eu4azerbaijan.eu\/az\/#website"},"primaryImageOfPage":{"@id":"https:\/\/eu4azerbaijan.eu\/az\/opportunities-for-smes-29th-may-2024\/#primaryimage"},"image":{"@id":"https:\/\/eu4azerbaijan.eu\/az\/opportunities-for-smes-29th-may-2024\/#primaryimage"},"thumbnailUrl":"https:\/\/eu4azerbaijan.eu\/wp-content\/uploads\/EU4Business-Opportunities-for-SMEs-v2-01-3.jpg","datePublished":"2024-05-24T13:20:46+00:00","dateModified":"2024-06-12T13:30:08+00:00","author":{"@id":"https:\/\/eu4azerbaijan.eu\/az\/#\/schema\/person\/cf17ddba07387955c481997af06797df"},"breadcrumb":{"@id":"https:\/\/eu4azerbaijan.eu\/az\/opportunities-for-smes-29th-may-2024\/#breadcrumb"},"inLanguage":"az-AZ","potentialAction":[{"@type":"ReadAction","target":["https:\/\/eu4azerbaijan.eu\/az\/opportunities-for-smes-29th-may-2024\/"]}]},{"@type":"ImageObject","inLanguage":"az-AZ","@id":"https:\/\/eu4azerbaijan.eu\/az\/opportunities-for-smes-29th-may-2024\/#primaryimage","url":"https:\/\/eu4azerbaijan.eu\/wp-content\/uploads\/EU4Business-Opportunities-for-SMEs-v2-01-3.jpg","contentUrl":"https:\/\/eu4azerbaijan.eu\/wp-content\/uploads\/EU4Business-Opportunities-for-SMEs-v2-01-3.jpg","width":2250,"height":2250},{"@type":"BreadcrumbList","@id":"https:\/\/eu4azerbaijan.eu\/az\/opportunities-for-smes-29th-may-2024\/#breadcrumb","itemListElement":[{"@type":"ListItem","position":1,"name":"Home","item":"https:\/\/eu4azerbaijan.eu\/az\/"},{"@type":"ListItem","position":2,"name":"Ki\u00e7ik Orta Sahibkarlar\u0131n v\u0259 Biznes\u0259 D\u0259st\u0259k T\u0259\u015fkilatlar\u0131n\u0131n diqq\u0259tin\u0259! &#8211;\u00a029 May 2024"}]},{"@type":"WebSite","@id":"https:\/\/eu4azerbaijan.eu\/az\/#website","url":"https:\/\/eu4azerbaijan.eu\/az\/","name":"EU for Azerbaijan","description":"","potentialAction":[{"@type":"SearchAction","target":{"@type":"EntryPoint","urlTemplate":"https:\/\/eu4azerbaijan.eu\/az\/?s={search_term_string}"},"query-input":{"@type":"PropertyValueSpecification","valueRequired":true,"valueName":"search_term_string"}}],"inLanguage":"az-AZ"},{"@type":"Person","@id":"https:\/\/eu4azerbaijan.eu\/az\/#\/schema\/person\/cf17ddba07387955c481997af06797df","name":"Aydan Topchibasheva","image":{"@type":"ImageObject","inLanguage":"az-AZ","@id":"https:\/\/eu4azerbaijan.eu\/az\/#\/schema\/person\/image\/","url":"https:\/\/secure.gravatar.com\/avatar\/657ac54b68aced49adde2a29a43651c77d8555f376d5ee5dd68172194a09f856?s=96&d=mm&r=g","contentUrl":"https:\/\/secure.gravatar.com\/avatar\/657ac54b68aced49adde2a29a43651c77d8555f376d5ee5dd68172194a09f856?s=96&d=mm&r=g","caption":"Aydan Topchibasheva"},"url":"https:\/\/eu4azerbaijan.eu\/az\/author\/aydan\/"}]}},"_links":{"self":[{"href":"https:\/\/eu4azerbaijan.eu\/az\/wp-json\/wp\/v2\/posts\/65296","targetHints":{"allow":["GET"]}}],"collection":[{"href":"https:\/\/eu4azerbaijan.eu\/az\/wp-json\/wp\/v2\/posts"}],"about":[{"href":"https:\/\/eu4azerbaijan.eu\/az\/wp-json\/wp\/v2\/types\/post"}],"author":[{"embeddable":true,"href":"https:\/\/eu4azerbaijan.eu\/az\/wp-json\/wp\/v2\/users\/19"}],"replies":[{"embeddable":true,"href":"https:\/\/eu4azerbaijan.eu\/az\/wp-json\/wp\/v2\/comments?post=65296"}],"version-history":[{"count":2,"href":"https:\/\/eu4azerbaijan.eu\/az\/wp-json\/wp\/v2\/posts\/65296\/revisions"}],"predecessor-version":[{"id":65299,"href":"https:\/\/eu4azerbaijan.eu\/az\/wp-json\/wp\/v2\/posts\/65296\/revisions\/65299"}],"wp:featuredmedia":[{"embeddable":true,"href":"https:\/\/eu4azerbaijan.eu\/az\/wp-json\/wp\/v2\/media\/65294"}],"wp:attachment":[{"href":"https:\/\/eu4azerbaijan.eu\/az\/wp-json\/wp\/v2\/media?parent=65296"}],"wp:term":[{"taxonomy":"category","embeddable":true,"href":"https:\/\/eu4azerbaijan.eu\/az\/wp-json\/wp\/v2\/categories?post=65296"},{"taxonomy":"post_tag","embeddable":true,"href":"https:\/\/eu4azerbaijan.eu\/az\/wp-json\/wp\/v2\/tags?post=65296"},{"taxonomy":"topic","embeddable":true,"href":"https:\/\/eu4azerbaijan.eu\/az\/wp-json\/wp\/v2\/topic?post=65296"}],"curies":[{"name":"wp","href":"https:\/\/api.w.org\/{rel}","templated":true}]}}