{"id":65267,"date":"2024-05-03T07:50:46","date_gmt":"2024-05-03T07:50:46","guid":{"rendered":"https:\/\/eu4azerbaijan.eu\/launch-of-team-europe-initiative-on-mine-action-in-azerbaijan\/"},"modified":"2024-05-14T08:01:35","modified_gmt":"2024-05-14T08:01:35","slug":"launch-of-team-europe-initiative-on-mine-action-in-azerbaijan","status":"publish","type":"post","link":"https:\/\/eu4azerbaijan.eu\/az\/launch-of-team-europe-initiative-on-mine-action-in-azerbaijan\/","title":{"rendered":"\u201cTeam Europe\u201d Avropa Komandas\u0131n\u0131n mina \u0259leyhin\u0259 t\u0259\u015f\u0259bb\u00fcs\u00fcn\u0259 start verilir"},"content":{"rendered":"\n<p>Bu g\u00fcn Bak\u0131da Avropa Komissiyas\u0131n\u0131n Qon\u015fuluq Siyas\u0259ti v\u0259 Geni\u015fl\u0259nm\u0259 Dan\u0131\u015f\u0131qlar\u0131 \u00fczr\u0259 Ba\u015f Direktoru Gert Jan Koopman, Az\u0259rbaycan Respublikas\u0131 Prezidentinin k\u00f6m\u0259k\u00e7isi, Prezidentinin Administrasiyas\u0131n\u0131n Xarici siyas\u0259t m\u0259s\u0259l\u0259l\u0259ri \u015f\u00f6b\u0259sinin m\u00fcdiri Hikm\u0259t Hac\u0131yev, Az\u0259rbaycan Respublikas\u0131n\u0131n Minat\u0259mizl\u0259m\u0259 Agentliyinin (ANAMA) s\u0259dri V\u00fcqar S\u00fcleymanov, A\u0130-nin s\u0259firi Peter Mixalko v\u0259 A\u0130-y\u0259 \u00dczv D\u00f6vl\u0259tl\u0259ri missiyalar\u0131n\u0131n r\u0259hb\u0259rl\u0259rinin i\u015ftirak\u0131 il\u0259 <strong>Az\u0259rbaycanda \u201cTeam Europe\u201d Avropa Komandas\u0131n\u0131n mina \u0259leyhin\u0259 t\u0259\u015f\u0259bb\u00fcs\u00fcn\u0259<\/strong> start verilib.<\/p>\n\n\n\n<p>Ba\u015f Direktor Gert Jan Koopman demi\u015fdir: \u201c<em>Avropa Komissiyas\u0131 Az\u0259rbaycanda mina \u0259leyhin\u0259 i\u015fl\u0259r\u0259 g\u00f6st\u0259ril\u0259n d\u0259st\u0259yi g\u00fccl\u0259ndirm\u0259k \u00fc\u00e7\u00fcn bizim Prezidentin verdiyi v\u0259di yerin\u0259 yetirir. N\u0259sill\u0259r boyu yerli icmalar\u0131n, x\u00fcsus\u0259n d\u0259 u\u015faqlar\u0131n ya\u015fay\u0131\u015f\u0131 \u00fc\u00e7\u00fcn minalar ciddi t\u0259hl\u00fck\u0259 t\u00f6r\u0259dir. Ehtiyaclar \u00e7ox b\u00f6y\u00fckd\u00fcr. B\u00fct\u00fcn t\u00f6hf\u0259 ver\u0259n A\u0130-na \u00dczv D\u00f6vl\u0259tl\u0259rl\u0259 birlikd\u0259 biz mina t\u0259hl\u00fck\u0259sini aradan qald\u0131rmaq \u00fc\u00e7\u00fcn d\u0259st\u0259yimizi daha \u00e7ox art\u0131rma\u011fa haz\u0131r\u0131q\u201d.<\/em><\/p>\n\n\n\n<p>A\u0130 v\u0259 A\u0130-na \u00dczv D\u00f6vl\u0259tl\u0259r Az\u0259rbaycanda mina \u0259leyhin\u0259 g\u00f6r\u00fcl\u0259n i\u015fl\u0259r\u0259 d\u0259st\u0259k ver\u0259n \u0259n b\u00f6y\u00fck beyn\u0259lxalq donordur. Bu il bizim yard\u0131m\u0131n \u201cTeam Europe\u201d Avropa Komandas\u0131 t\u0259\u015f\u0259bb\u00fcs\u00fc \u00e7\u0259r\u00e7iv\u0259sind\u0259 t\u0259qrib\u0259n 13 milyon Avroya \u00e7ataca\u011f\u0131 g\u00f6zl\u0259nilir.<\/p>\n\n\n\n<p>Bu t\u0259\u015f\u0259bb\u00fcs A\u0130 v\u0259 ona \u00dczv D\u00f6vl\u0259tl\u0259ri bir araya g\u0259tir\u0259r\u0259k, onlar\u0131n g\u00f6st\u0259rdiyi s\u0259yl\u0259rin s\u0259m\u0259r\u0259liliyi art\u0131racaq v\u0259 Az\u0259rbaycana A\u0130-n\u0131n t\u0259cr\u00fcb\u0259, maliyy\u0259l\u0259\u015fdirm\u0259 v\u0259 avadanl\u0131q bax\u0131m\u0131ndan birg\u0259 d\u0259st\u0259yind\u0259n faydalanmaq f\u00fcrs\u0259ti ver\u0259c\u0259kdir.<\/p>\n\n\n\n<p>\u201cTeam Europe\u201d Avropa Komandas\u0131 t\u0259\u015f\u0259bb\u00fcs\u00fcm\u00fcz Az\u0259rbaycan Respublikas\u0131n\u0131n Minat\u0259mizl\u0259m\u0259 Agentliyinin potensial\u0131n\u0131n art\u0131r\u0131lmas\u0131 v\u0259 institusional g\u00fccl\u0259ndirilm\u0259sin\u0259 d\u0259st\u0259k verm\u0259y\u0259, \u0259halinin minalar bar\u0259d\u0259 m\u0259lumatl\u0131l\u0131\u011f\u0131n\u0131 art\u0131rma\u011fa v\u0259 mina qurbanlar\u0131na d\u0259st\u0259k verm\u0259y\u0259 davam ed\u0259c\u0259k. Az\u0259rbaycanda partlay\u0131c\u0131 madd\u0259l\u0259rin t\u0259mizl\u0259nm\u0259si m\u0259cburi k\u00f6\u00e7k\u00fcnl\u0259rin t\u0259hl\u00fck\u0259siz \u015f\u0259kild\u0259 qay\u0131tmas\u0131 \u00fc\u00e7\u00fcn \u015f\u0259rait yaradacaq, icmalar\u0131n dayan\u0131ql\u0131 inki\u015faf\u0131 \u00fc\u00e7\u00fcn imkanlar a\u00e7acaq v\u0259 t\u0259bii ehtiyatlar\u0131 \u0259hali \u00fc\u00e7\u00fcn t\u0259hl\u00fck\u0259siz \u015f\u0259kild\u0259 \u0259l\u00e7atan ed\u0259c\u0259kdir.<\/p>\n\n\n\n<figure class=\"wp-block-gallery has-nested-images columns-default is-cropped wp-block-gallery-1 is-layout-flex wp-block-gallery-is-layout-flex\">\n<figure class=\"wp-block-image size-large\"><img loading=\"lazy\" decoding=\"async\" width=\"1024\" height=\"683\" data-id=\"65244\" src=\"https:\/\/eu4azerbaijan.eu\/wp-content\/uploads\/DSC_6756-1024x683.jpg\" alt=\"\" class=\"wp-image-65244\" srcset=\"https:\/\/eu4azerbaijan.eu\/wp-content\/uploads\/DSC_6756-1024x683.jpg 1024w, https:\/\/eu4azerbaijan.eu\/wp-content\/uploads\/DSC_6756-300x200.jpg 300w, https:\/\/eu4azerbaijan.eu\/wp-content\/uploads\/DSC_6756-768x512.jpg 768w, https:\/\/eu4azerbaijan.eu\/wp-content\/uploads\/DSC_6756-1536x1024.jpg 1536w, https:\/\/eu4azerbaijan.eu\/wp-content\/uploads\/DSC_6756-2048x1365.jpg 2048w\" sizes=\"(max-width: 1024px) 100vw, 1024px\" \/><\/figure>\n\n\n\n<figure class=\"wp-block-image size-large\"><img loading=\"lazy\" decoding=\"async\" width=\"1024\" height=\"683\" data-id=\"65254\" src=\"https:\/\/eu4azerbaijan.eu\/wp-content\/uploads\/DSC_6831-1024x683.jpg\" alt=\"\" class=\"wp-image-65254\" srcset=\"https:\/\/eu4azerbaijan.eu\/wp-content\/uploads\/DSC_6831-1024x683.jpg 1024w, https:\/\/eu4azerbaijan.eu\/wp-content\/uploads\/DSC_6831-300x200.jpg 300w, https:\/\/eu4azerbaijan.eu\/wp-content\/uploads\/DSC_6831-768x512.jpg 768w, https:\/\/eu4azerbaijan.eu\/wp-content\/uploads\/DSC_6831-1536x1024.jpg 1536w, https:\/\/eu4azerbaijan.eu\/wp-content\/uploads\/DSC_6831-2048x1365.jpg 2048w\" sizes=\"(max-width: 1024px) 100vw, 1024px\" \/><\/figure>\n\n\n\n<figure class=\"wp-block-image size-large\"><img loading=\"lazy\" decoding=\"async\" width=\"1024\" height=\"683\" data-id=\"65248\" src=\"https:\/\/eu4azerbaijan.eu\/wp-content\/uploads\/DSC_6847-1024x683.jpg\" alt=\"\" class=\"wp-image-65248\" srcset=\"https:\/\/eu4azerbaijan.eu\/wp-content\/uploads\/DSC_6847-1024x683.jpg 1024w, https:\/\/eu4azerbaijan.eu\/wp-content\/uploads\/DSC_6847-300x200.jpg 300w, https:\/\/eu4azerbaijan.eu\/wp-content\/uploads\/DSC_6847-768x512.jpg 768w, https:\/\/eu4azerbaijan.eu\/wp-content\/uploads\/DSC_6847-1536x1024.jpg 1536w, https:\/\/eu4azerbaijan.eu\/wp-content\/uploads\/DSC_6847-2048x1365.jpg 2048w\" sizes=\"(max-width: 1024px) 100vw, 1024px\" \/><\/figure>\n\n\n\n<figure class=\"wp-block-image size-large\"><img loading=\"lazy\" decoding=\"async\" width=\"1024\" height=\"683\" data-id=\"65252\" src=\"https:\/\/eu4azerbaijan.eu\/wp-content\/uploads\/DSC_6866-1024x683.jpg\" alt=\"\" class=\"wp-image-65252\" srcset=\"https:\/\/eu4azerbaijan.eu\/wp-content\/uploads\/DSC_6866-1024x683.jpg 1024w, https:\/\/eu4azerbaijan.eu\/wp-content\/uploads\/DSC_6866-300x200.jpg 300w, https:\/\/eu4azerbaijan.eu\/wp-content\/uploads\/DSC_6866-768x512.jpg 768w, https:\/\/eu4azerbaijan.eu\/wp-content\/uploads\/DSC_6866-1536x1024.jpg 1536w, https:\/\/eu4azerbaijan.eu\/wp-content\/uploads\/DSC_6866-2048x1365.jpg 2048w\" sizes=\"(max-width: 1024px) 100vw, 1024px\" \/><\/figure>\n\n\n\n<figure class=\"wp-block-image size-large\"><img loading=\"lazy\" decoding=\"async\" width=\"1024\" height=\"683\" data-id=\"65250\" src=\"https:\/\/eu4azerbaijan.eu\/wp-content\/uploads\/DSC_6875-1024x683.jpg\" alt=\"\" class=\"wp-image-65250\" srcset=\"https:\/\/eu4azerbaijan.eu\/wp-content\/uploads\/DSC_6875-1024x683.jpg 1024w, https:\/\/eu4azerbaijan.eu\/wp-content\/uploads\/DSC_6875-300x200.jpg 300w, https:\/\/eu4azerbaijan.eu\/wp-content\/uploads\/DSC_6875-768x512.jpg 768w, https:\/\/eu4azerbaijan.eu\/wp-content\/uploads\/DSC_6875-1536x1024.jpg 1536w, https:\/\/eu4azerbaijan.eu\/wp-content\/uploads\/DSC_6875-2048x1365.jpg 2048w\" sizes=\"(max-width: 1024px) 100vw, 1024px\" \/><\/figure>\n\n\n\n<figure class=\"wp-block-image size-large\"><img loading=\"lazy\" decoding=\"async\" width=\"1024\" height=\"683\" data-id=\"65246\" src=\"https:\/\/eu4azerbaijan.eu\/wp-content\/uploads\/DSC_6885-1024x683.jpg\" alt=\"\" class=\"wp-image-65246\" srcset=\"https:\/\/eu4azerbaijan.eu\/wp-content\/uploads\/DSC_6885-1024x683.jpg 1024w, https:\/\/eu4azerbaijan.eu\/wp-content\/uploads\/DSC_6885-300x200.jpg 300w, https:\/\/eu4azerbaijan.eu\/wp-content\/uploads\/DSC_6885-768x512.jpg 768w, https:\/\/eu4azerbaijan.eu\/wp-content\/uploads\/DSC_6885-1536x1024.jpg 1536w, https:\/\/eu4azerbaijan.eu\/wp-content\/uploads\/DSC_6885-2048x1365.jpg 2048w\" sizes=\"(max-width: 1024px) 100vw, 1024px\" \/><\/figure>\n\n\n\n<figure class=\"wp-block-image size-large\"><img loading=\"lazy\" decoding=\"async\" width=\"1024\" height=\"683\" data-id=\"65262\" src=\"https:\/\/eu4azerbaijan.eu\/wp-content\/uploads\/DSC_9167-1024x683.jpg\" alt=\"\" class=\"wp-image-65262\" srcset=\"https:\/\/eu4azerbaijan.eu\/wp-content\/uploads\/DSC_9167-1024x683.jpg 1024w, https:\/\/eu4azerbaijan.eu\/wp-content\/uploads\/DSC_9167-300x200.jpg 300w, https:\/\/eu4azerbaijan.eu\/wp-content\/uploads\/DSC_9167-768x512.jpg 768w, https:\/\/eu4azerbaijan.eu\/wp-content\/uploads\/DSC_9167-1536x1024.jpg 1536w, https:\/\/eu4azerbaijan.eu\/wp-content\/uploads\/DSC_9167-2048x1365.jpg 2048w\" sizes=\"(max-width: 1024px) 100vw, 1024px\" \/><\/figure>\n\n\n\n<figure class=\"wp-block-image size-large\"><img loading=\"lazy\" decoding=\"async\" width=\"1024\" height=\"683\" data-id=\"65258\" src=\"https:\/\/eu4azerbaijan.eu\/wp-content\/uploads\/DSC_9209-1024x683.jpg\" alt=\"\" class=\"wp-image-65258\" srcset=\"https:\/\/eu4azerbaijan.eu\/wp-content\/uploads\/DSC_9209-1024x683.jpg 1024w, https:\/\/eu4azerbaijan.eu\/wp-content\/uploads\/DSC_9209-300x200.jpg 300w, https:\/\/eu4azerbaijan.eu\/wp-content\/uploads\/DSC_9209-768x512.jpg 768w, https:\/\/eu4azerbaijan.eu\/wp-content\/uploads\/DSC_9209-1536x1024.jpg 1536w, https:\/\/eu4azerbaijan.eu\/wp-content\/uploads\/DSC_9209-2048x1365.jpg 2048w\" sizes=\"(max-width: 1024px) 100vw, 1024px\" \/><\/figure>\n\n\n\n<figure class=\"wp-block-image size-large\"><img loading=\"lazy\" decoding=\"async\" width=\"1024\" height=\"683\" data-id=\"65256\" src=\"https:\/\/eu4azerbaijan.eu\/wp-content\/uploads\/DSC_9252-1024x683.jpg\" alt=\"\" class=\"wp-image-65256\" srcset=\"https:\/\/eu4azerbaijan.eu\/wp-content\/uploads\/DSC_9252-1024x683.jpg 1024w, https:\/\/eu4azerbaijan.eu\/wp-content\/uploads\/DSC_9252-300x200.jpg 300w, https:\/\/eu4azerbaijan.eu\/wp-content\/uploads\/DSC_9252-768x512.jpg 768w, https:\/\/eu4azerbaijan.eu\/wp-content\/uploads\/DSC_9252-1536x1024.jpg 1536w, https:\/\/eu4azerbaijan.eu\/wp-content\/uploads\/DSC_9252-2048x1365.jpg 2048w\" sizes=\"(max-width: 1024px) 100vw, 1024px\" \/><\/figure>\n\n\n\n<figure class=\"wp-block-image size-large\"><img loading=\"lazy\" decoding=\"async\" width=\"1024\" height=\"683\" data-id=\"65260\" src=\"https:\/\/eu4azerbaijan.eu\/wp-content\/uploads\/DSC_9277-1024x683.jpg\" alt=\"\" class=\"wp-image-65260\" srcset=\"https:\/\/eu4azerbaijan.eu\/wp-content\/uploads\/DSC_9277-1024x683.jpg 1024w, https:\/\/eu4azerbaijan.eu\/wp-content\/uploads\/DSC_9277-300x200.jpg 300w, https:\/\/eu4azerbaijan.eu\/wp-content\/uploads\/DSC_9277-768x512.jpg 768w, https:\/\/eu4azerbaijan.eu\/wp-content\/uploads\/DSC_9277-1536x1024.jpg 1536w, https:\/\/eu4azerbaijan.eu\/wp-content\/uploads\/DSC_9277-2048x1365.jpg 2048w\" sizes=\"(max-width: 1024px) 100vw, 1024px\" \/><\/figure>\n<\/figure>\n","protected":false},"excerpt":{"rendered":"<p>Bu g\u00fcn Bak\u0131da Avropa Komissiyas\u0131n\u0131n Qon\u015fuluq Siyas\u0259ti v\u0259 Geni\u015fl\u0259nm\u0259 Dan\u0131\u015f\u0131qlar\u0131 \u00fczr\u0259 Ba\u015f Direktoru Gert Jan Koopman, Az\u0259rbaycan Respublikas\u0131 Prezidentinin k\u00f6m\u0259k\u00e7isi, Prezidentinin Administrasiyas\u0131n\u0131n Xarici siyas\u0259t m\u0259s\u0259l\u0259l\u0259ri \u015f\u00f6b\u0259sinin m\u00fcdiri Hikm\u0259t Hac\u0131yev, Az\u0259rbaycan Respublikas\u0131n\u0131n Minat\u0259mizl\u0259m\u0259 Agentliyinin (ANAMA) s\u0259dri V\u00fcqar S\u00fcleymanov, A\u0130-nin s\u0259firi Peter Mixalko v\u0259 A\u0130-y\u0259 \u00dczv D\u00f6vl\u0259tl\u0259ri missiyalar\u0131n\u0131n r\u0259hb\u0259rl\u0259rinin i\u015ftirak\u0131 il\u0259 Az\u0259rbaycanda \u201cTeam Europe\u201d Avropa Komandas\u0131n\u0131n mina [&hellip;]<\/p>\n","protected":false},"author":19,"featured_media":65265,"comment_status":"closed","ping_status":"closed","sticky":false,"template":"","format":"standard","meta":{"_acf_changed":false,"footnotes":""},"categories":[374,284],"tags":[],"topic":[],"class_list":["post-65267","post","type-post","status-publish","format-standard","has-post-thumbnail","hentry","category-whats-happening-az","category-news-az"],"acf":[],"yoast_head":"<!-- This site is optimized with the Yoast SEO plugin v26.4 - https:\/\/yoast.com\/wordpress\/plugins\/seo\/ -->\n<title>\u201cTeam Europe\u201d Avropa Komandas\u0131n\u0131n mina \u0259leyhin\u0259 t\u0259\u015f\u0259bb\u00fcs\u00fcn\u0259 start verilir - EU for Azerbaijan<\/title>\n<meta name=\"robots\" content=\"index, follow, max-snippet:-1, max-image-preview:large, max-video-preview:-1\" \/>\n<link rel=\"canonical\" href=\"https:\/\/eu4azerbaijan.eu\/az\/launch-of-team-europe-initiative-on-mine-action-in-azerbaijan\/\" \/>\n<meta property=\"og:locale\" content=\"az_AZ\" \/>\n<meta property=\"og:type\" content=\"article\" \/>\n<meta property=\"og:title\" content=\"\u201cTeam Europe\u201d Avropa Komandas\u0131n\u0131n mina \u0259leyhin\u0259 t\u0259\u015f\u0259bb\u00fcs\u00fcn\u0259 start verilir - EU for Azerbaijan\" \/>\n<meta property=\"og:description\" content=\"Bu g\u00fcn Bak\u0131da Avropa Komissiyas\u0131n\u0131n Qon\u015fuluq Siyas\u0259ti v\u0259 Geni\u015fl\u0259nm\u0259 Dan\u0131\u015f\u0131qlar\u0131 \u00fczr\u0259 Ba\u015f Direktoru Gert Jan Koopman, Az\u0259rbaycan Respublikas\u0131 Prezidentinin k\u00f6m\u0259k\u00e7isi, Prezidentinin Administrasiyas\u0131n\u0131n Xarici siyas\u0259t m\u0259s\u0259l\u0259l\u0259ri \u015f\u00f6b\u0259sinin m\u00fcdiri Hikm\u0259t Hac\u0131yev, Az\u0259rbaycan Respublikas\u0131n\u0131n Minat\u0259mizl\u0259m\u0259 Agentliyinin (ANAMA) s\u0259dri V\u00fcqar S\u00fcleymanov, A\u0130-nin s\u0259firi Peter Mixalko v\u0259 A\u0130-y\u0259 \u00dczv D\u00f6vl\u0259tl\u0259ri missiyalar\u0131n\u0131n r\u0259hb\u0259rl\u0259rinin i\u015ftirak\u0131 il\u0259 Az\u0259rbaycanda \u201cTeam Europe\u201d Avropa Komandas\u0131n\u0131n mina [&hellip;]\" \/>\n<meta property=\"og:url\" content=\"https:\/\/eu4azerbaijan.eu\/az\/launch-of-team-europe-initiative-on-mine-action-in-azerbaijan\/\" \/>\n<meta property=\"og:site_name\" content=\"EU for Azerbaijan\" \/>\n<meta property=\"article:published_time\" content=\"2024-05-03T07:50:46+00:00\" \/>\n<meta property=\"article:modified_time\" content=\"2024-05-14T08:01:35+00:00\" \/>\n<meta property=\"og:image\" content=\"https:\/\/eu4azerbaijan.eu\/wp-content\/uploads\/DSC_6925-scaled.jpg\" \/>\n\t<meta property=\"og:image:width\" content=\"2560\" \/>\n\t<meta property=\"og:image:height\" content=\"1707\" \/>\n\t<meta property=\"og:image:type\" content=\"image\/jpeg\" \/>\n<meta name=\"author\" content=\"Aydan Topchibasheva\" \/>\n<meta name=\"twitter:card\" content=\"summary_large_image\" \/>\n<meta name=\"twitter:label1\" content=\"Written by\" \/>\n\t<meta name=\"twitter:data1\" content=\"Aydan Topchibasheva\" \/>\n\t<meta name=\"twitter:label2\" content=\"Est. reading time\" \/>\n\t<meta name=\"twitter:data2\" content=\"4 minutes\" \/>\n<script type=\"application\/ld+json\" class=\"yoast-schema-graph\">{\"@context\":\"https:\/\/schema.org\",\"@graph\":[{\"@type\":\"WebPage\",\"@id\":\"https:\/\/eu4azerbaijan.eu\/az\/launch-of-team-europe-initiative-on-mine-action-in-azerbaijan\/\",\"url\":\"https:\/\/eu4azerbaijan.eu\/az\/launch-of-team-europe-initiative-on-mine-action-in-azerbaijan\/\",\"name\":\"\u201cTeam Europe\u201d Avropa Komandas\u0131n\u0131n mina \u0259leyhin\u0259 t\u0259\u015f\u0259bb\u00fcs\u00fcn\u0259 start verilir - EU for Azerbaijan\",\"isPartOf\":{\"@id\":\"https:\/\/eu4azerbaijan.eu\/az\/#website\"},\"primaryImageOfPage\":{\"@id\":\"https:\/\/eu4azerbaijan.eu\/az\/launch-of-team-europe-initiative-on-mine-action-in-azerbaijan\/#primaryimage\"},\"image\":{\"@id\":\"https:\/\/eu4azerbaijan.eu\/az\/launch-of-team-europe-initiative-on-mine-action-in-azerbaijan\/#primaryimage\"},\"thumbnailUrl\":\"https:\/\/eu4azerbaijan.eu\/wp-content\/uploads\/DSC_6925-scaled.jpg\",\"datePublished\":\"2024-05-03T07:50:46+00:00\",\"dateModified\":\"2024-05-14T08:01:35+00:00\",\"author\":{\"@id\":\"https:\/\/eu4azerbaijan.eu\/az\/#\/schema\/person\/cf17ddba07387955c481997af06797df\"},\"breadcrumb\":{\"@id\":\"https:\/\/eu4azerbaijan.eu\/az\/launch-of-team-europe-initiative-on-mine-action-in-azerbaijan\/#breadcrumb\"},\"inLanguage\":\"az-AZ\",\"potentialAction\":[{\"@type\":\"ReadAction\",\"target\":[\"https:\/\/eu4azerbaijan.eu\/az\/launch-of-team-europe-initiative-on-mine-action-in-azerbaijan\/\"]}]},{\"@type\":\"ImageObject\",\"inLanguage\":\"az-AZ\",\"@id\":\"https:\/\/eu4azerbaijan.eu\/az\/launch-of-team-europe-initiative-on-mine-action-in-azerbaijan\/#primaryimage\",\"url\":\"https:\/\/eu4azerbaijan.eu\/wp-content\/uploads\/DSC_6925-scaled.jpg\",\"contentUrl\":\"https:\/\/eu4azerbaijan.eu\/wp-content\/uploads\/DSC_6925-scaled.jpg\",\"width\":2560,\"height\":1707},{\"@type\":\"BreadcrumbList\",\"@id\":\"https:\/\/eu4azerbaijan.eu\/az\/launch-of-team-europe-initiative-on-mine-action-in-azerbaijan\/#breadcrumb\",\"itemListElement\":[{\"@type\":\"ListItem\",\"position\":1,\"name\":\"Home\",\"item\":\"https:\/\/eu4azerbaijan.eu\/az\/\"},{\"@type\":\"ListItem\",\"position\":2,\"name\":\"\u201cTeam Europe\u201d Avropa Komandas\u0131n\u0131n mina \u0259leyhin\u0259 t\u0259\u015f\u0259bb\u00fcs\u00fcn\u0259 start verilir\"}]},{\"@type\":\"WebSite\",\"@id\":\"https:\/\/eu4azerbaijan.eu\/az\/#website\",\"url\":\"https:\/\/eu4azerbaijan.eu\/az\/\",\"name\":\"EU for Azerbaijan\",\"description\":\"\",\"potentialAction\":[{\"@type\":\"SearchAction\",\"target\":{\"@type\":\"EntryPoint\",\"urlTemplate\":\"https:\/\/eu4azerbaijan.eu\/az\/?s={search_term_string}\"},\"query-input\":{\"@type\":\"PropertyValueSpecification\",\"valueRequired\":true,\"valueName\":\"search_term_string\"}}],\"inLanguage\":\"az-AZ\"},{\"@type\":\"Person\",\"@id\":\"https:\/\/eu4azerbaijan.eu\/az\/#\/schema\/person\/cf17ddba07387955c481997af06797df\",\"name\":\"Aydan Topchibasheva\",\"image\":{\"@type\":\"ImageObject\",\"inLanguage\":\"az-AZ\",\"@id\":\"https:\/\/eu4azerbaijan.eu\/az\/#\/schema\/person\/image\/\",\"url\":\"https:\/\/secure.gravatar.com\/avatar\/657ac54b68aced49adde2a29a43651c77d8555f376d5ee5dd68172194a09f856?s=96&d=mm&r=g\",\"contentUrl\":\"https:\/\/secure.gravatar.com\/avatar\/657ac54b68aced49adde2a29a43651c77d8555f376d5ee5dd68172194a09f856?s=96&d=mm&r=g\",\"caption\":\"Aydan Topchibasheva\"},\"url\":\"https:\/\/eu4azerbaijan.eu\/az\/author\/aydan\/\"}]}<\/script>\n<!-- \/ Yoast SEO plugin. -->","yoast_head_json":{"title":"\u201cTeam Europe\u201d Avropa Komandas\u0131n\u0131n mina \u0259leyhin\u0259 t\u0259\u015f\u0259bb\u00fcs\u00fcn\u0259 start verilir - EU for Azerbaijan","robots":{"index":"index","follow":"follow","max-snippet":"max-snippet:-1","max-image-preview":"max-image-preview:large","max-video-preview":"max-video-preview:-1"},"canonical":"https:\/\/eu4azerbaijan.eu\/az\/launch-of-team-europe-initiative-on-mine-action-in-azerbaijan\/","og_locale":"az_AZ","og_type":"article","og_title":"\u201cTeam Europe\u201d Avropa Komandas\u0131n\u0131n mina \u0259leyhin\u0259 t\u0259\u015f\u0259bb\u00fcs\u00fcn\u0259 start verilir - EU for Azerbaijan","og_description":"Bu g\u00fcn Bak\u0131da Avropa Komissiyas\u0131n\u0131n Qon\u015fuluq Siyas\u0259ti v\u0259 Geni\u015fl\u0259nm\u0259 Dan\u0131\u015f\u0131qlar\u0131 \u00fczr\u0259 Ba\u015f Direktoru Gert Jan Koopman, Az\u0259rbaycan Respublikas\u0131 Prezidentinin k\u00f6m\u0259k\u00e7isi, Prezidentinin Administrasiyas\u0131n\u0131n Xarici siyas\u0259t m\u0259s\u0259l\u0259l\u0259ri \u015f\u00f6b\u0259sinin m\u00fcdiri Hikm\u0259t Hac\u0131yev, Az\u0259rbaycan Respublikas\u0131n\u0131n Minat\u0259mizl\u0259m\u0259 Agentliyinin (ANAMA) s\u0259dri V\u00fcqar S\u00fcleymanov, A\u0130-nin s\u0259firi Peter Mixalko v\u0259 A\u0130-y\u0259 \u00dczv D\u00f6vl\u0259tl\u0259ri missiyalar\u0131n\u0131n r\u0259hb\u0259rl\u0259rinin i\u015ftirak\u0131 il\u0259 Az\u0259rbaycanda \u201cTeam Europe\u201d Avropa Komandas\u0131n\u0131n mina [&hellip;]","og_url":"https:\/\/eu4azerbaijan.eu\/az\/launch-of-team-europe-initiative-on-mine-action-in-azerbaijan\/","og_site_name":"EU for Azerbaijan","article_published_time":"2024-05-03T07:50:46+00:00","article_modified_time":"2024-05-14T08:01:35+00:00","og_image":[{"width":2560,"height":1707,"url":"https:\/\/eu4azerbaijan.eu\/wp-content\/uploads\/DSC_6925-scaled.jpg","type":"image\/jpeg"}],"author":"Aydan Topchibasheva","twitter_card":"summary_large_image","twitter_misc":{"Written by":"Aydan Topchibasheva","Est. reading time":"4 minutes"},"schema":{"@context":"https:\/\/schema.org","@graph":[{"@type":"WebPage","@id":"https:\/\/eu4azerbaijan.eu\/az\/launch-of-team-europe-initiative-on-mine-action-in-azerbaijan\/","url":"https:\/\/eu4azerbaijan.eu\/az\/launch-of-team-europe-initiative-on-mine-action-in-azerbaijan\/","name":"\u201cTeam Europe\u201d Avropa Komandas\u0131n\u0131n mina \u0259leyhin\u0259 t\u0259\u015f\u0259bb\u00fcs\u00fcn\u0259 start verilir - EU for Azerbaijan","isPartOf":{"@id":"https:\/\/eu4azerbaijan.eu\/az\/#website"},"primaryImageOfPage":{"@id":"https:\/\/eu4azerbaijan.eu\/az\/launch-of-team-europe-initiative-on-mine-action-in-azerbaijan\/#primaryimage"},"image":{"@id":"https:\/\/eu4azerbaijan.eu\/az\/launch-of-team-europe-initiative-on-mine-action-in-azerbaijan\/#primaryimage"},"thumbnailUrl":"https:\/\/eu4azerbaijan.eu\/wp-content\/uploads\/DSC_6925-scaled.jpg","datePublished":"2024-05-03T07:50:46+00:00","dateModified":"2024-05-14T08:01:35+00:00","author":{"@id":"https:\/\/eu4azerbaijan.eu\/az\/#\/schema\/person\/cf17ddba07387955c481997af06797df"},"breadcrumb":{"@id":"https:\/\/eu4azerbaijan.eu\/az\/launch-of-team-europe-initiative-on-mine-action-in-azerbaijan\/#breadcrumb"},"inLanguage":"az-AZ","potentialAction":[{"@type":"ReadAction","target":["https:\/\/eu4azerbaijan.eu\/az\/launch-of-team-europe-initiative-on-mine-action-in-azerbaijan\/"]}]},{"@type":"ImageObject","inLanguage":"az-AZ","@id":"https:\/\/eu4azerbaijan.eu\/az\/launch-of-team-europe-initiative-on-mine-action-in-azerbaijan\/#primaryimage","url":"https:\/\/eu4azerbaijan.eu\/wp-content\/uploads\/DSC_6925-scaled.jpg","contentUrl":"https:\/\/eu4azerbaijan.eu\/wp-content\/uploads\/DSC_6925-scaled.jpg","width":2560,"height":1707},{"@type":"BreadcrumbList","@id":"https:\/\/eu4azerbaijan.eu\/az\/launch-of-team-europe-initiative-on-mine-action-in-azerbaijan\/#breadcrumb","itemListElement":[{"@type":"ListItem","position":1,"name":"Home","item":"https:\/\/eu4azerbaijan.eu\/az\/"},{"@type":"ListItem","position":2,"name":"\u201cTeam Europe\u201d Avropa Komandas\u0131n\u0131n mina \u0259leyhin\u0259 t\u0259\u015f\u0259bb\u00fcs\u00fcn\u0259 start verilir"}]},{"@type":"WebSite","@id":"https:\/\/eu4azerbaijan.eu\/az\/#website","url":"https:\/\/eu4azerbaijan.eu\/az\/","name":"EU for Azerbaijan","description":"","potentialAction":[{"@type":"SearchAction","target":{"@type":"EntryPoint","urlTemplate":"https:\/\/eu4azerbaijan.eu\/az\/?s={search_term_string}"},"query-input":{"@type":"PropertyValueSpecification","valueRequired":true,"valueName":"search_term_string"}}],"inLanguage":"az-AZ"},{"@type":"Person","@id":"https:\/\/eu4azerbaijan.eu\/az\/#\/schema\/person\/cf17ddba07387955c481997af06797df","name":"Aydan Topchibasheva","image":{"@type":"ImageObject","inLanguage":"az-AZ","@id":"https:\/\/eu4azerbaijan.eu\/az\/#\/schema\/person\/image\/","url":"https:\/\/secure.gravatar.com\/avatar\/657ac54b68aced49adde2a29a43651c77d8555f376d5ee5dd68172194a09f856?s=96&d=mm&r=g","contentUrl":"https:\/\/secure.gravatar.com\/avatar\/657ac54b68aced49adde2a29a43651c77d8555f376d5ee5dd68172194a09f856?s=96&d=mm&r=g","caption":"Aydan Topchibasheva"},"url":"https:\/\/eu4azerbaijan.eu\/az\/author\/aydan\/"}]}},"_links":{"self":[{"href":"https:\/\/eu4azerbaijan.eu\/az\/wp-json\/wp\/v2\/posts\/65267","targetHints":{"allow":["GET"]}}],"collection":[{"href":"https:\/\/eu4azerbaijan.eu\/az\/wp-json\/wp\/v2\/posts"}],"about":[{"href":"https:\/\/eu4azerbaijan.eu\/az\/wp-json\/wp\/v2\/types\/post"}],"author":[{"embeddable":true,"href":"https:\/\/eu4azerbaijan.eu\/az\/wp-json\/wp\/v2\/users\/19"}],"replies":[{"embeddable":true,"href":"https:\/\/eu4azerbaijan.eu\/az\/wp-json\/wp\/v2\/comments?post=65267"}],"version-history":[{"count":2,"href":"https:\/\/eu4azerbaijan.eu\/az\/wp-json\/wp\/v2\/posts\/65267\/revisions"}],"predecessor-version":[{"id":65269,"href":"https:\/\/eu4azerbaijan.eu\/az\/wp-json\/wp\/v2\/posts\/65267\/revisions\/65269"}],"wp:featuredmedia":[{"embeddable":true,"href":"https:\/\/eu4azerbaijan.eu\/az\/wp-json\/wp\/v2\/media\/65265"}],"wp:attachment":[{"href":"https:\/\/eu4azerbaijan.eu\/az\/wp-json\/wp\/v2\/media?parent=65267"}],"wp:term":[{"taxonomy":"category","embeddable":true,"href":"https:\/\/eu4azerbaijan.eu\/az\/wp-json\/wp\/v2\/categories?post=65267"},{"taxonomy":"post_tag","embeddable":true,"href":"https:\/\/eu4azerbaijan.eu\/az\/wp-json\/wp\/v2\/tags?post=65267"},{"taxonomy":"topic","embeddable":true,"href":"https:\/\/eu4azerbaijan.eu\/az\/wp-json\/wp\/v2\/topic?post=65267"}],"curies":[{"name":"wp","href":"https:\/\/api.w.org\/{rel}","templated":true}]}}