{"id":65018,"date":"2024-03-12T08:55:18","date_gmt":"2024-03-12T08:55:18","guid":{"rendered":"https:\/\/eu4azerbaijan.eu\/ifrc-launched-the-branch-organisational-capacity-self-analysis-program-with-the-support-of-the-eu\/"},"modified":"2024-03-12T08:58:16","modified_gmt":"2024-03-12T08:58:16","slug":"ifrc-launched-the-branch-organisational-capacity-self-analysis-program-with-the-support-of-the-eu","status":"publish","type":"post","link":"https:\/\/eu4azerbaijan.eu\/az\/ifrc-launched-the-branch-organisational-capacity-self-analysis-program-with-the-support-of-the-eu\/","title":{"rendered":"A\u0130-nin d\u0259st\u0259yil\u0259 IFRC \u201cYerli strukturlar\u0131n t\u0259\u015fkilati bacar\u0131qlar\u0131n\u0131n v\u0259 imkanlar\u0131n\u0131n t\u0259hlili\u201d adl\u0131 t\u0259lim proqram\u0131 h\u0259yata ke\u00e7irib"},"content":{"rendered":"\n<p>26 fevral &#8211; 1 mart 2024-c\u00fc ild\u0259 Beyn\u0259lxalq Q\u0131z\u0131l Xa\u00e7 v\u0259 Q\u0131z\u0131l Aypara C\u0259miyy\u0259tl\u0259ri Federasiyas\u0131n\u0131n (IFRC) t\u0259\u015f\u0259bb\u00fcs\u00fc il\u0259 \u201cYerli strukturlar\u0131n t\u0259\u015fkilati bacar\u0131qlar\u0131n\u0131n v\u0259 imkanlar\u0131n\u0131n t\u0259hlili (BOCA)\u201d adl\u0131 t\u0259lim proqram\u0131 h\u0259yata ke\u00e7irilib. Bu proqram Avropa \u0130ttifaq\u0131 (A\u0130) t\u0259r\u0259find\u0259n maliyy\u0259l\u0259\u015f\u0259n v\u0259 IFRC t\u0259r\u0259find\u0259n h\u0259yata ke\u00e7iril\u0259n \u201cAz\u0259rbaycanda icman\u0131n ehtiyaclar\u0131 v\u0259 yerli imkanlarla v\u0259t\u0259nda\u015f c\u0259miyy\u0259ti t\u0259\u015fkilatlar\u0131n\u0131n potensiallar\u0131 aras\u0131ndak\u0131 bo\u015flu\u011fun aradan qald\u0131r\u0131lmas\u0131\u201d layih\u0259si \u00e7\u0259r\u00e7iv\u0259sind\u0259 ba\u015f tutub.<\/p>\n\n\n\n<p>Az\u0259rbaycan Q\u0131z\u0131l Aypara C\u0259miyy\u0259ti (AzQAC) \u00fc\u00e7\u00fcn n\u0259z\u0259rd\u0259 tutulan 3 g\u00fcnl\u00fck t\u0259lim proqram\u0131nda Milli C\u0259miyy\u0259tin m\u00fcxt\u0259lif \u015f\u00f6b\u0259l\u0259rind\u0259n \u0259m\u0259kda\u015flar, k\u00f6n\u00fcll\u00fcl\u0259r, t\u0259lim\u00e7il\u0259r v\u0259 r\u0259hb\u0259rlik i\u015ftirak edib. T\u0259lim\u0259 a\u00e7\u0131l\u0131\u015f s\u00f6zl\u0259ri il\u0259 ba\u015flayan AzQAC-\u0131n vitse-prezidentl\u0259ri Qafar \u018fsk\u0259rzad\u0259, \u018fziz Qocayev, icra\u00e7\u0131 katibin m\u00fcavini \u015eaban \u015eayev v\u0259 icra\u00e7\u0131 katibin m\u00fcavini, g\u0259ncl\u0259r v\u0259 k\u00f6n\u00fcll\u00fcl\u0259r \u00fczr\u0259 \u015f\u00f6b\u0259 m\u00fcdiri Xalid\u0259 \u0130sg\u0259nd\u0259rova qurumlar aras\u0131nda ba\u015f tutmu\u015f u\u011furlu layih\u0259l\u0259rd\u0259n, AzQAC b\u00f6lm\u0259l\u0259rinin potensial\u0131ndan, k\u00f6n\u00fcll\u00fc bazas\u0131ndan v\u0259 at\u0131lacaq yeni add\u0131mlardan b\u0259hs edibl\u0259r.<\/p>\n\n\n\n<p>BOCA proqram\u0131n\u0131n \u0259sas m\u0259qs\u0259di prosesl\u0259rin y\u00fcng\u00fcll\u0259\u015fdirilm\u0259si, strateji planla\u015fd\u0131rman\u0131n v\u0259 konsensusun yarad\u0131lmas\u0131 \u00fcsullar\u0131n\u0131n t\u0259kmill\u0259\u015fdirilm\u0259sin\u0259 diqq\u0259t yetirm\u0259k olub. T\u0259liml\u0259rd\u0259n d\u0259rhal sonra se\u00e7ilmi\u015f fasilitator namiz\u0259dl\u0259r AzQAC-\u0131n Ab\u015feron, \u0130smay\u0131ll\u0131 v\u0259 Sumqay\u0131tda yerl\u0259\u015f\u0259n \u00fc\u00e7 b\u00f6lm\u0259sin\u0259 t\u0259yin edilib. Namiz\u0259d fasilitatorlara d\u00fc\u015f\u0259n \u0259sas tap\u015f\u0131r\u0131q BOCA seminar\u0131n\u0131n h\u0259m\u0259n b\u00f6lm\u0259l\u0259rd\u0259 ke\u00e7irilm\u0259si v\u0259 bu b\u00f6lm\u0259l\u0259rin daxilind\u0259 h\u0259r bir departamentin inki\u015faf\u0131 \u00fc\u00e7\u00fcn ehtiyac\u0131 olan f\u0259aliyy\u0259t plan\u0131n\u0131n haz\u0131rlanmas\u0131 n\u0259z\u0259rd\u0259 tutulub. Bu plan\u0131n haz\u0131rlanmas\u0131nda \u0259sas m\u0259qs\u0259d b\u00f6lm\u0259l\u0259rin h\u0259r bir \u015f\u00f6b\u0259sinin potensial\u0131n\u0131 art\u0131rmaq v\u0259 qurumun inki\u015faf\u0131na t\u0259kan verm\u0259k olub. BOCA t\u0259limind\u0259n \u0259ld\u0259 edil\u0259n t\u0259cr\u00fcb\u0259 il\u0259 se\u00e7ilmi\u015f fasilitatorlar AzQAC-\u0131n b\u00fct\u00fcn b\u00f6lm\u0259l\u0259rinin \u00f6z\u00fcn\u00fcinki\u015faf ehtiyaclar\u0131n\u0131 t\u0259min etm\u0259kl\u0259 b\u0259rab\u0259r \u015f\u00f6b\u0259l\u0259rin g\u00fccl\u00fc t\u0259r\u0259fl\u0259rini, m\u0259hdudiyy\u0259tl\u0259rini v\u0259 \u00e7\u0259tinlikl\u0259rini m\u00fc\u0259yy\u0259n edib, qiym\u0259tl\u0259ndir\u0259 bil\u0259c\u0259kl\u0259r.<\/p>\n\n\n\n<p>T\u0259limin sonunda se\u00e7il\u0259n fasilitator namiz\u0259dl\u0259r sertifikata layiq g\u00f6r\u00fcl\u0259r\u0259k, r\u0259smi BOCA fasilitaroru ad\u0131 qazan\u0131blar.<\/p>\n\n\n\n<figure class=\"wp-block-gallery has-nested-images columns-default is-cropped wp-block-gallery-1 is-layout-flex wp-block-gallery-is-layout-flex\">\n<figure class=\"wp-block-image size-large\"><img loading=\"lazy\" decoding=\"async\" width=\"1024\" height=\"683\" data-id=\"65014\" src=\"https:\/\/eu4azerbaijan.eu\/wp-content\/uploads\/1-8-1024x683.jpg\" alt=\"\" class=\"wp-image-65014\" srcset=\"https:\/\/eu4azerbaijan.eu\/wp-content\/uploads\/1-8-1024x683.jpg 1024w, https:\/\/eu4azerbaijan.eu\/wp-content\/uploads\/1-8-300x200.jpg 300w, https:\/\/eu4azerbaijan.eu\/wp-content\/uploads\/1-8-768x512.jpg 768w, https:\/\/eu4azerbaijan.eu\/wp-content\/uploads\/1-8-1536x1024.jpg 1536w, https:\/\/eu4azerbaijan.eu\/wp-content\/uploads\/1-8-2048x1365.jpg 2048w\" sizes=\"(max-width: 1024px) 100vw, 1024px\" \/><\/figure>\n\n\n\n<figure class=\"wp-block-image size-large\"><img loading=\"lazy\" decoding=\"async\" width=\"1024\" height=\"683\" data-id=\"65012\" src=\"https:\/\/eu4azerbaijan.eu\/wp-content\/uploads\/IMG_0282-1024x683.jpg\" alt=\"\" class=\"wp-image-65012\" srcset=\"https:\/\/eu4azerbaijan.eu\/wp-content\/uploads\/IMG_0282-1024x683.jpg 1024w, https:\/\/eu4azerbaijan.eu\/wp-content\/uploads\/IMG_0282-300x200.jpg 300w, https:\/\/eu4azerbaijan.eu\/wp-content\/uploads\/IMG_0282-768x512.jpg 768w, https:\/\/eu4azerbaijan.eu\/wp-content\/uploads\/IMG_0282-1536x1024.jpg 1536w, https:\/\/eu4azerbaijan.eu\/wp-content\/uploads\/IMG_0282-2048x1365.jpg 2048w\" sizes=\"(max-width: 1024px) 100vw, 1024px\" \/><\/figure>\n\n\n\n<figure class=\"wp-block-image size-large\"><img loading=\"lazy\" decoding=\"async\" width=\"1024\" height=\"683\" data-id=\"65010\" src=\"https:\/\/eu4azerbaijan.eu\/wp-content\/uploads\/IMG_0235-1024x683.jpg\" alt=\"\" class=\"wp-image-65010\" srcset=\"https:\/\/eu4azerbaijan.eu\/wp-content\/uploads\/IMG_0235-1024x683.jpg 1024w, https:\/\/eu4azerbaijan.eu\/wp-content\/uploads\/IMG_0235-300x200.jpg 300w, https:\/\/eu4azerbaijan.eu\/wp-content\/uploads\/IMG_0235-768x512.jpg 768w, https:\/\/eu4azerbaijan.eu\/wp-content\/uploads\/IMG_0235-1536x1024.jpg 1536w, https:\/\/eu4azerbaijan.eu\/wp-content\/uploads\/IMG_0235-2048x1365.jpg 2048w\" sizes=\"(max-width: 1024px) 100vw, 1024px\" \/><\/figure>\n\n\n\n<figure class=\"wp-block-image size-large\"><img loading=\"lazy\" decoding=\"async\" width=\"1024\" height=\"683\" data-id=\"65008\" src=\"https:\/\/eu4azerbaijan.eu\/wp-content\/uploads\/IMG_0147-1024x683.jpg\" alt=\"\" class=\"wp-image-65008\" srcset=\"https:\/\/eu4azerbaijan.eu\/wp-content\/uploads\/IMG_0147-1024x683.jpg 1024w, https:\/\/eu4azerbaijan.eu\/wp-content\/uploads\/IMG_0147-300x200.jpg 300w, https:\/\/eu4azerbaijan.eu\/wp-content\/uploads\/IMG_0147-768x512.jpg 768w, https:\/\/eu4azerbaijan.eu\/wp-content\/uploads\/IMG_0147-1536x1024.jpg 1536w, https:\/\/eu4azerbaijan.eu\/wp-content\/uploads\/IMG_0147-2048x1365.jpg 2048w\" sizes=\"(max-width: 1024px) 100vw, 1024px\" \/><\/figure>\n<\/figure>\n","protected":false},"excerpt":{"rendered":"<p>26 fevral &#8211; 1 mart 2024-c\u00fc ild\u0259 Beyn\u0259lxalq Q\u0131z\u0131l Xa\u00e7 v\u0259 Q\u0131z\u0131l Aypara C\u0259miyy\u0259tl\u0259ri Federasiyas\u0131n\u0131n (IFRC) t\u0259\u015f\u0259bb\u00fcs\u00fc il\u0259 \u201cYerli strukturlar\u0131n t\u0259\u015fkilati bacar\u0131qlar\u0131n\u0131n v\u0259 imkanlar\u0131n\u0131n t\u0259hlili (BOCA)\u201d adl\u0131 t\u0259lim proqram\u0131 h\u0259yata ke\u00e7irilib. Bu proqram Avropa \u0130ttifaq\u0131 (A\u0130) t\u0259r\u0259find\u0259n maliyy\u0259l\u0259\u015f\u0259n v\u0259 IFRC t\u0259r\u0259find\u0259n h\u0259yata ke\u00e7iril\u0259n \u201cAz\u0259rbaycanda icman\u0131n ehtiyaclar\u0131 v\u0259 yerli imkanlarla v\u0259t\u0259nda\u015f c\u0259miyy\u0259ti t\u0259\u015fkilatlar\u0131n\u0131n potensiallar\u0131 aras\u0131ndak\u0131 bo\u015flu\u011fun [&hellip;]<\/p>\n","protected":false},"author":19,"featured_media":65015,"comment_status":"closed","ping_status":"closed","sticky":false,"template":"","format":"standard","meta":{"_acf_changed":false,"footnotes":""},"categories":[374,284],"tags":[],"topic":[],"class_list":["post-65018","post","type-post","status-publish","format-standard","has-post-thumbnail","hentry","category-whats-happening-az","category-news-az"],"acf":[],"yoast_head":"<!-- This site is optimized with the Yoast SEO plugin v26.4 - https:\/\/yoast.com\/wordpress\/plugins\/seo\/ -->\n<title>A\u0130-nin d\u0259st\u0259yil\u0259 IFRC \u201cYerli strukturlar\u0131n t\u0259\u015fkilati bacar\u0131qlar\u0131n\u0131n v\u0259 imkanlar\u0131n\u0131n t\u0259hlili\u201d adl\u0131 t\u0259lim proqram\u0131 h\u0259yata ke\u00e7irib - EU for Azerbaijan<\/title>\n<meta name=\"robots\" content=\"index, follow, max-snippet:-1, max-image-preview:large, max-video-preview:-1\" \/>\n<link rel=\"canonical\" href=\"https:\/\/eu4azerbaijan.eu\/az\/ifrc-launched-the-branch-organisational-capacity-self-analysis-program-with-the-support-of-the-eu\/\" \/>\n<meta property=\"og:locale\" content=\"az_AZ\" \/>\n<meta property=\"og:type\" content=\"article\" \/>\n<meta property=\"og:title\" content=\"A\u0130-nin d\u0259st\u0259yil\u0259 IFRC \u201cYerli strukturlar\u0131n t\u0259\u015fkilati bacar\u0131qlar\u0131n\u0131n v\u0259 imkanlar\u0131n\u0131n t\u0259hlili\u201d adl\u0131 t\u0259lim proqram\u0131 h\u0259yata ke\u00e7irib - EU for Azerbaijan\" \/>\n<meta property=\"og:description\" content=\"26 fevral &#8211; 1 mart 2024-c\u00fc ild\u0259 Beyn\u0259lxalq Q\u0131z\u0131l Xa\u00e7 v\u0259 Q\u0131z\u0131l Aypara C\u0259miyy\u0259tl\u0259ri Federasiyas\u0131n\u0131n (IFRC) t\u0259\u015f\u0259bb\u00fcs\u00fc il\u0259 \u201cYerli strukturlar\u0131n t\u0259\u015fkilati bacar\u0131qlar\u0131n\u0131n v\u0259 imkanlar\u0131n\u0131n t\u0259hlili (BOCA)\u201d adl\u0131 t\u0259lim proqram\u0131 h\u0259yata ke\u00e7irilib. Bu proqram Avropa \u0130ttifaq\u0131 (A\u0130) t\u0259r\u0259find\u0259n maliyy\u0259l\u0259\u015f\u0259n v\u0259 IFRC t\u0259r\u0259find\u0259n h\u0259yata ke\u00e7iril\u0259n \u201cAz\u0259rbaycanda icman\u0131n ehtiyaclar\u0131 v\u0259 yerli imkanlarla v\u0259t\u0259nda\u015f c\u0259miyy\u0259ti t\u0259\u015fkilatlar\u0131n\u0131n potensiallar\u0131 aras\u0131ndak\u0131 bo\u015flu\u011fun [&hellip;]\" \/>\n<meta property=\"og:url\" content=\"https:\/\/eu4azerbaijan.eu\/az\/ifrc-launched-the-branch-organisational-capacity-self-analysis-program-with-the-support-of-the-eu\/\" \/>\n<meta property=\"og:site_name\" content=\"EU for Azerbaijan\" \/>\n<meta property=\"article:published_time\" content=\"2024-03-12T08:55:18+00:00\" \/>\n<meta property=\"article:modified_time\" content=\"2024-03-12T08:58:16+00:00\" \/>\n<meta property=\"og:image\" content=\"https:\/\/eu4azerbaijan.eu\/wp-content\/uploads\/3-10-scaled.jpg\" \/>\n\t<meta property=\"og:image:width\" content=\"2560\" \/>\n\t<meta property=\"og:image:height\" content=\"1707\" \/>\n\t<meta property=\"og:image:type\" content=\"image\/jpeg\" \/>\n<meta name=\"author\" content=\"Aydan Topchibasheva\" \/>\n<meta name=\"twitter:card\" content=\"summary_large_image\" \/>\n<meta name=\"twitter:label1\" content=\"Written by\" \/>\n\t<meta name=\"twitter:data1\" content=\"Aydan Topchibasheva\" \/>\n\t<meta name=\"twitter:label2\" content=\"Est. reading time\" \/>\n\t<meta name=\"twitter:data2\" content=\"3 minutes\" \/>\n<script type=\"application\/ld+json\" class=\"yoast-schema-graph\">{\"@context\":\"https:\/\/schema.org\",\"@graph\":[{\"@type\":\"WebPage\",\"@id\":\"https:\/\/eu4azerbaijan.eu\/az\/ifrc-launched-the-branch-organisational-capacity-self-analysis-program-with-the-support-of-the-eu\/\",\"url\":\"https:\/\/eu4azerbaijan.eu\/az\/ifrc-launched-the-branch-organisational-capacity-self-analysis-program-with-the-support-of-the-eu\/\",\"name\":\"A\u0130-nin d\u0259st\u0259yil\u0259 IFRC \u201cYerli strukturlar\u0131n t\u0259\u015fkilati bacar\u0131qlar\u0131n\u0131n v\u0259 imkanlar\u0131n\u0131n t\u0259hlili\u201d adl\u0131 t\u0259lim proqram\u0131 h\u0259yata ke\u00e7irib - EU for Azerbaijan\",\"isPartOf\":{\"@id\":\"https:\/\/eu4azerbaijan.eu\/az\/#website\"},\"primaryImageOfPage\":{\"@id\":\"https:\/\/eu4azerbaijan.eu\/az\/ifrc-launched-the-branch-organisational-capacity-self-analysis-program-with-the-support-of-the-eu\/#primaryimage\"},\"image\":{\"@id\":\"https:\/\/eu4azerbaijan.eu\/az\/ifrc-launched-the-branch-organisational-capacity-self-analysis-program-with-the-support-of-the-eu\/#primaryimage\"},\"thumbnailUrl\":\"https:\/\/eu4azerbaijan.eu\/wp-content\/uploads\/3-10-scaled.jpg\",\"datePublished\":\"2024-03-12T08:55:18+00:00\",\"dateModified\":\"2024-03-12T08:58:16+00:00\",\"author\":{\"@id\":\"https:\/\/eu4azerbaijan.eu\/az\/#\/schema\/person\/cf17ddba07387955c481997af06797df\"},\"breadcrumb\":{\"@id\":\"https:\/\/eu4azerbaijan.eu\/az\/ifrc-launched-the-branch-organisational-capacity-self-analysis-program-with-the-support-of-the-eu\/#breadcrumb\"},\"inLanguage\":\"az-AZ\",\"potentialAction\":[{\"@type\":\"ReadAction\",\"target\":[\"https:\/\/eu4azerbaijan.eu\/az\/ifrc-launched-the-branch-organisational-capacity-self-analysis-program-with-the-support-of-the-eu\/\"]}]},{\"@type\":\"ImageObject\",\"inLanguage\":\"az-AZ\",\"@id\":\"https:\/\/eu4azerbaijan.eu\/az\/ifrc-launched-the-branch-organisational-capacity-self-analysis-program-with-the-support-of-the-eu\/#primaryimage\",\"url\":\"https:\/\/eu4azerbaijan.eu\/wp-content\/uploads\/3-10-scaled.jpg\",\"contentUrl\":\"https:\/\/eu4azerbaijan.eu\/wp-content\/uploads\/3-10-scaled.jpg\",\"width\":2560,\"height\":1707},{\"@type\":\"BreadcrumbList\",\"@id\":\"https:\/\/eu4azerbaijan.eu\/az\/ifrc-launched-the-branch-organisational-capacity-self-analysis-program-with-the-support-of-the-eu\/#breadcrumb\",\"itemListElement\":[{\"@type\":\"ListItem\",\"position\":1,\"name\":\"Home\",\"item\":\"https:\/\/eu4azerbaijan.eu\/az\/\"},{\"@type\":\"ListItem\",\"position\":2,\"name\":\"A\u0130-nin d\u0259st\u0259yil\u0259 IFRC \u201cYerli strukturlar\u0131n t\u0259\u015fkilati bacar\u0131qlar\u0131n\u0131n v\u0259 imkanlar\u0131n\u0131n t\u0259hlili\u201d adl\u0131 t\u0259lim proqram\u0131 h\u0259yata ke\u00e7irib\"}]},{\"@type\":\"WebSite\",\"@id\":\"https:\/\/eu4azerbaijan.eu\/az\/#website\",\"url\":\"https:\/\/eu4azerbaijan.eu\/az\/\",\"name\":\"EU for Azerbaijan\",\"description\":\"\",\"potentialAction\":[{\"@type\":\"SearchAction\",\"target\":{\"@type\":\"EntryPoint\",\"urlTemplate\":\"https:\/\/eu4azerbaijan.eu\/az\/?s={search_term_string}\"},\"query-input\":{\"@type\":\"PropertyValueSpecification\",\"valueRequired\":true,\"valueName\":\"search_term_string\"}}],\"inLanguage\":\"az-AZ\"},{\"@type\":\"Person\",\"@id\":\"https:\/\/eu4azerbaijan.eu\/az\/#\/schema\/person\/cf17ddba07387955c481997af06797df\",\"name\":\"Aydan Topchibasheva\",\"image\":{\"@type\":\"ImageObject\",\"inLanguage\":\"az-AZ\",\"@id\":\"https:\/\/eu4azerbaijan.eu\/az\/#\/schema\/person\/image\/\",\"url\":\"https:\/\/secure.gravatar.com\/avatar\/657ac54b68aced49adde2a29a43651c77d8555f376d5ee5dd68172194a09f856?s=96&d=mm&r=g\",\"contentUrl\":\"https:\/\/secure.gravatar.com\/avatar\/657ac54b68aced49adde2a29a43651c77d8555f376d5ee5dd68172194a09f856?s=96&d=mm&r=g\",\"caption\":\"Aydan Topchibasheva\"},\"url\":\"https:\/\/eu4azerbaijan.eu\/az\/author\/aydan\/\"}]}<\/script>\n<!-- \/ Yoast SEO plugin. -->","yoast_head_json":{"title":"A\u0130-nin d\u0259st\u0259yil\u0259 IFRC \u201cYerli strukturlar\u0131n t\u0259\u015fkilati bacar\u0131qlar\u0131n\u0131n v\u0259 imkanlar\u0131n\u0131n t\u0259hlili\u201d adl\u0131 t\u0259lim proqram\u0131 h\u0259yata ke\u00e7irib - EU for Azerbaijan","robots":{"index":"index","follow":"follow","max-snippet":"max-snippet:-1","max-image-preview":"max-image-preview:large","max-video-preview":"max-video-preview:-1"},"canonical":"https:\/\/eu4azerbaijan.eu\/az\/ifrc-launched-the-branch-organisational-capacity-self-analysis-program-with-the-support-of-the-eu\/","og_locale":"az_AZ","og_type":"article","og_title":"A\u0130-nin d\u0259st\u0259yil\u0259 IFRC \u201cYerli strukturlar\u0131n t\u0259\u015fkilati bacar\u0131qlar\u0131n\u0131n v\u0259 imkanlar\u0131n\u0131n t\u0259hlili\u201d adl\u0131 t\u0259lim proqram\u0131 h\u0259yata ke\u00e7irib - EU for Azerbaijan","og_description":"26 fevral &#8211; 1 mart 2024-c\u00fc ild\u0259 Beyn\u0259lxalq Q\u0131z\u0131l Xa\u00e7 v\u0259 Q\u0131z\u0131l Aypara C\u0259miyy\u0259tl\u0259ri Federasiyas\u0131n\u0131n (IFRC) t\u0259\u015f\u0259bb\u00fcs\u00fc il\u0259 \u201cYerli strukturlar\u0131n t\u0259\u015fkilati bacar\u0131qlar\u0131n\u0131n v\u0259 imkanlar\u0131n\u0131n t\u0259hlili (BOCA)\u201d adl\u0131 t\u0259lim proqram\u0131 h\u0259yata ke\u00e7irilib. Bu proqram Avropa \u0130ttifaq\u0131 (A\u0130) t\u0259r\u0259find\u0259n maliyy\u0259l\u0259\u015f\u0259n v\u0259 IFRC t\u0259r\u0259find\u0259n h\u0259yata ke\u00e7iril\u0259n \u201cAz\u0259rbaycanda icman\u0131n ehtiyaclar\u0131 v\u0259 yerli imkanlarla v\u0259t\u0259nda\u015f c\u0259miyy\u0259ti t\u0259\u015fkilatlar\u0131n\u0131n potensiallar\u0131 aras\u0131ndak\u0131 bo\u015flu\u011fun [&hellip;]","og_url":"https:\/\/eu4azerbaijan.eu\/az\/ifrc-launched-the-branch-organisational-capacity-self-analysis-program-with-the-support-of-the-eu\/","og_site_name":"EU for Azerbaijan","article_published_time":"2024-03-12T08:55:18+00:00","article_modified_time":"2024-03-12T08:58:16+00:00","og_image":[{"width":2560,"height":1707,"url":"https:\/\/eu4azerbaijan.eu\/wp-content\/uploads\/3-10-scaled.jpg","type":"image\/jpeg"}],"author":"Aydan Topchibasheva","twitter_card":"summary_large_image","twitter_misc":{"Written by":"Aydan Topchibasheva","Est. reading time":"3 minutes"},"schema":{"@context":"https:\/\/schema.org","@graph":[{"@type":"WebPage","@id":"https:\/\/eu4azerbaijan.eu\/az\/ifrc-launched-the-branch-organisational-capacity-self-analysis-program-with-the-support-of-the-eu\/","url":"https:\/\/eu4azerbaijan.eu\/az\/ifrc-launched-the-branch-organisational-capacity-self-analysis-program-with-the-support-of-the-eu\/","name":"A\u0130-nin d\u0259st\u0259yil\u0259 IFRC \u201cYerli strukturlar\u0131n t\u0259\u015fkilati bacar\u0131qlar\u0131n\u0131n v\u0259 imkanlar\u0131n\u0131n t\u0259hlili\u201d adl\u0131 t\u0259lim proqram\u0131 h\u0259yata ke\u00e7irib - EU for Azerbaijan","isPartOf":{"@id":"https:\/\/eu4azerbaijan.eu\/az\/#website"},"primaryImageOfPage":{"@id":"https:\/\/eu4azerbaijan.eu\/az\/ifrc-launched-the-branch-organisational-capacity-self-analysis-program-with-the-support-of-the-eu\/#primaryimage"},"image":{"@id":"https:\/\/eu4azerbaijan.eu\/az\/ifrc-launched-the-branch-organisational-capacity-self-analysis-program-with-the-support-of-the-eu\/#primaryimage"},"thumbnailUrl":"https:\/\/eu4azerbaijan.eu\/wp-content\/uploads\/3-10-scaled.jpg","datePublished":"2024-03-12T08:55:18+00:00","dateModified":"2024-03-12T08:58:16+00:00","author":{"@id":"https:\/\/eu4azerbaijan.eu\/az\/#\/schema\/person\/cf17ddba07387955c481997af06797df"},"breadcrumb":{"@id":"https:\/\/eu4azerbaijan.eu\/az\/ifrc-launched-the-branch-organisational-capacity-self-analysis-program-with-the-support-of-the-eu\/#breadcrumb"},"inLanguage":"az-AZ","potentialAction":[{"@type":"ReadAction","target":["https:\/\/eu4azerbaijan.eu\/az\/ifrc-launched-the-branch-organisational-capacity-self-analysis-program-with-the-support-of-the-eu\/"]}]},{"@type":"ImageObject","inLanguage":"az-AZ","@id":"https:\/\/eu4azerbaijan.eu\/az\/ifrc-launched-the-branch-organisational-capacity-self-analysis-program-with-the-support-of-the-eu\/#primaryimage","url":"https:\/\/eu4azerbaijan.eu\/wp-content\/uploads\/3-10-scaled.jpg","contentUrl":"https:\/\/eu4azerbaijan.eu\/wp-content\/uploads\/3-10-scaled.jpg","width":2560,"height":1707},{"@type":"BreadcrumbList","@id":"https:\/\/eu4azerbaijan.eu\/az\/ifrc-launched-the-branch-organisational-capacity-self-analysis-program-with-the-support-of-the-eu\/#breadcrumb","itemListElement":[{"@type":"ListItem","position":1,"name":"Home","item":"https:\/\/eu4azerbaijan.eu\/az\/"},{"@type":"ListItem","position":2,"name":"A\u0130-nin d\u0259st\u0259yil\u0259 IFRC \u201cYerli strukturlar\u0131n t\u0259\u015fkilati bacar\u0131qlar\u0131n\u0131n v\u0259 imkanlar\u0131n\u0131n t\u0259hlili\u201d adl\u0131 t\u0259lim proqram\u0131 h\u0259yata ke\u00e7irib"}]},{"@type":"WebSite","@id":"https:\/\/eu4azerbaijan.eu\/az\/#website","url":"https:\/\/eu4azerbaijan.eu\/az\/","name":"EU for Azerbaijan","description":"","potentialAction":[{"@type":"SearchAction","target":{"@type":"EntryPoint","urlTemplate":"https:\/\/eu4azerbaijan.eu\/az\/?s={search_term_string}"},"query-input":{"@type":"PropertyValueSpecification","valueRequired":true,"valueName":"search_term_string"}}],"inLanguage":"az-AZ"},{"@type":"Person","@id":"https:\/\/eu4azerbaijan.eu\/az\/#\/schema\/person\/cf17ddba07387955c481997af06797df","name":"Aydan Topchibasheva","image":{"@type":"ImageObject","inLanguage":"az-AZ","@id":"https:\/\/eu4azerbaijan.eu\/az\/#\/schema\/person\/image\/","url":"https:\/\/secure.gravatar.com\/avatar\/657ac54b68aced49adde2a29a43651c77d8555f376d5ee5dd68172194a09f856?s=96&d=mm&r=g","contentUrl":"https:\/\/secure.gravatar.com\/avatar\/657ac54b68aced49adde2a29a43651c77d8555f376d5ee5dd68172194a09f856?s=96&d=mm&r=g","caption":"Aydan Topchibasheva"},"url":"https:\/\/eu4azerbaijan.eu\/az\/author\/aydan\/"}]}},"_links":{"self":[{"href":"https:\/\/eu4azerbaijan.eu\/az\/wp-json\/wp\/v2\/posts\/65018","targetHints":{"allow":["GET"]}}],"collection":[{"href":"https:\/\/eu4azerbaijan.eu\/az\/wp-json\/wp\/v2\/posts"}],"about":[{"href":"https:\/\/eu4azerbaijan.eu\/az\/wp-json\/wp\/v2\/types\/post"}],"author":[{"embeddable":true,"href":"https:\/\/eu4azerbaijan.eu\/az\/wp-json\/wp\/v2\/users\/19"}],"replies":[{"embeddable":true,"href":"https:\/\/eu4azerbaijan.eu\/az\/wp-json\/wp\/v2\/comments?post=65018"}],"version-history":[{"count":2,"href":"https:\/\/eu4azerbaijan.eu\/az\/wp-json\/wp\/v2\/posts\/65018\/revisions"}],"predecessor-version":[{"id":65020,"href":"https:\/\/eu4azerbaijan.eu\/az\/wp-json\/wp\/v2\/posts\/65018\/revisions\/65020"}],"wp:featuredmedia":[{"embeddable":true,"href":"https:\/\/eu4azerbaijan.eu\/az\/wp-json\/wp\/v2\/media\/65015"}],"wp:attachment":[{"href":"https:\/\/eu4azerbaijan.eu\/az\/wp-json\/wp\/v2\/media?parent=65018"}],"wp:term":[{"taxonomy":"category","embeddable":true,"href":"https:\/\/eu4azerbaijan.eu\/az\/wp-json\/wp\/v2\/categories?post=65018"},{"taxonomy":"post_tag","embeddable":true,"href":"https:\/\/eu4azerbaijan.eu\/az\/wp-json\/wp\/v2\/tags?post=65018"},{"taxonomy":"topic","embeddable":true,"href":"https:\/\/eu4azerbaijan.eu\/az\/wp-json\/wp\/v2\/topic?post=65018"}],"curies":[{"name":"wp","href":"https:\/\/api.w.org\/{rel}","templated":true}]}}