{"id":64877,"date":"2023-12-19T13:18:57","date_gmt":"2023-12-19T13:18:57","guid":{"rendered":"https:\/\/eu4azerbaijan.eu\/orientation-training-on-humanitarian-action-was-held-with-the-support-of-the-eu-and-the-ifrc\/"},"modified":"2023-12-19T13:27:20","modified_gmt":"2023-12-19T13:27:20","slug":"orientation-training-on-humanitarian-action-was-held-with-the-support-of-the-eu-and-the-ifrc","status":"publish","type":"post","link":"https:\/\/eu4azerbaijan.eu\/az\/orientation-training-on-humanitarian-action-was-held-with-the-support-of-the-eu-and-the-ifrc\/","title":{"rendered":"A\u0130 t\u0259r\u0259find\u0259n maliyy\u0259l\u0259\u015f\u0259n layih\u0259 \u00e7\u0259r\u00e7iv\u0259sind\u0259 \u201cHumanitar F\u0259aliyy\u0259t \u00fczr\u0259 Oriyentasiya\u201d t\u0259limi ke\u00e7irilib"},"content":{"rendered":"\n<p>13-15 Dekabr 2023-c\u00fc ild\u0259 Avropa \u0130ttifaq\u0131 (A\u0130) t\u0259r\u0259find\u0259n maliyy\u0259l\u0259\u015fdiril\u0259n v\u0259 Beyn\u0259lxalq Q\u0131z\u0131l Xa\u00e7 v\u0259 Q\u0131z\u0131l Aypara C\u0259miyy\u0259tl\u0259ri Federasiyas\u0131 (IFRC) t\u0259r\u0259find\u0259n h\u0259yata ke\u00e7iril\u0259n \u201cAz\u0259rbaycanda icman\u0131n ehtiyaclar\u0131 v\u0259 yerli imkanlarla v\u0259t\u0259nda\u015f c\u0259miyy\u0259ti t\u0259\u015fkilatlar\u0131n\u0131n potensiallar\u0131 aras\u0131ndak\u0131 bo\u015flu\u011fun aradan qald\u0131r\u0131lmas\u0131\u201d layih\u0259si \u00e7\u0259r\u00e7iv\u0259sind\u0259 12 V\u0259t\u0259nda\u015f C\u0259miyy\u0259ti T\u0259\u015fkilat\u0131 (VCT) \u00fc\u00e7\u00fcn \u201cHumanitar F\u0259aliyy\u0259t \u00fczr\u0259 Oriyentasiya\u201d t\u0259limi ke\u00e7irilib.<\/p>\n\n\n\n<p>T\u0259limin ilk g\u00fcn\u00fc IFRC-nin Az\u0259rbaycan \u00fczr\u0259 Proqram v\u0259 \u018fm\u0259liyyatlar \u00fczr\u0259 meceneri Serdar G\u00fcnel, IFRC-nin C\u0259nubi Qafqaz \u00f6lk\u0259l\u0259ri \u00fczr\u0259 N\u00fcmay\u0259nd\u0259liyinin Proqram Koordinatoru, \u0130var Skram v\u0259 Az\u0259rbaycan Q\u0131z\u0131l Aypara C\u0259miyy\u0259tinin (AzQAC) vitse prezidenti Qafar \u018fsg\u0259rzad\u0259nin a\u00e7\u0131l\u0131\u015f nitqi il\u0259 ba\u015flay\u0131b.<\/p>\n\n\n\n<p>3 g\u00fcn davam ed\u0259n t\u0259lim VCT-l\u0259ri d\u0259st\u0259kl\u0259m\u0259k, inki\u015faf etdirm\u0259k v\u0259 onlar\u0131n humanitar yard\u0131m s\u0259yl\u0259rin\u0259 t\u00f6hf\u0259l\u0259rini art\u0131rmaq m\u0259qs\u0259di da\u015f\u0131y\u0131rd\u0131. T\u0259lim zaman\u0131 fandreyzinq, kommunikasiya, icmalar\u0131n c\u0259lb edilm\u0259si, maliyy\u0259, sat\u0131nalma, k\u00f6n\u00fcll\u00fcl\u00fck, f\u0259lak\u0259t riskl\u0259rinin idar\u0259 edilm\u0259si, psixi sa\u011flaml\u0131q v\u0259 psixososial d\u0259st\u0259k, na\u011fd pul v\u0259 vau\u00e7er yard\u0131m\u0131, layih\u0259nin idar\u0259 edilm\u0259si v\u0259 s. \u00fczr\u0259 IFRC v\u0259 AzQAC-\u0131n ekspertl\u0259ri bu sah\u0259l\u0259rl\u0259 ba\u011fl\u0131 faydal\u0131 \u00e7\u0131x\u0131\u015flar edibl\u0259r. \u0130\u015ftirak\u00e7\u0131lar\u0131n da t\u0259lim zaman\u0131 aktiv qat\u0131l\u0131m\u0131 t\u0259limin daha interaktiv v\u0259 m\u00fczakir\u0259y\u0259 a\u00e7\u0131q formatda ke\u00e7m\u0259sin\u0259 d\u0259st\u0259k oldu. T\u0259limin sonunda VCT i\u015ftirak\u00e7\u0131lar\u0131na sertifikatlar t\u0259qdim olunub.<\/p>\n\n\n\n<figure class=\"wp-block-gallery has-nested-images columns-default is-cropped wp-block-gallery-1 is-layout-flex wp-block-gallery-is-layout-flex\">\n<figure class=\"wp-block-image size-large\"><img loading=\"lazy\" decoding=\"async\" width=\"1024\" height=\"683\" data-id=\"64872\" src=\"https:\/\/eu4azerbaijan.eu\/wp-content\/uploads\/IMG_2116-1024x683.jpg\" alt=\"\" class=\"wp-image-64872\" srcset=\"https:\/\/eu4azerbaijan.eu\/wp-content\/uploads\/IMG_2116-1024x683.jpg 1024w, https:\/\/eu4azerbaijan.eu\/wp-content\/uploads\/IMG_2116-300x200.jpg 300w, https:\/\/eu4azerbaijan.eu\/wp-content\/uploads\/IMG_2116-768x512.jpg 768w, https:\/\/eu4azerbaijan.eu\/wp-content\/uploads\/IMG_2116-1536x1024.jpg 1536w, https:\/\/eu4azerbaijan.eu\/wp-content\/uploads\/IMG_2116-2048x1365.jpg 2048w\" sizes=\"(max-width: 1024px) 100vw, 1024px\" \/><\/figure>\n\n\n\n<figure class=\"wp-block-image size-large\"><img loading=\"lazy\" decoding=\"async\" width=\"1024\" height=\"683\" data-id=\"64870\" src=\"https:\/\/eu4azerbaijan.eu\/wp-content\/uploads\/IMG_1774-1024x683.jpg\" alt=\"\" class=\"wp-image-64870\" srcset=\"https:\/\/eu4azerbaijan.eu\/wp-content\/uploads\/IMG_1774-1024x683.jpg 1024w, https:\/\/eu4azerbaijan.eu\/wp-content\/uploads\/IMG_1774-300x200.jpg 300w, https:\/\/eu4azerbaijan.eu\/wp-content\/uploads\/IMG_1774-768x512.jpg 768w, https:\/\/eu4azerbaijan.eu\/wp-content\/uploads\/IMG_1774-1536x1024.jpg 1536w, https:\/\/eu4azerbaijan.eu\/wp-content\/uploads\/IMG_1774-2048x1365.jpg 2048w\" sizes=\"(max-width: 1024px) 100vw, 1024px\" \/><\/figure>\n\n\n\n<figure class=\"wp-block-image size-large\"><img loading=\"lazy\" decoding=\"async\" width=\"1024\" height=\"683\" data-id=\"64868\" src=\"https:\/\/eu4azerbaijan.eu\/wp-content\/uploads\/IMG_1761-1024x683.jpg\" alt=\"\" class=\"wp-image-64868\" srcset=\"https:\/\/eu4azerbaijan.eu\/wp-content\/uploads\/IMG_1761-1024x683.jpg 1024w, https:\/\/eu4azerbaijan.eu\/wp-content\/uploads\/IMG_1761-300x200.jpg 300w, https:\/\/eu4azerbaijan.eu\/wp-content\/uploads\/IMG_1761-768x512.jpg 768w, https:\/\/eu4azerbaijan.eu\/wp-content\/uploads\/IMG_1761-1536x1024.jpg 1536w, https:\/\/eu4azerbaijan.eu\/wp-content\/uploads\/IMG_1761-2048x1365.jpg 2048w\" sizes=\"(max-width: 1024px) 100vw, 1024px\" \/><\/figure>\n<\/figure>\n","protected":false},"excerpt":{"rendered":"<p>13-15 Dekabr 2023-c\u00fc ild\u0259 Avropa \u0130ttifaq\u0131 (A\u0130) t\u0259r\u0259find\u0259n maliyy\u0259l\u0259\u015fdiril\u0259n v\u0259 Beyn\u0259lxalq Q\u0131z\u0131l Xa\u00e7 v\u0259 Q\u0131z\u0131l Aypara C\u0259miyy\u0259tl\u0259ri Federasiyas\u0131 (IFRC) t\u0259r\u0259find\u0259n h\u0259yata ke\u00e7iril\u0259n \u201cAz\u0259rbaycanda icman\u0131n ehtiyaclar\u0131 v\u0259 yerli imkanlarla v\u0259t\u0259nda\u015f c\u0259miyy\u0259ti t\u0259\u015fkilatlar\u0131n\u0131n potensiallar\u0131 aras\u0131ndak\u0131 bo\u015flu\u011fun aradan qald\u0131r\u0131lmas\u0131\u201d layih\u0259si \u00e7\u0259r\u00e7iv\u0259sind\u0259 12 V\u0259t\u0259nda\u015f C\u0259miyy\u0259ti T\u0259\u015fkilat\u0131 (VCT) \u00fc\u00e7\u00fcn \u201cHumanitar F\u0259aliyy\u0259t \u00fczr\u0259 Oriyentasiya\u201d t\u0259limi ke\u00e7irilib. T\u0259limin ilk g\u00fcn\u00fc IFRC-nin Az\u0259rbaycan [&hellip;]<\/p>\n","protected":false},"author":19,"featured_media":64875,"comment_status":"closed","ping_status":"closed","sticky":false,"template":"","format":"standard","meta":{"_acf_changed":false,"footnotes":""},"categories":[374,284],"tags":[],"topic":[],"class_list":["post-64877","post","type-post","status-publish","format-standard","has-post-thumbnail","hentry","category-whats-happening-az","category-news-az"],"acf":[],"yoast_head":"<!-- This site is optimized with the Yoast SEO plugin v26.4 - https:\/\/yoast.com\/wordpress\/plugins\/seo\/ -->\n<title>A\u0130 t\u0259r\u0259find\u0259n maliyy\u0259l\u0259\u015f\u0259n layih\u0259 \u00e7\u0259r\u00e7iv\u0259sind\u0259 \u201cHumanitar F\u0259aliyy\u0259t \u00fczr\u0259 Oriyentasiya\u201d t\u0259limi ke\u00e7irilib - EU for Azerbaijan<\/title>\n<meta name=\"robots\" content=\"index, follow, max-snippet:-1, max-image-preview:large, max-video-preview:-1\" \/>\n<link rel=\"canonical\" href=\"https:\/\/eu4azerbaijan.eu\/az\/orientation-training-on-humanitarian-action-was-held-with-the-support-of-the-eu-and-the-ifrc\/\" \/>\n<meta property=\"og:locale\" content=\"az_AZ\" \/>\n<meta property=\"og:type\" content=\"article\" \/>\n<meta property=\"og:title\" content=\"A\u0130 t\u0259r\u0259find\u0259n maliyy\u0259l\u0259\u015f\u0259n layih\u0259 \u00e7\u0259r\u00e7iv\u0259sind\u0259 \u201cHumanitar F\u0259aliyy\u0259t \u00fczr\u0259 Oriyentasiya\u201d t\u0259limi ke\u00e7irilib - EU for Azerbaijan\" \/>\n<meta property=\"og:description\" content=\"13-15 Dekabr 2023-c\u00fc ild\u0259 Avropa \u0130ttifaq\u0131 (A\u0130) t\u0259r\u0259find\u0259n maliyy\u0259l\u0259\u015fdiril\u0259n v\u0259 Beyn\u0259lxalq Q\u0131z\u0131l Xa\u00e7 v\u0259 Q\u0131z\u0131l Aypara C\u0259miyy\u0259tl\u0259ri Federasiyas\u0131 (IFRC) t\u0259r\u0259find\u0259n h\u0259yata ke\u00e7iril\u0259n \u201cAz\u0259rbaycanda icman\u0131n ehtiyaclar\u0131 v\u0259 yerli imkanlarla v\u0259t\u0259nda\u015f c\u0259miyy\u0259ti t\u0259\u015fkilatlar\u0131n\u0131n potensiallar\u0131 aras\u0131ndak\u0131 bo\u015flu\u011fun aradan qald\u0131r\u0131lmas\u0131\u201d layih\u0259si \u00e7\u0259r\u00e7iv\u0259sind\u0259 12 V\u0259t\u0259nda\u015f C\u0259miyy\u0259ti T\u0259\u015fkilat\u0131 (VCT) \u00fc\u00e7\u00fcn \u201cHumanitar F\u0259aliyy\u0259t \u00fczr\u0259 Oriyentasiya\u201d t\u0259limi ke\u00e7irilib. T\u0259limin ilk g\u00fcn\u00fc IFRC-nin Az\u0259rbaycan [&hellip;]\" \/>\n<meta property=\"og:url\" content=\"https:\/\/eu4azerbaijan.eu\/az\/orientation-training-on-humanitarian-action-was-held-with-the-support-of-the-eu-and-the-ifrc\/\" \/>\n<meta property=\"og:site_name\" content=\"EU for Azerbaijan\" \/>\n<meta property=\"article:published_time\" content=\"2023-12-19T13:18:57+00:00\" \/>\n<meta property=\"article:modified_time\" content=\"2023-12-19T13:27:20+00:00\" \/>\n<meta property=\"og:image\" content=\"https:\/\/eu4azerbaijan.eu\/wp-content\/uploads\/IMG_2206-scaled.jpg\" \/>\n\t<meta property=\"og:image:width\" content=\"2560\" \/>\n\t<meta property=\"og:image:height\" content=\"1707\" \/>\n\t<meta property=\"og:image:type\" content=\"image\/jpeg\" \/>\n<meta name=\"author\" content=\"Aydan Topchibasheva\" \/>\n<meta name=\"twitter:card\" content=\"summary_large_image\" \/>\n<meta name=\"twitter:label1\" content=\"Written by\" \/>\n\t<meta name=\"twitter:data1\" content=\"Aydan Topchibasheva\" \/>\n\t<meta name=\"twitter:label2\" content=\"Est. reading time\" \/>\n\t<meta name=\"twitter:data2\" content=\"2 minutes\" \/>\n<script type=\"application\/ld+json\" class=\"yoast-schema-graph\">{\"@context\":\"https:\/\/schema.org\",\"@graph\":[{\"@type\":\"WebPage\",\"@id\":\"https:\/\/eu4azerbaijan.eu\/az\/orientation-training-on-humanitarian-action-was-held-with-the-support-of-the-eu-and-the-ifrc\/\",\"url\":\"https:\/\/eu4azerbaijan.eu\/az\/orientation-training-on-humanitarian-action-was-held-with-the-support-of-the-eu-and-the-ifrc\/\",\"name\":\"A\u0130 t\u0259r\u0259find\u0259n maliyy\u0259l\u0259\u015f\u0259n layih\u0259 \u00e7\u0259r\u00e7iv\u0259sind\u0259 \u201cHumanitar F\u0259aliyy\u0259t \u00fczr\u0259 Oriyentasiya\u201d t\u0259limi ke\u00e7irilib - EU for Azerbaijan\",\"isPartOf\":{\"@id\":\"https:\/\/eu4azerbaijan.eu\/az\/#website\"},\"primaryImageOfPage\":{\"@id\":\"https:\/\/eu4azerbaijan.eu\/az\/orientation-training-on-humanitarian-action-was-held-with-the-support-of-the-eu-and-the-ifrc\/#primaryimage\"},\"image\":{\"@id\":\"https:\/\/eu4azerbaijan.eu\/az\/orientation-training-on-humanitarian-action-was-held-with-the-support-of-the-eu-and-the-ifrc\/#primaryimage\"},\"thumbnailUrl\":\"https:\/\/eu4azerbaijan.eu\/wp-content\/uploads\/IMG_2206-scaled.jpg\",\"datePublished\":\"2023-12-19T13:18:57+00:00\",\"dateModified\":\"2023-12-19T13:27:20+00:00\",\"author\":{\"@id\":\"https:\/\/eu4azerbaijan.eu\/az\/#\/schema\/person\/cf17ddba07387955c481997af06797df\"},\"breadcrumb\":{\"@id\":\"https:\/\/eu4azerbaijan.eu\/az\/orientation-training-on-humanitarian-action-was-held-with-the-support-of-the-eu-and-the-ifrc\/#breadcrumb\"},\"inLanguage\":\"az-AZ\",\"potentialAction\":[{\"@type\":\"ReadAction\",\"target\":[\"https:\/\/eu4azerbaijan.eu\/az\/orientation-training-on-humanitarian-action-was-held-with-the-support-of-the-eu-and-the-ifrc\/\"]}]},{\"@type\":\"ImageObject\",\"inLanguage\":\"az-AZ\",\"@id\":\"https:\/\/eu4azerbaijan.eu\/az\/orientation-training-on-humanitarian-action-was-held-with-the-support-of-the-eu-and-the-ifrc\/#primaryimage\",\"url\":\"https:\/\/eu4azerbaijan.eu\/wp-content\/uploads\/IMG_2206-scaled.jpg\",\"contentUrl\":\"https:\/\/eu4azerbaijan.eu\/wp-content\/uploads\/IMG_2206-scaled.jpg\",\"width\":2560,\"height\":1707},{\"@type\":\"BreadcrumbList\",\"@id\":\"https:\/\/eu4azerbaijan.eu\/az\/orientation-training-on-humanitarian-action-was-held-with-the-support-of-the-eu-and-the-ifrc\/#breadcrumb\",\"itemListElement\":[{\"@type\":\"ListItem\",\"position\":1,\"name\":\"Home\",\"item\":\"https:\/\/eu4azerbaijan.eu\/az\/\"},{\"@type\":\"ListItem\",\"position\":2,\"name\":\"A\u0130 t\u0259r\u0259find\u0259n maliyy\u0259l\u0259\u015f\u0259n layih\u0259 \u00e7\u0259r\u00e7iv\u0259sind\u0259 \u201cHumanitar F\u0259aliyy\u0259t \u00fczr\u0259 Oriyentasiya\u201d t\u0259limi ke\u00e7irilib\"}]},{\"@type\":\"WebSite\",\"@id\":\"https:\/\/eu4azerbaijan.eu\/az\/#website\",\"url\":\"https:\/\/eu4azerbaijan.eu\/az\/\",\"name\":\"EU for Azerbaijan\",\"description\":\"\",\"potentialAction\":[{\"@type\":\"SearchAction\",\"target\":{\"@type\":\"EntryPoint\",\"urlTemplate\":\"https:\/\/eu4azerbaijan.eu\/az\/?s={search_term_string}\"},\"query-input\":{\"@type\":\"PropertyValueSpecification\",\"valueRequired\":true,\"valueName\":\"search_term_string\"}}],\"inLanguage\":\"az-AZ\"},{\"@type\":\"Person\",\"@id\":\"https:\/\/eu4azerbaijan.eu\/az\/#\/schema\/person\/cf17ddba07387955c481997af06797df\",\"name\":\"Aydan Topchibasheva\",\"image\":{\"@type\":\"ImageObject\",\"inLanguage\":\"az-AZ\",\"@id\":\"https:\/\/eu4azerbaijan.eu\/az\/#\/schema\/person\/image\/\",\"url\":\"https:\/\/secure.gravatar.com\/avatar\/657ac54b68aced49adde2a29a43651c77d8555f376d5ee5dd68172194a09f856?s=96&d=mm&r=g\",\"contentUrl\":\"https:\/\/secure.gravatar.com\/avatar\/657ac54b68aced49adde2a29a43651c77d8555f376d5ee5dd68172194a09f856?s=96&d=mm&r=g\",\"caption\":\"Aydan Topchibasheva\"},\"url\":\"https:\/\/eu4azerbaijan.eu\/az\/author\/aydan\/\"}]}<\/script>\n<!-- \/ Yoast SEO plugin. -->","yoast_head_json":{"title":"A\u0130 t\u0259r\u0259find\u0259n maliyy\u0259l\u0259\u015f\u0259n layih\u0259 \u00e7\u0259r\u00e7iv\u0259sind\u0259 \u201cHumanitar F\u0259aliyy\u0259t \u00fczr\u0259 Oriyentasiya\u201d t\u0259limi ke\u00e7irilib - EU for Azerbaijan","robots":{"index":"index","follow":"follow","max-snippet":"max-snippet:-1","max-image-preview":"max-image-preview:large","max-video-preview":"max-video-preview:-1"},"canonical":"https:\/\/eu4azerbaijan.eu\/az\/orientation-training-on-humanitarian-action-was-held-with-the-support-of-the-eu-and-the-ifrc\/","og_locale":"az_AZ","og_type":"article","og_title":"A\u0130 t\u0259r\u0259find\u0259n maliyy\u0259l\u0259\u015f\u0259n layih\u0259 \u00e7\u0259r\u00e7iv\u0259sind\u0259 \u201cHumanitar F\u0259aliyy\u0259t \u00fczr\u0259 Oriyentasiya\u201d t\u0259limi ke\u00e7irilib - EU for Azerbaijan","og_description":"13-15 Dekabr 2023-c\u00fc ild\u0259 Avropa \u0130ttifaq\u0131 (A\u0130) t\u0259r\u0259find\u0259n maliyy\u0259l\u0259\u015fdiril\u0259n v\u0259 Beyn\u0259lxalq Q\u0131z\u0131l Xa\u00e7 v\u0259 Q\u0131z\u0131l Aypara C\u0259miyy\u0259tl\u0259ri Federasiyas\u0131 (IFRC) t\u0259r\u0259find\u0259n h\u0259yata ke\u00e7iril\u0259n \u201cAz\u0259rbaycanda icman\u0131n ehtiyaclar\u0131 v\u0259 yerli imkanlarla v\u0259t\u0259nda\u015f c\u0259miyy\u0259ti t\u0259\u015fkilatlar\u0131n\u0131n potensiallar\u0131 aras\u0131ndak\u0131 bo\u015flu\u011fun aradan qald\u0131r\u0131lmas\u0131\u201d layih\u0259si \u00e7\u0259r\u00e7iv\u0259sind\u0259 12 V\u0259t\u0259nda\u015f C\u0259miyy\u0259ti T\u0259\u015fkilat\u0131 (VCT) \u00fc\u00e7\u00fcn \u201cHumanitar F\u0259aliyy\u0259t \u00fczr\u0259 Oriyentasiya\u201d t\u0259limi ke\u00e7irilib. T\u0259limin ilk g\u00fcn\u00fc IFRC-nin Az\u0259rbaycan [&hellip;]","og_url":"https:\/\/eu4azerbaijan.eu\/az\/orientation-training-on-humanitarian-action-was-held-with-the-support-of-the-eu-and-the-ifrc\/","og_site_name":"EU for Azerbaijan","article_published_time":"2023-12-19T13:18:57+00:00","article_modified_time":"2023-12-19T13:27:20+00:00","og_image":[{"width":2560,"height":1707,"url":"https:\/\/eu4azerbaijan.eu\/wp-content\/uploads\/IMG_2206-scaled.jpg","type":"image\/jpeg"}],"author":"Aydan Topchibasheva","twitter_card":"summary_large_image","twitter_misc":{"Written by":"Aydan Topchibasheva","Est. reading time":"2 minutes"},"schema":{"@context":"https:\/\/schema.org","@graph":[{"@type":"WebPage","@id":"https:\/\/eu4azerbaijan.eu\/az\/orientation-training-on-humanitarian-action-was-held-with-the-support-of-the-eu-and-the-ifrc\/","url":"https:\/\/eu4azerbaijan.eu\/az\/orientation-training-on-humanitarian-action-was-held-with-the-support-of-the-eu-and-the-ifrc\/","name":"A\u0130 t\u0259r\u0259find\u0259n maliyy\u0259l\u0259\u015f\u0259n layih\u0259 \u00e7\u0259r\u00e7iv\u0259sind\u0259 \u201cHumanitar F\u0259aliyy\u0259t \u00fczr\u0259 Oriyentasiya\u201d t\u0259limi ke\u00e7irilib - EU for Azerbaijan","isPartOf":{"@id":"https:\/\/eu4azerbaijan.eu\/az\/#website"},"primaryImageOfPage":{"@id":"https:\/\/eu4azerbaijan.eu\/az\/orientation-training-on-humanitarian-action-was-held-with-the-support-of-the-eu-and-the-ifrc\/#primaryimage"},"image":{"@id":"https:\/\/eu4azerbaijan.eu\/az\/orientation-training-on-humanitarian-action-was-held-with-the-support-of-the-eu-and-the-ifrc\/#primaryimage"},"thumbnailUrl":"https:\/\/eu4azerbaijan.eu\/wp-content\/uploads\/IMG_2206-scaled.jpg","datePublished":"2023-12-19T13:18:57+00:00","dateModified":"2023-12-19T13:27:20+00:00","author":{"@id":"https:\/\/eu4azerbaijan.eu\/az\/#\/schema\/person\/cf17ddba07387955c481997af06797df"},"breadcrumb":{"@id":"https:\/\/eu4azerbaijan.eu\/az\/orientation-training-on-humanitarian-action-was-held-with-the-support-of-the-eu-and-the-ifrc\/#breadcrumb"},"inLanguage":"az-AZ","potentialAction":[{"@type":"ReadAction","target":["https:\/\/eu4azerbaijan.eu\/az\/orientation-training-on-humanitarian-action-was-held-with-the-support-of-the-eu-and-the-ifrc\/"]}]},{"@type":"ImageObject","inLanguage":"az-AZ","@id":"https:\/\/eu4azerbaijan.eu\/az\/orientation-training-on-humanitarian-action-was-held-with-the-support-of-the-eu-and-the-ifrc\/#primaryimage","url":"https:\/\/eu4azerbaijan.eu\/wp-content\/uploads\/IMG_2206-scaled.jpg","contentUrl":"https:\/\/eu4azerbaijan.eu\/wp-content\/uploads\/IMG_2206-scaled.jpg","width":2560,"height":1707},{"@type":"BreadcrumbList","@id":"https:\/\/eu4azerbaijan.eu\/az\/orientation-training-on-humanitarian-action-was-held-with-the-support-of-the-eu-and-the-ifrc\/#breadcrumb","itemListElement":[{"@type":"ListItem","position":1,"name":"Home","item":"https:\/\/eu4azerbaijan.eu\/az\/"},{"@type":"ListItem","position":2,"name":"A\u0130 t\u0259r\u0259find\u0259n maliyy\u0259l\u0259\u015f\u0259n layih\u0259 \u00e7\u0259r\u00e7iv\u0259sind\u0259 \u201cHumanitar F\u0259aliyy\u0259t \u00fczr\u0259 Oriyentasiya\u201d t\u0259limi ke\u00e7irilib"}]},{"@type":"WebSite","@id":"https:\/\/eu4azerbaijan.eu\/az\/#website","url":"https:\/\/eu4azerbaijan.eu\/az\/","name":"EU for Azerbaijan","description":"","potentialAction":[{"@type":"SearchAction","target":{"@type":"EntryPoint","urlTemplate":"https:\/\/eu4azerbaijan.eu\/az\/?s={search_term_string}"},"query-input":{"@type":"PropertyValueSpecification","valueRequired":true,"valueName":"search_term_string"}}],"inLanguage":"az-AZ"},{"@type":"Person","@id":"https:\/\/eu4azerbaijan.eu\/az\/#\/schema\/person\/cf17ddba07387955c481997af06797df","name":"Aydan Topchibasheva","image":{"@type":"ImageObject","inLanguage":"az-AZ","@id":"https:\/\/eu4azerbaijan.eu\/az\/#\/schema\/person\/image\/","url":"https:\/\/secure.gravatar.com\/avatar\/657ac54b68aced49adde2a29a43651c77d8555f376d5ee5dd68172194a09f856?s=96&d=mm&r=g","contentUrl":"https:\/\/secure.gravatar.com\/avatar\/657ac54b68aced49adde2a29a43651c77d8555f376d5ee5dd68172194a09f856?s=96&d=mm&r=g","caption":"Aydan Topchibasheva"},"url":"https:\/\/eu4azerbaijan.eu\/az\/author\/aydan\/"}]}},"_links":{"self":[{"href":"https:\/\/eu4azerbaijan.eu\/az\/wp-json\/wp\/v2\/posts\/64877","targetHints":{"allow":["GET"]}}],"collection":[{"href":"https:\/\/eu4azerbaijan.eu\/az\/wp-json\/wp\/v2\/posts"}],"about":[{"href":"https:\/\/eu4azerbaijan.eu\/az\/wp-json\/wp\/v2\/types\/post"}],"author":[{"embeddable":true,"href":"https:\/\/eu4azerbaijan.eu\/az\/wp-json\/wp\/v2\/users\/19"}],"replies":[{"embeddable":true,"href":"https:\/\/eu4azerbaijan.eu\/az\/wp-json\/wp\/v2\/comments?post=64877"}],"version-history":[{"count":2,"href":"https:\/\/eu4azerbaijan.eu\/az\/wp-json\/wp\/v2\/posts\/64877\/revisions"}],"predecessor-version":[{"id":64880,"href":"https:\/\/eu4azerbaijan.eu\/az\/wp-json\/wp\/v2\/posts\/64877\/revisions\/64880"}],"wp:featuredmedia":[{"embeddable":true,"href":"https:\/\/eu4azerbaijan.eu\/az\/wp-json\/wp\/v2\/media\/64875"}],"wp:attachment":[{"href":"https:\/\/eu4azerbaijan.eu\/az\/wp-json\/wp\/v2\/media?parent=64877"}],"wp:term":[{"taxonomy":"category","embeddable":true,"href":"https:\/\/eu4azerbaijan.eu\/az\/wp-json\/wp\/v2\/categories?post=64877"},{"taxonomy":"post_tag","embeddable":true,"href":"https:\/\/eu4azerbaijan.eu\/az\/wp-json\/wp\/v2\/tags?post=64877"},{"taxonomy":"topic","embeddable":true,"href":"https:\/\/eu4azerbaijan.eu\/az\/wp-json\/wp\/v2\/topic?post=64877"}],"curies":[{"name":"wp","href":"https:\/\/api.w.org\/{rel}","templated":true}]}}