{"id":64599,"date":"2023-11-02T11:32:19","date_gmt":"2023-11-02T11:32:19","guid":{"rendered":"https:\/\/eu4azerbaijan.eu\/study-visit-within-strengthening-institutional-capacities-of-the-agency-for-quality-assurance-in-education-project\/"},"modified":"2023-11-02T11:33:08","modified_gmt":"2023-11-02T11:33:08","slug":"study-visit-within-strengthening-institutional-capacities-of-the-agency-for-quality-assurance-in-education-project","status":"publish","type":"post","link":"https:\/\/eu4azerbaijan.eu\/az\/study-visit-within-strengthening-institutional-capacities-of-the-agency-for-quality-assurance-in-education-project\/","title":{"rendered":"\u201cAz\u0259rbaycanda T\u0259hsild\u0259 Keyfiyy\u0259t T\u0259minat\u0131 Agentliyinin institusional potensial\u0131n\u0131n g\u00fccl\u0259ndirilm\u0259si\u201d layih\u0259si \u00e7\u0259r\u00e7iv\u0259sind\u0259 t\u0259cr\u00fcb\u0259 s\u0259f\u0259ri t\u0259\u015fkil edilib"},"content":{"rendered":"\n<p>Avropa \u0130ttifaq\u0131 t\u0259r\u0259find\u0259n maliyy\u0259l\u0259\u015fdiril\u0259n \u201cAz\u0259rbaycanda T\u0259hsild\u0259 Keyfiyy\u0259t T\u0259minat\u0131 Agentliyinin institusional potensial\u0131n\u0131n g\u00fccl\u0259ndirilm\u0259si\u201d layih\u0259si \u00e7\u0259r\u00e7iv\u0259sind\u0259 23-27 oktyabr 2023-c\u00fc il tarixl\u0259rind\u0259 \u0130rlandiyaya t\u0259cr\u00fcb\u0259 s\u0259f\u0259ri t\u0259\u015fkil edilib.<\/p>\n\n\n\n<p>T\u0259cr\u00fcb\u0259 s\u0259f\u0259rinin m\u0259qs\u0259di \u0130rlandiyan\u0131n kvalifikasiyalar, keyfiyy\u0259t t\u0259minat\u0131 sistemi \u00fczr\u0259 t\u0259cr\u00fcb\u0259si il\u0259 tan\u0131\u015f olmaq v\u0259 Keyfiyy\u0259t T\u0259minat\u0131 \u00fczr\u0259 Assosiasiyayan\u0131n (ENQA) Ba\u015f Assambleyas\u0131nda i\u015ftirak etm\u0259k olub.<\/p>\n\n\n\n<p>23-24 oktyabr tarixl\u0259rind\u0259 i\u015ftirak\u00e7\u0131lar \u0130rlandiyan\u0131n Keyfiyy\u0259t v\u0259 Kvalifikasiyalar Agentliyi, Dublin \u015e\u0259h\u0259r T\u0259hsil v\u0259 T\u0259lim \u015euras\u0131 il\u0259 g\u00f6r\u00fc\u015fl\u0259r ke\u00e7irib v\u0259 Dublin Texnologiya Universitetin\u0259 s\u0259f\u0259r edibl\u0259r. T\u0259cr\u00fcb\u0259 s\u0259f\u0259ri \u0130rlandiyada ali t\u0259hsil, pe\u015f\u0259 t\u0259hsili v\u0259 t\u0259lim \u00fc\u00e7\u00fcn xarici keyfiyy\u0259t t\u0259minat\u0131n\u0131n icmal\u0131, t\u0259cr\u00fcb\u0259d\u0259 xarici keyfiyy\u0259t t\u0259minat\u0131 v\u0259 potensial\u0131n yarad\u0131lmas\u0131, keyfiyy\u0259t t\u0259minat\u0131 hesabatlar\u0131n\u0131n tematik t\u0259hlili, \u0259vv\u0259lki t\u0259hsilin tan\u0131nmas\u0131, \u0259lav\u0259 t\u0259hsil v\u0259 t\u0259limd\u0259 keyfiyy\u0259t t\u0259minat\u0131 prosesinin h\u00fcquqi, institusional v\u0259 maliyy\u0259 aspektl\u0259ri, keyfiyy\u0259t t\u0259minat\u0131 prosesinin r\u0259q\u0259msalla\u015fd\u0131r\u0131lmas\u0131, toplanm\u0131\u015f m\u0259lumatlar\u0131n t\u0259hlili v\u0259 dig\u0259r m\u00fc\u0259ssis\u0259l\u0259rl\u0259 (d\u00f6vl\u0259t v\u0259 \u00f6z\u0259l) keyfiyy\u0259t t\u0259minat\u0131 \u00fczr\u0259 \u0259m\u0259kda\u015fl\u0131\u011f\u0131 \u0259hat\u0259 edib.<\/p>\n\n\n\n<p>25-27 oktyabr tarixl\u0259rind\u0259 is\u0259 n\u00fcmay\u0259nd\u0259 hey\u0259ti t\u0259r\u0259find\u0259n T\u0259hsild\u0259 Keyfiyy\u0259tin T\u0259minat\u0131 Agentliyinin ENQA-ya tam \u00fczvl\u00fcy\u00fcn\u0259 nail olmaq m\u0259qs\u0259dil\u0259 Ba\u015f Assambleya gedi\u015find\u0259 g\u00f6r\u00fc\u015fl\u0259r v\u0259 Ukraynan\u0131n keyfiyy\u0259t t\u0259minat\u0131 agentliyi NAQA il\u0259 imzalanm\u0131\u015f \u0259m\u0259kda\u015fl\u0131q \u00fczr\u0259 anla\u015fma memurandumunun m\u00fcbadil\u0259sini h\u0259yata ke\u00e7iribl\u0259r. T\u0259cr\u00fcb\u0259 s\u0259f\u0259rind\u0259 T\u0259hsild\u0259 Keyfiyy\u0259t T\u0259minat\u0131 Agentliyinin \u00fc\u00e7, Elm v\u0259 Ali T\u0259hsil \u00fczr\u0259 D\u00f6vl\u0259t Agentliyinin bir n\u00fcmay\u0259nd\u0259sind\u0259n ibar\u0259t hey\u0259t i\u015ftirak edib.<\/p>\n\n\n\n<p><em>Layih\u0259 Az\u0259rbaycan Respublikas\u0131 h\u00f6kum\u0259ti v\u0259 Avropa \u0130ttifaq\u0131 aras\u0131nda imzalanm\u0131\u015f Maliyy\u0259 Sazi\u015fi (\u201cAz\u0259rbaycanda m\u0259\u015f\u011fulluq \u00fc\u00e7\u00fcn t\u0259hsil\u201d) \u00e7\u0259r\u00e7iv\u0259sind\u0259 h\u0259yata ke\u00e7irilir. \u201dAz\u0259rbaycanda m\u0259\u015f\u011fulluq \u00fc\u00e7\u00fcn t\u0259hsil 2018-ci il\u201d illik f\u0259aliyy\u0259t proqram\u0131 Avropa qon\u015fuluq v\u0259 t\u0259r\u0259fda\u015fl\u0131q al\u0259ti \u00e7\u0259r\u00e7iv\u0259sind\u0259 maliyy\u0259l\u0259\u015fdirilir. Layih\u0259nin m\u0259qs\u0259di Az\u0259rbaycanda t\u0259hsil sisteminin h\u0259rt\u0259r\u0259fli keyfiyy\u0259t t\u0259minat\u0131na t\u00f6hf\u0259 verm\u0259k v\u0259 b\u00fct\u00fcn s\u0259viyy\u0259l\u0259rd\u0259 t\u0259hsil m\u00fc\u0259ssis\u0259l\u0259rinin akkreditasiyas\u0131 v\u0259&nbsp; keyfiyy\u0259t t\u0259minat\u0131, \u0259vv\u0259lki t\u0259hsilin tan\u0131nmas\u0131 \u00fczr\u0259 yeni mexanizml\u0259rin haz\u0131rlanmas\u0131 v\u0259 t\u0259tbiqi, el\u0259c\u0259 d\u0259 Avropan\u0131n qabaqc\u0131l t\u0259cr\u00fcb\u0259sin\u0259 uy\u011fun olaraq xarici kvalifikasiyalar\u0131n tan\u0131nmas\u0131 \u00fc\u00e7\u00fcn T\u0259hsild\u0259 Keyfiyy\u0259t T\u0259minat\u0131 Agentliyinin potensial\u0131n\u0131n g\u00fccl\u0259ndirilm\u0259sidir.<\/em><\/p>\n\n\n\n<figure class=\"wp-block-gallery has-nested-images columns-default is-cropped wp-block-gallery-1 is-layout-flex wp-block-gallery-is-layout-flex\">\n<figure class=\"wp-block-image size-large\"><img loading=\"lazy\" decoding=\"async\" width=\"1024\" height=\"768\" data-id=\"64596\" src=\"https:\/\/eu4azerbaijan.eu\/wp-content\/uploads\/IR5-1024x768.jpg\" alt=\"\" class=\"wp-image-64596\" srcset=\"https:\/\/eu4azerbaijan.eu\/wp-content\/uploads\/IR5-1024x768.jpg 1024w, https:\/\/eu4azerbaijan.eu\/wp-content\/uploads\/IR5-300x225.jpg 300w, https:\/\/eu4azerbaijan.eu\/wp-content\/uploads\/IR5-768x576.jpg 768w, https:\/\/eu4azerbaijan.eu\/wp-content\/uploads\/IR5-1536x1152.jpg 1536w, https:\/\/eu4azerbaijan.eu\/wp-content\/uploads\/IR5.jpg 1600w\" sizes=\"(max-width: 1024px) 100vw, 1024px\" \/><\/figure>\n\n\n\n<figure class=\"wp-block-image size-large\"><img loading=\"lazy\" decoding=\"async\" width=\"768\" height=\"1024\" data-id=\"64594\" src=\"https:\/\/eu4azerbaijan.eu\/wp-content\/uploads\/IR4-768x1024.jpg\" alt=\"\" class=\"wp-image-64594\" srcset=\"https:\/\/eu4azerbaijan.eu\/wp-content\/uploads\/IR4-768x1024.jpg 768w, https:\/\/eu4azerbaijan.eu\/wp-content\/uploads\/IR4-225x300.jpg 225w, https:\/\/eu4azerbaijan.eu\/wp-content\/uploads\/IR4-1152x1536.jpg 1152w, https:\/\/eu4azerbaijan.eu\/wp-content\/uploads\/IR4.jpg 1200w\" sizes=\"(max-width: 768px) 100vw, 768px\" \/><\/figure>\n\n\n\n<figure class=\"wp-block-image size-large\"><img loading=\"lazy\" decoding=\"async\" width=\"1024\" height=\"768\" data-id=\"64592\" src=\"https:\/\/eu4azerbaijan.eu\/wp-content\/uploads\/IR3-1024x768.jpg\" alt=\"\" class=\"wp-image-64592\" srcset=\"https:\/\/eu4azerbaijan.eu\/wp-content\/uploads\/IR3-1024x768.jpg 1024w, https:\/\/eu4azerbaijan.eu\/wp-content\/uploads\/IR3-300x225.jpg 300w, https:\/\/eu4azerbaijan.eu\/wp-content\/uploads\/IR3-768x576.jpg 768w, https:\/\/eu4azerbaijan.eu\/wp-content\/uploads\/IR3-1536x1152.jpg 1536w, https:\/\/eu4azerbaijan.eu\/wp-content\/uploads\/IR3.jpg 1600w\" sizes=\"(max-width: 1024px) 100vw, 1024px\" \/><\/figure>\n\n\n\n<figure class=\"wp-block-image size-large\"><img loading=\"lazy\" decoding=\"async\" width=\"1024\" height=\"761\" data-id=\"64590\" src=\"https:\/\/eu4azerbaijan.eu\/wp-content\/uploads\/IR2-1024x761.jpg\" alt=\"\" class=\"wp-image-64590\" srcset=\"https:\/\/eu4azerbaijan.eu\/wp-content\/uploads\/IR2-1024x761.jpg 1024w, https:\/\/eu4azerbaijan.eu\/wp-content\/uploads\/IR2-300x223.jpg 300w, https:\/\/eu4azerbaijan.eu\/wp-content\/uploads\/IR2-768x571.jpg 768w, https:\/\/eu4azerbaijan.eu\/wp-content\/uploads\/IR2.jpg 1080w\" sizes=\"(max-width: 1024px) 100vw, 1024px\" \/><\/figure>\n<\/figure>\n","protected":false},"excerpt":{"rendered":"<p>Avropa \u0130ttifaq\u0131 t\u0259r\u0259find\u0259n maliyy\u0259l\u0259\u015fdiril\u0259n \u201cAz\u0259rbaycanda T\u0259hsild\u0259 Keyfiyy\u0259t T\u0259minat\u0131 Agentliyinin institusional potensial\u0131n\u0131n g\u00fccl\u0259ndirilm\u0259si\u201d layih\u0259si \u00e7\u0259r\u00e7iv\u0259sind\u0259 23-27 oktyabr 2023-c\u00fc il tarixl\u0259rind\u0259 \u0130rlandiyaya t\u0259cr\u00fcb\u0259 s\u0259f\u0259ri t\u0259\u015fkil edilib. T\u0259cr\u00fcb\u0259 s\u0259f\u0259rinin m\u0259qs\u0259di \u0130rlandiyan\u0131n kvalifikasiyalar, keyfiyy\u0259t t\u0259minat\u0131 sistemi \u00fczr\u0259 t\u0259cr\u00fcb\u0259si il\u0259 tan\u0131\u015f olmaq v\u0259 Keyfiyy\u0259t T\u0259minat\u0131 \u00fczr\u0259 Assosiasiyayan\u0131n (ENQA) Ba\u015f Assambleyas\u0131nda i\u015ftirak etm\u0259k olub. 23-24 oktyabr tarixl\u0259rind\u0259 i\u015ftirak\u00e7\u0131lar \u0130rlandiyan\u0131n Keyfiyy\u0259t v\u0259 [&hellip;]<\/p>\n","protected":false},"author":19,"featured_media":64589,"comment_status":"closed","ping_status":"closed","sticky":false,"template":"","format":"standard","meta":{"_acf_changed":false,"footnotes":""},"categories":[374,284],"tags":[],"topic":[],"class_list":["post-64599","post","type-post","status-publish","format-standard","has-post-thumbnail","hentry","category-whats-happening-az","category-news-az"],"acf":[],"yoast_head":"<!-- This site is optimized with the Yoast SEO plugin v26.4 - https:\/\/yoast.com\/wordpress\/plugins\/seo\/ -->\n<title>\u201cAz\u0259rbaycanda T\u0259hsild\u0259 Keyfiyy\u0259t T\u0259minat\u0131 Agentliyinin institusional potensial\u0131n\u0131n g\u00fccl\u0259ndirilm\u0259si\u201d layih\u0259si \u00e7\u0259r\u00e7iv\u0259sind\u0259 t\u0259cr\u00fcb\u0259 s\u0259f\u0259ri t\u0259\u015fkil edilib - EU for Azerbaijan<\/title>\n<meta name=\"robots\" content=\"index, follow, max-snippet:-1, max-image-preview:large, max-video-preview:-1\" \/>\n<link rel=\"canonical\" href=\"https:\/\/eu4azerbaijan.eu\/az\/study-visit-within-strengthening-institutional-capacities-of-the-agency-for-quality-assurance-in-education-project\/\" \/>\n<meta property=\"og:locale\" content=\"az_AZ\" \/>\n<meta property=\"og:type\" content=\"article\" \/>\n<meta property=\"og:title\" content=\"\u201cAz\u0259rbaycanda T\u0259hsild\u0259 Keyfiyy\u0259t T\u0259minat\u0131 Agentliyinin institusional potensial\u0131n\u0131n g\u00fccl\u0259ndirilm\u0259si\u201d layih\u0259si \u00e7\u0259r\u00e7iv\u0259sind\u0259 t\u0259cr\u00fcb\u0259 s\u0259f\u0259ri t\u0259\u015fkil edilib - EU for Azerbaijan\" \/>\n<meta property=\"og:description\" content=\"Avropa \u0130ttifaq\u0131 t\u0259r\u0259find\u0259n maliyy\u0259l\u0259\u015fdiril\u0259n \u201cAz\u0259rbaycanda T\u0259hsild\u0259 Keyfiyy\u0259t T\u0259minat\u0131 Agentliyinin institusional potensial\u0131n\u0131n g\u00fccl\u0259ndirilm\u0259si\u201d layih\u0259si \u00e7\u0259r\u00e7iv\u0259sind\u0259 23-27 oktyabr 2023-c\u00fc il tarixl\u0259rind\u0259 \u0130rlandiyaya t\u0259cr\u00fcb\u0259 s\u0259f\u0259ri t\u0259\u015fkil edilib. T\u0259cr\u00fcb\u0259 s\u0259f\u0259rinin m\u0259qs\u0259di \u0130rlandiyan\u0131n kvalifikasiyalar, keyfiyy\u0259t t\u0259minat\u0131 sistemi \u00fczr\u0259 t\u0259cr\u00fcb\u0259si il\u0259 tan\u0131\u015f olmaq v\u0259 Keyfiyy\u0259t T\u0259minat\u0131 \u00fczr\u0259 Assosiasiyayan\u0131n (ENQA) Ba\u015f Assambleyas\u0131nda i\u015ftirak etm\u0259k olub. 23-24 oktyabr tarixl\u0259rind\u0259 i\u015ftirak\u00e7\u0131lar \u0130rlandiyan\u0131n Keyfiyy\u0259t v\u0259 [&hellip;]\" \/>\n<meta property=\"og:url\" content=\"https:\/\/eu4azerbaijan.eu\/az\/study-visit-within-strengthening-institutional-capacities-of-the-agency-for-quality-assurance-in-education-project\/\" \/>\n<meta property=\"og:site_name\" content=\"EU for Azerbaijan\" \/>\n<meta property=\"article:published_time\" content=\"2023-11-02T11:32:19+00:00\" \/>\n<meta property=\"article:modified_time\" content=\"2023-11-02T11:33:08+00:00\" \/>\n<meta property=\"og:image\" content=\"https:\/\/eu4azerbaijan.eu\/wp-content\/uploads\/IR1.jpg\" \/>\n\t<meta property=\"og:image:width\" content=\"1600\" \/>\n\t<meta property=\"og:image:height\" content=\"1200\" \/>\n\t<meta property=\"og:image:type\" content=\"image\/jpeg\" \/>\n<meta name=\"author\" content=\"Aydan Topchibasheva\" \/>\n<meta name=\"twitter:card\" content=\"summary_large_image\" \/>\n<meta name=\"twitter:label1\" content=\"Written by\" \/>\n\t<meta name=\"twitter:data1\" content=\"Aydan Topchibasheva\" \/>\n\t<meta name=\"twitter:label2\" content=\"Est. reading time\" \/>\n\t<meta name=\"twitter:data2\" content=\"2 minutes\" \/>\n<script type=\"application\/ld+json\" class=\"yoast-schema-graph\">{\"@context\":\"https:\/\/schema.org\",\"@graph\":[{\"@type\":\"WebPage\",\"@id\":\"https:\/\/eu4azerbaijan.eu\/az\/study-visit-within-strengthening-institutional-capacities-of-the-agency-for-quality-assurance-in-education-project\/\",\"url\":\"https:\/\/eu4azerbaijan.eu\/az\/study-visit-within-strengthening-institutional-capacities-of-the-agency-for-quality-assurance-in-education-project\/\",\"name\":\"\u201cAz\u0259rbaycanda T\u0259hsild\u0259 Keyfiyy\u0259t T\u0259minat\u0131 Agentliyinin institusional potensial\u0131n\u0131n g\u00fccl\u0259ndirilm\u0259si\u201d layih\u0259si \u00e7\u0259r\u00e7iv\u0259sind\u0259 t\u0259cr\u00fcb\u0259 s\u0259f\u0259ri t\u0259\u015fkil edilib - EU for Azerbaijan\",\"isPartOf\":{\"@id\":\"https:\/\/eu4azerbaijan.eu\/az\/#website\"},\"primaryImageOfPage\":{\"@id\":\"https:\/\/eu4azerbaijan.eu\/az\/study-visit-within-strengthening-institutional-capacities-of-the-agency-for-quality-assurance-in-education-project\/#primaryimage\"},\"image\":{\"@id\":\"https:\/\/eu4azerbaijan.eu\/az\/study-visit-within-strengthening-institutional-capacities-of-the-agency-for-quality-assurance-in-education-project\/#primaryimage\"},\"thumbnailUrl\":\"https:\/\/eu4azerbaijan.eu\/wp-content\/uploads\/IR1.jpg\",\"datePublished\":\"2023-11-02T11:32:19+00:00\",\"dateModified\":\"2023-11-02T11:33:08+00:00\",\"author\":{\"@id\":\"https:\/\/eu4azerbaijan.eu\/az\/#\/schema\/person\/cf17ddba07387955c481997af06797df\"},\"breadcrumb\":{\"@id\":\"https:\/\/eu4azerbaijan.eu\/az\/study-visit-within-strengthening-institutional-capacities-of-the-agency-for-quality-assurance-in-education-project\/#breadcrumb\"},\"inLanguage\":\"az-AZ\",\"potentialAction\":[{\"@type\":\"ReadAction\",\"target\":[\"https:\/\/eu4azerbaijan.eu\/az\/study-visit-within-strengthening-institutional-capacities-of-the-agency-for-quality-assurance-in-education-project\/\"]}]},{\"@type\":\"ImageObject\",\"inLanguage\":\"az-AZ\",\"@id\":\"https:\/\/eu4azerbaijan.eu\/az\/study-visit-within-strengthening-institutional-capacities-of-the-agency-for-quality-assurance-in-education-project\/#primaryimage\",\"url\":\"https:\/\/eu4azerbaijan.eu\/wp-content\/uploads\/IR1.jpg\",\"contentUrl\":\"https:\/\/eu4azerbaijan.eu\/wp-content\/uploads\/IR1.jpg\",\"width\":1600,\"height\":1200},{\"@type\":\"BreadcrumbList\",\"@id\":\"https:\/\/eu4azerbaijan.eu\/az\/study-visit-within-strengthening-institutional-capacities-of-the-agency-for-quality-assurance-in-education-project\/#breadcrumb\",\"itemListElement\":[{\"@type\":\"ListItem\",\"position\":1,\"name\":\"Home\",\"item\":\"https:\/\/eu4azerbaijan.eu\/az\/\"},{\"@type\":\"ListItem\",\"position\":2,\"name\":\"\u201cAz\u0259rbaycanda T\u0259hsild\u0259 Keyfiyy\u0259t T\u0259minat\u0131 Agentliyinin institusional potensial\u0131n\u0131n g\u00fccl\u0259ndirilm\u0259si\u201d layih\u0259si \u00e7\u0259r\u00e7iv\u0259sind\u0259 t\u0259cr\u00fcb\u0259 s\u0259f\u0259ri t\u0259\u015fkil edilib\"}]},{\"@type\":\"WebSite\",\"@id\":\"https:\/\/eu4azerbaijan.eu\/az\/#website\",\"url\":\"https:\/\/eu4azerbaijan.eu\/az\/\",\"name\":\"EU for Azerbaijan\",\"description\":\"\",\"potentialAction\":[{\"@type\":\"SearchAction\",\"target\":{\"@type\":\"EntryPoint\",\"urlTemplate\":\"https:\/\/eu4azerbaijan.eu\/az\/?s={search_term_string}\"},\"query-input\":{\"@type\":\"PropertyValueSpecification\",\"valueRequired\":true,\"valueName\":\"search_term_string\"}}],\"inLanguage\":\"az-AZ\"},{\"@type\":\"Person\",\"@id\":\"https:\/\/eu4azerbaijan.eu\/az\/#\/schema\/person\/cf17ddba07387955c481997af06797df\",\"name\":\"Aydan Topchibasheva\",\"image\":{\"@type\":\"ImageObject\",\"inLanguage\":\"az-AZ\",\"@id\":\"https:\/\/eu4azerbaijan.eu\/az\/#\/schema\/person\/image\/\",\"url\":\"https:\/\/secure.gravatar.com\/avatar\/657ac54b68aced49adde2a29a43651c77d8555f376d5ee5dd68172194a09f856?s=96&d=mm&r=g\",\"contentUrl\":\"https:\/\/secure.gravatar.com\/avatar\/657ac54b68aced49adde2a29a43651c77d8555f376d5ee5dd68172194a09f856?s=96&d=mm&r=g\",\"caption\":\"Aydan Topchibasheva\"},\"url\":\"https:\/\/eu4azerbaijan.eu\/az\/author\/aydan\/\"}]}<\/script>\n<!-- \/ Yoast SEO plugin. -->","yoast_head_json":{"title":"\u201cAz\u0259rbaycanda T\u0259hsild\u0259 Keyfiyy\u0259t T\u0259minat\u0131 Agentliyinin institusional potensial\u0131n\u0131n g\u00fccl\u0259ndirilm\u0259si\u201d layih\u0259si \u00e7\u0259r\u00e7iv\u0259sind\u0259 t\u0259cr\u00fcb\u0259 s\u0259f\u0259ri t\u0259\u015fkil edilib - EU for Azerbaijan","robots":{"index":"index","follow":"follow","max-snippet":"max-snippet:-1","max-image-preview":"max-image-preview:large","max-video-preview":"max-video-preview:-1"},"canonical":"https:\/\/eu4azerbaijan.eu\/az\/study-visit-within-strengthening-institutional-capacities-of-the-agency-for-quality-assurance-in-education-project\/","og_locale":"az_AZ","og_type":"article","og_title":"\u201cAz\u0259rbaycanda T\u0259hsild\u0259 Keyfiyy\u0259t T\u0259minat\u0131 Agentliyinin institusional potensial\u0131n\u0131n g\u00fccl\u0259ndirilm\u0259si\u201d layih\u0259si \u00e7\u0259r\u00e7iv\u0259sind\u0259 t\u0259cr\u00fcb\u0259 s\u0259f\u0259ri t\u0259\u015fkil edilib - EU for Azerbaijan","og_description":"Avropa \u0130ttifaq\u0131 t\u0259r\u0259find\u0259n maliyy\u0259l\u0259\u015fdiril\u0259n \u201cAz\u0259rbaycanda T\u0259hsild\u0259 Keyfiyy\u0259t T\u0259minat\u0131 Agentliyinin institusional potensial\u0131n\u0131n g\u00fccl\u0259ndirilm\u0259si\u201d layih\u0259si \u00e7\u0259r\u00e7iv\u0259sind\u0259 23-27 oktyabr 2023-c\u00fc il tarixl\u0259rind\u0259 \u0130rlandiyaya t\u0259cr\u00fcb\u0259 s\u0259f\u0259ri t\u0259\u015fkil edilib. T\u0259cr\u00fcb\u0259 s\u0259f\u0259rinin m\u0259qs\u0259di \u0130rlandiyan\u0131n kvalifikasiyalar, keyfiyy\u0259t t\u0259minat\u0131 sistemi \u00fczr\u0259 t\u0259cr\u00fcb\u0259si il\u0259 tan\u0131\u015f olmaq v\u0259 Keyfiyy\u0259t T\u0259minat\u0131 \u00fczr\u0259 Assosiasiyayan\u0131n (ENQA) Ba\u015f Assambleyas\u0131nda i\u015ftirak etm\u0259k olub. 23-24 oktyabr tarixl\u0259rind\u0259 i\u015ftirak\u00e7\u0131lar \u0130rlandiyan\u0131n Keyfiyy\u0259t v\u0259 [&hellip;]","og_url":"https:\/\/eu4azerbaijan.eu\/az\/study-visit-within-strengthening-institutional-capacities-of-the-agency-for-quality-assurance-in-education-project\/","og_site_name":"EU for Azerbaijan","article_published_time":"2023-11-02T11:32:19+00:00","article_modified_time":"2023-11-02T11:33:08+00:00","og_image":[{"width":1600,"height":1200,"url":"https:\/\/eu4azerbaijan.eu\/wp-content\/uploads\/IR1.jpg","type":"image\/jpeg"}],"author":"Aydan Topchibasheva","twitter_card":"summary_large_image","twitter_misc":{"Written by":"Aydan Topchibasheva","Est. reading time":"2 minutes"},"schema":{"@context":"https:\/\/schema.org","@graph":[{"@type":"WebPage","@id":"https:\/\/eu4azerbaijan.eu\/az\/study-visit-within-strengthening-institutional-capacities-of-the-agency-for-quality-assurance-in-education-project\/","url":"https:\/\/eu4azerbaijan.eu\/az\/study-visit-within-strengthening-institutional-capacities-of-the-agency-for-quality-assurance-in-education-project\/","name":"\u201cAz\u0259rbaycanda T\u0259hsild\u0259 Keyfiyy\u0259t T\u0259minat\u0131 Agentliyinin institusional potensial\u0131n\u0131n g\u00fccl\u0259ndirilm\u0259si\u201d layih\u0259si \u00e7\u0259r\u00e7iv\u0259sind\u0259 t\u0259cr\u00fcb\u0259 s\u0259f\u0259ri t\u0259\u015fkil edilib - EU for Azerbaijan","isPartOf":{"@id":"https:\/\/eu4azerbaijan.eu\/az\/#website"},"primaryImageOfPage":{"@id":"https:\/\/eu4azerbaijan.eu\/az\/study-visit-within-strengthening-institutional-capacities-of-the-agency-for-quality-assurance-in-education-project\/#primaryimage"},"image":{"@id":"https:\/\/eu4azerbaijan.eu\/az\/study-visit-within-strengthening-institutional-capacities-of-the-agency-for-quality-assurance-in-education-project\/#primaryimage"},"thumbnailUrl":"https:\/\/eu4azerbaijan.eu\/wp-content\/uploads\/IR1.jpg","datePublished":"2023-11-02T11:32:19+00:00","dateModified":"2023-11-02T11:33:08+00:00","author":{"@id":"https:\/\/eu4azerbaijan.eu\/az\/#\/schema\/person\/cf17ddba07387955c481997af06797df"},"breadcrumb":{"@id":"https:\/\/eu4azerbaijan.eu\/az\/study-visit-within-strengthening-institutional-capacities-of-the-agency-for-quality-assurance-in-education-project\/#breadcrumb"},"inLanguage":"az-AZ","potentialAction":[{"@type":"ReadAction","target":["https:\/\/eu4azerbaijan.eu\/az\/study-visit-within-strengthening-institutional-capacities-of-the-agency-for-quality-assurance-in-education-project\/"]}]},{"@type":"ImageObject","inLanguage":"az-AZ","@id":"https:\/\/eu4azerbaijan.eu\/az\/study-visit-within-strengthening-institutional-capacities-of-the-agency-for-quality-assurance-in-education-project\/#primaryimage","url":"https:\/\/eu4azerbaijan.eu\/wp-content\/uploads\/IR1.jpg","contentUrl":"https:\/\/eu4azerbaijan.eu\/wp-content\/uploads\/IR1.jpg","width":1600,"height":1200},{"@type":"BreadcrumbList","@id":"https:\/\/eu4azerbaijan.eu\/az\/study-visit-within-strengthening-institutional-capacities-of-the-agency-for-quality-assurance-in-education-project\/#breadcrumb","itemListElement":[{"@type":"ListItem","position":1,"name":"Home","item":"https:\/\/eu4azerbaijan.eu\/az\/"},{"@type":"ListItem","position":2,"name":"\u201cAz\u0259rbaycanda T\u0259hsild\u0259 Keyfiyy\u0259t T\u0259minat\u0131 Agentliyinin institusional potensial\u0131n\u0131n g\u00fccl\u0259ndirilm\u0259si\u201d layih\u0259si \u00e7\u0259r\u00e7iv\u0259sind\u0259 t\u0259cr\u00fcb\u0259 s\u0259f\u0259ri t\u0259\u015fkil edilib"}]},{"@type":"WebSite","@id":"https:\/\/eu4azerbaijan.eu\/az\/#website","url":"https:\/\/eu4azerbaijan.eu\/az\/","name":"EU for Azerbaijan","description":"","potentialAction":[{"@type":"SearchAction","target":{"@type":"EntryPoint","urlTemplate":"https:\/\/eu4azerbaijan.eu\/az\/?s={search_term_string}"},"query-input":{"@type":"PropertyValueSpecification","valueRequired":true,"valueName":"search_term_string"}}],"inLanguage":"az-AZ"},{"@type":"Person","@id":"https:\/\/eu4azerbaijan.eu\/az\/#\/schema\/person\/cf17ddba07387955c481997af06797df","name":"Aydan Topchibasheva","image":{"@type":"ImageObject","inLanguage":"az-AZ","@id":"https:\/\/eu4azerbaijan.eu\/az\/#\/schema\/person\/image\/","url":"https:\/\/secure.gravatar.com\/avatar\/657ac54b68aced49adde2a29a43651c77d8555f376d5ee5dd68172194a09f856?s=96&d=mm&r=g","contentUrl":"https:\/\/secure.gravatar.com\/avatar\/657ac54b68aced49adde2a29a43651c77d8555f376d5ee5dd68172194a09f856?s=96&d=mm&r=g","caption":"Aydan Topchibasheva"},"url":"https:\/\/eu4azerbaijan.eu\/az\/author\/aydan\/"}]}},"_links":{"self":[{"href":"https:\/\/eu4azerbaijan.eu\/az\/wp-json\/wp\/v2\/posts\/64599","targetHints":{"allow":["GET"]}}],"collection":[{"href":"https:\/\/eu4azerbaijan.eu\/az\/wp-json\/wp\/v2\/posts"}],"about":[{"href":"https:\/\/eu4azerbaijan.eu\/az\/wp-json\/wp\/v2\/types\/post"}],"author":[{"embeddable":true,"href":"https:\/\/eu4azerbaijan.eu\/az\/wp-json\/wp\/v2\/users\/19"}],"replies":[{"embeddable":true,"href":"https:\/\/eu4azerbaijan.eu\/az\/wp-json\/wp\/v2\/comments?post=64599"}],"version-history":[{"count":2,"href":"https:\/\/eu4azerbaijan.eu\/az\/wp-json\/wp\/v2\/posts\/64599\/revisions"}],"predecessor-version":[{"id":64601,"href":"https:\/\/eu4azerbaijan.eu\/az\/wp-json\/wp\/v2\/posts\/64599\/revisions\/64601"}],"wp:featuredmedia":[{"embeddable":true,"href":"https:\/\/eu4azerbaijan.eu\/az\/wp-json\/wp\/v2\/media\/64589"}],"wp:attachment":[{"href":"https:\/\/eu4azerbaijan.eu\/az\/wp-json\/wp\/v2\/media?parent=64599"}],"wp:term":[{"taxonomy":"category","embeddable":true,"href":"https:\/\/eu4azerbaijan.eu\/az\/wp-json\/wp\/v2\/categories?post=64599"},{"taxonomy":"post_tag","embeddable":true,"href":"https:\/\/eu4azerbaijan.eu\/az\/wp-json\/wp\/v2\/tags?post=64599"},{"taxonomy":"topic","embeddable":true,"href":"https:\/\/eu4azerbaijan.eu\/az\/wp-json\/wp\/v2\/topic?post=64599"}],"curies":[{"name":"wp","href":"https:\/\/api.w.org\/{rel}","templated":true}]}}