{"id":64558,"date":"2023-10-30T10:01:21","date_gmt":"2023-10-30T10:01:21","guid":{"rendered":"https:\/\/eu4azerbaijan.eu\/it4society-join-us-at-the-2024-eap-civic-tech-hackathon-in-moldova\/"},"modified":"2023-10-30T10:03:53","modified_gmt":"2023-10-30T10:03:53","slug":"it4society-join-us-at-the-2024-eap-civic-tech-hackathon-in-moldova","status":"publish","type":"post","link":"https:\/\/eu4azerbaijan.eu\/az\/it4society-join-us-at-the-2024-eap-civic-tech-hackathon-in-moldova\/","title":{"rendered":"2024-c\u00fc il \u015eT V\u0259t\u0259nda\u015f C\u0259miyy\u0259ti Hakatonu \u00fc\u00e7\u00fcn qeydiyyat ba\u015flad\u0131"},"content":{"rendered":"\n<p>Texnologiya sah\u0259si il\u0259 maraqlanan \u015f\u0259xsl\u0259r \u015e\u0259rq T\u0259r\u0259fda\u015fl\u0131\u011f\u0131 V\u0259t\u0259nda\u015f C\u0259miyy\u0259ti Proqram\u0131 t\u0259r\u0259find\u0259n 26-28 yanvar 2024-c\u00fc il tarixind\u0259 Moldovan\u0131n paytaxt\u0131 Ki\u015finyovda t\u0259\u015fkil olunacaq \u00fc\u00e7\u00fcnc\u00fc V\u0259t\u0259nda\u015f c\u0259miyy\u0259ti texnoloji hakatonu \u00fc\u00e7\u00fcn qeydiyyatdan ke\u00e7m\u0259y\u0259 d\u0259v\u0259t edilirl\u0259r. Bu hakaton Az\u0259rbaycan, Belarus, Erm\u0259nistan, G\u00fcrc\u00fcstan, Moldova v\u0259 Ukraynadan 50 v\u0259t\u0259nda\u015f c\u0259miyy\u0259ti f\u0259al\u0131, t\u0259rtibat\u00e7\u0131 v\u0259 dizaynerin i\u015ftirak\u0131 \u00fc\u00e7\u00fcn n\u0259z\u0259rd\u0259 tutulub.<\/p>\n\n\n\n<p>\u0130ki d\u0259f\u0259 onlayn formatda t\u0259\u015fkil olunan bu hakaton art\u0131q bu d\u0259f\u0259 canl\u0131 olaraq ke\u00e7iril\u0259c\u0259k v\u0259 i\u015ftirak\u00e7\u0131lar \u00f6z h\u0259mkarlar\u0131 il\u0259 \u00fcz-\u00fcz\u0259 g\u00f6r\u00fc\u015f\u0259r\u0259k ideyalar\u0131n\u0131 b\u00f6l\u00fc\u015f\u0259 bil\u0259c\u0259kl\u0259r.<\/p>\n\n\n\n<p>Onlar \u015e\u0259rq T\u0259r\u0259fda\u015fl\u0131\u011f\u0131 \u00f6lk\u0259l\u0259rind\u0259 v\u0259t\u0259nda\u015flar\u0131n s\u0259lahiyy\u0259tl\u0259ndirilm\u0259sin\u0259 v\u0259 d\u00f6vl\u0259t xidm\u0259tl\u0259rinin t\u0259kmill\u0259\u015fdirilm\u0259sin\u0259 y\u00f6n\u0259lmi\u015f yeni r\u0259q\u0259msal texnoloji h\u0259ll\u0259r \u00fcz\u0259rind\u0259 i\u015fl\u0259y\u0259c\u0259kl\u0259r. Bu h\u0259ll\u0259r elektron i\u015ftirak, elektron \u015f\u0259ffafl\u0131q, a\u00e7\u0131q m\u0259lumatlar, v\u0259t\u0259nda\u015f s\u0259f\u0259rb\u0259rliyi, v\u0259t\u0259nda\u015fdan v\u0259t\u0259nda\u015fa xidm\u0259tl\u0259r, v\u0259t\u0259nda\u015f c\u0259miyy\u0259ti sah\u0259sind\u0259 \u015f\u0259ffafl\u0131q v\u0259 hesabatl\u0131l\u0131q v\u0259 dig\u0259r sah\u0259l\u0259ri \u0259hat\u0259 edir.<\/p>\n\n\n\n<p>\u0130deya il\u0259 m\u00fcraci\u0259t ed\u0259n 25 f\u0259al, yaxud f\u0259rdi \u015f\u0259xs v\u0259 ya \u00fc\u00e7 i\u015ftirak\u00e7\u0131dan ibar\u0259t qruplar 1-16 dekabr 2023-c\u00fc il tarixind\u0259 ke\u00e7iril\u0259c\u0259k Texnoloji ideyatona d\u0259v\u0259t olunacaqlar v\u0259 onlar aras\u0131ndan 15 i\u015ftirak\u00e7\u0131 hakatonda i\u015ftirak etm\u0259k haqq\u0131 qazanacaq.<\/p>\n\n\n\n<p>Hakatonda se\u00e7ilmi\u015f \u0259n yax\u015f\u0131 ideyalar \u015eT V\u0259t\u0259nda\u015f C\u0259miyy\u0259ti Texnoloji M\u00fckafat\u0131 almaq \u015fans\u0131 qazanacaq. 10 000-12 000 avro d\u0259y\u0259rind\u0259 olan bu m\u00fckafat qalibl\u0259r\u0259 \u00f6z ideyalar\u0131n\u0131 daha da inki\u015faf etdirm\u0259y\u0259 v\u0259 texnoloji h\u0259ll\u0259rini h\u0259yata ke\u00e7irm\u0259y\u0259 imkan ver\u0259c\u0259k.<\/p>\n\n\n\n<h3 class=\"wp-block-heading\">Qeydiyyat \u00fc\u00e7\u00fcn\u00a0<a href=\"https:\/\/ict.eapcivilsociety.eu\/en\/register-form\" target=\"_blank\" rel=\"noreferrer noopener\">buraya<\/a>\u00a0toxunun.<\/h3>\n\n\n\n<p>Texnoloji h\u0259ll\u0259r \u00fcz\u0259rind\u0259 i\u015fl\u0259y\u0259c\u0259k&nbsp;<strong>f\u0259rdi \u015f\u0259xsl\u0259r v\u0259 ya komandalar<\/strong>&nbsp;\u00fc\u00e7\u00fcn&nbsp;<strong>son m\u00fcraci\u0259t tarixi<\/strong>&nbsp;<strong>13 noyabrd\u0131r<\/strong>. Komandalara d\u0259st\u0259k olmaq ist\u0259y\u0259n&nbsp;<strong>t\u0259rtibat\u00e7\u0131lar v\u0259 veb v\u0259 ya qrafik dizaynerl\u0259r<\/strong>&nbsp;\u00fc\u00e7\u00fcn&nbsp;<strong>son m\u00fcraci\u0259t tarixi<\/strong>&nbsp;<strong>18 dekabrd\u0131r<\/strong>.<\/p>\n\n\n\n<p>Hakaton v\u0259 m\u00fcraci\u0259t prosesi haqq\u0131nda daha \u0259trafl\u0131 m\u0259lumat verm\u0259k m\u0259qs\u0259dil\u0259 t\u0259\u015fkilat\u00e7\u0131lar oktyabr\u0131n 31-i saat 13:00-da (M\u0259rk\u0259zi Avropa vaxt\u0131 il\u0259)&nbsp;<a href=\"https:\/\/us06web.zoom.us\/webinar\/register\/WN_Y_OS7xQkS9KwHow83oE4Ww\" rel=\"noreferrer noopener\" target=\"_blank\">m\u0259lumatland\u0131rma xarakteri da\u015f\u0131yan vebinar<\/a>&nbsp;t\u0259\u015fkil ed\u0259c\u0259kl\u0259r.<\/p>\n\n\n\n<p>\u018friz\u0259 il\u0259 m\u00fcraci\u0259t ed\u0259nl\u0259r \u00fc\u00e7\u00fcn t\u0259limatlar da&nbsp;<a href=\"https:\/\/ict.eapcivilsociety.eu\/storage\/files\/2024%20Hackathon%20Guidelines.pdf\" rel=\"noreferrer noopener\" target=\"_blank\">m\u00f6vcuddur<\/a>.<\/p>\n\n\n\n<p><strong>Daha \u00e7ox \u00f6yr\u0259n<\/strong>:<\/p>\n\n\n\n<p><a href=\"https:\/\/eapcivilsociety.eu\/news\/hackathons-news\/2024-eap-civic-tech-hackathon.html\" rel=\"noreferrer noopener\" target=\"_blank\">M\u0259tbuat \u00fc\u00e7\u00fcn a\u00e7\u0131qlama<\/a>&nbsp;<\/p>\n\n\n\n<h3 class=\"wp-block-heading\">BA\u011eLANI\u015e TAR\u0130X\u0130:<\/h3>\n\n\n\n<p>Dekabr 18, 2023<\/p>\n\n\n\n<p><a href=\"https:\/\/ict.eapcivilsociety.eu\/en\/register-form\" target=\"_blank\" rel=\"noreferrer noopener\"><\/a><\/p>\n\n\n\n<h3 class=\"wp-block-heading\"><a href=\"https:\/\/ict.eapcivilsociety.eu\/en\/register-form\" target=\"_blank\" rel=\"noreferrer noopener\">Register&nbsp;HERE!<\/a><\/h3>\n","protected":false},"excerpt":{"rendered":"<p>Texnologiya sah\u0259si il\u0259 maraqlanan \u015f\u0259xsl\u0259r \u015e\u0259rq T\u0259r\u0259fda\u015fl\u0131\u011f\u0131 V\u0259t\u0259nda\u015f C\u0259miyy\u0259ti Proqram\u0131 t\u0259r\u0259find\u0259n 26-28 yanvar 2024-c\u00fc il tarixind\u0259 Moldovan\u0131n paytaxt\u0131 Ki\u015finyovda t\u0259\u015fkil olunacaq \u00fc\u00e7\u00fcnc\u00fc V\u0259t\u0259nda\u015f c\u0259miyy\u0259ti texnoloji hakatonu \u00fc\u00e7\u00fcn qeydiyyatdan ke\u00e7m\u0259y\u0259 d\u0259v\u0259t edilirl\u0259r. Bu hakaton Az\u0259rbaycan, Belarus, Erm\u0259nistan, G\u00fcrc\u00fcstan, Moldova v\u0259 Ukraynadan 50 v\u0259t\u0259nda\u015f c\u0259miyy\u0259ti f\u0259al\u0131, t\u0259rtibat\u00e7\u0131 v\u0259 dizaynerin i\u015ftirak\u0131 \u00fc\u00e7\u00fcn n\u0259z\u0259rd\u0259 tutulub. \u0130ki d\u0259f\u0259 onlayn formatda [&hellip;]<\/p>\n","protected":false},"author":19,"featured_media":64556,"comment_status":"closed","ping_status":"closed","sticky":false,"template":"","format":"standard","meta":{"_acf_changed":false,"footnotes":""},"categories":[303,374,284],"tags":[],"topic":[],"class_list":["post-64558","post","type-post","status-publish","format-standard","has-post-thumbnail","hentry","category-opportunities-az","category-whats-happening-az","category-news-az"],"acf":[],"yoast_head":"<!-- This site is optimized with the Yoast SEO plugin v26.4 - https:\/\/yoast.com\/wordpress\/plugins\/seo\/ -->\n<title>2024-c\u00fc il \u015eT V\u0259t\u0259nda\u015f C\u0259miyy\u0259ti Hakatonu \u00fc\u00e7\u00fcn qeydiyyat ba\u015flad\u0131 - EU for Azerbaijan<\/title>\n<meta name=\"robots\" content=\"index, follow, max-snippet:-1, max-image-preview:large, max-video-preview:-1\" \/>\n<link rel=\"canonical\" href=\"https:\/\/eu4azerbaijan.eu\/az\/it4society-join-us-at-the-2024-eap-civic-tech-hackathon-in-moldova\/\" \/>\n<meta property=\"og:locale\" content=\"az_AZ\" \/>\n<meta property=\"og:type\" content=\"article\" \/>\n<meta property=\"og:title\" content=\"2024-c\u00fc il \u015eT V\u0259t\u0259nda\u015f C\u0259miyy\u0259ti Hakatonu \u00fc\u00e7\u00fcn qeydiyyat ba\u015flad\u0131 - EU for Azerbaijan\" \/>\n<meta property=\"og:description\" content=\"Texnologiya sah\u0259si il\u0259 maraqlanan \u015f\u0259xsl\u0259r \u015e\u0259rq T\u0259r\u0259fda\u015fl\u0131\u011f\u0131 V\u0259t\u0259nda\u015f C\u0259miyy\u0259ti Proqram\u0131 t\u0259r\u0259find\u0259n 26-28 yanvar 2024-c\u00fc il tarixind\u0259 Moldovan\u0131n paytaxt\u0131 Ki\u015finyovda t\u0259\u015fkil olunacaq \u00fc\u00e7\u00fcnc\u00fc V\u0259t\u0259nda\u015f c\u0259miyy\u0259ti texnoloji hakatonu \u00fc\u00e7\u00fcn qeydiyyatdan ke\u00e7m\u0259y\u0259 d\u0259v\u0259t edilirl\u0259r. Bu hakaton Az\u0259rbaycan, Belarus, Erm\u0259nistan, G\u00fcrc\u00fcstan, Moldova v\u0259 Ukraynadan 50 v\u0259t\u0259nda\u015f c\u0259miyy\u0259ti f\u0259al\u0131, t\u0259rtibat\u00e7\u0131 v\u0259 dizaynerin i\u015ftirak\u0131 \u00fc\u00e7\u00fcn n\u0259z\u0259rd\u0259 tutulub. \u0130ki d\u0259f\u0259 onlayn formatda [&hellip;]\" \/>\n<meta property=\"og:url\" content=\"https:\/\/eu4azerbaijan.eu\/az\/it4society-join-us-at-the-2024-eap-civic-tech-hackathon-in-moldova\/\" \/>\n<meta property=\"og:site_name\" content=\"EU for Azerbaijan\" \/>\n<meta property=\"article:published_time\" content=\"2023-10-30T10:01:21+00:00\" \/>\n<meta property=\"article:modified_time\" content=\"2023-10-30T10:03:53+00:00\" \/>\n<meta property=\"og:image\" content=\"https:\/\/eu4azerbaijan.eu\/wp-content\/uploads\/OpenCall_Hackathon_2024_1200x630.jpg\" \/>\n\t<meta property=\"og:image:width\" content=\"1200\" \/>\n\t<meta property=\"og:image:height\" content=\"630\" \/>\n\t<meta property=\"og:image:type\" content=\"image\/jpeg\" \/>\n<meta name=\"author\" content=\"Aydan Topchibasheva\" \/>\n<meta name=\"twitter:card\" content=\"summary_large_image\" \/>\n<meta name=\"twitter:label1\" content=\"Written by\" \/>\n\t<meta name=\"twitter:data1\" content=\"Aydan Topchibasheva\" \/>\n\t<meta name=\"twitter:label2\" content=\"Est. reading time\" \/>\n\t<meta name=\"twitter:data2\" content=\"2 minutes\" \/>\n<script type=\"application\/ld+json\" class=\"yoast-schema-graph\">{\"@context\":\"https:\/\/schema.org\",\"@graph\":[{\"@type\":\"WebPage\",\"@id\":\"https:\/\/eu4azerbaijan.eu\/az\/it4society-join-us-at-the-2024-eap-civic-tech-hackathon-in-moldova\/\",\"url\":\"https:\/\/eu4azerbaijan.eu\/az\/it4society-join-us-at-the-2024-eap-civic-tech-hackathon-in-moldova\/\",\"name\":\"2024-c\u00fc il \u015eT V\u0259t\u0259nda\u015f C\u0259miyy\u0259ti Hakatonu \u00fc\u00e7\u00fcn qeydiyyat ba\u015flad\u0131 - EU for Azerbaijan\",\"isPartOf\":{\"@id\":\"https:\/\/eu4azerbaijan.eu\/az\/#website\"},\"primaryImageOfPage\":{\"@id\":\"https:\/\/eu4azerbaijan.eu\/az\/it4society-join-us-at-the-2024-eap-civic-tech-hackathon-in-moldova\/#primaryimage\"},\"image\":{\"@id\":\"https:\/\/eu4azerbaijan.eu\/az\/it4society-join-us-at-the-2024-eap-civic-tech-hackathon-in-moldova\/#primaryimage\"},\"thumbnailUrl\":\"https:\/\/eu4azerbaijan.eu\/wp-content\/uploads\/OpenCall_Hackathon_2024_1200x630.jpg\",\"datePublished\":\"2023-10-30T10:01:21+00:00\",\"dateModified\":\"2023-10-30T10:03:53+00:00\",\"author\":{\"@id\":\"https:\/\/eu4azerbaijan.eu\/az\/#\/schema\/person\/cf17ddba07387955c481997af06797df\"},\"breadcrumb\":{\"@id\":\"https:\/\/eu4azerbaijan.eu\/az\/it4society-join-us-at-the-2024-eap-civic-tech-hackathon-in-moldova\/#breadcrumb\"},\"inLanguage\":\"az-AZ\",\"potentialAction\":[{\"@type\":\"ReadAction\",\"target\":[\"https:\/\/eu4azerbaijan.eu\/az\/it4society-join-us-at-the-2024-eap-civic-tech-hackathon-in-moldova\/\"]}]},{\"@type\":\"ImageObject\",\"inLanguage\":\"az-AZ\",\"@id\":\"https:\/\/eu4azerbaijan.eu\/az\/it4society-join-us-at-the-2024-eap-civic-tech-hackathon-in-moldova\/#primaryimage\",\"url\":\"https:\/\/eu4azerbaijan.eu\/wp-content\/uploads\/OpenCall_Hackathon_2024_1200x630.jpg\",\"contentUrl\":\"https:\/\/eu4azerbaijan.eu\/wp-content\/uploads\/OpenCall_Hackathon_2024_1200x630.jpg\",\"width\":1200,\"height\":630},{\"@type\":\"BreadcrumbList\",\"@id\":\"https:\/\/eu4azerbaijan.eu\/az\/it4society-join-us-at-the-2024-eap-civic-tech-hackathon-in-moldova\/#breadcrumb\",\"itemListElement\":[{\"@type\":\"ListItem\",\"position\":1,\"name\":\"Home\",\"item\":\"https:\/\/eu4azerbaijan.eu\/az\/\"},{\"@type\":\"ListItem\",\"position\":2,\"name\":\"2024-c\u00fc il \u015eT V\u0259t\u0259nda\u015f C\u0259miyy\u0259ti Hakatonu \u00fc\u00e7\u00fcn qeydiyyat ba\u015flad\u0131\"}]},{\"@type\":\"WebSite\",\"@id\":\"https:\/\/eu4azerbaijan.eu\/az\/#website\",\"url\":\"https:\/\/eu4azerbaijan.eu\/az\/\",\"name\":\"EU for Azerbaijan\",\"description\":\"\",\"potentialAction\":[{\"@type\":\"SearchAction\",\"target\":{\"@type\":\"EntryPoint\",\"urlTemplate\":\"https:\/\/eu4azerbaijan.eu\/az\/?s={search_term_string}\"},\"query-input\":{\"@type\":\"PropertyValueSpecification\",\"valueRequired\":true,\"valueName\":\"search_term_string\"}}],\"inLanguage\":\"az-AZ\"},{\"@type\":\"Person\",\"@id\":\"https:\/\/eu4azerbaijan.eu\/az\/#\/schema\/person\/cf17ddba07387955c481997af06797df\",\"name\":\"Aydan Topchibasheva\",\"image\":{\"@type\":\"ImageObject\",\"inLanguage\":\"az-AZ\",\"@id\":\"https:\/\/eu4azerbaijan.eu\/az\/#\/schema\/person\/image\/\",\"url\":\"https:\/\/secure.gravatar.com\/avatar\/657ac54b68aced49adde2a29a43651c77d8555f376d5ee5dd68172194a09f856?s=96&d=mm&r=g\",\"contentUrl\":\"https:\/\/secure.gravatar.com\/avatar\/657ac54b68aced49adde2a29a43651c77d8555f376d5ee5dd68172194a09f856?s=96&d=mm&r=g\",\"caption\":\"Aydan Topchibasheva\"},\"url\":\"https:\/\/eu4azerbaijan.eu\/az\/author\/aydan\/\"}]}<\/script>\n<!-- \/ Yoast SEO plugin. -->","yoast_head_json":{"title":"2024-c\u00fc il \u015eT V\u0259t\u0259nda\u015f C\u0259miyy\u0259ti Hakatonu \u00fc\u00e7\u00fcn qeydiyyat ba\u015flad\u0131 - EU for Azerbaijan","robots":{"index":"index","follow":"follow","max-snippet":"max-snippet:-1","max-image-preview":"max-image-preview:large","max-video-preview":"max-video-preview:-1"},"canonical":"https:\/\/eu4azerbaijan.eu\/az\/it4society-join-us-at-the-2024-eap-civic-tech-hackathon-in-moldova\/","og_locale":"az_AZ","og_type":"article","og_title":"2024-c\u00fc il \u015eT V\u0259t\u0259nda\u015f C\u0259miyy\u0259ti Hakatonu \u00fc\u00e7\u00fcn qeydiyyat ba\u015flad\u0131 - EU for Azerbaijan","og_description":"Texnologiya sah\u0259si il\u0259 maraqlanan \u015f\u0259xsl\u0259r \u015e\u0259rq T\u0259r\u0259fda\u015fl\u0131\u011f\u0131 V\u0259t\u0259nda\u015f C\u0259miyy\u0259ti Proqram\u0131 t\u0259r\u0259find\u0259n 26-28 yanvar 2024-c\u00fc il tarixind\u0259 Moldovan\u0131n paytaxt\u0131 Ki\u015finyovda t\u0259\u015fkil olunacaq \u00fc\u00e7\u00fcnc\u00fc V\u0259t\u0259nda\u015f c\u0259miyy\u0259ti texnoloji hakatonu \u00fc\u00e7\u00fcn qeydiyyatdan ke\u00e7m\u0259y\u0259 d\u0259v\u0259t edilirl\u0259r. Bu hakaton Az\u0259rbaycan, Belarus, Erm\u0259nistan, G\u00fcrc\u00fcstan, Moldova v\u0259 Ukraynadan 50 v\u0259t\u0259nda\u015f c\u0259miyy\u0259ti f\u0259al\u0131, t\u0259rtibat\u00e7\u0131 v\u0259 dizaynerin i\u015ftirak\u0131 \u00fc\u00e7\u00fcn n\u0259z\u0259rd\u0259 tutulub. \u0130ki d\u0259f\u0259 onlayn formatda [&hellip;]","og_url":"https:\/\/eu4azerbaijan.eu\/az\/it4society-join-us-at-the-2024-eap-civic-tech-hackathon-in-moldova\/","og_site_name":"EU for Azerbaijan","article_published_time":"2023-10-30T10:01:21+00:00","article_modified_time":"2023-10-30T10:03:53+00:00","og_image":[{"width":1200,"height":630,"url":"https:\/\/eu4azerbaijan.eu\/wp-content\/uploads\/OpenCall_Hackathon_2024_1200x630.jpg","type":"image\/jpeg"}],"author":"Aydan Topchibasheva","twitter_card":"summary_large_image","twitter_misc":{"Written by":"Aydan Topchibasheva","Est. reading time":"2 minutes"},"schema":{"@context":"https:\/\/schema.org","@graph":[{"@type":"WebPage","@id":"https:\/\/eu4azerbaijan.eu\/az\/it4society-join-us-at-the-2024-eap-civic-tech-hackathon-in-moldova\/","url":"https:\/\/eu4azerbaijan.eu\/az\/it4society-join-us-at-the-2024-eap-civic-tech-hackathon-in-moldova\/","name":"2024-c\u00fc il \u015eT V\u0259t\u0259nda\u015f C\u0259miyy\u0259ti Hakatonu \u00fc\u00e7\u00fcn qeydiyyat ba\u015flad\u0131 - EU for Azerbaijan","isPartOf":{"@id":"https:\/\/eu4azerbaijan.eu\/az\/#website"},"primaryImageOfPage":{"@id":"https:\/\/eu4azerbaijan.eu\/az\/it4society-join-us-at-the-2024-eap-civic-tech-hackathon-in-moldova\/#primaryimage"},"image":{"@id":"https:\/\/eu4azerbaijan.eu\/az\/it4society-join-us-at-the-2024-eap-civic-tech-hackathon-in-moldova\/#primaryimage"},"thumbnailUrl":"https:\/\/eu4azerbaijan.eu\/wp-content\/uploads\/OpenCall_Hackathon_2024_1200x630.jpg","datePublished":"2023-10-30T10:01:21+00:00","dateModified":"2023-10-30T10:03:53+00:00","author":{"@id":"https:\/\/eu4azerbaijan.eu\/az\/#\/schema\/person\/cf17ddba07387955c481997af06797df"},"breadcrumb":{"@id":"https:\/\/eu4azerbaijan.eu\/az\/it4society-join-us-at-the-2024-eap-civic-tech-hackathon-in-moldova\/#breadcrumb"},"inLanguage":"az-AZ","potentialAction":[{"@type":"ReadAction","target":["https:\/\/eu4azerbaijan.eu\/az\/it4society-join-us-at-the-2024-eap-civic-tech-hackathon-in-moldova\/"]}]},{"@type":"ImageObject","inLanguage":"az-AZ","@id":"https:\/\/eu4azerbaijan.eu\/az\/it4society-join-us-at-the-2024-eap-civic-tech-hackathon-in-moldova\/#primaryimage","url":"https:\/\/eu4azerbaijan.eu\/wp-content\/uploads\/OpenCall_Hackathon_2024_1200x630.jpg","contentUrl":"https:\/\/eu4azerbaijan.eu\/wp-content\/uploads\/OpenCall_Hackathon_2024_1200x630.jpg","width":1200,"height":630},{"@type":"BreadcrumbList","@id":"https:\/\/eu4azerbaijan.eu\/az\/it4society-join-us-at-the-2024-eap-civic-tech-hackathon-in-moldova\/#breadcrumb","itemListElement":[{"@type":"ListItem","position":1,"name":"Home","item":"https:\/\/eu4azerbaijan.eu\/az\/"},{"@type":"ListItem","position":2,"name":"2024-c\u00fc il \u015eT V\u0259t\u0259nda\u015f C\u0259miyy\u0259ti Hakatonu \u00fc\u00e7\u00fcn qeydiyyat ba\u015flad\u0131"}]},{"@type":"WebSite","@id":"https:\/\/eu4azerbaijan.eu\/az\/#website","url":"https:\/\/eu4azerbaijan.eu\/az\/","name":"EU for Azerbaijan","description":"","potentialAction":[{"@type":"SearchAction","target":{"@type":"EntryPoint","urlTemplate":"https:\/\/eu4azerbaijan.eu\/az\/?s={search_term_string}"},"query-input":{"@type":"PropertyValueSpecification","valueRequired":true,"valueName":"search_term_string"}}],"inLanguage":"az-AZ"},{"@type":"Person","@id":"https:\/\/eu4azerbaijan.eu\/az\/#\/schema\/person\/cf17ddba07387955c481997af06797df","name":"Aydan Topchibasheva","image":{"@type":"ImageObject","inLanguage":"az-AZ","@id":"https:\/\/eu4azerbaijan.eu\/az\/#\/schema\/person\/image\/","url":"https:\/\/secure.gravatar.com\/avatar\/657ac54b68aced49adde2a29a43651c77d8555f376d5ee5dd68172194a09f856?s=96&d=mm&r=g","contentUrl":"https:\/\/secure.gravatar.com\/avatar\/657ac54b68aced49adde2a29a43651c77d8555f376d5ee5dd68172194a09f856?s=96&d=mm&r=g","caption":"Aydan Topchibasheva"},"url":"https:\/\/eu4azerbaijan.eu\/az\/author\/aydan\/"}]}},"_links":{"self":[{"href":"https:\/\/eu4azerbaijan.eu\/az\/wp-json\/wp\/v2\/posts\/64558","targetHints":{"allow":["GET"]}}],"collection":[{"href":"https:\/\/eu4azerbaijan.eu\/az\/wp-json\/wp\/v2\/posts"}],"about":[{"href":"https:\/\/eu4azerbaijan.eu\/az\/wp-json\/wp\/v2\/types\/post"}],"author":[{"embeddable":true,"href":"https:\/\/eu4azerbaijan.eu\/az\/wp-json\/wp\/v2\/users\/19"}],"replies":[{"embeddable":true,"href":"https:\/\/eu4azerbaijan.eu\/az\/wp-json\/wp\/v2\/comments?post=64558"}],"version-history":[{"count":2,"href":"https:\/\/eu4azerbaijan.eu\/az\/wp-json\/wp\/v2\/posts\/64558\/revisions"}],"predecessor-version":[{"id":64561,"href":"https:\/\/eu4azerbaijan.eu\/az\/wp-json\/wp\/v2\/posts\/64558\/revisions\/64561"}],"wp:featuredmedia":[{"embeddable":true,"href":"https:\/\/eu4azerbaijan.eu\/az\/wp-json\/wp\/v2\/media\/64556"}],"wp:attachment":[{"href":"https:\/\/eu4azerbaijan.eu\/az\/wp-json\/wp\/v2\/media?parent=64558"}],"wp:term":[{"taxonomy":"category","embeddable":true,"href":"https:\/\/eu4azerbaijan.eu\/az\/wp-json\/wp\/v2\/categories?post=64558"},{"taxonomy":"post_tag","embeddable":true,"href":"https:\/\/eu4azerbaijan.eu\/az\/wp-json\/wp\/v2\/tags?post=64558"},{"taxonomy":"topic","embeddable":true,"href":"https:\/\/eu4azerbaijan.eu\/az\/wp-json\/wp\/v2\/topic?post=64558"}],"curies":[{"name":"wp","href":"https:\/\/api.w.org\/{rel}","templated":true}]}}