{"id":64404,"date":"2023-10-24T07:17:05","date_gmt":"2023-10-24T07:17:05","guid":{"rendered":"https:\/\/eu4azerbaijan.eu\/a-competition-to-be-held-to-support-innovative-ideas-of-vocational-education-institutions\/"},"modified":"2023-10-24T07:19:49","modified_gmt":"2023-10-24T07:19:49","slug":"a-competition-to-be-held-to-support-innovative-ideas-of-vocational-education-institutions","status":"publish","type":"post","link":"https:\/\/eu4azerbaijan.eu\/az\/a-competition-to-be-held-to-support-innovative-ideas-of-vocational-education-institutions\/","title":{"rendered":"Pe\u015f\u0259 t\u0259hsil m\u00fc\u0259ssis\u0259l\u0259rinin innovativ t\u0259\u015f\u0259bb\u00fcsl\u0259rinin d\u0259st\u0259kl\u0259nm\u0259si \u00fc\u00e7\u00fcn m\u00fcsabiq\u0259 elan edilir"},"content":{"rendered":"\n<p>Avropa \u0130ttifaq\u0131 (A\u0130), BMT-nin \u0130nki\u015faf Proqram\u0131 v\u0259 Pe\u015f\u0259 T\u0259hsili \u00fczr\u0259 D\u00f6vl\u0259t Agentliyi (PTDA) pe\u015f\u0259 t\u0259hsil m\u00fc\u0259ssis\u0259l\u0259rinin (PTM) innovativ t\u0259\u015f\u0259bb\u00fcsl\u0259rinin d\u0259st\u0259kl\u0259nm\u0259si m\u0259qs\u0259dil\u0259 m\u00fcsabiq\u0259 elan edir. &nbsp;<\/p>\n\n\n\n<p>M\u00fcsabiq\u0259 \u201cG\u0259l\u0259c\u0259k \u00fc\u00e7\u00fcn pe\u015f\u0259 t\u0259hsili v\u0259 t\u0259limi\u201d layih\u0259si \u00e7\u0259r\u00e7iv\u0259sind\u0259 h\u0259yata ke\u00e7irilir v\u0259 r\u0259qab\u0259tcil maliyy\u0259l\u0259\u015fm\u0259 mexanizminin s\u0131naqdan ke\u00e7irilm\u0259si istiqam\u0259tind\u0259 pe\u015f\u0259 t\u0259hsil m\u00fc\u0259ssis\u0259l\u0259rin\u0259 k\u00f6m\u0259k m\u0259qs\u0259di da\u015f\u0131y\u0131r.<\/p>\n\n\n\n<p>M\u00fcsabiq\u0259d\u0259 i\u015ftirak etm\u0259k ist\u0259y\u0259n pe\u015f\u0259 t\u0259hsil m\u00fc\u0259ssis\u0259l\u0259ri a\u015fa\u011f\u0131da sadalanan prioritet istiqam\u0259tl\u0259r \u00fczr\u0259 layih\u0259 t\u0259klifl\u0259rini t\u0259qdim ed\u0259 bil\u0259rl\u0259r: 1) alternativ enerji, enerji resurslar\u0131ndan s\u0259m\u0259r\u0259li istifad\u0259 v\u0259 enerjid\u0259n istifad\u0259nin effektivliyinin art\u0131r\u0131lmas\u0131; 2) \u0259traf m\u00fchitin m\u00fchafiz\u0259si v\u0259 ekoloji probleml\u0259rin aradan qald\u0131r\u0131lmas\u0131 \u00fczr\u0259 yenilik\u00e7i h\u0259ll\u0259rin yarad\u0131lmas\u0131; 3) qad\u0131nlar\u0131n v\u0259 q\u0131zlar\u0131n, h\u0259m\u00e7inin sa\u011flaml\u0131q imkanlar\u0131 m\u0259hdud \u015f\u0259xsl\u0259rin v\u0259 dig\u0259r h\u0259ssas qruplar\u0131n pe\u015f\u0259 t\u0259hsilin\u0259 c\u0259lb edilm\u0259si; 4) k\u0259nd t\u0259s\u0259rr\u00fcfat\u0131n\u0131n inki\u015faf\u0131na d\u0259st\u0259k istiqam\u0259ti.<\/p>\n\n\n\n<p>Layih\u0259 t\u0259r\u0259find\u0259n m\u00fcsabiq\u0259d\u0259 qalib g\u0259lmi\u015f 10 (on) layih\u0259nin icras\u0131 \u00fc\u00e7\u00fcn t\u0259l\u0259b olunan material v\u0259 avadanl\u0131qlarla d\u0259st\u0259kl\u0259nm\u0259si n\u0259z\u0259rd\u0259 tutulur v\u0259 h\u0259r bir layih\u0259 t\u0259klifinin maksimum b\u00fcdc\u0259 m\u0259bl\u0259\u011fi 15 000 (on be\u015f min) manat t\u0259\u015fkil edir. Qeyd olunmal\u0131d\u0131r ki, m\u00fcsabiq\u0259d\u0259 yaln\u0131z Pe\u015f\u0259 T\u0259hsili \u00fczr\u0259 D\u00f6vl\u0259t Agentliyinin tabeliyind\u0259 olan pe\u015f\u0259 t\u0259hsil m\u00fc\u0259ssis\u0259l\u0259ri i\u015ftirak ed\u0259 bil\u0259r.<\/p>\n\n\n\n<p>Bel\u0259 ki, Pe\u015f\u0259 T\u0259hsili \u00fczr\u0259 D\u00f6vl\u0259t Agentliyinin tabeliyind\u0259 olan b\u00fct\u00fcn pe\u015f\u0259 t\u0259hsil m\u00fc\u0259ssis\u0259l\u0259ri \u00f6nc\u0259d\u0259n sahibkarl\u0131\u011f\u0131n t\u0259\u015fviqi v\u0259 \u0259lav\u0259 g\u0259lir m\u0259nb\u0259l\u0259rinin yarad\u0131lmas\u0131na d\u0259st\u0259k istiqam\u0259tind\u0259 s\u00f6z\u00fcged\u0259n layih\u0259 \u00e7\u0259r\u00e7iv\u0259sind\u0259 t\u0259liml\u0259r\u0259 c\u0259lb edilib.&nbsp;<\/p>\n\n\n\n<p><strong><em>M\u00fcsabiq\u0259y\u0259 t\u0259qdim olunan layih\u0259 t\u0259klifl\u0259ri \u00fc\u00e7\u00fcn t\u0259l\u0259bl\u0259r:<\/em><\/strong><\/p>\n\n\n\n<ol class=\"wp-block-list\">\n<li>Layih\u0259 t\u0259klifi a\u015fa\u011f\u0131dak\u0131 s\u0259n\u0259dl\u0259rd\u0259n ibar\u0259t olmal\u0131d\u0131r:<\/li>\n<\/ol>\n\n\n\n<p>\u2022&nbsp;&nbsp;&nbsp;&nbsp;&nbsp;&nbsp;&nbsp;&nbsp;&nbsp;&nbsp; Layih\u0259 t\u0259klifi formas\u0131;<\/p>\n\n\n\n<p>\u2022\u00a0\u00a0\u00a0\u00a0\u00a0\u00a0\u00a0\u00a0\u00a0\u00a0 Layih\u0259nin b\u00fcdc\u0259si;<\/p>\n\n\n\n<p>2. Layih\u0259y\u0259 r\u0259hb\u0259rlik ed\u0259c\u0259k \u015f\u0259xsin, \u0259m\u0259kda\u015flar\u0131n v\u0259 layih\u0259nin icras\u0131na c\u0259lb edil\u0259c\u0259k \u015f\u0259xsl\u0259rin\u00a0 t\u0259rc\u00fcmeyi-hal\u0131 (CV-l\u0259ri).<\/p>\n\n\n\n<p>3. M\u00fcsabiq\u0259y\u0259 t\u0259qdim edil\u0259c\u0259k layih\u0259 t\u0259klifi \u00fczr\u0259 f\u0259aliyy\u0259t 6 aydan az v\u0259 9 aydan \u00e7ox olmamal\u0131d\u0131r.<\/p>\n\n\n\n<p>4. H\u0259r bir pe\u015f\u0259 t\u0259hsil m\u00fc\u0259ssis\u0259si m\u00fcsabiq\u0259y\u0259 yaln\u0131z bir layih\u0259 t\u0259klifi t\u0259qdim ed\u0259 bil\u0259r.<\/p>\n\n\n\n<p>5. T\u0259qdim edil\u0259n layih\u0259l\u0259r ya \u00f6z\u0259l sektor il\u0259 \u0259m\u0259kda\u015fl\u0131\u011f\u0131 t\u0259\u015fviq etm\u0259li, ya da \u00f6z\u00fcn\u00fc maliyy\u0259l\u0259\u015fm\u0259 mexanizmin\u0259 d\u0259st\u0259k olmal\u0131d\u0131r.<\/p>\n\n\n\n<p>M\u00fcsabiq\u0259y\u0259 t\u0259qdim olunan layih\u0259 t\u0259klifl\u0259rinin qiym\u0259tl\u0259ndirilm\u0259si \u00fc\u00e7\u00fcn meyarlar:<\/p>\n\n\n\n<ol class=\"wp-block-list\">\n<li>Yenilik\u00e7i yana\u015fma v\u0259 innovativlilik (5 bal).<\/li>\n\n\n\n<li> Aktuall\u0131q v\u0259 potensial t\u0259siri (5 bal).<\/li>\n\n\n\n<li>Realla\u015fd\u0131rma potensial\u0131 (c\u0259lb edil\u0259c\u0259k \u0259m\u0259kda\u015flar\u0131n profili v\u0259 b\u00fcdc\u0259) (5 bal).<\/li>\n<\/ol>\n\n\n\n<p>M\u00fcsabiq\u0259 fondunun b\u00fcdc\u0259sin\u0259 m\u00fcvafiq olan v\u0259 qeyd olunan meyarlar \u00fczr\u0259 qiym\u0259tl\u0259ndirm\u0259 n\u0259tic\u0259sind\u0259 \u0259n y\u00fcks\u0259k bal toplam\u0131\u015f layih\u0259l\u0259r\u0259 d\u0259st\u0259k g\u00f6st\u0259rilm\u0259si n\u0259z\u0259rd\u0259 tutulur. \u00d6z\u0259l sektor il\u0259 qar\u015f\u0131l\u0131ql\u0131 \u0259m\u0259kda\u015fl\u0131\u011f\u0131n t\u0259\u015fviqin\u0259 y\u00f6n\u0259l\u0259n layih\u0259l\u0259r\u0259 \u00fcst\u00fcnl\u00fck veril\u0259c\u0259kdir.<\/p>\n\n\n\n<p>M\u00fcsabiq\u0259d\u0259 i\u015ftirak \u00fc\u00e7\u00fcn \u0259laq\u0259dar s\u0259n\u0259dl\u0259ri <strong>20 noyabr 2023-c\u00fc il, saat 18:00 tarixin\u0259<\/strong> q\u0259d\u0259r <a href=\"mailto:layihe.muraciet@vet.edu.az\">layihe.muraciet@vet.edu.az<\/a> elektron po\u00e7t \u00fcnvan\u0131na g\u00f6nd\u0259rilm\u0259si t\u0259l\u0259b olunur.<br><br>Layih\u0259 t\u0259klifinin t\u0259qdim edilm\u0259si il\u0259 ba\u011fl\u0131 suallar\u0131n cavabland\u0131r\u0131lmas\u0131 m\u0259qs\u0259dil\u0259 <strong>27 oktyabr<\/strong> tarixind\u0259 g\u00f6r\u00fc\u015f\u00fcn t\u0259\u015fkili n\u0259z\u0259rd\u0259 tutulmu\u015fdur. G\u00f6r\u00fc\u015fd\u0259 i\u015ftirak etm\u0259k ist\u0259y\u0259n pe\u015f\u0259 t\u0259hsil m\u00fc\u0259ssis\u0259l\u0259ri&nbsp;&nbsp;&nbsp;&nbsp;&nbsp;&nbsp;&nbsp;&nbsp;&nbsp;&nbsp;&nbsp;&nbsp;&nbsp;&nbsp;&nbsp;&nbsp;&nbsp;&nbsp;&nbsp;&nbsp;&nbsp; &nbsp;<strong>25 oktyabr<\/strong> tarixin\u0259 q\u0259d\u0259r <a href=\"mailto:layihe.muraciet@vet.edu.az\">layihe.muraciet@vet.edu.az<\/a> \u00fcnvan\u0131na yazaraq qeydiyyatdan ke\u00e7\u0259 bil\u0259rl\u0259r. Se\u00e7ilmi\u015f qalib layih\u0259l\u0259r m\u00fcsabiq\u0259 bitdikd\u0259n sonra n\u00f6vb\u0259ti 30 g\u00fcn m\u00fcdd\u0259tind\u0259 m\u0259lumatland\u0131r\u0131lacaqd\u0131r.<\/p>\n\n\n\n<p>***<\/p>\n\n\n\n<p>Pe\u015f\u0259 t\u0259hsilind\u0259 alternativ v\u0259 dayan\u0131ql\u0131 maliyy\u0259 resurslar\u0131n\u0131n t\u0259tbiqin\u0259 d\u0259st\u0259k t\u0259\u015f\u0259bb\u00fcs\u00fc, A\u0130 t\u0259r\u0259find\u0259n maliyy\u0259l\u0259\u015fdiril\u0259n v\u0259 BMT\u0130P t\u0259r\u0259find\u0259n Pe\u015f\u0259 T\u0259hsili \u00fczr\u0259 D\u00f6vl\u0259t Agentliyi il\u0259 birg\u0259 h\u0259yata ke\u00e7iril\u0259n \u201cG\u0259l\u0259c\u0259k \u00fc\u00e7\u00fcn Pe\u015f\u0259 T\u0259hsili v\u0259 T\u0259limi: Az\u0259rbaycanda Qabaqc\u0131l Pe\u015f\u0259 T\u0259hsili M\u0259rk\u0259zl\u0259rinin yarad\u0131lmas\u0131na d\u0259st\u0259k\u201d layih\u0259si \u00e7\u0259r\u00e7iv\u0259sind\u0259 t\u0259\u015fkil olunur. Layih\u0259nin \u0259sas m\u0259qs\u0259di \u0259m\u0259k bazar\u0131n\u0131n t\u0259l\u0259bl\u0259rin\u0259 uy\u011fun t\u0259drisin t\u0259\u015fkilin\u0259 d\u0259st\u0259k olmaq v\u0259 bu istiqam\u0259td\u0259 Az\u0259rbaycandak\u0131 pe\u015f\u0259 t\u0259hsil m\u00fc\u0259ssis\u0259l\u0259rinin m\u00fcasirl\u0259\u015fdirilm\u0259sin\u0259 yard\u0131m etm\u0259kdir.<\/p>\n","protected":false},"excerpt":{"rendered":"<p>Avropa \u0130ttifaq\u0131 (A\u0130), BMT-nin \u0130nki\u015faf Proqram\u0131 v\u0259 Pe\u015f\u0259 T\u0259hsili \u00fczr\u0259 D\u00f6vl\u0259t Agentliyi (PTDA) pe\u015f\u0259 t\u0259hsil m\u00fc\u0259ssis\u0259l\u0259rinin (PTM) innovativ t\u0259\u015f\u0259bb\u00fcsl\u0259rinin d\u0259st\u0259kl\u0259nm\u0259si m\u0259qs\u0259dil\u0259 m\u00fcsabiq\u0259 elan edir. &nbsp; M\u00fcsabiq\u0259 \u201cG\u0259l\u0259c\u0259k \u00fc\u00e7\u00fcn pe\u015f\u0259 t\u0259hsili v\u0259 t\u0259limi\u201d layih\u0259si \u00e7\u0259r\u00e7iv\u0259sind\u0259 h\u0259yata ke\u00e7irilir v\u0259 r\u0259qab\u0259tcil maliyy\u0259l\u0259\u015fm\u0259 mexanizminin s\u0131naqdan ke\u00e7irilm\u0259si istiqam\u0259tind\u0259 pe\u015f\u0259 t\u0259hsil m\u00fc\u0259ssis\u0259l\u0259rin\u0259 k\u00f6m\u0259k m\u0259qs\u0259di da\u015f\u0131y\u0131r. M\u00fcsabiq\u0259d\u0259 i\u015ftirak etm\u0259k ist\u0259y\u0259n pe\u015f\u0259 t\u0259hsil [&hellip;]<\/p>\n","protected":false},"author":19,"featured_media":64402,"comment_status":"closed","ping_status":"closed","sticky":false,"template":"","format":"standard","meta":{"_acf_changed":false,"footnotes":""},"categories":[303,374,284],"tags":[],"topic":[],"class_list":["post-64404","post","type-post","status-publish","format-standard","has-post-thumbnail","hentry","category-opportunities-az","category-whats-happening-az","category-news-az"],"acf":[],"yoast_head":"<!-- This site is optimized with the Yoast SEO plugin v26.4 - https:\/\/yoast.com\/wordpress\/plugins\/seo\/ -->\n<title>Pe\u015f\u0259 t\u0259hsil m\u00fc\u0259ssis\u0259l\u0259rinin innovativ t\u0259\u015f\u0259bb\u00fcsl\u0259rinin d\u0259st\u0259kl\u0259nm\u0259si \u00fc\u00e7\u00fcn m\u00fcsabiq\u0259 elan edilir - EU for Azerbaijan<\/title>\n<meta name=\"robots\" content=\"index, follow, max-snippet:-1, max-image-preview:large, max-video-preview:-1\" \/>\n<link rel=\"canonical\" href=\"https:\/\/eu4azerbaijan.eu\/az\/a-competition-to-be-held-to-support-innovative-ideas-of-vocational-education-institutions\/\" \/>\n<meta property=\"og:locale\" content=\"az_AZ\" \/>\n<meta property=\"og:type\" content=\"article\" \/>\n<meta property=\"og:title\" content=\"Pe\u015f\u0259 t\u0259hsil m\u00fc\u0259ssis\u0259l\u0259rinin innovativ t\u0259\u015f\u0259bb\u00fcsl\u0259rinin d\u0259st\u0259kl\u0259nm\u0259si \u00fc\u00e7\u00fcn m\u00fcsabiq\u0259 elan edilir - EU for Azerbaijan\" \/>\n<meta property=\"og:description\" content=\"Avropa \u0130ttifaq\u0131 (A\u0130), BMT-nin \u0130nki\u015faf Proqram\u0131 v\u0259 Pe\u015f\u0259 T\u0259hsili \u00fczr\u0259 D\u00f6vl\u0259t Agentliyi (PTDA) pe\u015f\u0259 t\u0259hsil m\u00fc\u0259ssis\u0259l\u0259rinin (PTM) innovativ t\u0259\u015f\u0259bb\u00fcsl\u0259rinin d\u0259st\u0259kl\u0259nm\u0259si m\u0259qs\u0259dil\u0259 m\u00fcsabiq\u0259 elan edir. &nbsp; M\u00fcsabiq\u0259 \u201cG\u0259l\u0259c\u0259k \u00fc\u00e7\u00fcn pe\u015f\u0259 t\u0259hsili v\u0259 t\u0259limi\u201d layih\u0259si \u00e7\u0259r\u00e7iv\u0259sind\u0259 h\u0259yata ke\u00e7irilir v\u0259 r\u0259qab\u0259tcil maliyy\u0259l\u0259\u015fm\u0259 mexanizminin s\u0131naqdan ke\u00e7irilm\u0259si istiqam\u0259tind\u0259 pe\u015f\u0259 t\u0259hsil m\u00fc\u0259ssis\u0259l\u0259rin\u0259 k\u00f6m\u0259k m\u0259qs\u0259di da\u015f\u0131y\u0131r. M\u00fcsabiq\u0259d\u0259 i\u015ftirak etm\u0259k ist\u0259y\u0259n pe\u015f\u0259 t\u0259hsil [&hellip;]\" \/>\n<meta property=\"og:url\" content=\"https:\/\/eu4azerbaijan.eu\/az\/a-competition-to-be-held-to-support-innovative-ideas-of-vocational-education-institutions\/\" \/>\n<meta property=\"og:site_name\" content=\"EU for Azerbaijan\" \/>\n<meta property=\"article:published_time\" content=\"2023-10-24T07:17:05+00:00\" \/>\n<meta property=\"article:modified_time\" content=\"2023-10-24T07:19:49+00:00\" \/>\n<meta property=\"og:image\" content=\"https:\/\/eu4azerbaijan.eu\/wp-content\/uploads\/Poster-scaled.jpg\" \/>\n\t<meta property=\"og:image:width\" content=\"2560\" \/>\n\t<meta property=\"og:image:height\" content=\"2560\" \/>\n\t<meta property=\"og:image:type\" content=\"image\/jpeg\" \/>\n<meta name=\"author\" content=\"Aydan Topchibasheva\" \/>\n<meta name=\"twitter:card\" content=\"summary_large_image\" \/>\n<meta name=\"twitter:label1\" content=\"Written by\" \/>\n\t<meta name=\"twitter:data1\" content=\"Aydan Topchibasheva\" \/>\n\t<meta name=\"twitter:label2\" content=\"Est. reading time\" \/>\n\t<meta name=\"twitter:data2\" content=\"3 minutes\" \/>\n<script type=\"application\/ld+json\" class=\"yoast-schema-graph\">{\"@context\":\"https:\/\/schema.org\",\"@graph\":[{\"@type\":\"WebPage\",\"@id\":\"https:\/\/eu4azerbaijan.eu\/az\/a-competition-to-be-held-to-support-innovative-ideas-of-vocational-education-institutions\/\",\"url\":\"https:\/\/eu4azerbaijan.eu\/az\/a-competition-to-be-held-to-support-innovative-ideas-of-vocational-education-institutions\/\",\"name\":\"Pe\u015f\u0259 t\u0259hsil m\u00fc\u0259ssis\u0259l\u0259rinin innovativ t\u0259\u015f\u0259bb\u00fcsl\u0259rinin d\u0259st\u0259kl\u0259nm\u0259si \u00fc\u00e7\u00fcn m\u00fcsabiq\u0259 elan edilir - EU for Azerbaijan\",\"isPartOf\":{\"@id\":\"https:\/\/eu4azerbaijan.eu\/az\/#website\"},\"primaryImageOfPage\":{\"@id\":\"https:\/\/eu4azerbaijan.eu\/az\/a-competition-to-be-held-to-support-innovative-ideas-of-vocational-education-institutions\/#primaryimage\"},\"image\":{\"@id\":\"https:\/\/eu4azerbaijan.eu\/az\/a-competition-to-be-held-to-support-innovative-ideas-of-vocational-education-institutions\/#primaryimage\"},\"thumbnailUrl\":\"https:\/\/eu4azerbaijan.eu\/wp-content\/uploads\/Poster-scaled.jpg\",\"datePublished\":\"2023-10-24T07:17:05+00:00\",\"dateModified\":\"2023-10-24T07:19:49+00:00\",\"author\":{\"@id\":\"https:\/\/eu4azerbaijan.eu\/az\/#\/schema\/person\/cf17ddba07387955c481997af06797df\"},\"breadcrumb\":{\"@id\":\"https:\/\/eu4azerbaijan.eu\/az\/a-competition-to-be-held-to-support-innovative-ideas-of-vocational-education-institutions\/#breadcrumb\"},\"inLanguage\":\"az-AZ\",\"potentialAction\":[{\"@type\":\"ReadAction\",\"target\":[\"https:\/\/eu4azerbaijan.eu\/az\/a-competition-to-be-held-to-support-innovative-ideas-of-vocational-education-institutions\/\"]}]},{\"@type\":\"ImageObject\",\"inLanguage\":\"az-AZ\",\"@id\":\"https:\/\/eu4azerbaijan.eu\/az\/a-competition-to-be-held-to-support-innovative-ideas-of-vocational-education-institutions\/#primaryimage\",\"url\":\"https:\/\/eu4azerbaijan.eu\/wp-content\/uploads\/Poster-scaled.jpg\",\"contentUrl\":\"https:\/\/eu4azerbaijan.eu\/wp-content\/uploads\/Poster-scaled.jpg\",\"width\":2560,\"height\":2560},{\"@type\":\"BreadcrumbList\",\"@id\":\"https:\/\/eu4azerbaijan.eu\/az\/a-competition-to-be-held-to-support-innovative-ideas-of-vocational-education-institutions\/#breadcrumb\",\"itemListElement\":[{\"@type\":\"ListItem\",\"position\":1,\"name\":\"Home\",\"item\":\"https:\/\/eu4azerbaijan.eu\/az\/\"},{\"@type\":\"ListItem\",\"position\":2,\"name\":\"Pe\u015f\u0259 t\u0259hsil m\u00fc\u0259ssis\u0259l\u0259rinin innovativ t\u0259\u015f\u0259bb\u00fcsl\u0259rinin d\u0259st\u0259kl\u0259nm\u0259si \u00fc\u00e7\u00fcn m\u00fcsabiq\u0259 elan edilir\"}]},{\"@type\":\"WebSite\",\"@id\":\"https:\/\/eu4azerbaijan.eu\/az\/#website\",\"url\":\"https:\/\/eu4azerbaijan.eu\/az\/\",\"name\":\"EU for Azerbaijan\",\"description\":\"\",\"potentialAction\":[{\"@type\":\"SearchAction\",\"target\":{\"@type\":\"EntryPoint\",\"urlTemplate\":\"https:\/\/eu4azerbaijan.eu\/az\/?s={search_term_string}\"},\"query-input\":{\"@type\":\"PropertyValueSpecification\",\"valueRequired\":true,\"valueName\":\"search_term_string\"}}],\"inLanguage\":\"az-AZ\"},{\"@type\":\"Person\",\"@id\":\"https:\/\/eu4azerbaijan.eu\/az\/#\/schema\/person\/cf17ddba07387955c481997af06797df\",\"name\":\"Aydan Topchibasheva\",\"image\":{\"@type\":\"ImageObject\",\"inLanguage\":\"az-AZ\",\"@id\":\"https:\/\/eu4azerbaijan.eu\/az\/#\/schema\/person\/image\/\",\"url\":\"https:\/\/secure.gravatar.com\/avatar\/657ac54b68aced49adde2a29a43651c77d8555f376d5ee5dd68172194a09f856?s=96&d=mm&r=g\",\"contentUrl\":\"https:\/\/secure.gravatar.com\/avatar\/657ac54b68aced49adde2a29a43651c77d8555f376d5ee5dd68172194a09f856?s=96&d=mm&r=g\",\"caption\":\"Aydan Topchibasheva\"},\"url\":\"https:\/\/eu4azerbaijan.eu\/az\/author\/aydan\/\"}]}<\/script>\n<!-- \/ Yoast SEO plugin. -->","yoast_head_json":{"title":"Pe\u015f\u0259 t\u0259hsil m\u00fc\u0259ssis\u0259l\u0259rinin innovativ t\u0259\u015f\u0259bb\u00fcsl\u0259rinin d\u0259st\u0259kl\u0259nm\u0259si \u00fc\u00e7\u00fcn m\u00fcsabiq\u0259 elan edilir - EU for Azerbaijan","robots":{"index":"index","follow":"follow","max-snippet":"max-snippet:-1","max-image-preview":"max-image-preview:large","max-video-preview":"max-video-preview:-1"},"canonical":"https:\/\/eu4azerbaijan.eu\/az\/a-competition-to-be-held-to-support-innovative-ideas-of-vocational-education-institutions\/","og_locale":"az_AZ","og_type":"article","og_title":"Pe\u015f\u0259 t\u0259hsil m\u00fc\u0259ssis\u0259l\u0259rinin innovativ t\u0259\u015f\u0259bb\u00fcsl\u0259rinin d\u0259st\u0259kl\u0259nm\u0259si \u00fc\u00e7\u00fcn m\u00fcsabiq\u0259 elan edilir - EU for Azerbaijan","og_description":"Avropa \u0130ttifaq\u0131 (A\u0130), BMT-nin \u0130nki\u015faf Proqram\u0131 v\u0259 Pe\u015f\u0259 T\u0259hsili \u00fczr\u0259 D\u00f6vl\u0259t Agentliyi (PTDA) pe\u015f\u0259 t\u0259hsil m\u00fc\u0259ssis\u0259l\u0259rinin (PTM) innovativ t\u0259\u015f\u0259bb\u00fcsl\u0259rinin d\u0259st\u0259kl\u0259nm\u0259si m\u0259qs\u0259dil\u0259 m\u00fcsabiq\u0259 elan edir. &nbsp; M\u00fcsabiq\u0259 \u201cG\u0259l\u0259c\u0259k \u00fc\u00e7\u00fcn pe\u015f\u0259 t\u0259hsili v\u0259 t\u0259limi\u201d layih\u0259si \u00e7\u0259r\u00e7iv\u0259sind\u0259 h\u0259yata ke\u00e7irilir v\u0259 r\u0259qab\u0259tcil maliyy\u0259l\u0259\u015fm\u0259 mexanizminin s\u0131naqdan ke\u00e7irilm\u0259si istiqam\u0259tind\u0259 pe\u015f\u0259 t\u0259hsil m\u00fc\u0259ssis\u0259l\u0259rin\u0259 k\u00f6m\u0259k m\u0259qs\u0259di da\u015f\u0131y\u0131r. M\u00fcsabiq\u0259d\u0259 i\u015ftirak etm\u0259k ist\u0259y\u0259n pe\u015f\u0259 t\u0259hsil [&hellip;]","og_url":"https:\/\/eu4azerbaijan.eu\/az\/a-competition-to-be-held-to-support-innovative-ideas-of-vocational-education-institutions\/","og_site_name":"EU for Azerbaijan","article_published_time":"2023-10-24T07:17:05+00:00","article_modified_time":"2023-10-24T07:19:49+00:00","og_image":[{"width":2560,"height":2560,"url":"https:\/\/eu4azerbaijan.eu\/wp-content\/uploads\/Poster-scaled.jpg","type":"image\/jpeg"}],"author":"Aydan Topchibasheva","twitter_card":"summary_large_image","twitter_misc":{"Written by":"Aydan Topchibasheva","Est. reading time":"3 minutes"},"schema":{"@context":"https:\/\/schema.org","@graph":[{"@type":"WebPage","@id":"https:\/\/eu4azerbaijan.eu\/az\/a-competition-to-be-held-to-support-innovative-ideas-of-vocational-education-institutions\/","url":"https:\/\/eu4azerbaijan.eu\/az\/a-competition-to-be-held-to-support-innovative-ideas-of-vocational-education-institutions\/","name":"Pe\u015f\u0259 t\u0259hsil m\u00fc\u0259ssis\u0259l\u0259rinin innovativ t\u0259\u015f\u0259bb\u00fcsl\u0259rinin d\u0259st\u0259kl\u0259nm\u0259si \u00fc\u00e7\u00fcn m\u00fcsabiq\u0259 elan edilir - EU for Azerbaijan","isPartOf":{"@id":"https:\/\/eu4azerbaijan.eu\/az\/#website"},"primaryImageOfPage":{"@id":"https:\/\/eu4azerbaijan.eu\/az\/a-competition-to-be-held-to-support-innovative-ideas-of-vocational-education-institutions\/#primaryimage"},"image":{"@id":"https:\/\/eu4azerbaijan.eu\/az\/a-competition-to-be-held-to-support-innovative-ideas-of-vocational-education-institutions\/#primaryimage"},"thumbnailUrl":"https:\/\/eu4azerbaijan.eu\/wp-content\/uploads\/Poster-scaled.jpg","datePublished":"2023-10-24T07:17:05+00:00","dateModified":"2023-10-24T07:19:49+00:00","author":{"@id":"https:\/\/eu4azerbaijan.eu\/az\/#\/schema\/person\/cf17ddba07387955c481997af06797df"},"breadcrumb":{"@id":"https:\/\/eu4azerbaijan.eu\/az\/a-competition-to-be-held-to-support-innovative-ideas-of-vocational-education-institutions\/#breadcrumb"},"inLanguage":"az-AZ","potentialAction":[{"@type":"ReadAction","target":["https:\/\/eu4azerbaijan.eu\/az\/a-competition-to-be-held-to-support-innovative-ideas-of-vocational-education-institutions\/"]}]},{"@type":"ImageObject","inLanguage":"az-AZ","@id":"https:\/\/eu4azerbaijan.eu\/az\/a-competition-to-be-held-to-support-innovative-ideas-of-vocational-education-institutions\/#primaryimage","url":"https:\/\/eu4azerbaijan.eu\/wp-content\/uploads\/Poster-scaled.jpg","contentUrl":"https:\/\/eu4azerbaijan.eu\/wp-content\/uploads\/Poster-scaled.jpg","width":2560,"height":2560},{"@type":"BreadcrumbList","@id":"https:\/\/eu4azerbaijan.eu\/az\/a-competition-to-be-held-to-support-innovative-ideas-of-vocational-education-institutions\/#breadcrumb","itemListElement":[{"@type":"ListItem","position":1,"name":"Home","item":"https:\/\/eu4azerbaijan.eu\/az\/"},{"@type":"ListItem","position":2,"name":"Pe\u015f\u0259 t\u0259hsil m\u00fc\u0259ssis\u0259l\u0259rinin innovativ t\u0259\u015f\u0259bb\u00fcsl\u0259rinin d\u0259st\u0259kl\u0259nm\u0259si \u00fc\u00e7\u00fcn m\u00fcsabiq\u0259 elan edilir"}]},{"@type":"WebSite","@id":"https:\/\/eu4azerbaijan.eu\/az\/#website","url":"https:\/\/eu4azerbaijan.eu\/az\/","name":"EU for Azerbaijan","description":"","potentialAction":[{"@type":"SearchAction","target":{"@type":"EntryPoint","urlTemplate":"https:\/\/eu4azerbaijan.eu\/az\/?s={search_term_string}"},"query-input":{"@type":"PropertyValueSpecification","valueRequired":true,"valueName":"search_term_string"}}],"inLanguage":"az-AZ"},{"@type":"Person","@id":"https:\/\/eu4azerbaijan.eu\/az\/#\/schema\/person\/cf17ddba07387955c481997af06797df","name":"Aydan Topchibasheva","image":{"@type":"ImageObject","inLanguage":"az-AZ","@id":"https:\/\/eu4azerbaijan.eu\/az\/#\/schema\/person\/image\/","url":"https:\/\/secure.gravatar.com\/avatar\/657ac54b68aced49adde2a29a43651c77d8555f376d5ee5dd68172194a09f856?s=96&d=mm&r=g","contentUrl":"https:\/\/secure.gravatar.com\/avatar\/657ac54b68aced49adde2a29a43651c77d8555f376d5ee5dd68172194a09f856?s=96&d=mm&r=g","caption":"Aydan Topchibasheva"},"url":"https:\/\/eu4azerbaijan.eu\/az\/author\/aydan\/"}]}},"_links":{"self":[{"href":"https:\/\/eu4azerbaijan.eu\/az\/wp-json\/wp\/v2\/posts\/64404","targetHints":{"allow":["GET"]}}],"collection":[{"href":"https:\/\/eu4azerbaijan.eu\/az\/wp-json\/wp\/v2\/posts"}],"about":[{"href":"https:\/\/eu4azerbaijan.eu\/az\/wp-json\/wp\/v2\/types\/post"}],"author":[{"embeddable":true,"href":"https:\/\/eu4azerbaijan.eu\/az\/wp-json\/wp\/v2\/users\/19"}],"replies":[{"embeddable":true,"href":"https:\/\/eu4azerbaijan.eu\/az\/wp-json\/wp\/v2\/comments?post=64404"}],"version-history":[{"count":2,"href":"https:\/\/eu4azerbaijan.eu\/az\/wp-json\/wp\/v2\/posts\/64404\/revisions"}],"predecessor-version":[{"id":64407,"href":"https:\/\/eu4azerbaijan.eu\/az\/wp-json\/wp\/v2\/posts\/64404\/revisions\/64407"}],"wp:featuredmedia":[{"embeddable":true,"href":"https:\/\/eu4azerbaijan.eu\/az\/wp-json\/wp\/v2\/media\/64402"}],"wp:attachment":[{"href":"https:\/\/eu4azerbaijan.eu\/az\/wp-json\/wp\/v2\/media?parent=64404"}],"wp:term":[{"taxonomy":"category","embeddable":true,"href":"https:\/\/eu4azerbaijan.eu\/az\/wp-json\/wp\/v2\/categories?post=64404"},{"taxonomy":"post_tag","embeddable":true,"href":"https:\/\/eu4azerbaijan.eu\/az\/wp-json\/wp\/v2\/tags?post=64404"},{"taxonomy":"topic","embeddable":true,"href":"https:\/\/eu4azerbaijan.eu\/az\/wp-json\/wp\/v2\/topic?post=64404"}],"curies":[{"name":"wp","href":"https:\/\/api.w.org\/{rel}","templated":true}]}}