{"id":64057,"date":"2023-07-26T08:24:57","date_gmt":"2023-07-26T08:24:57","guid":{"rendered":"https:\/\/eu4azerbaijan.eu\/the-letter-of-intent-was-signed-among-the-state-committee-ifrc-and-azrcs-under-the-project-supported-by-the-eu-and-the-ifrc\/"},"modified":"2023-08-15T08:28:32","modified_gmt":"2023-08-15T08:28:32","slug":"the-letter-of-intent-was-signed-among-the-state-committee-ifrc-and-azrcs-under-the-project-supported-by-the-eu-and-the-ifrc","status":"publish","type":"post","link":"https:\/\/eu4azerbaijan.eu\/az\/the-letter-of-intent-was-signed-among-the-state-committee-ifrc-and-azrcs-under-the-project-supported-by-the-eu-and-the-ifrc\/","title":{"rendered":"A\u0130 t\u0259r\u0259find\u0259n maliyy\u0259l\u0259\u015f\u0259n layih\u0259 \u00e7\u0259r\u00e7iv\u0259sind\u0259 Qa\u00e7q\u0131nlar\u0131n v\u0259 M\u0259cburi K\u00f6\u00e7k\u00fcnl\u0259rin \u0130\u015fl\u0259ri \u00fczr\u0259 D\u00f6vl\u0259t Komit\u0259si, AzQAC v\u0259 IFRC aras\u0131nda niyy\u0259t sazi\u015fi imzalan\u0131b"},"content":{"rendered":"\n<p>26 \u0130yul 2023-c\u00fc ild\u0259 Avropa \u0130ttifaq\u0131 (A\u0130) t\u0259r\u0259find\u0259n maliyy\u0259l\u0259\u015fdiril\u0259n v\u0259 Beyn\u0259lxalq Q\u0131z\u0131l Xa\u00e7 v\u0259 Q\u0131z\u0131l Aypara C\u0259miyy\u0259tl\u0259ri Federasiyas\u0131 (IFRC) t\u0259r\u0259find\u0259n h\u0259yata ke\u00e7iril\u0259n \u201cAz\u0259rbaycanda icman\u0131n ehtiyaclar\u0131 v\u0259 yerli imkanlarla v\u0259t\u0259nda\u015f c\u0259miyy\u0259ti t\u0259\u015fkilatlar\u0131n\u0131n potensiallar\u0131 aras\u0131ndak\u0131 bo\u015flu\u011fun aradan qald\u0131r\u0131lmas\u0131\u201d layih\u0259si \u00e7\u0259r\u00e7iv\u0259sind\u0259 Qa\u00e7q\u0131nlar\u0131n v\u0259 M\u0259cburi K\u00f6\u00e7k\u00fcnl\u0259rin \u0130\u015fl\u0259ri \u00fczr\u0259 D\u00f6vl\u0259t Komit\u0259sinin s\u0259dri R\u00f6v\u015f\u0259n Rzayev Az\u0259rbaycan Q\u0131z\u0131l Aypara C\u0259miyy\u0259tinin (AzQAC) prezidenti, Milli M\u0259clisin deputat\u0131 Novruz Aslanovla v\u0259 Beyn\u0259lxalq Q\u0131z\u0131l Xa\u00e7 v\u0259 Q\u0131z\u0131l Aypara C\u0259miyy\u0259tl\u0259ri Federasiyas\u0131n\u0131n (IFRC) C\u0259nubi Qafqaz \u00f6lk\u0259l\u0259ri \u00fczr\u0259 klaster n\u00fcmay\u0259nd\u0259liyinin r\u0259hb\u0259ri Davron Muh\u0259m\u0259diyevl\u0259 g\u00f6r\u00fc\u015f\u00fcb.<\/p>\n\n\n\n<p>G\u00f6r\u00fc\u015fd\u0259 qonaqlara B\u00f6y\u00fck Qay\u0131d\u0131\u015fa dair D\u00f6vl\u0259t Proqram\u0131n\u0131n icras\u0131 \u00fczr\u0259 komit\u0259nin g\u00f6rd\u00fcy\u00fc i\u015fl\u0259r, m\u0259cburi k\u00f6\u015fk\u00fcnl\u0259rin geri d\u00f6n\u00fc\u015f\u00fcn\u00fcn t\u0259\u015fkili, bu istiqam\u0259td\u0259 apar\u0131lan t\u0259bli\u011fat-izahat v\u0259 t\u0259\u015fviqat i\u015fl\u0259rinin gedi\u015fi, k\u00f6\u00e7\u00fcr\u00fclm\u0259nin ilkin n\u0259tic\u0259l\u0259ri bar\u0259d\u0259 m\u0259lumat verilib. Bildirilib ki, Prezident \u0130lham \u018fliyevin tap\u015f\u0131r\u0131\u011f\u0131 il\u0259 m\u0259cburi k\u00f6\u00e7k\u00fcnl\u0259rin do\u011fma yurdda t\u0259hl\u00fck\u0259sizliyinin t\u0259min edilm\u0259si v\u0259 rahat ya\u015fay\u0131\u015f\u0131 \u00fc\u00e7\u00fcn z\u0259ruri \u015f\u0259rait yarad\u0131l\u0131r. Diqq\u0259t\u0259 \u00e7atd\u0131r\u0131l\u0131b ki, B\u00f6y\u00fck Qay\u0131d\u0131\u015f \u00e7\u0259r\u00e7iv\u0259sind\u0259 i\u015f\u011faldan azad edilmi\u015f \u0259razil\u0259rd\u0259 yeni sal\u0131nan v\u0259 b\u0259rpa edil\u0259n ya\u015fay\u0131\u015f m\u0259nt\u0259q\u0259l\u0259rin\u0259 indiy\u0259d\u0259k 236 ail\u0259, 1023 n\u0259f\u0259r k\u00f6\u00e7\u00fcr\u00fcl\u00fcb. M\u0259cburi k\u00f6\u00e7k\u00fcnl\u0259r aras\u0131nda ke\u00e7iril\u0259n sor\u011fular zaman\u0131 onlar\u0131n m\u00fctl\u0259q \u0259ks\u0259riyy\u0259ti do\u011fma torpaqlara qay\u0131tmaq isty\u0259tini ifad\u0259 edib.<\/p>\n\n\n\n<p>D\u00f6vl\u0259t Komit\u0259sinin s\u0259dri beyn\u0259lxalq t\u0259\u015fkilatlar\u0131n, o c\u00fcml\u0259d\u0259n IFRC-nin \u00f6lk\u0259mizd\u0259 qa\u00e7q\u0131nlar v\u0259 m\u0259cburi k\u00f6\u00e7k\u00fcnl\u0259rl\u0259 ba\u011fl\u0131 humanitar probleml\u0259rin h\u0259llin\u0259 d\u0259st\u0259yini y\u00fcks\u0259k d\u0259y\u0259rl\u0259ndirib, B\u00f6y\u00fck Qay\u0131d\u0131\u015f prosesind\u0259 d\u0259 bu d\u0259st\u0259yin davam etdirilm\u0259si niyy\u0259tinin d\u0259rin raz\u0131l\u0131q hissi do\u011furdu\u011funu bildirib, AzQAC-la uzunm\u00fcdd\u0259tli \u0259m\u0259kda\u015fl\u0131\u011f\u0131n m\u00fch\u00fcm \u0259h\u0259miyy\u0259t k\u0259sb etdiyini vur\u011fulay\u0131b.<\/p>\n\n\n\n<p>AzQAC prezidenti Novruz Aslanov r\u0259hb\u0259rlik etdiyi qurumun, \u00f6lk\u0259mizin \u0259n b\u00f6y\u00fck qeyri-h\u00f6kum\u0259t t\u0259\u015fkilat\u0131 kimi, &nbsp;qa\u00e7q\u0131nlar v\u0259 m\u0259cburi k\u00f6\u00e7k\u00fcnl\u0259rl\u0259 i\u015f sah\u0259sind\u0259 d\u00f6vl\u0259t siyas\u0259tinin u\u011furla h\u0259yata ke\u00e7irilm\u0259sin\u0259 daim d\u0259st\u0259k verm\u0259sini \u00f6z\u00fcn\u00fcn \u0259n vacib f\u0259aliyy\u0259t istiqam\u0259ti sayd\u0131\u011f\u0131n\u0131, uzun m\u00fcdd\u0259t did\u0259rginlik m\u0259rhumiyy\u0259ti ya\u015fayan insanlar\u0131n humanitar ehtiyaclar\u0131n\u0131n qar\u015f\u0131lanmas\u0131nda f\u0259al i\u015ftirak etdiyini, indi B\u00f6y\u00fck Qay\u0131d\u0131\u015f\u0131n ba\u015fland\u0131\u011f\u0131 bir vaxta da&nbsp; \u00f6z \u00fcz\u0259rin\u0259 d\u00fc\u015f\u0259n v\u0259sif\u0259l\u0259ri layiqinc\u0259 yerin\u0259 yetirm\u0259y\u0259 \u00e7al\u0131\u015fd\u0131\u011f\u0131n\u0131 diqq\u0259t\u0259 \u00e7atd\u0131r\u0131b.<\/p>\n\n\n\n<p>IFRC-nin C\u0259nubi Qafqaz \u00f6lk\u0259l\u0259ri \u00fczr\u0259 klaster n\u00fcmay\u0259nd\u0259liyinin r\u0259hb\u0259ri Davron M\u00fch\u0259m\u0259diyev s\u0259mimi q\u0259bula g\u00f6r\u0259 t\u0259\u015f\u0259kk\u00fcr\u00fcn\u00fc bildirib, \u00f6lk\u0259mizd\u0259 \u00f6z mandant\u0131na uy\u011fun olaraq h\u0259yata ke\u00e7irdiyi f\u0259aliyy\u0259tin \u0259sas istiqam\u0259tl\u0259ri, i\u015f\u011faldan azad edilmi\u015f \u0259razil\u0259r\u0259 qay\u0131d\u0131\u015fla ba\u011fl\u0131 g\u00f6r\u0259 bil\u0259c\u0259yi t\u0259dbirl\u0259r, h\u0259m\u00e7inin yeni situasiyada D\u00f6vl\u0259t Komit\u0259si il\u0259 \u0259m\u0259kda\u015fl\u0131q imkanlar\u0131 bar\u0259d\u0259 fikirl\u0259rini \u00e7atd\u0131r\u0131b.<\/p>\n\n\n\n<p>G\u00f6r\u00fc\u015fd\u0259 qar\u015f\u0131l\u0131ql\u0131 maraq do\u011furan m\u0259s\u0259l\u0259l\u0259r bar\u0259d\u0259 fikir m\u00fcbadil\u0259si apar\u0131l\u0131b.<\/p>\n\n\n\n<p>Sonda Az\u0259rbaycan Respublikas\u0131 Qa\u00e7q\u0131nlar\u0131n v\u0259 M\u0259cburi K\u00f6\u00e7k\u00fcnl\u0259rin \u0130\u015fl\u0259ri \u00fczr\u0259 D\u00f6vl\u0259t Komit\u0259si, Az\u0259rbaycan Q\u0131z\u0131l Aypara C\u0259miyy\u0259ti v\u0259 Beyn\u0259lxalq Q\u0131z\u0131l Xa\u00e7 v\u0259 Q\u0131z\u0131l Aypara C\u0259miyy\u0259tl\u0259ri Federasiyas\u0131 aras\u0131nda Az\u0259rbaycanda qa\u00e7q\u0131nlara v\u0259 m\u0259cburi k\u00f6\u00e7k\u00fcnl\u0259r\u0259 d\u0259st\u0259k g\u00f6st\u0259rilm\u0259si m\u0259qs\u0259dil\u0259 t\u0259\u015fkilatlar, o c\u00fcml\u0259d\u0259n v\u0259t\u0259nda\u015f c\u0259miyy\u0259ti institutlar\u0131 aras\u0131nda t\u0259r\u0259fda\u015fl\u0131\u011f\u0131n t\u0259\u015fkilin\u0259 dair Niyy\u0259t sazi\u015fi imzalan\u0131b.<\/p>\n\n\n\n<figure class=\"wp-block-gallery has-nested-images columns-default is-cropped wp-block-gallery-1 is-layout-flex wp-block-gallery-is-layout-flex\">\n<figure class=\"wp-block-image size-large\"><img loading=\"lazy\" decoding=\"async\" width=\"1024\" height=\"683\" data-id=\"64052\" src=\"https:\/\/eu4azerbaijan.eu\/wp-content\/uploads\/IMG_9231-1024x683.jpg\" alt=\"\" class=\"wp-image-64052\" srcset=\"https:\/\/eu4azerbaijan.eu\/wp-content\/uploads\/IMG_9231-1024x683.jpg 1024w, https:\/\/eu4azerbaijan.eu\/wp-content\/uploads\/IMG_9231-300x200.jpg 300w, https:\/\/eu4azerbaijan.eu\/wp-content\/uploads\/IMG_9231-768x512.jpg 768w, https:\/\/eu4azerbaijan.eu\/wp-content\/uploads\/IMG_9231-1536x1024.jpg 1536w, https:\/\/eu4azerbaijan.eu\/wp-content\/uploads\/IMG_9231-2048x1365.jpg 2048w\" sizes=\"(max-width: 1024px) 100vw, 1024px\" \/><\/figure>\n\n\n\n<figure class=\"wp-block-image size-large\"><img loading=\"lazy\" decoding=\"async\" width=\"1024\" height=\"683\" data-id=\"64050\" src=\"https:\/\/eu4azerbaijan.eu\/wp-content\/uploads\/DSC_0046-1024x683.jpg\" alt=\"\" class=\"wp-image-64050\" srcset=\"https:\/\/eu4azerbaijan.eu\/wp-content\/uploads\/DSC_0046-1024x683.jpg 1024w, https:\/\/eu4azerbaijan.eu\/wp-content\/uploads\/DSC_0046-300x200.jpg 300w, https:\/\/eu4azerbaijan.eu\/wp-content\/uploads\/DSC_0046-768x512.jpg 768w, https:\/\/eu4azerbaijan.eu\/wp-content\/uploads\/DSC_0046-1536x1024.jpg 1536w, https:\/\/eu4azerbaijan.eu\/wp-content\/uploads\/DSC_0046-2048x1365.jpg 2048w\" sizes=\"(max-width: 1024px) 100vw, 1024px\" \/><\/figure>\n<\/figure>\n","protected":false},"excerpt":{"rendered":"<p>26 \u0130yul 2023-c\u00fc ild\u0259 Avropa \u0130ttifaq\u0131 (A\u0130) t\u0259r\u0259find\u0259n maliyy\u0259l\u0259\u015fdiril\u0259n v\u0259 Beyn\u0259lxalq Q\u0131z\u0131l Xa\u00e7 v\u0259 Q\u0131z\u0131l Aypara C\u0259miyy\u0259tl\u0259ri Federasiyas\u0131 (IFRC) t\u0259r\u0259find\u0259n h\u0259yata ke\u00e7iril\u0259n \u201cAz\u0259rbaycanda icman\u0131n ehtiyaclar\u0131 v\u0259 yerli imkanlarla v\u0259t\u0259nda\u015f c\u0259miyy\u0259ti t\u0259\u015fkilatlar\u0131n\u0131n potensiallar\u0131 aras\u0131ndak\u0131 bo\u015flu\u011fun aradan qald\u0131r\u0131lmas\u0131\u201d layih\u0259si \u00e7\u0259r\u00e7iv\u0259sind\u0259 Qa\u00e7q\u0131nlar\u0131n v\u0259 M\u0259cburi K\u00f6\u00e7k\u00fcnl\u0259rin \u0130\u015fl\u0259ri \u00fczr\u0259 D\u00f6vl\u0259t Komit\u0259sinin s\u0259dri R\u00f6v\u015f\u0259n Rzayev Az\u0259rbaycan Q\u0131z\u0131l Aypara C\u0259miyy\u0259tinin (AzQAC) prezidenti, [&hellip;]<\/p>\n","protected":false},"author":19,"featured_media":64055,"comment_status":"closed","ping_status":"closed","sticky":false,"template":"","format":"standard","meta":{"_acf_changed":false,"footnotes":""},"categories":[374,284],"tags":[],"topic":[],"class_list":["post-64057","post","type-post","status-publish","format-standard","has-post-thumbnail","hentry","category-whats-happening-az","category-news-az"],"acf":[],"yoast_head":"<!-- This site is optimized with the Yoast SEO plugin v26.4 - https:\/\/yoast.com\/wordpress\/plugins\/seo\/ -->\n<title>A\u0130 t\u0259r\u0259find\u0259n maliyy\u0259l\u0259\u015f\u0259n layih\u0259 \u00e7\u0259r\u00e7iv\u0259sind\u0259 Qa\u00e7q\u0131nlar\u0131n v\u0259 M\u0259cburi K\u00f6\u00e7k\u00fcnl\u0259rin \u0130\u015fl\u0259ri \u00fczr\u0259 D\u00f6vl\u0259t Komit\u0259si, AzQAC v\u0259 IFRC aras\u0131nda niyy\u0259t sazi\u015fi imzalan\u0131b - EU for Azerbaijan<\/title>\n<meta name=\"robots\" content=\"index, follow, max-snippet:-1, max-image-preview:large, max-video-preview:-1\" \/>\n<link rel=\"canonical\" href=\"https:\/\/eu4azerbaijan.eu\/az\/the-letter-of-intent-was-signed-among-the-state-committee-ifrc-and-azrcs-under-the-project-supported-by-the-eu-and-the-ifrc\/\" \/>\n<meta property=\"og:locale\" content=\"az_AZ\" \/>\n<meta property=\"og:type\" content=\"article\" \/>\n<meta property=\"og:title\" content=\"A\u0130 t\u0259r\u0259find\u0259n maliyy\u0259l\u0259\u015f\u0259n layih\u0259 \u00e7\u0259r\u00e7iv\u0259sind\u0259 Qa\u00e7q\u0131nlar\u0131n v\u0259 M\u0259cburi K\u00f6\u00e7k\u00fcnl\u0259rin \u0130\u015fl\u0259ri \u00fczr\u0259 D\u00f6vl\u0259t Komit\u0259si, AzQAC v\u0259 IFRC aras\u0131nda niyy\u0259t sazi\u015fi imzalan\u0131b - EU for Azerbaijan\" \/>\n<meta property=\"og:description\" content=\"26 \u0130yul 2023-c\u00fc ild\u0259 Avropa \u0130ttifaq\u0131 (A\u0130) t\u0259r\u0259find\u0259n maliyy\u0259l\u0259\u015fdiril\u0259n v\u0259 Beyn\u0259lxalq Q\u0131z\u0131l Xa\u00e7 v\u0259 Q\u0131z\u0131l Aypara C\u0259miyy\u0259tl\u0259ri Federasiyas\u0131 (IFRC) t\u0259r\u0259find\u0259n h\u0259yata ke\u00e7iril\u0259n \u201cAz\u0259rbaycanda icman\u0131n ehtiyaclar\u0131 v\u0259 yerli imkanlarla v\u0259t\u0259nda\u015f c\u0259miyy\u0259ti t\u0259\u015fkilatlar\u0131n\u0131n potensiallar\u0131 aras\u0131ndak\u0131 bo\u015flu\u011fun aradan qald\u0131r\u0131lmas\u0131\u201d layih\u0259si \u00e7\u0259r\u00e7iv\u0259sind\u0259 Qa\u00e7q\u0131nlar\u0131n v\u0259 M\u0259cburi K\u00f6\u00e7k\u00fcnl\u0259rin \u0130\u015fl\u0259ri \u00fczr\u0259 D\u00f6vl\u0259t Komit\u0259sinin s\u0259dri R\u00f6v\u015f\u0259n Rzayev Az\u0259rbaycan Q\u0131z\u0131l Aypara C\u0259miyy\u0259tinin (AzQAC) prezidenti, [&hellip;]\" \/>\n<meta property=\"og:url\" content=\"https:\/\/eu4azerbaijan.eu\/az\/the-letter-of-intent-was-signed-among-the-state-committee-ifrc-and-azrcs-under-the-project-supported-by-the-eu-and-the-ifrc\/\" \/>\n<meta property=\"og:site_name\" content=\"EU for Azerbaijan\" \/>\n<meta property=\"article:published_time\" content=\"2023-07-26T08:24:57+00:00\" \/>\n<meta property=\"article:modified_time\" content=\"2023-08-15T08:28:32+00:00\" \/>\n<meta property=\"og:image\" content=\"https:\/\/eu4azerbaijan.eu\/wp-content\/uploads\/IMG_9238-scaled.jpg\" \/>\n\t<meta property=\"og:image:width\" content=\"2560\" \/>\n\t<meta property=\"og:image:height\" content=\"1707\" \/>\n\t<meta property=\"og:image:type\" content=\"image\/jpeg\" \/>\n<meta name=\"author\" content=\"Aydan Topchibasheva\" \/>\n<meta name=\"twitter:card\" content=\"summary_large_image\" \/>\n<meta name=\"twitter:label1\" content=\"Written by\" \/>\n\t<meta name=\"twitter:data1\" content=\"Aydan Topchibasheva\" \/>\n\t<meta name=\"twitter:label2\" content=\"Est. reading time\" \/>\n\t<meta name=\"twitter:data2\" content=\"3 minutes\" \/>\n<script type=\"application\/ld+json\" class=\"yoast-schema-graph\">{\"@context\":\"https:\/\/schema.org\",\"@graph\":[{\"@type\":\"WebPage\",\"@id\":\"https:\/\/eu4azerbaijan.eu\/az\/the-letter-of-intent-was-signed-among-the-state-committee-ifrc-and-azrcs-under-the-project-supported-by-the-eu-and-the-ifrc\/\",\"url\":\"https:\/\/eu4azerbaijan.eu\/az\/the-letter-of-intent-was-signed-among-the-state-committee-ifrc-and-azrcs-under-the-project-supported-by-the-eu-and-the-ifrc\/\",\"name\":\"A\u0130 t\u0259r\u0259find\u0259n maliyy\u0259l\u0259\u015f\u0259n layih\u0259 \u00e7\u0259r\u00e7iv\u0259sind\u0259 Qa\u00e7q\u0131nlar\u0131n v\u0259 M\u0259cburi K\u00f6\u00e7k\u00fcnl\u0259rin \u0130\u015fl\u0259ri \u00fczr\u0259 D\u00f6vl\u0259t Komit\u0259si, AzQAC v\u0259 IFRC aras\u0131nda niyy\u0259t sazi\u015fi imzalan\u0131b - EU for Azerbaijan\",\"isPartOf\":{\"@id\":\"https:\/\/eu4azerbaijan.eu\/az\/#website\"},\"primaryImageOfPage\":{\"@id\":\"https:\/\/eu4azerbaijan.eu\/az\/the-letter-of-intent-was-signed-among-the-state-committee-ifrc-and-azrcs-under-the-project-supported-by-the-eu-and-the-ifrc\/#primaryimage\"},\"image\":{\"@id\":\"https:\/\/eu4azerbaijan.eu\/az\/the-letter-of-intent-was-signed-among-the-state-committee-ifrc-and-azrcs-under-the-project-supported-by-the-eu-and-the-ifrc\/#primaryimage\"},\"thumbnailUrl\":\"https:\/\/eu4azerbaijan.eu\/wp-content\/uploads\/IMG_9238-scaled.jpg\",\"datePublished\":\"2023-07-26T08:24:57+00:00\",\"dateModified\":\"2023-08-15T08:28:32+00:00\",\"author\":{\"@id\":\"https:\/\/eu4azerbaijan.eu\/az\/#\/schema\/person\/cf17ddba07387955c481997af06797df\"},\"breadcrumb\":{\"@id\":\"https:\/\/eu4azerbaijan.eu\/az\/the-letter-of-intent-was-signed-among-the-state-committee-ifrc-and-azrcs-under-the-project-supported-by-the-eu-and-the-ifrc\/#breadcrumb\"},\"inLanguage\":\"az-AZ\",\"potentialAction\":[{\"@type\":\"ReadAction\",\"target\":[\"https:\/\/eu4azerbaijan.eu\/az\/the-letter-of-intent-was-signed-among-the-state-committee-ifrc-and-azrcs-under-the-project-supported-by-the-eu-and-the-ifrc\/\"]}]},{\"@type\":\"ImageObject\",\"inLanguage\":\"az-AZ\",\"@id\":\"https:\/\/eu4azerbaijan.eu\/az\/the-letter-of-intent-was-signed-among-the-state-committee-ifrc-and-azrcs-under-the-project-supported-by-the-eu-and-the-ifrc\/#primaryimage\",\"url\":\"https:\/\/eu4azerbaijan.eu\/wp-content\/uploads\/IMG_9238-scaled.jpg\",\"contentUrl\":\"https:\/\/eu4azerbaijan.eu\/wp-content\/uploads\/IMG_9238-scaled.jpg\",\"width\":2560,\"height\":1707},{\"@type\":\"BreadcrumbList\",\"@id\":\"https:\/\/eu4azerbaijan.eu\/az\/the-letter-of-intent-was-signed-among-the-state-committee-ifrc-and-azrcs-under-the-project-supported-by-the-eu-and-the-ifrc\/#breadcrumb\",\"itemListElement\":[{\"@type\":\"ListItem\",\"position\":1,\"name\":\"Home\",\"item\":\"https:\/\/eu4azerbaijan.eu\/az\/\"},{\"@type\":\"ListItem\",\"position\":2,\"name\":\"A\u0130 t\u0259r\u0259find\u0259n maliyy\u0259l\u0259\u015f\u0259n layih\u0259 \u00e7\u0259r\u00e7iv\u0259sind\u0259 Qa\u00e7q\u0131nlar\u0131n v\u0259 M\u0259cburi K\u00f6\u00e7k\u00fcnl\u0259rin \u0130\u015fl\u0259ri \u00fczr\u0259 D\u00f6vl\u0259t Komit\u0259si, AzQAC v\u0259 IFRC aras\u0131nda niyy\u0259t sazi\u015fi imzalan\u0131b\"}]},{\"@type\":\"WebSite\",\"@id\":\"https:\/\/eu4azerbaijan.eu\/az\/#website\",\"url\":\"https:\/\/eu4azerbaijan.eu\/az\/\",\"name\":\"EU for Azerbaijan\",\"description\":\"\",\"potentialAction\":[{\"@type\":\"SearchAction\",\"target\":{\"@type\":\"EntryPoint\",\"urlTemplate\":\"https:\/\/eu4azerbaijan.eu\/az\/?s={search_term_string}\"},\"query-input\":{\"@type\":\"PropertyValueSpecification\",\"valueRequired\":true,\"valueName\":\"search_term_string\"}}],\"inLanguage\":\"az-AZ\"},{\"@type\":\"Person\",\"@id\":\"https:\/\/eu4azerbaijan.eu\/az\/#\/schema\/person\/cf17ddba07387955c481997af06797df\",\"name\":\"Aydan Topchibasheva\",\"image\":{\"@type\":\"ImageObject\",\"inLanguage\":\"az-AZ\",\"@id\":\"https:\/\/eu4azerbaijan.eu\/az\/#\/schema\/person\/image\/\",\"url\":\"https:\/\/secure.gravatar.com\/avatar\/657ac54b68aced49adde2a29a43651c77d8555f376d5ee5dd68172194a09f856?s=96&d=mm&r=g\",\"contentUrl\":\"https:\/\/secure.gravatar.com\/avatar\/657ac54b68aced49adde2a29a43651c77d8555f376d5ee5dd68172194a09f856?s=96&d=mm&r=g\",\"caption\":\"Aydan Topchibasheva\"},\"url\":\"https:\/\/eu4azerbaijan.eu\/az\/author\/aydan\/\"}]}<\/script>\n<!-- \/ Yoast SEO plugin. -->","yoast_head_json":{"title":"A\u0130 t\u0259r\u0259find\u0259n maliyy\u0259l\u0259\u015f\u0259n layih\u0259 \u00e7\u0259r\u00e7iv\u0259sind\u0259 Qa\u00e7q\u0131nlar\u0131n v\u0259 M\u0259cburi K\u00f6\u00e7k\u00fcnl\u0259rin \u0130\u015fl\u0259ri \u00fczr\u0259 D\u00f6vl\u0259t Komit\u0259si, AzQAC v\u0259 IFRC aras\u0131nda niyy\u0259t sazi\u015fi imzalan\u0131b - EU for Azerbaijan","robots":{"index":"index","follow":"follow","max-snippet":"max-snippet:-1","max-image-preview":"max-image-preview:large","max-video-preview":"max-video-preview:-1"},"canonical":"https:\/\/eu4azerbaijan.eu\/az\/the-letter-of-intent-was-signed-among-the-state-committee-ifrc-and-azrcs-under-the-project-supported-by-the-eu-and-the-ifrc\/","og_locale":"az_AZ","og_type":"article","og_title":"A\u0130 t\u0259r\u0259find\u0259n maliyy\u0259l\u0259\u015f\u0259n layih\u0259 \u00e7\u0259r\u00e7iv\u0259sind\u0259 Qa\u00e7q\u0131nlar\u0131n v\u0259 M\u0259cburi K\u00f6\u00e7k\u00fcnl\u0259rin \u0130\u015fl\u0259ri \u00fczr\u0259 D\u00f6vl\u0259t Komit\u0259si, AzQAC v\u0259 IFRC aras\u0131nda niyy\u0259t sazi\u015fi imzalan\u0131b - EU for Azerbaijan","og_description":"26 \u0130yul 2023-c\u00fc ild\u0259 Avropa \u0130ttifaq\u0131 (A\u0130) t\u0259r\u0259find\u0259n maliyy\u0259l\u0259\u015fdiril\u0259n v\u0259 Beyn\u0259lxalq Q\u0131z\u0131l Xa\u00e7 v\u0259 Q\u0131z\u0131l Aypara C\u0259miyy\u0259tl\u0259ri Federasiyas\u0131 (IFRC) t\u0259r\u0259find\u0259n h\u0259yata ke\u00e7iril\u0259n \u201cAz\u0259rbaycanda icman\u0131n ehtiyaclar\u0131 v\u0259 yerli imkanlarla v\u0259t\u0259nda\u015f c\u0259miyy\u0259ti t\u0259\u015fkilatlar\u0131n\u0131n potensiallar\u0131 aras\u0131ndak\u0131 bo\u015flu\u011fun aradan qald\u0131r\u0131lmas\u0131\u201d layih\u0259si \u00e7\u0259r\u00e7iv\u0259sind\u0259 Qa\u00e7q\u0131nlar\u0131n v\u0259 M\u0259cburi K\u00f6\u00e7k\u00fcnl\u0259rin \u0130\u015fl\u0259ri \u00fczr\u0259 D\u00f6vl\u0259t Komit\u0259sinin s\u0259dri R\u00f6v\u015f\u0259n Rzayev Az\u0259rbaycan Q\u0131z\u0131l Aypara C\u0259miyy\u0259tinin (AzQAC) prezidenti, [&hellip;]","og_url":"https:\/\/eu4azerbaijan.eu\/az\/the-letter-of-intent-was-signed-among-the-state-committee-ifrc-and-azrcs-under-the-project-supported-by-the-eu-and-the-ifrc\/","og_site_name":"EU for Azerbaijan","article_published_time":"2023-07-26T08:24:57+00:00","article_modified_time":"2023-08-15T08:28:32+00:00","og_image":[{"width":2560,"height":1707,"url":"https:\/\/eu4azerbaijan.eu\/wp-content\/uploads\/IMG_9238-scaled.jpg","type":"image\/jpeg"}],"author":"Aydan Topchibasheva","twitter_card":"summary_large_image","twitter_misc":{"Written by":"Aydan Topchibasheva","Est. reading time":"3 minutes"},"schema":{"@context":"https:\/\/schema.org","@graph":[{"@type":"WebPage","@id":"https:\/\/eu4azerbaijan.eu\/az\/the-letter-of-intent-was-signed-among-the-state-committee-ifrc-and-azrcs-under-the-project-supported-by-the-eu-and-the-ifrc\/","url":"https:\/\/eu4azerbaijan.eu\/az\/the-letter-of-intent-was-signed-among-the-state-committee-ifrc-and-azrcs-under-the-project-supported-by-the-eu-and-the-ifrc\/","name":"A\u0130 t\u0259r\u0259find\u0259n maliyy\u0259l\u0259\u015f\u0259n layih\u0259 \u00e7\u0259r\u00e7iv\u0259sind\u0259 Qa\u00e7q\u0131nlar\u0131n v\u0259 M\u0259cburi K\u00f6\u00e7k\u00fcnl\u0259rin \u0130\u015fl\u0259ri \u00fczr\u0259 D\u00f6vl\u0259t Komit\u0259si, AzQAC v\u0259 IFRC aras\u0131nda niyy\u0259t sazi\u015fi imzalan\u0131b - EU for Azerbaijan","isPartOf":{"@id":"https:\/\/eu4azerbaijan.eu\/az\/#website"},"primaryImageOfPage":{"@id":"https:\/\/eu4azerbaijan.eu\/az\/the-letter-of-intent-was-signed-among-the-state-committee-ifrc-and-azrcs-under-the-project-supported-by-the-eu-and-the-ifrc\/#primaryimage"},"image":{"@id":"https:\/\/eu4azerbaijan.eu\/az\/the-letter-of-intent-was-signed-among-the-state-committee-ifrc-and-azrcs-under-the-project-supported-by-the-eu-and-the-ifrc\/#primaryimage"},"thumbnailUrl":"https:\/\/eu4azerbaijan.eu\/wp-content\/uploads\/IMG_9238-scaled.jpg","datePublished":"2023-07-26T08:24:57+00:00","dateModified":"2023-08-15T08:28:32+00:00","author":{"@id":"https:\/\/eu4azerbaijan.eu\/az\/#\/schema\/person\/cf17ddba07387955c481997af06797df"},"breadcrumb":{"@id":"https:\/\/eu4azerbaijan.eu\/az\/the-letter-of-intent-was-signed-among-the-state-committee-ifrc-and-azrcs-under-the-project-supported-by-the-eu-and-the-ifrc\/#breadcrumb"},"inLanguage":"az-AZ","potentialAction":[{"@type":"ReadAction","target":["https:\/\/eu4azerbaijan.eu\/az\/the-letter-of-intent-was-signed-among-the-state-committee-ifrc-and-azrcs-under-the-project-supported-by-the-eu-and-the-ifrc\/"]}]},{"@type":"ImageObject","inLanguage":"az-AZ","@id":"https:\/\/eu4azerbaijan.eu\/az\/the-letter-of-intent-was-signed-among-the-state-committee-ifrc-and-azrcs-under-the-project-supported-by-the-eu-and-the-ifrc\/#primaryimage","url":"https:\/\/eu4azerbaijan.eu\/wp-content\/uploads\/IMG_9238-scaled.jpg","contentUrl":"https:\/\/eu4azerbaijan.eu\/wp-content\/uploads\/IMG_9238-scaled.jpg","width":2560,"height":1707},{"@type":"BreadcrumbList","@id":"https:\/\/eu4azerbaijan.eu\/az\/the-letter-of-intent-was-signed-among-the-state-committee-ifrc-and-azrcs-under-the-project-supported-by-the-eu-and-the-ifrc\/#breadcrumb","itemListElement":[{"@type":"ListItem","position":1,"name":"Home","item":"https:\/\/eu4azerbaijan.eu\/az\/"},{"@type":"ListItem","position":2,"name":"A\u0130 t\u0259r\u0259find\u0259n maliyy\u0259l\u0259\u015f\u0259n layih\u0259 \u00e7\u0259r\u00e7iv\u0259sind\u0259 Qa\u00e7q\u0131nlar\u0131n v\u0259 M\u0259cburi K\u00f6\u00e7k\u00fcnl\u0259rin \u0130\u015fl\u0259ri \u00fczr\u0259 D\u00f6vl\u0259t Komit\u0259si, AzQAC v\u0259 IFRC aras\u0131nda niyy\u0259t sazi\u015fi imzalan\u0131b"}]},{"@type":"WebSite","@id":"https:\/\/eu4azerbaijan.eu\/az\/#website","url":"https:\/\/eu4azerbaijan.eu\/az\/","name":"EU for Azerbaijan","description":"","potentialAction":[{"@type":"SearchAction","target":{"@type":"EntryPoint","urlTemplate":"https:\/\/eu4azerbaijan.eu\/az\/?s={search_term_string}"},"query-input":{"@type":"PropertyValueSpecification","valueRequired":true,"valueName":"search_term_string"}}],"inLanguage":"az-AZ"},{"@type":"Person","@id":"https:\/\/eu4azerbaijan.eu\/az\/#\/schema\/person\/cf17ddba07387955c481997af06797df","name":"Aydan Topchibasheva","image":{"@type":"ImageObject","inLanguage":"az-AZ","@id":"https:\/\/eu4azerbaijan.eu\/az\/#\/schema\/person\/image\/","url":"https:\/\/secure.gravatar.com\/avatar\/657ac54b68aced49adde2a29a43651c77d8555f376d5ee5dd68172194a09f856?s=96&d=mm&r=g","contentUrl":"https:\/\/secure.gravatar.com\/avatar\/657ac54b68aced49adde2a29a43651c77d8555f376d5ee5dd68172194a09f856?s=96&d=mm&r=g","caption":"Aydan Topchibasheva"},"url":"https:\/\/eu4azerbaijan.eu\/az\/author\/aydan\/"}]}},"_links":{"self":[{"href":"https:\/\/eu4azerbaijan.eu\/az\/wp-json\/wp\/v2\/posts\/64057","targetHints":{"allow":["GET"]}}],"collection":[{"href":"https:\/\/eu4azerbaijan.eu\/az\/wp-json\/wp\/v2\/posts"}],"about":[{"href":"https:\/\/eu4azerbaijan.eu\/az\/wp-json\/wp\/v2\/types\/post"}],"author":[{"embeddable":true,"href":"https:\/\/eu4azerbaijan.eu\/az\/wp-json\/wp\/v2\/users\/19"}],"replies":[{"embeddable":true,"href":"https:\/\/eu4azerbaijan.eu\/az\/wp-json\/wp\/v2\/comments?post=64057"}],"version-history":[{"count":2,"href":"https:\/\/eu4azerbaijan.eu\/az\/wp-json\/wp\/v2\/posts\/64057\/revisions"}],"predecessor-version":[{"id":64059,"href":"https:\/\/eu4azerbaijan.eu\/az\/wp-json\/wp\/v2\/posts\/64057\/revisions\/64059"}],"wp:featuredmedia":[{"embeddable":true,"href":"https:\/\/eu4azerbaijan.eu\/az\/wp-json\/wp\/v2\/media\/64055"}],"wp:attachment":[{"href":"https:\/\/eu4azerbaijan.eu\/az\/wp-json\/wp\/v2\/media?parent=64057"}],"wp:term":[{"taxonomy":"category","embeddable":true,"href":"https:\/\/eu4azerbaijan.eu\/az\/wp-json\/wp\/v2\/categories?post=64057"},{"taxonomy":"post_tag","embeddable":true,"href":"https:\/\/eu4azerbaijan.eu\/az\/wp-json\/wp\/v2\/tags?post=64057"},{"taxonomy":"topic","embeddable":true,"href":"https:\/\/eu4azerbaijan.eu\/az\/wp-json\/wp\/v2\/topic?post=64057"}],"curies":[{"name":"wp","href":"https:\/\/api.w.org\/{rel}","templated":true}]}}