{"id":64009,"date":"2023-08-04T15:49:12","date_gmt":"2023-08-04T15:49:12","guid":{"rendered":"https:\/\/eu4azerbaijan.eu\/training-within-strengthening-institutional-capacities-ofthe-agency-for-quality-assurance-in-education-project\/"},"modified":"2023-08-04T15:49:54","modified_gmt":"2023-08-04T15:49:54","slug":"training-within-strengthening-institutional-capacities-ofthe-agency-for-quality-assurance-in-education-project","status":"publish","type":"post","link":"https:\/\/eu4azerbaijan.eu\/az\/training-within-strengthening-institutional-capacities-ofthe-agency-for-quality-assurance-in-education-project\/","title":{"rendered":"\u201cAz\u0259rbaycanda T\u0259hsild\u0259 Keyfiyy\u0259t T\u0259minat\u0131 Agentliyinin institusional potensial\u0131n\u0131n g\u00fccl\u0259ndirilm\u0259si\u201d layih\u0259si \u00e7\u0259r\u00e7iv\u0259sind\u0259 t\u0259lim ke\u00e7irilmi\u015fdir"},"content":{"rendered":"\n<p>Avropa \u0130ttifaq\u0131 t\u0259r\u0259find\u0259n maliyy\u0259l\u0259\u015fdiril\u0259n, \u201cIBF International Consulting\u201cin T\u0259hsild\u0259 Keyfiyy\u0259t T\u0259minat\u0131 Agentliyin\u0259 d\u0259st\u0259k m\u0259qs\u0259dil\u0259 icra etdiyi \u201cAz\u0259rbaycanda T\u0259hsild\u0259 Keyfiyy\u0259t T\u0259minat\u0131 Agentliyinin institusional potensial\u0131n\u0131n g\u00fccl\u0259ndirilm\u0259si\u201d layih\u0259si \u00e7\u0259r\u00e7iv\u0259sind\u0259 25 iyul 2023-c\u00fc il tarixl\u0259rind\u0259 \u201cOrta \u0130xtisas T\u0259hsili M\u00fc\u0259ssis\u0259l\u0259rinin Akkreditasiyas\u0131\u201d m\u00f6vzusunda t\u0259lim ke\u00e7irilib.<\/p>\n\n\n\n<p>Layih\u0259 t\u0259r\u0259find\u0259n beyn\u0259lxalq t\u0259cr\u00fcb\u0259y\u0259 uy\u011fun olaraq orta ixtisas t\u0259hsili m\u00fc\u0259ssis\u0259l\u0259rinin akkreditasiyas\u0131 \u00fc\u00e7\u00fcn istiqam\u0259t v\u0259 meyarlar haz\u0131rlanm\u0131\u015fd\u0131r v\u0259 bu meyarlar\u0131n pilot s\u0131na\u011f\u0131n\u0131n ke\u00e7irilm\u0259si n\u0259z\u0259rd\u0259 tutulur. Bu m\u0259qs\u0259dl\u0259 Az\u0259rbaycan D\u00f6vl\u0259t Pedaqoji Kollecinin keyfiyy\u0259t t\u0259minat\u0131 v\u0259 t\u0259hsil \u015f\u00f6b\u0259l\u0259rinin 5 \u0259m\u0259kda\u015f\u0131 \u00fc\u00e7\u00fcn t\u0259\u015fkil olunmu\u015f t\u0259lim beyn\u0259lxalq ekspert Dr. Akim Hopbax t\u0259r\u0259find\u0259n ke\u00e7irilib. T\u0259limd\u0259 orta ixtisas t\u0259hsili m\u00fc\u0259ssis\u0259l\u0259rinin akkreditasiyas\u0131, akkreditasiyan\u0131n meyar v\u0259 prosedurlar\u0131, \u00f6z\u00fcn\u00fct\u0259hlil hesabat\u0131n\u0131n haz\u0131rlanmas\u0131 haqq\u0131nda m\u0259lumat verilib v\u0259 sual-cavab sessiyas\u0131 ke\u00e7irilib. &nbsp;<\/p>\n\n\n\n<p><em>Layih\u0259 Az\u0259rbaycan Respublikas\u0131 h\u00f6kum\u0259ti v\u0259 Avropa \u0130ttifaq\u0131 aras\u0131nda imzalanm\u0131\u015f Maliyy\u0259 Sazi\u015fi (\u201cAz\u0259rbaycanda m\u0259\u015f\u011fulluq \u00fc\u00e7\u00fcn t\u0259hsil\u201d) \u00e7\u0259r\u00e7iv\u0259sind\u0259 h\u0259yata ke\u00e7irilir. \u201dAz\u0259rbaycanda m\u0259\u015f\u011fulluq \u00fc\u00e7\u00fcn t\u0259hsil 2018-ci il\u201d illik f\u0259aliyy\u0259t proqram\u0131 Avropa qon\u015fuluq v\u0259 t\u0259r\u0259fda\u015fl\u0131q al\u0259ti \u00e7\u0259r\u00e7iv\u0259sind\u0259 maliyy\u0259l\u0259\u015fdirilir. Layih\u0259nin m\u0259qs\u0259di Az\u0259rbaycanda t\u0259hsil sisteminin h\u0259rt\u0259r\u0259fli keyfiyy\u0259t t\u0259minat\u0131na t\u00f6hf\u0259 verm\u0259k v\u0259 b\u00fct\u00fcn s\u0259viyy\u0259l\u0259rd\u0259 t\u0259hsil m\u00fc\u0259ssis\u0259l\u0259rinin akkreditasiyas\u0131 v\u0259&nbsp; keyfiyy\u0259t t\u0259minat\u0131, \u0259vv\u0259lki t\u0259hsilin tan\u0131nmas\u0131 \u00fczr\u0259 yeni mexanizml\u0259rin haz\u0131rlanmas\u0131 v\u0259 t\u0259tbiqi, el\u0259c\u0259 d\u0259 Avropan\u0131n qabaqc\u0131l t\u0259cr\u00fcb\u0259sin\u0259 uy\u011fun olaraq xarici kvalifikasiyalar\u0131n tan\u0131nmas\u0131 \u00fc\u00e7\u00fcn T\u0259hsild\u0259 Keyfiyy\u0259t T\u0259minat\u0131 Agentliyinin potensial\u0131n\u0131n g\u00fccl\u0259ndirilm\u0259sidir.<\/em><\/p>\n\n\n\n<figure class=\"wp-block-gallery has-nested-images columns-default is-cropped wp-block-gallery-1 is-layout-flex wp-block-gallery-is-layout-flex\">\n<figure class=\"wp-block-image size-large\"><img loading=\"lazy\" decoding=\"async\" width=\"1024\" height=\"682\" data-id=\"64002\" src=\"https:\/\/eu4azerbaijan.eu\/wp-content\/uploads\/DSC6740-1024x682.jpg\" alt=\"\" class=\"wp-image-64002\" srcset=\"https:\/\/eu4azerbaijan.eu\/wp-content\/uploads\/DSC6740-1024x682.jpg 1024w, https:\/\/eu4azerbaijan.eu\/wp-content\/uploads\/DSC6740-300x200.jpg 300w, https:\/\/eu4azerbaijan.eu\/wp-content\/uploads\/DSC6740-768x512.jpg 768w, https:\/\/eu4azerbaijan.eu\/wp-content\/uploads\/DSC6740.jpg 1280w\" sizes=\"(max-width: 1024px) 100vw, 1024px\" \/><\/figure>\n\n\n\n<figure class=\"wp-block-image size-large\"><img loading=\"lazy\" decoding=\"async\" width=\"1024\" height=\"682\" data-id=\"64004\" src=\"https:\/\/eu4azerbaijan.eu\/wp-content\/uploads\/DSC6743-1024x682.jpg\" alt=\"\" class=\"wp-image-64004\" srcset=\"https:\/\/eu4azerbaijan.eu\/wp-content\/uploads\/DSC6743-1024x682.jpg 1024w, https:\/\/eu4azerbaijan.eu\/wp-content\/uploads\/DSC6743-300x200.jpg 300w, https:\/\/eu4azerbaijan.eu\/wp-content\/uploads\/DSC6743-768x512.jpg 768w, https:\/\/eu4azerbaijan.eu\/wp-content\/uploads\/DSC6743.jpg 1280w\" sizes=\"(max-width: 1024px) 100vw, 1024px\" \/><\/figure>\n\n\n\n<figure class=\"wp-block-image size-large\"><img loading=\"lazy\" decoding=\"async\" width=\"1024\" height=\"682\" data-id=\"63997\" src=\"https:\/\/eu4azerbaijan.eu\/wp-content\/uploads\/DSC6747-1024x682.jpg\" alt=\"\" class=\"wp-image-63997\" srcset=\"https:\/\/eu4azerbaijan.eu\/wp-content\/uploads\/DSC6747-1024x682.jpg 1024w, https:\/\/eu4azerbaijan.eu\/wp-content\/uploads\/DSC6747-300x200.jpg 300w, https:\/\/eu4azerbaijan.eu\/wp-content\/uploads\/DSC6747-768x512.jpg 768w, https:\/\/eu4azerbaijan.eu\/wp-content\/uploads\/DSC6747.jpg 1280w\" sizes=\"(max-width: 1024px) 100vw, 1024px\" \/><\/figure>\n\n\n\n<figure class=\"wp-block-image size-large\"><img loading=\"lazy\" decoding=\"async\" width=\"1024\" height=\"682\" data-id=\"63998\" src=\"https:\/\/eu4azerbaijan.eu\/wp-content\/uploads\/DSC6755-1024x682.jpg\" alt=\"\" class=\"wp-image-63998\" srcset=\"https:\/\/eu4azerbaijan.eu\/wp-content\/uploads\/DSC6755-1024x682.jpg 1024w, https:\/\/eu4azerbaijan.eu\/wp-content\/uploads\/DSC6755-300x200.jpg 300w, https:\/\/eu4azerbaijan.eu\/wp-content\/uploads\/DSC6755-768x512.jpg 768w, https:\/\/eu4azerbaijan.eu\/wp-content\/uploads\/DSC6755.jpg 1280w\" sizes=\"(max-width: 1024px) 100vw, 1024px\" \/><\/figure>\n\n\n\n<figure class=\"wp-block-image size-large\"><img loading=\"lazy\" decoding=\"async\" width=\"1024\" height=\"682\" data-id=\"64000\" src=\"https:\/\/eu4azerbaijan.eu\/wp-content\/uploads\/DSC6772-1024x682.jpg\" alt=\"\" class=\"wp-image-64000\" srcset=\"https:\/\/eu4azerbaijan.eu\/wp-content\/uploads\/DSC6772-1024x682.jpg 1024w, https:\/\/eu4azerbaijan.eu\/wp-content\/uploads\/DSC6772-300x200.jpg 300w, https:\/\/eu4azerbaijan.eu\/wp-content\/uploads\/DSC6772-768x512.jpg 768w, https:\/\/eu4azerbaijan.eu\/wp-content\/uploads\/DSC6772.jpg 1280w\" sizes=\"(max-width: 1024px) 100vw, 1024px\" \/><\/figure>\n<\/figure>\n","protected":false},"excerpt":{"rendered":"<p>Avropa \u0130ttifaq\u0131 t\u0259r\u0259find\u0259n maliyy\u0259l\u0259\u015fdiril\u0259n, \u201cIBF International Consulting\u201cin T\u0259hsild\u0259 Keyfiyy\u0259t T\u0259minat\u0131 Agentliyin\u0259 d\u0259st\u0259k m\u0259qs\u0259dil\u0259 icra etdiyi \u201cAz\u0259rbaycanda T\u0259hsild\u0259 Keyfiyy\u0259t T\u0259minat\u0131 Agentliyinin institusional potensial\u0131n\u0131n g\u00fccl\u0259ndirilm\u0259si\u201d layih\u0259si \u00e7\u0259r\u00e7iv\u0259sind\u0259 25 iyul 2023-c\u00fc il tarixl\u0259rind\u0259 \u201cOrta \u0130xtisas T\u0259hsili M\u00fc\u0259ssis\u0259l\u0259rinin Akkreditasiyas\u0131\u201d m\u00f6vzusunda t\u0259lim ke\u00e7irilib. Layih\u0259 t\u0259r\u0259find\u0259n beyn\u0259lxalq t\u0259cr\u00fcb\u0259y\u0259 uy\u011fun olaraq orta ixtisas t\u0259hsili m\u00fc\u0259ssis\u0259l\u0259rinin akkreditasiyas\u0131 \u00fc\u00e7\u00fcn istiqam\u0259t v\u0259 meyarlar haz\u0131rlanm\u0131\u015fd\u0131r v\u0259 [&hellip;]<\/p>\n","protected":false},"author":19,"featured_media":64007,"comment_status":"closed","ping_status":"closed","sticky":false,"template":"","format":"standard","meta":{"_acf_changed":false,"footnotes":""},"categories":[374,284],"tags":[],"topic":[],"class_list":["post-64009","post","type-post","status-publish","format-standard","has-post-thumbnail","hentry","category-whats-happening-az","category-news-az"],"acf":[],"yoast_head":"<!-- This site is optimized with the Yoast SEO plugin v26.4 - https:\/\/yoast.com\/wordpress\/plugins\/seo\/ -->\n<title>\u201cAz\u0259rbaycanda T\u0259hsild\u0259 Keyfiyy\u0259t T\u0259minat\u0131 Agentliyinin institusional potensial\u0131n\u0131n g\u00fccl\u0259ndirilm\u0259si\u201d layih\u0259si \u00e7\u0259r\u00e7iv\u0259sind\u0259 t\u0259lim ke\u00e7irilmi\u015fdir - EU for Azerbaijan<\/title>\n<meta name=\"robots\" content=\"index, follow, max-snippet:-1, max-image-preview:large, max-video-preview:-1\" \/>\n<link rel=\"canonical\" href=\"https:\/\/eu4azerbaijan.eu\/az\/training-within-strengthening-institutional-capacities-ofthe-agency-for-quality-assurance-in-education-project\/\" \/>\n<meta property=\"og:locale\" content=\"az_AZ\" \/>\n<meta property=\"og:type\" content=\"article\" \/>\n<meta property=\"og:title\" content=\"\u201cAz\u0259rbaycanda T\u0259hsild\u0259 Keyfiyy\u0259t T\u0259minat\u0131 Agentliyinin institusional potensial\u0131n\u0131n g\u00fccl\u0259ndirilm\u0259si\u201d layih\u0259si \u00e7\u0259r\u00e7iv\u0259sind\u0259 t\u0259lim ke\u00e7irilmi\u015fdir - EU for Azerbaijan\" \/>\n<meta property=\"og:description\" content=\"Avropa \u0130ttifaq\u0131 t\u0259r\u0259find\u0259n maliyy\u0259l\u0259\u015fdiril\u0259n, \u201cIBF International Consulting\u201cin T\u0259hsild\u0259 Keyfiyy\u0259t T\u0259minat\u0131 Agentliyin\u0259 d\u0259st\u0259k m\u0259qs\u0259dil\u0259 icra etdiyi \u201cAz\u0259rbaycanda T\u0259hsild\u0259 Keyfiyy\u0259t T\u0259minat\u0131 Agentliyinin institusional potensial\u0131n\u0131n g\u00fccl\u0259ndirilm\u0259si\u201d layih\u0259si \u00e7\u0259r\u00e7iv\u0259sind\u0259 25 iyul 2023-c\u00fc il tarixl\u0259rind\u0259 \u201cOrta \u0130xtisas T\u0259hsili M\u00fc\u0259ssis\u0259l\u0259rinin Akkreditasiyas\u0131\u201d m\u00f6vzusunda t\u0259lim ke\u00e7irilib. Layih\u0259 t\u0259r\u0259find\u0259n beyn\u0259lxalq t\u0259cr\u00fcb\u0259y\u0259 uy\u011fun olaraq orta ixtisas t\u0259hsili m\u00fc\u0259ssis\u0259l\u0259rinin akkreditasiyas\u0131 \u00fc\u00e7\u00fcn istiqam\u0259t v\u0259 meyarlar haz\u0131rlanm\u0131\u015fd\u0131r v\u0259 [&hellip;]\" \/>\n<meta property=\"og:url\" content=\"https:\/\/eu4azerbaijan.eu\/az\/training-within-strengthening-institutional-capacities-ofthe-agency-for-quality-assurance-in-education-project\/\" \/>\n<meta property=\"og:site_name\" content=\"EU for Azerbaijan\" \/>\n<meta property=\"article:published_time\" content=\"2023-08-04T15:49:12+00:00\" \/>\n<meta property=\"article:modified_time\" content=\"2023-08-04T15:49:54+00:00\" \/>\n<meta property=\"og:image\" content=\"https:\/\/eu4azerbaijan.eu\/wp-content\/uploads\/DSC6747-1.jpg\" \/>\n\t<meta property=\"og:image:width\" content=\"1280\" \/>\n\t<meta property=\"og:image:height\" content=\"853\" \/>\n\t<meta property=\"og:image:type\" content=\"image\/jpeg\" \/>\n<meta name=\"author\" content=\"Aydan Topchibasheva\" \/>\n<meta name=\"twitter:card\" content=\"summary_large_image\" \/>\n<meta name=\"twitter:label1\" content=\"Written by\" \/>\n\t<meta name=\"twitter:data1\" content=\"Aydan Topchibasheva\" \/>\n\t<meta name=\"twitter:label2\" content=\"Est. reading time\" \/>\n\t<meta name=\"twitter:data2\" content=\"2 minutes\" \/>\n<script type=\"application\/ld+json\" class=\"yoast-schema-graph\">{\"@context\":\"https:\/\/schema.org\",\"@graph\":[{\"@type\":\"WebPage\",\"@id\":\"https:\/\/eu4azerbaijan.eu\/az\/training-within-strengthening-institutional-capacities-ofthe-agency-for-quality-assurance-in-education-project\/\",\"url\":\"https:\/\/eu4azerbaijan.eu\/az\/training-within-strengthening-institutional-capacities-ofthe-agency-for-quality-assurance-in-education-project\/\",\"name\":\"\u201cAz\u0259rbaycanda T\u0259hsild\u0259 Keyfiyy\u0259t T\u0259minat\u0131 Agentliyinin institusional potensial\u0131n\u0131n g\u00fccl\u0259ndirilm\u0259si\u201d layih\u0259si \u00e7\u0259r\u00e7iv\u0259sind\u0259 t\u0259lim ke\u00e7irilmi\u015fdir - EU for Azerbaijan\",\"isPartOf\":{\"@id\":\"https:\/\/eu4azerbaijan.eu\/az\/#website\"},\"primaryImageOfPage\":{\"@id\":\"https:\/\/eu4azerbaijan.eu\/az\/training-within-strengthening-institutional-capacities-ofthe-agency-for-quality-assurance-in-education-project\/#primaryimage\"},\"image\":{\"@id\":\"https:\/\/eu4azerbaijan.eu\/az\/training-within-strengthening-institutional-capacities-ofthe-agency-for-quality-assurance-in-education-project\/#primaryimage\"},\"thumbnailUrl\":\"https:\/\/eu4azerbaijan.eu\/wp-content\/uploads\/DSC6747-1.jpg\",\"datePublished\":\"2023-08-04T15:49:12+00:00\",\"dateModified\":\"2023-08-04T15:49:54+00:00\",\"author\":{\"@id\":\"https:\/\/eu4azerbaijan.eu\/az\/#\/schema\/person\/cf17ddba07387955c481997af06797df\"},\"breadcrumb\":{\"@id\":\"https:\/\/eu4azerbaijan.eu\/az\/training-within-strengthening-institutional-capacities-ofthe-agency-for-quality-assurance-in-education-project\/#breadcrumb\"},\"inLanguage\":\"az-AZ\",\"potentialAction\":[{\"@type\":\"ReadAction\",\"target\":[\"https:\/\/eu4azerbaijan.eu\/az\/training-within-strengthening-institutional-capacities-ofthe-agency-for-quality-assurance-in-education-project\/\"]}]},{\"@type\":\"ImageObject\",\"inLanguage\":\"az-AZ\",\"@id\":\"https:\/\/eu4azerbaijan.eu\/az\/training-within-strengthening-institutional-capacities-ofthe-agency-for-quality-assurance-in-education-project\/#primaryimage\",\"url\":\"https:\/\/eu4azerbaijan.eu\/wp-content\/uploads\/DSC6747-1.jpg\",\"contentUrl\":\"https:\/\/eu4azerbaijan.eu\/wp-content\/uploads\/DSC6747-1.jpg\",\"width\":1280,\"height\":853},{\"@type\":\"BreadcrumbList\",\"@id\":\"https:\/\/eu4azerbaijan.eu\/az\/training-within-strengthening-institutional-capacities-ofthe-agency-for-quality-assurance-in-education-project\/#breadcrumb\",\"itemListElement\":[{\"@type\":\"ListItem\",\"position\":1,\"name\":\"Home\",\"item\":\"https:\/\/eu4azerbaijan.eu\/az\/\"},{\"@type\":\"ListItem\",\"position\":2,\"name\":\"\u201cAz\u0259rbaycanda T\u0259hsild\u0259 Keyfiyy\u0259t T\u0259minat\u0131 Agentliyinin institusional potensial\u0131n\u0131n g\u00fccl\u0259ndirilm\u0259si\u201d layih\u0259si \u00e7\u0259r\u00e7iv\u0259sind\u0259 t\u0259lim ke\u00e7irilmi\u015fdir\"}]},{\"@type\":\"WebSite\",\"@id\":\"https:\/\/eu4azerbaijan.eu\/az\/#website\",\"url\":\"https:\/\/eu4azerbaijan.eu\/az\/\",\"name\":\"EU for Azerbaijan\",\"description\":\"\",\"potentialAction\":[{\"@type\":\"SearchAction\",\"target\":{\"@type\":\"EntryPoint\",\"urlTemplate\":\"https:\/\/eu4azerbaijan.eu\/az\/?s={search_term_string}\"},\"query-input\":{\"@type\":\"PropertyValueSpecification\",\"valueRequired\":true,\"valueName\":\"search_term_string\"}}],\"inLanguage\":\"az-AZ\"},{\"@type\":\"Person\",\"@id\":\"https:\/\/eu4azerbaijan.eu\/az\/#\/schema\/person\/cf17ddba07387955c481997af06797df\",\"name\":\"Aydan Topchibasheva\",\"image\":{\"@type\":\"ImageObject\",\"inLanguage\":\"az-AZ\",\"@id\":\"https:\/\/eu4azerbaijan.eu\/az\/#\/schema\/person\/image\/\",\"url\":\"https:\/\/secure.gravatar.com\/avatar\/657ac54b68aced49adde2a29a43651c77d8555f376d5ee5dd68172194a09f856?s=96&d=mm&r=g\",\"contentUrl\":\"https:\/\/secure.gravatar.com\/avatar\/657ac54b68aced49adde2a29a43651c77d8555f376d5ee5dd68172194a09f856?s=96&d=mm&r=g\",\"caption\":\"Aydan Topchibasheva\"},\"url\":\"https:\/\/eu4azerbaijan.eu\/az\/author\/aydan\/\"}]}<\/script>\n<!-- \/ Yoast SEO plugin. -->","yoast_head_json":{"title":"\u201cAz\u0259rbaycanda T\u0259hsild\u0259 Keyfiyy\u0259t T\u0259minat\u0131 Agentliyinin institusional potensial\u0131n\u0131n g\u00fccl\u0259ndirilm\u0259si\u201d layih\u0259si \u00e7\u0259r\u00e7iv\u0259sind\u0259 t\u0259lim ke\u00e7irilmi\u015fdir - EU for Azerbaijan","robots":{"index":"index","follow":"follow","max-snippet":"max-snippet:-1","max-image-preview":"max-image-preview:large","max-video-preview":"max-video-preview:-1"},"canonical":"https:\/\/eu4azerbaijan.eu\/az\/training-within-strengthening-institutional-capacities-ofthe-agency-for-quality-assurance-in-education-project\/","og_locale":"az_AZ","og_type":"article","og_title":"\u201cAz\u0259rbaycanda T\u0259hsild\u0259 Keyfiyy\u0259t T\u0259minat\u0131 Agentliyinin institusional potensial\u0131n\u0131n g\u00fccl\u0259ndirilm\u0259si\u201d layih\u0259si \u00e7\u0259r\u00e7iv\u0259sind\u0259 t\u0259lim ke\u00e7irilmi\u015fdir - EU for Azerbaijan","og_description":"Avropa \u0130ttifaq\u0131 t\u0259r\u0259find\u0259n maliyy\u0259l\u0259\u015fdiril\u0259n, \u201cIBF International Consulting\u201cin T\u0259hsild\u0259 Keyfiyy\u0259t T\u0259minat\u0131 Agentliyin\u0259 d\u0259st\u0259k m\u0259qs\u0259dil\u0259 icra etdiyi \u201cAz\u0259rbaycanda T\u0259hsild\u0259 Keyfiyy\u0259t T\u0259minat\u0131 Agentliyinin institusional potensial\u0131n\u0131n g\u00fccl\u0259ndirilm\u0259si\u201d layih\u0259si \u00e7\u0259r\u00e7iv\u0259sind\u0259 25 iyul 2023-c\u00fc il tarixl\u0259rind\u0259 \u201cOrta \u0130xtisas T\u0259hsili M\u00fc\u0259ssis\u0259l\u0259rinin Akkreditasiyas\u0131\u201d m\u00f6vzusunda t\u0259lim ke\u00e7irilib. Layih\u0259 t\u0259r\u0259find\u0259n beyn\u0259lxalq t\u0259cr\u00fcb\u0259y\u0259 uy\u011fun olaraq orta ixtisas t\u0259hsili m\u00fc\u0259ssis\u0259l\u0259rinin akkreditasiyas\u0131 \u00fc\u00e7\u00fcn istiqam\u0259t v\u0259 meyarlar haz\u0131rlanm\u0131\u015fd\u0131r v\u0259 [&hellip;]","og_url":"https:\/\/eu4azerbaijan.eu\/az\/training-within-strengthening-institutional-capacities-ofthe-agency-for-quality-assurance-in-education-project\/","og_site_name":"EU for Azerbaijan","article_published_time":"2023-08-04T15:49:12+00:00","article_modified_time":"2023-08-04T15:49:54+00:00","og_image":[{"width":1280,"height":853,"url":"https:\/\/eu4azerbaijan.eu\/wp-content\/uploads\/DSC6747-1.jpg","type":"image\/jpeg"}],"author":"Aydan Topchibasheva","twitter_card":"summary_large_image","twitter_misc":{"Written by":"Aydan Topchibasheva","Est. reading time":"2 minutes"},"schema":{"@context":"https:\/\/schema.org","@graph":[{"@type":"WebPage","@id":"https:\/\/eu4azerbaijan.eu\/az\/training-within-strengthening-institutional-capacities-ofthe-agency-for-quality-assurance-in-education-project\/","url":"https:\/\/eu4azerbaijan.eu\/az\/training-within-strengthening-institutional-capacities-ofthe-agency-for-quality-assurance-in-education-project\/","name":"\u201cAz\u0259rbaycanda T\u0259hsild\u0259 Keyfiyy\u0259t T\u0259minat\u0131 Agentliyinin institusional potensial\u0131n\u0131n g\u00fccl\u0259ndirilm\u0259si\u201d layih\u0259si \u00e7\u0259r\u00e7iv\u0259sind\u0259 t\u0259lim ke\u00e7irilmi\u015fdir - EU for Azerbaijan","isPartOf":{"@id":"https:\/\/eu4azerbaijan.eu\/az\/#website"},"primaryImageOfPage":{"@id":"https:\/\/eu4azerbaijan.eu\/az\/training-within-strengthening-institutional-capacities-ofthe-agency-for-quality-assurance-in-education-project\/#primaryimage"},"image":{"@id":"https:\/\/eu4azerbaijan.eu\/az\/training-within-strengthening-institutional-capacities-ofthe-agency-for-quality-assurance-in-education-project\/#primaryimage"},"thumbnailUrl":"https:\/\/eu4azerbaijan.eu\/wp-content\/uploads\/DSC6747-1.jpg","datePublished":"2023-08-04T15:49:12+00:00","dateModified":"2023-08-04T15:49:54+00:00","author":{"@id":"https:\/\/eu4azerbaijan.eu\/az\/#\/schema\/person\/cf17ddba07387955c481997af06797df"},"breadcrumb":{"@id":"https:\/\/eu4azerbaijan.eu\/az\/training-within-strengthening-institutional-capacities-ofthe-agency-for-quality-assurance-in-education-project\/#breadcrumb"},"inLanguage":"az-AZ","potentialAction":[{"@type":"ReadAction","target":["https:\/\/eu4azerbaijan.eu\/az\/training-within-strengthening-institutional-capacities-ofthe-agency-for-quality-assurance-in-education-project\/"]}]},{"@type":"ImageObject","inLanguage":"az-AZ","@id":"https:\/\/eu4azerbaijan.eu\/az\/training-within-strengthening-institutional-capacities-ofthe-agency-for-quality-assurance-in-education-project\/#primaryimage","url":"https:\/\/eu4azerbaijan.eu\/wp-content\/uploads\/DSC6747-1.jpg","contentUrl":"https:\/\/eu4azerbaijan.eu\/wp-content\/uploads\/DSC6747-1.jpg","width":1280,"height":853},{"@type":"BreadcrumbList","@id":"https:\/\/eu4azerbaijan.eu\/az\/training-within-strengthening-institutional-capacities-ofthe-agency-for-quality-assurance-in-education-project\/#breadcrumb","itemListElement":[{"@type":"ListItem","position":1,"name":"Home","item":"https:\/\/eu4azerbaijan.eu\/az\/"},{"@type":"ListItem","position":2,"name":"\u201cAz\u0259rbaycanda T\u0259hsild\u0259 Keyfiyy\u0259t T\u0259minat\u0131 Agentliyinin institusional potensial\u0131n\u0131n g\u00fccl\u0259ndirilm\u0259si\u201d layih\u0259si \u00e7\u0259r\u00e7iv\u0259sind\u0259 t\u0259lim ke\u00e7irilmi\u015fdir"}]},{"@type":"WebSite","@id":"https:\/\/eu4azerbaijan.eu\/az\/#website","url":"https:\/\/eu4azerbaijan.eu\/az\/","name":"EU for Azerbaijan","description":"","potentialAction":[{"@type":"SearchAction","target":{"@type":"EntryPoint","urlTemplate":"https:\/\/eu4azerbaijan.eu\/az\/?s={search_term_string}"},"query-input":{"@type":"PropertyValueSpecification","valueRequired":true,"valueName":"search_term_string"}}],"inLanguage":"az-AZ"},{"@type":"Person","@id":"https:\/\/eu4azerbaijan.eu\/az\/#\/schema\/person\/cf17ddba07387955c481997af06797df","name":"Aydan Topchibasheva","image":{"@type":"ImageObject","inLanguage":"az-AZ","@id":"https:\/\/eu4azerbaijan.eu\/az\/#\/schema\/person\/image\/","url":"https:\/\/secure.gravatar.com\/avatar\/657ac54b68aced49adde2a29a43651c77d8555f376d5ee5dd68172194a09f856?s=96&d=mm&r=g","contentUrl":"https:\/\/secure.gravatar.com\/avatar\/657ac54b68aced49adde2a29a43651c77d8555f376d5ee5dd68172194a09f856?s=96&d=mm&r=g","caption":"Aydan Topchibasheva"},"url":"https:\/\/eu4azerbaijan.eu\/az\/author\/aydan\/"}]}},"_links":{"self":[{"href":"https:\/\/eu4azerbaijan.eu\/az\/wp-json\/wp\/v2\/posts\/64009","targetHints":{"allow":["GET"]}}],"collection":[{"href":"https:\/\/eu4azerbaijan.eu\/az\/wp-json\/wp\/v2\/posts"}],"about":[{"href":"https:\/\/eu4azerbaijan.eu\/az\/wp-json\/wp\/v2\/types\/post"}],"author":[{"embeddable":true,"href":"https:\/\/eu4azerbaijan.eu\/az\/wp-json\/wp\/v2\/users\/19"}],"replies":[{"embeddable":true,"href":"https:\/\/eu4azerbaijan.eu\/az\/wp-json\/wp\/v2\/comments?post=64009"}],"version-history":[{"count":2,"href":"https:\/\/eu4azerbaijan.eu\/az\/wp-json\/wp\/v2\/posts\/64009\/revisions"}],"predecessor-version":[{"id":64011,"href":"https:\/\/eu4azerbaijan.eu\/az\/wp-json\/wp\/v2\/posts\/64009\/revisions\/64011"}],"wp:featuredmedia":[{"embeddable":true,"href":"https:\/\/eu4azerbaijan.eu\/az\/wp-json\/wp\/v2\/media\/64007"}],"wp:attachment":[{"href":"https:\/\/eu4azerbaijan.eu\/az\/wp-json\/wp\/v2\/media?parent=64009"}],"wp:term":[{"taxonomy":"category","embeddable":true,"href":"https:\/\/eu4azerbaijan.eu\/az\/wp-json\/wp\/v2\/categories?post=64009"},{"taxonomy":"post_tag","embeddable":true,"href":"https:\/\/eu4azerbaijan.eu\/az\/wp-json\/wp\/v2\/tags?post=64009"},{"taxonomy":"topic","embeddable":true,"href":"https:\/\/eu4azerbaijan.eu\/az\/wp-json\/wp\/v2\/topic?post=64009"}],"curies":[{"name":"wp","href":"https:\/\/api.w.org\/{rel}","templated":true}]}}