{"id":63321,"date":"2023-02-13T08:44:18","date_gmt":"2023-02-13T08:44:18","guid":{"rendered":"https:\/\/eu4azerbaijan.eu\/workshop-within-strengthening-capacities-for-quality-assurance-and-credit-transfer-in-vocational-education-and-training-vet-in-azerbaijan-project\/"},"modified":"2023-02-13T08:46:17","modified_gmt":"2023-02-13T08:46:17","slug":"workshop-within-strengthening-capacities-for-quality-assurance-and-credit-transfer-in-vocational-education-and-training-vet-in-azerbaijan-project","status":"publish","type":"post","link":"https:\/\/eu4azerbaijan.eu\/az\/workshop-within-strengthening-capacities-for-quality-assurance-and-credit-transfer-in-vocational-education-and-training-vet-in-azerbaijan-project\/","title":{"rendered":"<strong>\u201cAz\u0259rbaycanda pe\u015f\u0259 t\u0259hsili v\u0259 t\u0259limind\u0259 keyfiyy\u0259t t\u0259minat\u0131 v\u0259 kredit transferi \u00fc\u00e7\u00fcn potensial\u0131n g\u00fccl\u0259ndirilm\u0259si\u201d layih\u0259si \u00e7\u0259r\u00e7iv\u0259sind\u0259 seminar ke\u00e7irilmi\u015fdir<\/strong>"},"content":{"rendered":"\n<p>9 fevral 2023-c\u00fc il tarixind\u0259 Avropa \u0130ttifaq\u0131n\u0131n maliyy\u0259l\u0259\u015fdirdiyi v\u0259&nbsp; \u201cIBF International Consulting\u201c \u015firk\u0259tinin r\u0259hb\u0259rlik etdiyi konsorsiumun icra el\u0259diyi \u201cAz\u0259rbaycanda pe\u015f\u0259 t\u0259hsili v\u0259 t\u0259limind\u0259 keyfiyy\u0259t t\u0259minat\u0131 v\u0259 kredit transferi \u00fc\u00e7\u00fcn potensial\u0131n g\u00fccl\u0259ndirilm\u0259si\u201c layih\u0259si \u00e7\u0259r\u00e7iv\u0259sind\u0259 \u201cKvalifikasiyalar\u0131n standartla\u015fd\u0131r\u0131lmas\u0131\u201d m\u00f6vzusunda seminar beyn\u0259lxalq ekspert Stefan Con t\u0259r\u0259find\u0259n ke\u00e7irilmi\u015fdir.<\/p>\n\n\n\n<p>Layih\u0259nin m\u0259qs\u0259di Pe\u015f\u0259 T\u0259hsili \u00fczr\u0259 D\u00f6vl\u0259t Agentliyinin keyfiyy\u0259t t\u0259minat\u0131 \u00e7\u0259r\u00e7iv\u0259sini v\u0259 pe\u015f\u0259 t\u0259hsilind\u0259 kredit transferi sistemini inki\u015faf etdirm\u0259kl\u0259 pe\u015f\u0259 t\u0259hsili v\u0259 t\u0259liminin keyfiyy\u0259tini art\u0131raraq Az\u0259rbaycanda insan kapital\u0131n\u0131n g\u00fccl\u0259ndirilm\u0259sin\u0259 k\u00f6m\u0259k etm\u0259kdir.<\/p>\n\n\n\n<p>Seminarda Pe\u015f\u0259 T\u0259hsili \u00fczr\u0259 D\u00f6vl\u0259t Agentliyinin v\u0259 Az\u0259rbaycan Respublikas\u0131 T\u0259hsil \u0130nstitutunun m\u00fcvafiq \u015f\u00f6b\u0259sinin \u0259m\u0259kda\u015flar\u0131, el\u0259c\u0259 d\u0259 universitet v\u0259 pe\u015f\u0259 t\u0259hsil m\u0259rk\u0259zl\u0259rinin n\u00fcmay\u0259nd\u0259l\u0259ri i\u015ftirak edib. Seminar Az\u0259rbaycan t\u0259hsil sistemini, Avropa Kvalifikasiya \u00c7\u0259r\u00e7iv\u0259sini, Pe\u015f\u0259 t\u0259hsili \u00fc\u00e7\u00fcn Avropa Kredit Sistemini, kvalifikasiyalar\u0131n n\u00f6vl\u0259rini, kvalifikasiyalar\u0131n t\u0259rkib hiss\u0259si olan modullar\u0131n v\u0259 onlar\u0131n kredit d\u0259y\u0259rinin m\u00fc\u0259yy\u0259n edilm\u0259si, t\u0259lim n\u0259tic\u0259l\u0259rinin v\u0259 qiym\u0259tl\u0259ndirm\u0259 meyarlar\u0131n\u0131n yaz\u0131lmas\u0131 \u00fczr\u0259 beyn\u0259lxalq t\u0259cr\u00fcb\u0259ni \u0259hat\u0259 edib.<\/p>\n\n\n\n<p>Layih\u0259 Az\u0259rbaycan Respublikas\u0131 h\u00f6kum\u0259ti v\u0259 Avropa \u0130ttifaq\u0131 aras\u0131nda imzalanm\u0131\u015f Maliyy\u0259 Sazi\u015fi (\u201cAz\u0259rbaycanda m\u0259\u015f\u011fulluq \u00fc\u00e7\u00fcn t\u0259hsil\u201d) \u00e7\u0259r\u00e7iv\u0259sind\u0259 h\u0259yata ke\u00e7irilir. \u201dAz\u0259rbaycanda m\u0259\u015f\u011fulluq \u00fc\u00e7\u00fcn t\u0259hsil 2018-ci il\u201d illik f\u0259aliyy\u0259t proqram\u0131 Avropa qon\u015fuluq v\u0259 t\u0259r\u0259fda\u015fl\u0131q al\u0259ti \u00e7\u0259r\u00e7iv\u0259sind\u0259 maliyy\u0259l\u0259\u015fdirilir.<\/p>\n\n\n\n<figure class=\"wp-block-gallery has-nested-images columns-default is-cropped wp-block-gallery-1 is-layout-flex wp-block-gallery-is-layout-flex\">\n<figure class=\"wp-block-image size-large\"><img loading=\"lazy\" decoding=\"async\" width=\"768\" height=\"1024\" data-id=\"63310\" src=\"https:\/\/eu4azerbaijan.eu\/wp-content\/uploads\/1-5-768x1024.jpg\" alt=\"\" class=\"wp-image-63310\" srcset=\"https:\/\/eu4azerbaijan.eu\/wp-content\/uploads\/1-5-768x1024.jpg 768w, https:\/\/eu4azerbaijan.eu\/wp-content\/uploads\/1-5-225x300.jpg 225w, https:\/\/eu4azerbaijan.eu\/wp-content\/uploads\/1-5.jpg 960w\" sizes=\"(max-width: 768px) 100vw, 768px\" \/><\/figure>\n\n\n\n<figure class=\"wp-block-image size-large\"><img loading=\"lazy\" decoding=\"async\" width=\"1024\" height=\"768\" data-id=\"63312\" src=\"https:\/\/eu4azerbaijan.eu\/wp-content\/uploads\/2-5-1024x768.jpg\" alt=\"\" class=\"wp-image-63312\" srcset=\"https:\/\/eu4azerbaijan.eu\/wp-content\/uploads\/2-5-1024x768.jpg 1024w, https:\/\/eu4azerbaijan.eu\/wp-content\/uploads\/2-5-300x225.jpg 300w, https:\/\/eu4azerbaijan.eu\/wp-content\/uploads\/2-5-768x576.jpg 768w, https:\/\/eu4azerbaijan.eu\/wp-content\/uploads\/2-5.jpg 1280w\" sizes=\"(max-width: 1024px) 100vw, 1024px\" \/><\/figure>\n\n\n\n<figure class=\"wp-block-image size-large\"><img loading=\"lazy\" decoding=\"async\" width=\"1024\" height=\"768\" data-id=\"63314\" src=\"https:\/\/eu4azerbaijan.eu\/wp-content\/uploads\/3-7-1024x768.jpg\" alt=\"\" class=\"wp-image-63314\" srcset=\"https:\/\/eu4azerbaijan.eu\/wp-content\/uploads\/3-7-1024x768.jpg 1024w, https:\/\/eu4azerbaijan.eu\/wp-content\/uploads\/3-7-300x225.jpg 300w, https:\/\/eu4azerbaijan.eu\/wp-content\/uploads\/3-7-768x576.jpg 768w, https:\/\/eu4azerbaijan.eu\/wp-content\/uploads\/3-7.jpg 1280w\" sizes=\"(max-width: 1024px) 100vw, 1024px\" \/><\/figure>\n\n\n\n<figure class=\"wp-block-image size-large\"><img loading=\"lazy\" decoding=\"async\" width=\"1024\" height=\"768\" data-id=\"63316\" src=\"https:\/\/eu4azerbaijan.eu\/wp-content\/uploads\/5-5-1024x768.jpg\" alt=\"\" class=\"wp-image-63316\" srcset=\"https:\/\/eu4azerbaijan.eu\/wp-content\/uploads\/5-5-1024x768.jpg 1024w, https:\/\/eu4azerbaijan.eu\/wp-content\/uploads\/5-5-300x225.jpg 300w, https:\/\/eu4azerbaijan.eu\/wp-content\/uploads\/5-5-768x576.jpg 768w, https:\/\/eu4azerbaijan.eu\/wp-content\/uploads\/5-5.jpg 1156w\" sizes=\"(max-width: 1024px) 100vw, 1024px\" \/><\/figure>\n<\/figure>\n","protected":false},"excerpt":{"rendered":"<p>9 fevral 2023-c\u00fc il tarixind\u0259 Avropa \u0130ttifaq\u0131n\u0131n maliyy\u0259l\u0259\u015fdirdiyi v\u0259&nbsp; \u201cIBF International Consulting\u201c \u015firk\u0259tinin r\u0259hb\u0259rlik etdiyi konsorsiumun icra el\u0259diyi \u201cAz\u0259rbaycanda pe\u015f\u0259 t\u0259hsili v\u0259 t\u0259limind\u0259 keyfiyy\u0259t t\u0259minat\u0131 v\u0259 kredit transferi \u00fc\u00e7\u00fcn potensial\u0131n g\u00fccl\u0259ndirilm\u0259si\u201c layih\u0259si \u00e7\u0259r\u00e7iv\u0259sind\u0259 \u201cKvalifikasiyalar\u0131n standartla\u015fd\u0131r\u0131lmas\u0131\u201d m\u00f6vzusunda seminar beyn\u0259lxalq ekspert Stefan Con t\u0259r\u0259find\u0259n ke\u00e7irilmi\u015fdir. Layih\u0259nin m\u0259qs\u0259di Pe\u015f\u0259 T\u0259hsili \u00fczr\u0259 D\u00f6vl\u0259t Agentliyinin keyfiyy\u0259t t\u0259minat\u0131 \u00e7\u0259r\u00e7iv\u0259sini v\u0259 pe\u015f\u0259 [&hellip;]<\/p>\n","protected":false},"author":19,"featured_media":63319,"comment_status":"closed","ping_status":"closed","sticky":false,"template":"","format":"standard","meta":{"_acf_changed":false,"footnotes":""},"categories":[374,284],"tags":[],"topic":[],"class_list":["post-63321","post","type-post","status-publish","format-standard","has-post-thumbnail","hentry","category-whats-happening-az","category-news-az"],"acf":[],"yoast_head":"<!-- This site is optimized with the Yoast SEO plugin v26.4 - https:\/\/yoast.com\/wordpress\/plugins\/seo\/ -->\n<title>\u201cAz\u0259rbaycanda pe\u015f\u0259 t\u0259hsili v\u0259 t\u0259limind\u0259 keyfiyy\u0259t t\u0259minat\u0131 v\u0259 kredit transferi \u00fc\u00e7\u00fcn potensial\u0131n g\u00fccl\u0259ndirilm\u0259si\u201d layih\u0259si \u00e7\u0259r\u00e7iv\u0259sind\u0259 seminar ke\u00e7irilmi\u015fdir - EU for Azerbaijan<\/title>\n<meta name=\"robots\" content=\"index, follow, max-snippet:-1, max-image-preview:large, max-video-preview:-1\" \/>\n<link rel=\"canonical\" href=\"https:\/\/eu4azerbaijan.eu\/az\/workshop-within-strengthening-capacities-for-quality-assurance-and-credit-transfer-in-vocational-education-and-training-vet-in-azerbaijan-project\/\" \/>\n<meta property=\"og:locale\" content=\"az_AZ\" \/>\n<meta property=\"og:type\" content=\"article\" \/>\n<meta property=\"og:title\" content=\"\u201cAz\u0259rbaycanda pe\u015f\u0259 t\u0259hsili v\u0259 t\u0259limind\u0259 keyfiyy\u0259t t\u0259minat\u0131 v\u0259 kredit transferi \u00fc\u00e7\u00fcn potensial\u0131n g\u00fccl\u0259ndirilm\u0259si\u201d layih\u0259si \u00e7\u0259r\u00e7iv\u0259sind\u0259 seminar ke\u00e7irilmi\u015fdir - EU for Azerbaijan\" \/>\n<meta property=\"og:description\" content=\"9 fevral 2023-c\u00fc il tarixind\u0259 Avropa \u0130ttifaq\u0131n\u0131n maliyy\u0259l\u0259\u015fdirdiyi v\u0259&nbsp; \u201cIBF International Consulting\u201c \u015firk\u0259tinin r\u0259hb\u0259rlik etdiyi konsorsiumun icra el\u0259diyi \u201cAz\u0259rbaycanda pe\u015f\u0259 t\u0259hsili v\u0259 t\u0259limind\u0259 keyfiyy\u0259t t\u0259minat\u0131 v\u0259 kredit transferi \u00fc\u00e7\u00fcn potensial\u0131n g\u00fccl\u0259ndirilm\u0259si\u201c layih\u0259si \u00e7\u0259r\u00e7iv\u0259sind\u0259 \u201cKvalifikasiyalar\u0131n standartla\u015fd\u0131r\u0131lmas\u0131\u201d m\u00f6vzusunda seminar beyn\u0259lxalq ekspert Stefan Con t\u0259r\u0259find\u0259n ke\u00e7irilmi\u015fdir. Layih\u0259nin m\u0259qs\u0259di Pe\u015f\u0259 T\u0259hsili \u00fczr\u0259 D\u00f6vl\u0259t Agentliyinin keyfiyy\u0259t t\u0259minat\u0131 \u00e7\u0259r\u00e7iv\u0259sini v\u0259 pe\u015f\u0259 [&hellip;]\" \/>\n<meta property=\"og:url\" content=\"https:\/\/eu4azerbaijan.eu\/az\/workshop-within-strengthening-capacities-for-quality-assurance-and-credit-transfer-in-vocational-education-and-training-vet-in-azerbaijan-project\/\" \/>\n<meta property=\"og:site_name\" content=\"EU for Azerbaijan\" \/>\n<meta property=\"article:published_time\" content=\"2023-02-13T08:44:18+00:00\" \/>\n<meta property=\"article:modified_time\" content=\"2023-02-13T08:46:17+00:00\" \/>\n<meta property=\"og:image\" content=\"https:\/\/eu4azerbaijan.eu\/wp-content\/uploads\/6-2.jpg\" \/>\n\t<meta property=\"og:image:width\" content=\"960\" \/>\n\t<meta property=\"og:image:height\" content=\"1280\" \/>\n\t<meta property=\"og:image:type\" content=\"image\/jpeg\" \/>\n<meta name=\"author\" content=\"Aydan Topchibasheva\" \/>\n<meta name=\"twitter:card\" content=\"summary_large_image\" \/>\n<meta name=\"twitter:label1\" content=\"Written by\" \/>\n\t<meta name=\"twitter:data1\" content=\"Aydan Topchibasheva\" \/>\n\t<meta name=\"twitter:label2\" content=\"Est. reading time\" \/>\n\t<meta name=\"twitter:data2\" content=\"2 minutes\" \/>\n<script type=\"application\/ld+json\" class=\"yoast-schema-graph\">{\"@context\":\"https:\/\/schema.org\",\"@graph\":[{\"@type\":\"WebPage\",\"@id\":\"https:\/\/eu4azerbaijan.eu\/az\/workshop-within-strengthening-capacities-for-quality-assurance-and-credit-transfer-in-vocational-education-and-training-vet-in-azerbaijan-project\/\",\"url\":\"https:\/\/eu4azerbaijan.eu\/az\/workshop-within-strengthening-capacities-for-quality-assurance-and-credit-transfer-in-vocational-education-and-training-vet-in-azerbaijan-project\/\",\"name\":\"\u201cAz\u0259rbaycanda pe\u015f\u0259 t\u0259hsili v\u0259 t\u0259limind\u0259 keyfiyy\u0259t t\u0259minat\u0131 v\u0259 kredit transferi \u00fc\u00e7\u00fcn potensial\u0131n g\u00fccl\u0259ndirilm\u0259si\u201d layih\u0259si \u00e7\u0259r\u00e7iv\u0259sind\u0259 seminar ke\u00e7irilmi\u015fdir - EU for Azerbaijan\",\"isPartOf\":{\"@id\":\"https:\/\/eu4azerbaijan.eu\/az\/#website\"},\"primaryImageOfPage\":{\"@id\":\"https:\/\/eu4azerbaijan.eu\/az\/workshop-within-strengthening-capacities-for-quality-assurance-and-credit-transfer-in-vocational-education-and-training-vet-in-azerbaijan-project\/#primaryimage\"},\"image\":{\"@id\":\"https:\/\/eu4azerbaijan.eu\/az\/workshop-within-strengthening-capacities-for-quality-assurance-and-credit-transfer-in-vocational-education-and-training-vet-in-azerbaijan-project\/#primaryimage\"},\"thumbnailUrl\":\"https:\/\/eu4azerbaijan.eu\/wp-content\/uploads\/6-2.jpg\",\"datePublished\":\"2023-02-13T08:44:18+00:00\",\"dateModified\":\"2023-02-13T08:46:17+00:00\",\"author\":{\"@id\":\"https:\/\/eu4azerbaijan.eu\/az\/#\/schema\/person\/cf17ddba07387955c481997af06797df\"},\"breadcrumb\":{\"@id\":\"https:\/\/eu4azerbaijan.eu\/az\/workshop-within-strengthening-capacities-for-quality-assurance-and-credit-transfer-in-vocational-education-and-training-vet-in-azerbaijan-project\/#breadcrumb\"},\"inLanguage\":\"az-AZ\",\"potentialAction\":[{\"@type\":\"ReadAction\",\"target\":[\"https:\/\/eu4azerbaijan.eu\/az\/workshop-within-strengthening-capacities-for-quality-assurance-and-credit-transfer-in-vocational-education-and-training-vet-in-azerbaijan-project\/\"]}]},{\"@type\":\"ImageObject\",\"inLanguage\":\"az-AZ\",\"@id\":\"https:\/\/eu4azerbaijan.eu\/az\/workshop-within-strengthening-capacities-for-quality-assurance-and-credit-transfer-in-vocational-education-and-training-vet-in-azerbaijan-project\/#primaryimage\",\"url\":\"https:\/\/eu4azerbaijan.eu\/wp-content\/uploads\/6-2.jpg\",\"contentUrl\":\"https:\/\/eu4azerbaijan.eu\/wp-content\/uploads\/6-2.jpg\",\"width\":960,\"height\":1280},{\"@type\":\"BreadcrumbList\",\"@id\":\"https:\/\/eu4azerbaijan.eu\/az\/workshop-within-strengthening-capacities-for-quality-assurance-and-credit-transfer-in-vocational-education-and-training-vet-in-azerbaijan-project\/#breadcrumb\",\"itemListElement\":[{\"@type\":\"ListItem\",\"position\":1,\"name\":\"Home\",\"item\":\"https:\/\/eu4azerbaijan.eu\/az\/\"},{\"@type\":\"ListItem\",\"position\":2,\"name\":\"\u201cAz\u0259rbaycanda pe\u015f\u0259 t\u0259hsili v\u0259 t\u0259limind\u0259 keyfiyy\u0259t t\u0259minat\u0131 v\u0259 kredit transferi \u00fc\u00e7\u00fcn potensial\u0131n g\u00fccl\u0259ndirilm\u0259si\u201d layih\u0259si \u00e7\u0259r\u00e7iv\u0259sind\u0259 seminar ke\u00e7irilmi\u015fdir\"}]},{\"@type\":\"WebSite\",\"@id\":\"https:\/\/eu4azerbaijan.eu\/az\/#website\",\"url\":\"https:\/\/eu4azerbaijan.eu\/az\/\",\"name\":\"EU for Azerbaijan\",\"description\":\"\",\"potentialAction\":[{\"@type\":\"SearchAction\",\"target\":{\"@type\":\"EntryPoint\",\"urlTemplate\":\"https:\/\/eu4azerbaijan.eu\/az\/?s={search_term_string}\"},\"query-input\":{\"@type\":\"PropertyValueSpecification\",\"valueRequired\":true,\"valueName\":\"search_term_string\"}}],\"inLanguage\":\"az-AZ\"},{\"@type\":\"Person\",\"@id\":\"https:\/\/eu4azerbaijan.eu\/az\/#\/schema\/person\/cf17ddba07387955c481997af06797df\",\"name\":\"Aydan Topchibasheva\",\"image\":{\"@type\":\"ImageObject\",\"inLanguage\":\"az-AZ\",\"@id\":\"https:\/\/eu4azerbaijan.eu\/az\/#\/schema\/person\/image\/\",\"url\":\"https:\/\/secure.gravatar.com\/avatar\/657ac54b68aced49adde2a29a43651c77d8555f376d5ee5dd68172194a09f856?s=96&d=mm&r=g\",\"contentUrl\":\"https:\/\/secure.gravatar.com\/avatar\/657ac54b68aced49adde2a29a43651c77d8555f376d5ee5dd68172194a09f856?s=96&d=mm&r=g\",\"caption\":\"Aydan Topchibasheva\"},\"url\":\"https:\/\/eu4azerbaijan.eu\/az\/author\/aydan\/\"}]}<\/script>\n<!-- \/ Yoast SEO plugin. -->","yoast_head_json":{"title":"\u201cAz\u0259rbaycanda pe\u015f\u0259 t\u0259hsili v\u0259 t\u0259limind\u0259 keyfiyy\u0259t t\u0259minat\u0131 v\u0259 kredit transferi \u00fc\u00e7\u00fcn potensial\u0131n g\u00fccl\u0259ndirilm\u0259si\u201d layih\u0259si \u00e7\u0259r\u00e7iv\u0259sind\u0259 seminar ke\u00e7irilmi\u015fdir - EU for Azerbaijan","robots":{"index":"index","follow":"follow","max-snippet":"max-snippet:-1","max-image-preview":"max-image-preview:large","max-video-preview":"max-video-preview:-1"},"canonical":"https:\/\/eu4azerbaijan.eu\/az\/workshop-within-strengthening-capacities-for-quality-assurance-and-credit-transfer-in-vocational-education-and-training-vet-in-azerbaijan-project\/","og_locale":"az_AZ","og_type":"article","og_title":"\u201cAz\u0259rbaycanda pe\u015f\u0259 t\u0259hsili v\u0259 t\u0259limind\u0259 keyfiyy\u0259t t\u0259minat\u0131 v\u0259 kredit transferi \u00fc\u00e7\u00fcn potensial\u0131n g\u00fccl\u0259ndirilm\u0259si\u201d layih\u0259si \u00e7\u0259r\u00e7iv\u0259sind\u0259 seminar ke\u00e7irilmi\u015fdir - EU for Azerbaijan","og_description":"9 fevral 2023-c\u00fc il tarixind\u0259 Avropa \u0130ttifaq\u0131n\u0131n maliyy\u0259l\u0259\u015fdirdiyi v\u0259&nbsp; \u201cIBF International Consulting\u201c \u015firk\u0259tinin r\u0259hb\u0259rlik etdiyi konsorsiumun icra el\u0259diyi \u201cAz\u0259rbaycanda pe\u015f\u0259 t\u0259hsili v\u0259 t\u0259limind\u0259 keyfiyy\u0259t t\u0259minat\u0131 v\u0259 kredit transferi \u00fc\u00e7\u00fcn potensial\u0131n g\u00fccl\u0259ndirilm\u0259si\u201c layih\u0259si \u00e7\u0259r\u00e7iv\u0259sind\u0259 \u201cKvalifikasiyalar\u0131n standartla\u015fd\u0131r\u0131lmas\u0131\u201d m\u00f6vzusunda seminar beyn\u0259lxalq ekspert Stefan Con t\u0259r\u0259find\u0259n ke\u00e7irilmi\u015fdir. Layih\u0259nin m\u0259qs\u0259di Pe\u015f\u0259 T\u0259hsili \u00fczr\u0259 D\u00f6vl\u0259t Agentliyinin keyfiyy\u0259t t\u0259minat\u0131 \u00e7\u0259r\u00e7iv\u0259sini v\u0259 pe\u015f\u0259 [&hellip;]","og_url":"https:\/\/eu4azerbaijan.eu\/az\/workshop-within-strengthening-capacities-for-quality-assurance-and-credit-transfer-in-vocational-education-and-training-vet-in-azerbaijan-project\/","og_site_name":"EU for Azerbaijan","article_published_time":"2023-02-13T08:44:18+00:00","article_modified_time":"2023-02-13T08:46:17+00:00","og_image":[{"width":960,"height":1280,"url":"https:\/\/eu4azerbaijan.eu\/wp-content\/uploads\/6-2.jpg","type":"image\/jpeg"}],"author":"Aydan Topchibasheva","twitter_card":"summary_large_image","twitter_misc":{"Written by":"Aydan Topchibasheva","Est. reading time":"2 minutes"},"schema":{"@context":"https:\/\/schema.org","@graph":[{"@type":"WebPage","@id":"https:\/\/eu4azerbaijan.eu\/az\/workshop-within-strengthening-capacities-for-quality-assurance-and-credit-transfer-in-vocational-education-and-training-vet-in-azerbaijan-project\/","url":"https:\/\/eu4azerbaijan.eu\/az\/workshop-within-strengthening-capacities-for-quality-assurance-and-credit-transfer-in-vocational-education-and-training-vet-in-azerbaijan-project\/","name":"\u201cAz\u0259rbaycanda pe\u015f\u0259 t\u0259hsili v\u0259 t\u0259limind\u0259 keyfiyy\u0259t t\u0259minat\u0131 v\u0259 kredit transferi \u00fc\u00e7\u00fcn potensial\u0131n g\u00fccl\u0259ndirilm\u0259si\u201d layih\u0259si \u00e7\u0259r\u00e7iv\u0259sind\u0259 seminar ke\u00e7irilmi\u015fdir - EU for Azerbaijan","isPartOf":{"@id":"https:\/\/eu4azerbaijan.eu\/az\/#website"},"primaryImageOfPage":{"@id":"https:\/\/eu4azerbaijan.eu\/az\/workshop-within-strengthening-capacities-for-quality-assurance-and-credit-transfer-in-vocational-education-and-training-vet-in-azerbaijan-project\/#primaryimage"},"image":{"@id":"https:\/\/eu4azerbaijan.eu\/az\/workshop-within-strengthening-capacities-for-quality-assurance-and-credit-transfer-in-vocational-education-and-training-vet-in-azerbaijan-project\/#primaryimage"},"thumbnailUrl":"https:\/\/eu4azerbaijan.eu\/wp-content\/uploads\/6-2.jpg","datePublished":"2023-02-13T08:44:18+00:00","dateModified":"2023-02-13T08:46:17+00:00","author":{"@id":"https:\/\/eu4azerbaijan.eu\/az\/#\/schema\/person\/cf17ddba07387955c481997af06797df"},"breadcrumb":{"@id":"https:\/\/eu4azerbaijan.eu\/az\/workshop-within-strengthening-capacities-for-quality-assurance-and-credit-transfer-in-vocational-education-and-training-vet-in-azerbaijan-project\/#breadcrumb"},"inLanguage":"az-AZ","potentialAction":[{"@type":"ReadAction","target":["https:\/\/eu4azerbaijan.eu\/az\/workshop-within-strengthening-capacities-for-quality-assurance-and-credit-transfer-in-vocational-education-and-training-vet-in-azerbaijan-project\/"]}]},{"@type":"ImageObject","inLanguage":"az-AZ","@id":"https:\/\/eu4azerbaijan.eu\/az\/workshop-within-strengthening-capacities-for-quality-assurance-and-credit-transfer-in-vocational-education-and-training-vet-in-azerbaijan-project\/#primaryimage","url":"https:\/\/eu4azerbaijan.eu\/wp-content\/uploads\/6-2.jpg","contentUrl":"https:\/\/eu4azerbaijan.eu\/wp-content\/uploads\/6-2.jpg","width":960,"height":1280},{"@type":"BreadcrumbList","@id":"https:\/\/eu4azerbaijan.eu\/az\/workshop-within-strengthening-capacities-for-quality-assurance-and-credit-transfer-in-vocational-education-and-training-vet-in-azerbaijan-project\/#breadcrumb","itemListElement":[{"@type":"ListItem","position":1,"name":"Home","item":"https:\/\/eu4azerbaijan.eu\/az\/"},{"@type":"ListItem","position":2,"name":"\u201cAz\u0259rbaycanda pe\u015f\u0259 t\u0259hsili v\u0259 t\u0259limind\u0259 keyfiyy\u0259t t\u0259minat\u0131 v\u0259 kredit transferi \u00fc\u00e7\u00fcn potensial\u0131n g\u00fccl\u0259ndirilm\u0259si\u201d layih\u0259si \u00e7\u0259r\u00e7iv\u0259sind\u0259 seminar ke\u00e7irilmi\u015fdir"}]},{"@type":"WebSite","@id":"https:\/\/eu4azerbaijan.eu\/az\/#website","url":"https:\/\/eu4azerbaijan.eu\/az\/","name":"EU for Azerbaijan","description":"","potentialAction":[{"@type":"SearchAction","target":{"@type":"EntryPoint","urlTemplate":"https:\/\/eu4azerbaijan.eu\/az\/?s={search_term_string}"},"query-input":{"@type":"PropertyValueSpecification","valueRequired":true,"valueName":"search_term_string"}}],"inLanguage":"az-AZ"},{"@type":"Person","@id":"https:\/\/eu4azerbaijan.eu\/az\/#\/schema\/person\/cf17ddba07387955c481997af06797df","name":"Aydan Topchibasheva","image":{"@type":"ImageObject","inLanguage":"az-AZ","@id":"https:\/\/eu4azerbaijan.eu\/az\/#\/schema\/person\/image\/","url":"https:\/\/secure.gravatar.com\/avatar\/657ac54b68aced49adde2a29a43651c77d8555f376d5ee5dd68172194a09f856?s=96&d=mm&r=g","contentUrl":"https:\/\/secure.gravatar.com\/avatar\/657ac54b68aced49adde2a29a43651c77d8555f376d5ee5dd68172194a09f856?s=96&d=mm&r=g","caption":"Aydan Topchibasheva"},"url":"https:\/\/eu4azerbaijan.eu\/az\/author\/aydan\/"}]}},"_links":{"self":[{"href":"https:\/\/eu4azerbaijan.eu\/az\/wp-json\/wp\/v2\/posts\/63321","targetHints":{"allow":["GET"]}}],"collection":[{"href":"https:\/\/eu4azerbaijan.eu\/az\/wp-json\/wp\/v2\/posts"}],"about":[{"href":"https:\/\/eu4azerbaijan.eu\/az\/wp-json\/wp\/v2\/types\/post"}],"author":[{"embeddable":true,"href":"https:\/\/eu4azerbaijan.eu\/az\/wp-json\/wp\/v2\/users\/19"}],"replies":[{"embeddable":true,"href":"https:\/\/eu4azerbaijan.eu\/az\/wp-json\/wp\/v2\/comments?post=63321"}],"version-history":[{"count":2,"href":"https:\/\/eu4azerbaijan.eu\/az\/wp-json\/wp\/v2\/posts\/63321\/revisions"}],"predecessor-version":[{"id":63323,"href":"https:\/\/eu4azerbaijan.eu\/az\/wp-json\/wp\/v2\/posts\/63321\/revisions\/63323"}],"wp:featuredmedia":[{"embeddable":true,"href":"https:\/\/eu4azerbaijan.eu\/az\/wp-json\/wp\/v2\/media\/63319"}],"wp:attachment":[{"href":"https:\/\/eu4azerbaijan.eu\/az\/wp-json\/wp\/v2\/media?parent=63321"}],"wp:term":[{"taxonomy":"category","embeddable":true,"href":"https:\/\/eu4azerbaijan.eu\/az\/wp-json\/wp\/v2\/categories?post=63321"},{"taxonomy":"post_tag","embeddable":true,"href":"https:\/\/eu4azerbaijan.eu\/az\/wp-json\/wp\/v2\/tags?post=63321"},{"taxonomy":"topic","embeddable":true,"href":"https:\/\/eu4azerbaijan.eu\/az\/wp-json\/wp\/v2\/topic?post=63321"}],"curies":[{"name":"wp","href":"https:\/\/api.w.org\/{rel}","templated":true}]}}