{"id":63297,"date":"2023-02-08T08:36:55","date_gmt":"2023-02-08T08:36:55","guid":{"rendered":"https:\/\/eu4azerbaijan.eu\/eu4culture-launches-a-call-for-mobility-grants-for-artists-and-cultural-professionals\/"},"modified":"2023-02-08T08:38:33","modified_gmt":"2023-02-08T08:38:33","slug":"eu4culture-launches-a-call-for-mobility-grants-for-artists-and-cultural-professionals","status":"publish","type":"post","link":"https:\/\/eu4azerbaijan.eu\/az\/eu4culture-launches-a-call-for-mobility-grants-for-artists-and-cultural-professionals\/","title":{"rendered":"EU4Culture R\u0259ssamlar v\u0259 M\u0259d\u0259niyy\u0259t Pe\u015f\u0259karlar\u0131 \u00fc\u00e7\u00fcn mobillik qrantlar\u0131 \u00fc\u00e7\u00fcn m\u00fcsabiq\u0259 elan edir"},"content":{"rendered":"\n<p><strong>Avropa \u0130ttifaq\u0131 (<\/strong><strong>A\u0130<\/strong><strong>)<\/strong><strong> t\u0259r\u0259find\u0259n maliyy\u0259l\u0259\u015fdiril\u0259n EU4Culture layih\u0259si \u015e\u0259rq T\u0259r\u0259fda\u015fl\u0131\u011f\u0131 \u00f6lk\u0259l\u0259rind\u0259n: Az\u0259rbaycan, Belarusiya, Erm\u0259nistan, G\u00fcrc\u00fcstan, Moldova Respublikas\u0131 v\u0259 Ukraynadan olan <\/strong><strong>s\u0259n\u0259tkarlar<\/strong><strong> v\u0259 m\u0259d\u0259niyy\u0259t <\/strong><strong>m\u00fct\u0259x\u0259ssisl\u0259rin\u0259<\/strong><strong> d\u0259st\u0259k \u00fc\u00e7\u00fcn mobillik qrantlar\u0131 \u00fc\u00e7\u00fcn 3-c\u00fc <\/strong><strong>m\u00fcsabiq\u0131sini<\/strong><strong> elan edir. Bu <\/strong><strong>m\u00fcsabiq\u0259<\/strong><strong> qeyri-paytaxt \u015f\u0259h\u0259rl\u0259rind\u0259n olan <\/strong><strong>m\u00fcraci\u0259t\u00e7il\u0259rin<\/strong><strong> d\u0259st\u0259kl\u0259nm\u0259sin\u0259 x\u00fcsusi diqq\u0259t yetirir.<\/strong><\/p>\n\n\n\n<p>EU4Culture mobillik qrantlar\u0131 t\u0259cr\u00fcb\u0259, t\u0259hsil s\u0259f\u0259rl\u0259ri, konfranslar, pe\u015f\u0259kar inki\u015faf v\u0259 bilik m\u00fcbadil\u0259sini v\u0259 m\u0259d\u0259niyy\u0259tl\u0259raras\u0131 dialoqu t\u0259\u015fviq ed\u0259n dig\u0259r f\u0259aliyy\u0259tl\u0259r \u00fc\u00e7\u00fcn a\u00e7\u0131qd\u0131r.<\/p>\n\n\n\n<p>Bu \u00f6lk\u0259l\u0259rin v\u0259t\u0259nda\u015flar\u0131 v\u0259 ya qanuni rezidentl\u0259ri olan 18 ya\u015fdan yuxar\u0131 b\u00fct\u00fcn m\u0259d\u0259niyy\u0259t sektorlar\u0131ndan olan s\u0259n\u0259tkarlar v\u0259 ya m\u0259d\u0259niyy\u0259t m\u00fct\u0259x\u0259ssisl\u0259ri m\u00fcraci\u0259t ed\u0259 bil\u0259rl\u0259r. Bu d\u0259f\u0259ki m\u00fcsabiq\u0259nin \u00fcmumi qrant b\u00fcdc\u0259sinin yar\u0131s\u0131n\u0131n x\u00fcsusi olaraq qeyri-paytaxt \u015f\u0259h\u0259rl\u0259rind\u0259 ya\u015fayan m\u00fcraci\u0259t\u00e7il\u0259r\u0259 ayr\u0131lmas\u0131 m\u00fcsabiq\u0259nin regionlar \u00fc\u00e7\u00fcn x\u00fcsusi imkan yaratd\u0131\u011f\u0131n\u0131n bariz g\u00f6st\u0259ricisidir.<\/p>\n\n\n\n<p>M\u00fcsabiq\u0259 d\u00f6rd n\u00f6v mobilliyi d\u0259st\u0259kl\u0259yir:<\/p>\n\n\n\n<p>1. Q\u0131sam\u00fcdd\u0259tli s\u0259yah\u0259tl\u0259r (5-10 t\u0259qvim g\u00fcn\u00fc) \u2013 1500 avroya q\u0259d\u0259r<\/p>\n\n\n\n<p>2. Orta m\u00fcdd\u0259tli s\u0259yah\u0259tl\u0259r (5 h\u0259ft\u0259y\u0259 q\u0259d\u0259r) &#8211; 3500 avroya q\u0259d\u0259r<\/p>\n\n\n\n<p>3. Uzunm\u00fcdd\u0259tli s\u0259yah\u0259tl\u0259r (12 h\u0259ft\u0259y\u0259 q\u0259d\u0259r) &#8211; 5000 avroya q\u0259d\u0259r<\/p>\n\n\n\n<p>4. Virtual Mobillikl\u0259r (onlayn i\u015ftirak) &#8211; 1000 avroya q\u0259d\u0259r<\/p>\n\n\n\n<p>Mobillik layih\u0259l\u0259ri 1 iyun 2023-c\u00fc il &#8211; 31 may 2024-c\u00fc il tarixl\u0259ri aras\u0131nda Avropa \u0130ttifaq\u0131na \u00fczv d\u00f6vl\u0259tl\u0259rd\u0259, A\u0130 t\u0259r\u0259fda\u015f \u00f6lk\u0259l\u0259rd\u0259 v\u0259 dig\u0259r Avropa \u00f6lk\u0259l\u0259rind\u0259 h\u0259yata ke\u00e7iril\u0259 bil\u0259r.<\/p>\n\n\n\n<p>EU4Culture mobillik qrantlar\u0131na m\u00fcraci\u0259t etm\u0259k \u00fc\u00e7\u00fcn \u0259riz\u0259\u00e7il\u0259r Goethe Application <a href=\"https:\/\/gap-online.goethe.de\/en-US\/cases\/fc7a6bdb-7feb-43da-a592-b14efbea102e\/create\">Portal<\/a> (GAP) vasit\u0259sil\u0259 t\u0259klif etdikl\u0259ri beyn\u0259lxalq mobillik \u00fc\u00e7\u00fcn f\u0259aliyy\u0259t plan\u0131 v\u0259 b\u00fcdc\u0259 t\u0259qdim etm\u0259lidirl\u0259r.<\/p>\n\n\n\n<p>A\u00e7\u0131q m\u00fcsabiq\u0259 \u00fc\u00e7\u00fcn son tarix 27 mart 2023-c\u00fc il, saat 15:00-d\u0131r (M\u0259rk\u0259zi Avropa vaxt\u0131).<\/p>\n\n\n\n<p>EU4Culture mobillik sxemi \u015e\u0259rq T\u0259r\u0259fda\u015fl\u0131\u011f\u0131 \u00f6lk\u0259l\u0259rind\u0259 R\u0259ssamlar v\u0259 M\u0259d\u0259niyy\u0259t Pe\u015f\u0259karlar\u0131 aras\u0131nda m\u0259d\u0259niyy\u0259tl\u0259raras\u0131 dialoqu v\u0259 bilik m\u00fcbadil\u0259sini t\u0259\u015fviq etm\u0259k m\u0259qs\u0259di da\u015f\u0131y\u0131r. \u0130lk iki qrant m\u00fcsabiq\u0259si zaman\u0131 layih\u0259 155 n\u0259f\u0259rin mobillik layih\u0259l\u0259rini d\u0259st\u0259kl\u0259di. 2024-c\u00fc il\u0259 q\u0259d\u0259r daha iki m\u00fcsabiq\u0259 elan edil\u0259c\u0259k. EU4Culture Goethe-Institut (Apar\u0131c\u0131), \u00c7ex M\u0259rk\u0259zl\u0259ri, Danimarka M\u0259d\u0259niyy\u0259t \u0130nstitutu, Institut Fran\u00e7ais de G\u00e9orgie t\u0259r\u0259find\u0259n h\u0259yata ke\u00e7irilir.<\/p>\n\n\n\n<p>\u2022 <a href=\"https:\/\/euneighbourseast.eu\/opportunities\/eu4culture-launches-call-for-mobility-grants-for-artists-and-cultural-professionals-from-the-eastern-partnership\/\">&#8220;EU4Culture Mobillik M\u00fcsabiq\u0259si T\u0259limatlar\u0131&#8221;<\/a>nda f\u00fcrs\u0259t haqq\u0131nda \u0259trafl\u0131 m\u0259lumat \u0259ld\u0259 edin.<\/p>\n\n\n\n<p>\u2022 EU4Culture Mobility Grants haqq\u0131nda m\u0259lumat sessiyalar\u0131nda i\u015ftirak etm\u0259k \u00fc\u00e7\u00fcn \u0259vv\u0259lc\u0259d\u0259n <a href=\"https:\/\/us06web.zoom.us\/meeting\/register\/tZYsc--sqjosG9yvkWWfjfFzOBJ6PT8u-6hu\">qeydiyyatdan ke\u00e7in<\/a>.<\/p>\n\n\n\n<p>M\u00fcraci\u0259t prosesi il\u0259 ba\u011fl\u0131 h\u0259r hans\u0131 sual\u0131n\u0131z varsa, <a href=\"mailto:EU4Culture@goethe.de\">EU4Culture@goethe.de<\/a> \u00a0\u00fcnvan\u0131nda EU4Culture layih\u0259si il\u0259 \u0259laq\u0259 saxlay\u0131n.<\/p>\n\n\n\n<figure class=\"wp-block-video\"><video controls src=\"https:\/\/eu4azerbaijan.eu\/wp-content\/uploads\/EU4Culture-3rd-mobility-call-promo-video.mp4\"><\/video><\/figure>\n","protected":false},"excerpt":{"rendered":"<p>Avropa \u0130ttifaq\u0131 (A\u0130) t\u0259r\u0259find\u0259n maliyy\u0259l\u0259\u015fdiril\u0259n EU4Culture layih\u0259si \u015e\u0259rq T\u0259r\u0259fda\u015fl\u0131\u011f\u0131 \u00f6lk\u0259l\u0259rind\u0259n: Az\u0259rbaycan, Belarusiya, Erm\u0259nistan, G\u00fcrc\u00fcstan, Moldova Respublikas\u0131 v\u0259 Ukraynadan olan s\u0259n\u0259tkarlar v\u0259 m\u0259d\u0259niyy\u0259t m\u00fct\u0259x\u0259ssisl\u0259rin\u0259 d\u0259st\u0259k \u00fc\u00e7\u00fcn mobillik qrantlar\u0131 \u00fc\u00e7\u00fcn 3-c\u00fc m\u00fcsabiq\u0131sini elan edir. Bu m\u00fcsabiq\u0259 qeyri-paytaxt \u015f\u0259h\u0259rl\u0259rind\u0259n olan m\u00fcraci\u0259t\u00e7il\u0259rin d\u0259st\u0259kl\u0259nm\u0259sin\u0259 x\u00fcsusi diqq\u0259t yetirir. EU4Culture mobillik qrantlar\u0131 t\u0259cr\u00fcb\u0259, t\u0259hsil s\u0259f\u0259rl\u0259ri, konfranslar, pe\u015f\u0259kar inki\u015faf v\u0259 bilik m\u00fcbadil\u0259sini v\u0259 [&hellip;]<\/p>\n","protected":false},"author":19,"featured_media":63293,"comment_status":"closed","ping_status":"closed","sticky":false,"template":"","format":"standard","meta":{"_acf_changed":false,"footnotes":""},"categories":[303,374,284],"tags":[],"topic":[],"class_list":["post-63297","post","type-post","status-publish","format-standard","has-post-thumbnail","hentry","category-opportunities-az","category-whats-happening-az","category-news-az"],"acf":[],"yoast_head":"<!-- This site is optimized with the Yoast SEO plugin v26.4 - https:\/\/yoast.com\/wordpress\/plugins\/seo\/ -->\n<title>EU4Culture R\u0259ssamlar v\u0259 M\u0259d\u0259niyy\u0259t Pe\u015f\u0259karlar\u0131 \u00fc\u00e7\u00fcn mobillik qrantlar\u0131 \u00fc\u00e7\u00fcn m\u00fcsabiq\u0259 elan edir - EU for Azerbaijan<\/title>\n<meta name=\"robots\" content=\"index, follow, max-snippet:-1, max-image-preview:large, max-video-preview:-1\" \/>\n<link rel=\"canonical\" href=\"https:\/\/eu4azerbaijan.eu\/az\/eu4culture-launches-a-call-for-mobility-grants-for-artists-and-cultural-professionals\/\" \/>\n<meta property=\"og:locale\" content=\"az_AZ\" \/>\n<meta property=\"og:type\" content=\"article\" \/>\n<meta property=\"og:title\" content=\"EU4Culture R\u0259ssamlar v\u0259 M\u0259d\u0259niyy\u0259t Pe\u015f\u0259karlar\u0131 \u00fc\u00e7\u00fcn mobillik qrantlar\u0131 \u00fc\u00e7\u00fcn m\u00fcsabiq\u0259 elan edir - EU for Azerbaijan\" \/>\n<meta property=\"og:description\" content=\"Avropa \u0130ttifaq\u0131 (A\u0130) t\u0259r\u0259find\u0259n maliyy\u0259l\u0259\u015fdiril\u0259n EU4Culture layih\u0259si \u015e\u0259rq T\u0259r\u0259fda\u015fl\u0131\u011f\u0131 \u00f6lk\u0259l\u0259rind\u0259n: Az\u0259rbaycan, Belarusiya, Erm\u0259nistan, G\u00fcrc\u00fcstan, Moldova Respublikas\u0131 v\u0259 Ukraynadan olan s\u0259n\u0259tkarlar v\u0259 m\u0259d\u0259niyy\u0259t m\u00fct\u0259x\u0259ssisl\u0259rin\u0259 d\u0259st\u0259k \u00fc\u00e7\u00fcn mobillik qrantlar\u0131 \u00fc\u00e7\u00fcn 3-c\u00fc m\u00fcsabiq\u0131sini elan edir. Bu m\u00fcsabiq\u0259 qeyri-paytaxt \u015f\u0259h\u0259rl\u0259rind\u0259n olan m\u00fcraci\u0259t\u00e7il\u0259rin d\u0259st\u0259kl\u0259nm\u0259sin\u0259 x\u00fcsusi diqq\u0259t yetirir. EU4Culture mobillik qrantlar\u0131 t\u0259cr\u00fcb\u0259, t\u0259hsil s\u0259f\u0259rl\u0259ri, konfranslar, pe\u015f\u0259kar inki\u015faf v\u0259 bilik m\u00fcbadil\u0259sini v\u0259 [&hellip;]\" \/>\n<meta property=\"og:url\" content=\"https:\/\/eu4azerbaijan.eu\/az\/eu4culture-launches-a-call-for-mobility-grants-for-artists-and-cultural-professionals\/\" \/>\n<meta property=\"og:site_name\" content=\"EU for Azerbaijan\" \/>\n<meta property=\"article:published_time\" content=\"2023-02-08T08:36:55+00:00\" \/>\n<meta property=\"article:modified_time\" content=\"2023-02-08T08:38:33+00:00\" \/>\n<meta property=\"og:image\" content=\"https:\/\/eu4azerbaijan.eu\/wp-content\/uploads\/Moblity-grant-call-SM-post_to-be-approved.png\" \/>\n\t<meta property=\"og:image:width\" content=\"1469\" \/>\n\t<meta property=\"og:image:height\" content=\"1081\" \/>\n\t<meta property=\"og:image:type\" content=\"image\/png\" \/>\n<meta name=\"author\" content=\"Aydan Topchibasheva\" \/>\n<meta name=\"twitter:card\" content=\"summary_large_image\" \/>\n<meta name=\"twitter:label1\" content=\"Written by\" \/>\n\t<meta name=\"twitter:data1\" content=\"Aydan Topchibasheva\" \/>\n\t<meta name=\"twitter:label2\" content=\"Est. reading time\" \/>\n\t<meta name=\"twitter:data2\" content=\"2 minutes\" \/>\n<script type=\"application\/ld+json\" class=\"yoast-schema-graph\">{\"@context\":\"https:\/\/schema.org\",\"@graph\":[{\"@type\":\"WebPage\",\"@id\":\"https:\/\/eu4azerbaijan.eu\/az\/eu4culture-launches-a-call-for-mobility-grants-for-artists-and-cultural-professionals\/\",\"url\":\"https:\/\/eu4azerbaijan.eu\/az\/eu4culture-launches-a-call-for-mobility-grants-for-artists-and-cultural-professionals\/\",\"name\":\"EU4Culture R\u0259ssamlar v\u0259 M\u0259d\u0259niyy\u0259t Pe\u015f\u0259karlar\u0131 \u00fc\u00e7\u00fcn mobillik qrantlar\u0131 \u00fc\u00e7\u00fcn m\u00fcsabiq\u0259 elan edir - EU for Azerbaijan\",\"isPartOf\":{\"@id\":\"https:\/\/eu4azerbaijan.eu\/az\/#website\"},\"primaryImageOfPage\":{\"@id\":\"https:\/\/eu4azerbaijan.eu\/az\/eu4culture-launches-a-call-for-mobility-grants-for-artists-and-cultural-professionals\/#primaryimage\"},\"image\":{\"@id\":\"https:\/\/eu4azerbaijan.eu\/az\/eu4culture-launches-a-call-for-mobility-grants-for-artists-and-cultural-professionals\/#primaryimage\"},\"thumbnailUrl\":\"https:\/\/eu4azerbaijan.eu\/wp-content\/uploads\/Moblity-grant-call-SM-post_to-be-approved.jpg\",\"datePublished\":\"2023-02-08T08:36:55+00:00\",\"dateModified\":\"2023-02-08T08:38:33+00:00\",\"author\":{\"@id\":\"https:\/\/eu4azerbaijan.eu\/az\/#\/schema\/person\/cf17ddba07387955c481997af06797df\"},\"breadcrumb\":{\"@id\":\"https:\/\/eu4azerbaijan.eu\/az\/eu4culture-launches-a-call-for-mobility-grants-for-artists-and-cultural-professionals\/#breadcrumb\"},\"inLanguage\":\"az-AZ\",\"potentialAction\":[{\"@type\":\"ReadAction\",\"target\":[\"https:\/\/eu4azerbaijan.eu\/az\/eu4culture-launches-a-call-for-mobility-grants-for-artists-and-cultural-professionals\/\"]}]},{\"@type\":\"ImageObject\",\"inLanguage\":\"az-AZ\",\"@id\":\"https:\/\/eu4azerbaijan.eu\/az\/eu4culture-launches-a-call-for-mobility-grants-for-artists-and-cultural-professionals\/#primaryimage\",\"url\":\"https:\/\/eu4azerbaijan.eu\/wp-content\/uploads\/Moblity-grant-call-SM-post_to-be-approved.jpg\",\"contentUrl\":\"https:\/\/eu4azerbaijan.eu\/wp-content\/uploads\/Moblity-grant-call-SM-post_to-be-approved.jpg\",\"width\":1469,\"height\":1081},{\"@type\":\"BreadcrumbList\",\"@id\":\"https:\/\/eu4azerbaijan.eu\/az\/eu4culture-launches-a-call-for-mobility-grants-for-artists-and-cultural-professionals\/#breadcrumb\",\"itemListElement\":[{\"@type\":\"ListItem\",\"position\":1,\"name\":\"Home\",\"item\":\"https:\/\/eu4azerbaijan.eu\/az\/\"},{\"@type\":\"ListItem\",\"position\":2,\"name\":\"EU4Culture R\u0259ssamlar v\u0259 M\u0259d\u0259niyy\u0259t Pe\u015f\u0259karlar\u0131 \u00fc\u00e7\u00fcn mobillik qrantlar\u0131 \u00fc\u00e7\u00fcn m\u00fcsabiq\u0259 elan edir\"}]},{\"@type\":\"WebSite\",\"@id\":\"https:\/\/eu4azerbaijan.eu\/az\/#website\",\"url\":\"https:\/\/eu4azerbaijan.eu\/az\/\",\"name\":\"EU for Azerbaijan\",\"description\":\"\",\"potentialAction\":[{\"@type\":\"SearchAction\",\"target\":{\"@type\":\"EntryPoint\",\"urlTemplate\":\"https:\/\/eu4azerbaijan.eu\/az\/?s={search_term_string}\"},\"query-input\":{\"@type\":\"PropertyValueSpecification\",\"valueRequired\":true,\"valueName\":\"search_term_string\"}}],\"inLanguage\":\"az-AZ\"},{\"@type\":\"Person\",\"@id\":\"https:\/\/eu4azerbaijan.eu\/az\/#\/schema\/person\/cf17ddba07387955c481997af06797df\",\"name\":\"Aydan Topchibasheva\",\"image\":{\"@type\":\"ImageObject\",\"inLanguage\":\"az-AZ\",\"@id\":\"https:\/\/eu4azerbaijan.eu\/az\/#\/schema\/person\/image\/\",\"url\":\"https:\/\/secure.gravatar.com\/avatar\/657ac54b68aced49adde2a29a43651c77d8555f376d5ee5dd68172194a09f856?s=96&d=mm&r=g\",\"contentUrl\":\"https:\/\/secure.gravatar.com\/avatar\/657ac54b68aced49adde2a29a43651c77d8555f376d5ee5dd68172194a09f856?s=96&d=mm&r=g\",\"caption\":\"Aydan Topchibasheva\"},\"url\":\"https:\/\/eu4azerbaijan.eu\/az\/author\/aydan\/\"}]}<\/script>\n<!-- \/ Yoast SEO plugin. -->","yoast_head_json":{"title":"EU4Culture R\u0259ssamlar v\u0259 M\u0259d\u0259niyy\u0259t Pe\u015f\u0259karlar\u0131 \u00fc\u00e7\u00fcn mobillik qrantlar\u0131 \u00fc\u00e7\u00fcn m\u00fcsabiq\u0259 elan edir - EU for Azerbaijan","robots":{"index":"index","follow":"follow","max-snippet":"max-snippet:-1","max-image-preview":"max-image-preview:large","max-video-preview":"max-video-preview:-1"},"canonical":"https:\/\/eu4azerbaijan.eu\/az\/eu4culture-launches-a-call-for-mobility-grants-for-artists-and-cultural-professionals\/","og_locale":"az_AZ","og_type":"article","og_title":"EU4Culture R\u0259ssamlar v\u0259 M\u0259d\u0259niyy\u0259t Pe\u015f\u0259karlar\u0131 \u00fc\u00e7\u00fcn mobillik qrantlar\u0131 \u00fc\u00e7\u00fcn m\u00fcsabiq\u0259 elan edir - EU for Azerbaijan","og_description":"Avropa \u0130ttifaq\u0131 (A\u0130) t\u0259r\u0259find\u0259n maliyy\u0259l\u0259\u015fdiril\u0259n EU4Culture layih\u0259si \u015e\u0259rq T\u0259r\u0259fda\u015fl\u0131\u011f\u0131 \u00f6lk\u0259l\u0259rind\u0259n: Az\u0259rbaycan, Belarusiya, Erm\u0259nistan, G\u00fcrc\u00fcstan, Moldova Respublikas\u0131 v\u0259 Ukraynadan olan s\u0259n\u0259tkarlar v\u0259 m\u0259d\u0259niyy\u0259t m\u00fct\u0259x\u0259ssisl\u0259rin\u0259 d\u0259st\u0259k \u00fc\u00e7\u00fcn mobillik qrantlar\u0131 \u00fc\u00e7\u00fcn 3-c\u00fc m\u00fcsabiq\u0131sini elan edir. Bu m\u00fcsabiq\u0259 qeyri-paytaxt \u015f\u0259h\u0259rl\u0259rind\u0259n olan m\u00fcraci\u0259t\u00e7il\u0259rin d\u0259st\u0259kl\u0259nm\u0259sin\u0259 x\u00fcsusi diqq\u0259t yetirir. EU4Culture mobillik qrantlar\u0131 t\u0259cr\u00fcb\u0259, t\u0259hsil s\u0259f\u0259rl\u0259ri, konfranslar, pe\u015f\u0259kar inki\u015faf v\u0259 bilik m\u00fcbadil\u0259sini v\u0259 [&hellip;]","og_url":"https:\/\/eu4azerbaijan.eu\/az\/eu4culture-launches-a-call-for-mobility-grants-for-artists-and-cultural-professionals\/","og_site_name":"EU for Azerbaijan","article_published_time":"2023-02-08T08:36:55+00:00","article_modified_time":"2023-02-08T08:38:33+00:00","og_image":[{"width":1469,"height":1081,"url":"https:\/\/eu4azerbaijan.eu\/wp-content\/uploads\/Moblity-grant-call-SM-post_to-be-approved.png","type":"image\/png"}],"author":"Aydan Topchibasheva","twitter_card":"summary_large_image","twitter_misc":{"Written by":"Aydan Topchibasheva","Est. reading time":"2 minutes"},"schema":{"@context":"https:\/\/schema.org","@graph":[{"@type":"WebPage","@id":"https:\/\/eu4azerbaijan.eu\/az\/eu4culture-launches-a-call-for-mobility-grants-for-artists-and-cultural-professionals\/","url":"https:\/\/eu4azerbaijan.eu\/az\/eu4culture-launches-a-call-for-mobility-grants-for-artists-and-cultural-professionals\/","name":"EU4Culture R\u0259ssamlar v\u0259 M\u0259d\u0259niyy\u0259t Pe\u015f\u0259karlar\u0131 \u00fc\u00e7\u00fcn mobillik qrantlar\u0131 \u00fc\u00e7\u00fcn m\u00fcsabiq\u0259 elan edir - EU for Azerbaijan","isPartOf":{"@id":"https:\/\/eu4azerbaijan.eu\/az\/#website"},"primaryImageOfPage":{"@id":"https:\/\/eu4azerbaijan.eu\/az\/eu4culture-launches-a-call-for-mobility-grants-for-artists-and-cultural-professionals\/#primaryimage"},"image":{"@id":"https:\/\/eu4azerbaijan.eu\/az\/eu4culture-launches-a-call-for-mobility-grants-for-artists-and-cultural-professionals\/#primaryimage"},"thumbnailUrl":"https:\/\/eu4azerbaijan.eu\/wp-content\/uploads\/Moblity-grant-call-SM-post_to-be-approved.jpg","datePublished":"2023-02-08T08:36:55+00:00","dateModified":"2023-02-08T08:38:33+00:00","author":{"@id":"https:\/\/eu4azerbaijan.eu\/az\/#\/schema\/person\/cf17ddba07387955c481997af06797df"},"breadcrumb":{"@id":"https:\/\/eu4azerbaijan.eu\/az\/eu4culture-launches-a-call-for-mobility-grants-for-artists-and-cultural-professionals\/#breadcrumb"},"inLanguage":"az-AZ","potentialAction":[{"@type":"ReadAction","target":["https:\/\/eu4azerbaijan.eu\/az\/eu4culture-launches-a-call-for-mobility-grants-for-artists-and-cultural-professionals\/"]}]},{"@type":"ImageObject","inLanguage":"az-AZ","@id":"https:\/\/eu4azerbaijan.eu\/az\/eu4culture-launches-a-call-for-mobility-grants-for-artists-and-cultural-professionals\/#primaryimage","url":"https:\/\/eu4azerbaijan.eu\/wp-content\/uploads\/Moblity-grant-call-SM-post_to-be-approved.jpg","contentUrl":"https:\/\/eu4azerbaijan.eu\/wp-content\/uploads\/Moblity-grant-call-SM-post_to-be-approved.jpg","width":1469,"height":1081},{"@type":"BreadcrumbList","@id":"https:\/\/eu4azerbaijan.eu\/az\/eu4culture-launches-a-call-for-mobility-grants-for-artists-and-cultural-professionals\/#breadcrumb","itemListElement":[{"@type":"ListItem","position":1,"name":"Home","item":"https:\/\/eu4azerbaijan.eu\/az\/"},{"@type":"ListItem","position":2,"name":"EU4Culture R\u0259ssamlar v\u0259 M\u0259d\u0259niyy\u0259t Pe\u015f\u0259karlar\u0131 \u00fc\u00e7\u00fcn mobillik qrantlar\u0131 \u00fc\u00e7\u00fcn m\u00fcsabiq\u0259 elan edir"}]},{"@type":"WebSite","@id":"https:\/\/eu4azerbaijan.eu\/az\/#website","url":"https:\/\/eu4azerbaijan.eu\/az\/","name":"EU for Azerbaijan","description":"","potentialAction":[{"@type":"SearchAction","target":{"@type":"EntryPoint","urlTemplate":"https:\/\/eu4azerbaijan.eu\/az\/?s={search_term_string}"},"query-input":{"@type":"PropertyValueSpecification","valueRequired":true,"valueName":"search_term_string"}}],"inLanguage":"az-AZ"},{"@type":"Person","@id":"https:\/\/eu4azerbaijan.eu\/az\/#\/schema\/person\/cf17ddba07387955c481997af06797df","name":"Aydan Topchibasheva","image":{"@type":"ImageObject","inLanguage":"az-AZ","@id":"https:\/\/eu4azerbaijan.eu\/az\/#\/schema\/person\/image\/","url":"https:\/\/secure.gravatar.com\/avatar\/657ac54b68aced49adde2a29a43651c77d8555f376d5ee5dd68172194a09f856?s=96&d=mm&r=g","contentUrl":"https:\/\/secure.gravatar.com\/avatar\/657ac54b68aced49adde2a29a43651c77d8555f376d5ee5dd68172194a09f856?s=96&d=mm&r=g","caption":"Aydan Topchibasheva"},"url":"https:\/\/eu4azerbaijan.eu\/az\/author\/aydan\/"}]}},"_links":{"self":[{"href":"https:\/\/eu4azerbaijan.eu\/az\/wp-json\/wp\/v2\/posts\/63297","targetHints":{"allow":["GET"]}}],"collection":[{"href":"https:\/\/eu4azerbaijan.eu\/az\/wp-json\/wp\/v2\/posts"}],"about":[{"href":"https:\/\/eu4azerbaijan.eu\/az\/wp-json\/wp\/v2\/types\/post"}],"author":[{"embeddable":true,"href":"https:\/\/eu4azerbaijan.eu\/az\/wp-json\/wp\/v2\/users\/19"}],"replies":[{"embeddable":true,"href":"https:\/\/eu4azerbaijan.eu\/az\/wp-json\/wp\/v2\/comments?post=63297"}],"version-history":[{"count":2,"href":"https:\/\/eu4azerbaijan.eu\/az\/wp-json\/wp\/v2\/posts\/63297\/revisions"}],"predecessor-version":[{"id":63300,"href":"https:\/\/eu4azerbaijan.eu\/az\/wp-json\/wp\/v2\/posts\/63297\/revisions\/63300"}],"wp:featuredmedia":[{"embeddable":true,"href":"https:\/\/eu4azerbaijan.eu\/az\/wp-json\/wp\/v2\/media\/63293"}],"wp:attachment":[{"href":"https:\/\/eu4azerbaijan.eu\/az\/wp-json\/wp\/v2\/media?parent=63297"}],"wp:term":[{"taxonomy":"category","embeddable":true,"href":"https:\/\/eu4azerbaijan.eu\/az\/wp-json\/wp\/v2\/categories?post=63297"},{"taxonomy":"post_tag","embeddable":true,"href":"https:\/\/eu4azerbaijan.eu\/az\/wp-json\/wp\/v2\/tags?post=63297"},{"taxonomy":"topic","embeddable":true,"href":"https:\/\/eu4azerbaijan.eu\/az\/wp-json\/wp\/v2\/topic?post=63297"}],"curies":[{"name":"wp","href":"https:\/\/api.w.org\/{rel}","templated":true}]}}