{"id":63280,"date":"2023-01-23T09:08:02","date_gmt":"2023-01-23T09:08:02","guid":{"rendered":"https:\/\/eu4azerbaijan.eu\/eu-and-undp-start-master-training-programme-to-develop-social-entrepreneurship-in-azerbaijan\/"},"modified":"2023-01-23T09:09:15","modified_gmt":"2023-01-23T09:09:15","slug":"eu-and-undp-start-master-training-programme-to-develop-social-entrepreneurship-in-azerbaijan","status":"publish","type":"post","link":"https:\/\/eu4azerbaijan.eu\/az\/eu-and-undp-start-master-training-programme-to-develop-social-entrepreneurship-in-azerbaijan\/","title":{"rendered":"Avropa \u0130ttifaq\u0131 v\u0259 BMT\u0130P Az\u0259rbaycanda sosial sahibkarl\u0131\u011f\u0131n inki\u015faf\u0131 \u00fczr\u0259\u201cT\u0259lim\u00e7il\u0259rin T\u0259limi\u201d Proqram\u0131na ba\u015flay\u0131b"},"content":{"rendered":"\n<p>Avropa \u0130ttifaq\u0131 (A\u0130) v\u0259 BMT\u0130P Az\u0259rbaycanda sosial sahibkarl\u0131\u011f\u0131n inki\u015faf\u0131na d\u0259st\u0259k m\u0259qs\u0259dil\u0259 iki h\u0259ft\u0259lik \u201cT\u0259lim\u00e7il\u0259rin t\u0259limi\u201d proqram\u0131na ba\u015flay\u0131b.<\/p>\n\n\n\n<p>Proqram A\u0130 t\u0259r\u0259find\u0259n maliyy\u0259l\u0259\u015fdiril\u0259n v\u0259t\u0259nda\u015f c\u0259miyy\u0259ti t\u0259\u015fkilatlar\u0131 il\u0259 i\u015f layih\u0259si \u00e7\u0259r\u00e7iv\u0259sind\u0259 t\u0259\u015fkil edilir. \u0130ntensiv t\u0259lim proqram\u0131 sosial sahibkarl\u0131q istiqam\u0259tind\u0259 7 milli ekspert haz\u0131rlamaq m\u0259qs\u0259di da\u015f\u0131y\u0131r. Bu ekspertl\u0259r, daha sonra s\u00f6z\u00fcged\u0259n proqramdan \u0259ld\u0259 etdikl\u0259ri bilik v\u0259 bacar\u0131qlar\u0131 \u00f6z i\u015f f\u0259aliyy\u0259tl\u0259rini sosial biznes modelin\u0259 y\u00f6n\u0259ltm\u0259kd\u0259 maraql\u0131 olan 40 v\u0259t\u0259nda\u015f c\u0259miyy\u0259ti t\u0259\u015fkilat\u0131, sosial sahibkarlar v\u0259 g\u0259ncl\u0259r qruplar\u0131 il\u0259 payla\u015facaq.<\/p>\n\n\n\n<p>Pe\u015f\u0259kar t\u0259lim\u00e7il\u0259r sah\u0259 \u00fczr\u0259 beyn\u0259lxalq v\u0259 yerli ekspertl\u0259rin d\u0259rsl\u0259rind\u0259 i\u015ftirak ed\u0259r\u0259k sosial sahibkarl\u0131q sah\u0259sind\u0259 bacar\u0131qlar\u0131n\u0131 art\u0131rmaq imkan\u0131 \u0259ld\u0259 edirl\u0259r. T\u0259lim proqram\u0131 9 modulu \u0259hat\u0259 edir v\u0259 i\u015ftirak\u00e7\u0131lara m\u00fcxt\u0259lif sosial biznes t\u0259rifl\u0259ri v\u0259 terminl\u0259rini anlama\u011fa, sosial sahibkarlar\u0131n ehtiyaclar\u0131n\u0131 v\u0259 imkanlar\u0131n\u0131 qiym\u0259tl\u0259ndirm\u0259y\u0259, o c\u00fcml\u0259d\u0259n sosial sahibkarlara mentorluq etm\u0259y\u0259 v\u0259 \u00fcmumilikd\u0259, ekosistemi ba\u015fa d\u00fc\u015fm\u0259y\u0259 k\u00f6m\u0259k edir. Proqram h\u0259m\u00e7inin ideyan\u0131n yarad\u0131lmas\u0131, biznes dizayn\u0131 v\u0259 planlamas\u0131, sat\u0131\u015f v\u0259 marketinq, kommunikasiya, el\u0259c\u0259 d\u0259 biznes ideyalar\u0131n\u0131n t\u0259qdimat\u0131 \u00fc\u00e7\u00fcn effektiv al\u0259tl\u0259r t\u0259qdim edir. Proqram\u0131n sonunda i\u015ftirak\u00e7\u0131lar qazand\u0131qlar\u0131 yeni bacar\u0131q v\u0259 s\u0259ri\u015ft\u0259l\u0259ri qiym\u0259tl\u0259ndirm\u0259k \u00fc\u00e7\u00fcn test imtahan\u0131ndan ke\u00e7\u0259c\u0259k.<\/p>\n\n\n\n<p>Seminarlar sosial iqtisadiyyat, dair\u0259vi iqtisadiyyat, el\u0259c\u0259 d\u0259 yerli v\u0259 inkl\u00fcziv inki\u015faf sah\u0259l\u0259rind\u0259 t\u0259xmin\u0259n 15 illik t\u0259cr\u00fcb\u0259y\u0259 malik ARCO (Birg\u0259 inki\u015faf \u00fc\u00e7\u00fcn Aktiv Ara\u015fd\u0131rma) Ara\u015fd\u0131rma M\u0259rk\u0259zi (\u0130taliya) v\u0259 \u201cARPA Consulting\u201d t\u0259r\u0259find\u0259n apar\u0131l\u0131r.<\/p>\n\n\n\n<p>Ekspert T\u0259lim Proqram\u0131 Az\u0259rbaycanda Sosial Sahibkarl\u0131q Platformas\u0131n\u0131n yarad\u0131lmas\u0131 istiqam\u0259tind\u0259 \u00e7oxm\u0259rh\u0259l\u0259li prosesin ilk add\u0131m\u0131d\u0131r v\u0259 bu silsil\u0259 f\u0259aliyy\u0259tl\u0259r 40-a yax\u0131n sosial y\u00f6n\u00fcml\u00fc t\u0259\u015fkilat v\u0259 Dayan\u0131ql\u0131 \u0130nki\u015faf M\u0259qs\u0259dl\u0259ri istiqam\u0259tind\u0259 h\u0259ll\u0259r \u00fczr\u0259 \u00e7al\u0131\u015fan \u015firk\u0259tl\u0259r \u00fc\u00e7\u00fcn potensial\u0131n art\u0131r\u0131lmas\u0131 seminarlar\u0131 il\u0259 davam ed\u0259c\u0259k. Bunun ard\u0131nca t\u0259\u015fkilatlar ideyala\u015fd\u0131rma v\u0259 akselerasiya proqramlar\u0131na c\u0259lb edil\u0259c\u0259k. Burada t\u0259\u015fkilatlar yeni sosial biznes ideyalar\u0131 yaradacaq v\u0259 layih\u0259nin maliyy\u0259 d\u0259st\u0259yind\u0259n faydalanaraq fikirl\u0259rini real biznes\u0259 \u00e7evirm\u0259 imkan\u0131 \u0259ld\u0259 ed\u0259c\u0259kl\u0259r.<br><\/p>\n\n\n\n<p>***<\/p>\n\n\n\n<p>T\u0259lim proqram\u0131, A\u0130-nin maliyy\u0259l\u0259\u015fdirdiyi v\u0259 BMT\u0130P-nin h\u0259yata ke\u00e7irdiyi \u201cAz\u0259rbaycanda innovasiya \u0259sasl\u0131 v\u0259 dayan\u0131ql\u0131 v\u0259t\u0259nda\u015f c\u0259miyy\u0259tinin inki\u015faf\u0131\u201d layih\u0259si t\u0259r\u0259find\u0259n h\u0259yata ke\u00e7irilir.<br>Layih\u0259 &#8211; siyas\u0259tl\u0259rin formala\u015fd\u0131r\u0131lmas\u0131, yerli inki\u015fafa d\u0259st\u0259k, \u00f6lk\u0259d\u0259 sosial sahibkarl\u0131\u011f\u0131n t\u0259\u015fviqi sah\u0259l\u0259rind\u0259 VCT-l\u0259rin i\u015ftirak\u0131n\u0131n art\u0131r\u0131lmas\u0131 m\u0259qs\u0259dil\u0259 onlar\u0131n potensial\u0131n\u0131n g\u00fccl\u0259ndirilm\u0259sini h\u0259d\u0259fl\u0259yir.<\/p>\n\n\n\n<figure class=\"wp-block-gallery has-nested-images columns-default is-cropped wp-block-gallery-1 is-layout-flex wp-block-gallery-is-layout-flex\">\n<figure class=\"wp-block-image size-large\"><img loading=\"lazy\" decoding=\"async\" width=\"1024\" height=\"632\" data-id=\"63255\" src=\"https:\/\/eu4azerbaijan.eu\/wp-content\/uploads\/IMG_4458-1024x632.jpg\" alt=\"\" class=\"wp-image-63255\" srcset=\"https:\/\/eu4azerbaijan.eu\/wp-content\/uploads\/IMG_4458-1024x632.jpg 1024w, https:\/\/eu4azerbaijan.eu\/wp-content\/uploads\/IMG_4458-300x185.jpg 300w, https:\/\/eu4azerbaijan.eu\/wp-content\/uploads\/IMG_4458-768x474.jpg 768w, https:\/\/eu4azerbaijan.eu\/wp-content\/uploads\/IMG_4458-1536x948.jpg 1536w, https:\/\/eu4azerbaijan.eu\/wp-content\/uploads\/IMG_4458-2048x1264.jpg 2048w\" sizes=\"(max-width: 1024px) 100vw, 1024px\" \/><\/figure>\n\n\n\n<figure class=\"wp-block-image size-large\"><img loading=\"lazy\" decoding=\"async\" width=\"1024\" height=\"683\" data-id=\"63259\" src=\"https:\/\/eu4azerbaijan.eu\/wp-content\/uploads\/IMG_4506-1024x683.jpg\" alt=\"\" class=\"wp-image-63259\" srcset=\"https:\/\/eu4azerbaijan.eu\/wp-content\/uploads\/IMG_4506-1024x683.jpg 1024w, https:\/\/eu4azerbaijan.eu\/wp-content\/uploads\/IMG_4506-300x200.jpg 300w, https:\/\/eu4azerbaijan.eu\/wp-content\/uploads\/IMG_4506-768x512.jpg 768w, https:\/\/eu4azerbaijan.eu\/wp-content\/uploads\/IMG_4506-1536x1024.jpg 1536w, https:\/\/eu4azerbaijan.eu\/wp-content\/uploads\/IMG_4506-2048x1365.jpg 2048w\" sizes=\"(max-width: 1024px) 100vw, 1024px\" \/><\/figure>\n\n\n\n<figure class=\"wp-block-image size-large\"><img loading=\"lazy\" decoding=\"async\" width=\"1024\" height=\"683\" data-id=\"63261\" src=\"https:\/\/eu4azerbaijan.eu\/wp-content\/uploads\/IMG_4541-1024x683.jpg\" alt=\"\" class=\"wp-image-63261\" srcset=\"https:\/\/eu4azerbaijan.eu\/wp-content\/uploads\/IMG_4541-1024x683.jpg 1024w, https:\/\/eu4azerbaijan.eu\/wp-content\/uploads\/IMG_4541-300x200.jpg 300w, https:\/\/eu4azerbaijan.eu\/wp-content\/uploads\/IMG_4541-768x512.jpg 768w, https:\/\/eu4azerbaijan.eu\/wp-content\/uploads\/IMG_4541-1536x1024.jpg 1536w, https:\/\/eu4azerbaijan.eu\/wp-content\/uploads\/IMG_4541-2048x1365.jpg 2048w\" sizes=\"(max-width: 1024px) 100vw, 1024px\" \/><\/figure>\n\n\n\n<figure class=\"wp-block-image size-large\"><img loading=\"lazy\" decoding=\"async\" width=\"1024\" height=\"683\" data-id=\"63267\" src=\"https:\/\/eu4azerbaijan.eu\/wp-content\/uploads\/IMG_4569-1024x683.jpg\" alt=\"\" class=\"wp-image-63267\" srcset=\"https:\/\/eu4azerbaijan.eu\/wp-content\/uploads\/IMG_4569-1024x683.jpg 1024w, https:\/\/eu4azerbaijan.eu\/wp-content\/uploads\/IMG_4569-300x200.jpg 300w, https:\/\/eu4azerbaijan.eu\/wp-content\/uploads\/IMG_4569-768x512.jpg 768w, https:\/\/eu4azerbaijan.eu\/wp-content\/uploads\/IMG_4569-1536x1024.jpg 1536w, https:\/\/eu4azerbaijan.eu\/wp-content\/uploads\/IMG_4569-2048x1365.jpg 2048w\" sizes=\"(max-width: 1024px) 100vw, 1024px\" \/><\/figure>\n\n\n\n<figure class=\"wp-block-image size-large\"><img loading=\"lazy\" decoding=\"async\" width=\"1024\" height=\"683\" data-id=\"63265\" src=\"https:\/\/eu4azerbaijan.eu\/wp-content\/uploads\/IMG_4602-1024x683.jpg\" alt=\"\" class=\"wp-image-63265\" srcset=\"https:\/\/eu4azerbaijan.eu\/wp-content\/uploads\/IMG_4602-1024x683.jpg 1024w, https:\/\/eu4azerbaijan.eu\/wp-content\/uploads\/IMG_4602-300x200.jpg 300w, https:\/\/eu4azerbaijan.eu\/wp-content\/uploads\/IMG_4602-768x512.jpg 768w, https:\/\/eu4azerbaijan.eu\/wp-content\/uploads\/IMG_4602-1536x1024.jpg 1536w, https:\/\/eu4azerbaijan.eu\/wp-content\/uploads\/IMG_4602-2048x1365.jpg 2048w\" sizes=\"(max-width: 1024px) 100vw, 1024px\" \/><\/figure>\n\n\n\n<figure class=\"wp-block-image size-large\"><img loading=\"lazy\" decoding=\"async\" width=\"1024\" height=\"683\" data-id=\"63263\" src=\"https:\/\/eu4azerbaijan.eu\/wp-content\/uploads\/IMG_4626-1024x683.jpg\" alt=\"\" class=\"wp-image-63263\" srcset=\"https:\/\/eu4azerbaijan.eu\/wp-content\/uploads\/IMG_4626-1024x683.jpg 1024w, https:\/\/eu4azerbaijan.eu\/wp-content\/uploads\/IMG_4626-300x200.jpg 300w, https:\/\/eu4azerbaijan.eu\/wp-content\/uploads\/IMG_4626-768x512.jpg 768w, https:\/\/eu4azerbaijan.eu\/wp-content\/uploads\/IMG_4626-1536x1024.jpg 1536w, https:\/\/eu4azerbaijan.eu\/wp-content\/uploads\/IMG_4626-2048x1365.jpg 2048w\" sizes=\"(max-width: 1024px) 100vw, 1024px\" \/><\/figure>\n\n\n\n<figure class=\"wp-block-image size-large\"><img loading=\"lazy\" decoding=\"async\" width=\"1024\" height=\"683\" data-id=\"63273\" src=\"https:\/\/eu4azerbaijan.eu\/wp-content\/uploads\/IMG_4858-1024x683.jpg\" alt=\"\" class=\"wp-image-63273\" srcset=\"https:\/\/eu4azerbaijan.eu\/wp-content\/uploads\/IMG_4858-1024x683.jpg 1024w, https:\/\/eu4azerbaijan.eu\/wp-content\/uploads\/IMG_4858-300x200.jpg 300w, https:\/\/eu4azerbaijan.eu\/wp-content\/uploads\/IMG_4858-768x512.jpg 768w, https:\/\/eu4azerbaijan.eu\/wp-content\/uploads\/IMG_4858-1536x1024.jpg 1536w, https:\/\/eu4azerbaijan.eu\/wp-content\/uploads\/IMG_4858-2048x1365.jpg 2048w\" sizes=\"(max-width: 1024px) 100vw, 1024px\" \/><\/figure>\n\n\n\n<figure class=\"wp-block-image size-large\"><img loading=\"lazy\" decoding=\"async\" width=\"1024\" height=\"683\" data-id=\"63275\" src=\"https:\/\/eu4azerbaijan.eu\/wp-content\/uploads\/IMG_4912-1024x683.jpg\" alt=\"\" class=\"wp-image-63275\" srcset=\"https:\/\/eu4azerbaijan.eu\/wp-content\/uploads\/IMG_4912-1024x683.jpg 1024w, https:\/\/eu4azerbaijan.eu\/wp-content\/uploads\/IMG_4912-300x200.jpg 300w, https:\/\/eu4azerbaijan.eu\/wp-content\/uploads\/IMG_4912-768x512.jpg 768w, https:\/\/eu4azerbaijan.eu\/wp-content\/uploads\/IMG_4912-1536x1024.jpg 1536w, https:\/\/eu4azerbaijan.eu\/wp-content\/uploads\/IMG_4912-2048x1365.jpg 2048w\" sizes=\"(max-width: 1024px) 100vw, 1024px\" \/><\/figure>\n\n\n\n<figure class=\"wp-block-image size-large\"><img loading=\"lazy\" decoding=\"async\" width=\"1024\" height=\"683\" data-id=\"63277\" src=\"https:\/\/eu4azerbaijan.eu\/wp-content\/uploads\/IMG_4914-1024x683.jpg\" alt=\"\" class=\"wp-image-63277\" srcset=\"https:\/\/eu4azerbaijan.eu\/wp-content\/uploads\/IMG_4914-1024x683.jpg 1024w, https:\/\/eu4azerbaijan.eu\/wp-content\/uploads\/IMG_4914-300x200.jpg 300w, https:\/\/eu4azerbaijan.eu\/wp-content\/uploads\/IMG_4914-768x512.jpg 768w, https:\/\/eu4azerbaijan.eu\/wp-content\/uploads\/IMG_4914-1536x1024.jpg 1536w, https:\/\/eu4azerbaijan.eu\/wp-content\/uploads\/IMG_4914-2048x1365.jpg 2048w\" sizes=\"(max-width: 1024px) 100vw, 1024px\" \/><\/figure>\n<\/figure>\n","protected":false},"excerpt":{"rendered":"<p>Avropa \u0130ttifaq\u0131 (A\u0130) v\u0259 BMT\u0130P Az\u0259rbaycanda sosial sahibkarl\u0131\u011f\u0131n inki\u015faf\u0131na d\u0259st\u0259k m\u0259qs\u0259dil\u0259 iki h\u0259ft\u0259lik \u201cT\u0259lim\u00e7il\u0259rin t\u0259limi\u201d proqram\u0131na ba\u015flay\u0131b. Proqram A\u0130 t\u0259r\u0259find\u0259n maliyy\u0259l\u0259\u015fdiril\u0259n v\u0259t\u0259nda\u015f c\u0259miyy\u0259ti t\u0259\u015fkilatlar\u0131 il\u0259 i\u015f layih\u0259si \u00e7\u0259r\u00e7iv\u0259sind\u0259 t\u0259\u015fkil edilir. \u0130ntensiv t\u0259lim proqram\u0131 sosial sahibkarl\u0131q istiqam\u0259tind\u0259 7 milli ekspert haz\u0131rlamaq m\u0259qs\u0259di da\u015f\u0131y\u0131r. Bu ekspertl\u0259r, daha sonra s\u00f6z\u00fcged\u0259n proqramdan \u0259ld\u0259 etdikl\u0259ri bilik v\u0259 bacar\u0131qlar\u0131 \u00f6z i\u015f [&hellip;]<\/p>\n","protected":false},"author":19,"featured_media":63270,"comment_status":"closed","ping_status":"closed","sticky":false,"template":"","format":"standard","meta":{"_acf_changed":false,"footnotes":""},"categories":[374,284],"tags":[],"topic":[],"class_list":["post-63280","post","type-post","status-publish","format-standard","has-post-thumbnail","hentry","category-whats-happening-az","category-news-az"],"acf":[],"yoast_head":"<!-- This site is optimized with the Yoast SEO plugin v26.4 - https:\/\/yoast.com\/wordpress\/plugins\/seo\/ -->\n<title>Avropa \u0130ttifaq\u0131 v\u0259 BMT\u0130P Az\u0259rbaycanda sosial sahibkarl\u0131\u011f\u0131n inki\u015faf\u0131 \u00fczr\u0259\u201cT\u0259lim\u00e7il\u0259rin T\u0259limi\u201d Proqram\u0131na ba\u015flay\u0131b - EU for Azerbaijan<\/title>\n<meta name=\"robots\" content=\"index, follow, max-snippet:-1, max-image-preview:large, max-video-preview:-1\" \/>\n<link rel=\"canonical\" href=\"https:\/\/eu4azerbaijan.eu\/az\/eu-and-undp-start-master-training-programme-to-develop-social-entrepreneurship-in-azerbaijan\/\" \/>\n<meta property=\"og:locale\" content=\"az_AZ\" \/>\n<meta property=\"og:type\" content=\"article\" \/>\n<meta property=\"og:title\" content=\"Avropa \u0130ttifaq\u0131 v\u0259 BMT\u0130P Az\u0259rbaycanda sosial sahibkarl\u0131\u011f\u0131n inki\u015faf\u0131 \u00fczr\u0259\u201cT\u0259lim\u00e7il\u0259rin T\u0259limi\u201d Proqram\u0131na ba\u015flay\u0131b - EU for Azerbaijan\" \/>\n<meta property=\"og:description\" content=\"Avropa \u0130ttifaq\u0131 (A\u0130) v\u0259 BMT\u0130P Az\u0259rbaycanda sosial sahibkarl\u0131\u011f\u0131n inki\u015faf\u0131na d\u0259st\u0259k m\u0259qs\u0259dil\u0259 iki h\u0259ft\u0259lik \u201cT\u0259lim\u00e7il\u0259rin t\u0259limi\u201d proqram\u0131na ba\u015flay\u0131b. Proqram A\u0130 t\u0259r\u0259find\u0259n maliyy\u0259l\u0259\u015fdiril\u0259n v\u0259t\u0259nda\u015f c\u0259miyy\u0259ti t\u0259\u015fkilatlar\u0131 il\u0259 i\u015f layih\u0259si \u00e7\u0259r\u00e7iv\u0259sind\u0259 t\u0259\u015fkil edilir. \u0130ntensiv t\u0259lim proqram\u0131 sosial sahibkarl\u0131q istiqam\u0259tind\u0259 7 milli ekspert haz\u0131rlamaq m\u0259qs\u0259di da\u015f\u0131y\u0131r. Bu ekspertl\u0259r, daha sonra s\u00f6z\u00fcged\u0259n proqramdan \u0259ld\u0259 etdikl\u0259ri bilik v\u0259 bacar\u0131qlar\u0131 \u00f6z i\u015f [&hellip;]\" \/>\n<meta property=\"og:url\" content=\"https:\/\/eu4azerbaijan.eu\/az\/eu-and-undp-start-master-training-programme-to-develop-social-entrepreneurship-in-azerbaijan\/\" \/>\n<meta property=\"og:site_name\" content=\"EU for Azerbaijan\" \/>\n<meta property=\"article:published_time\" content=\"2023-01-23T09:08:02+00:00\" \/>\n<meta property=\"article:modified_time\" content=\"2023-01-23T09:09:15+00:00\" \/>\n<meta property=\"og:image\" content=\"https:\/\/eu4azerbaijan.eu\/wp-content\/uploads\/IMG_4828-scaled.jpg\" \/>\n\t<meta property=\"og:image:width\" content=\"2560\" \/>\n\t<meta property=\"og:image:height\" content=\"1707\" \/>\n\t<meta property=\"og:image:type\" content=\"image\/jpeg\" \/>\n<meta name=\"author\" content=\"Aydan Topchibasheva\" \/>\n<meta name=\"twitter:card\" content=\"summary_large_image\" \/>\n<meta name=\"twitter:label1\" content=\"Written by\" \/>\n\t<meta name=\"twitter:data1\" content=\"Aydan Topchibasheva\" \/>\n\t<meta name=\"twitter:label2\" content=\"Est. reading time\" \/>\n\t<meta name=\"twitter:data2\" content=\"4 minutes\" \/>\n<script type=\"application\/ld+json\" class=\"yoast-schema-graph\">{\"@context\":\"https:\/\/schema.org\",\"@graph\":[{\"@type\":\"WebPage\",\"@id\":\"https:\/\/eu4azerbaijan.eu\/az\/eu-and-undp-start-master-training-programme-to-develop-social-entrepreneurship-in-azerbaijan\/\",\"url\":\"https:\/\/eu4azerbaijan.eu\/az\/eu-and-undp-start-master-training-programme-to-develop-social-entrepreneurship-in-azerbaijan\/\",\"name\":\"Avropa \u0130ttifaq\u0131 v\u0259 BMT\u0130P Az\u0259rbaycanda sosial sahibkarl\u0131\u011f\u0131n inki\u015faf\u0131 \u00fczr\u0259\u201cT\u0259lim\u00e7il\u0259rin T\u0259limi\u201d Proqram\u0131na ba\u015flay\u0131b - EU for Azerbaijan\",\"isPartOf\":{\"@id\":\"https:\/\/eu4azerbaijan.eu\/az\/#website\"},\"primaryImageOfPage\":{\"@id\":\"https:\/\/eu4azerbaijan.eu\/az\/eu-and-undp-start-master-training-programme-to-develop-social-entrepreneurship-in-azerbaijan\/#primaryimage\"},\"image\":{\"@id\":\"https:\/\/eu4azerbaijan.eu\/az\/eu-and-undp-start-master-training-programme-to-develop-social-entrepreneurship-in-azerbaijan\/#primaryimage\"},\"thumbnailUrl\":\"https:\/\/eu4azerbaijan.eu\/wp-content\/uploads\/IMG_4828-scaled.jpg\",\"datePublished\":\"2023-01-23T09:08:02+00:00\",\"dateModified\":\"2023-01-23T09:09:15+00:00\",\"author\":{\"@id\":\"https:\/\/eu4azerbaijan.eu\/az\/#\/schema\/person\/cf17ddba07387955c481997af06797df\"},\"breadcrumb\":{\"@id\":\"https:\/\/eu4azerbaijan.eu\/az\/eu-and-undp-start-master-training-programme-to-develop-social-entrepreneurship-in-azerbaijan\/#breadcrumb\"},\"inLanguage\":\"az-AZ\",\"potentialAction\":[{\"@type\":\"ReadAction\",\"target\":[\"https:\/\/eu4azerbaijan.eu\/az\/eu-and-undp-start-master-training-programme-to-develop-social-entrepreneurship-in-azerbaijan\/\"]}]},{\"@type\":\"ImageObject\",\"inLanguage\":\"az-AZ\",\"@id\":\"https:\/\/eu4azerbaijan.eu\/az\/eu-and-undp-start-master-training-programme-to-develop-social-entrepreneurship-in-azerbaijan\/#primaryimage\",\"url\":\"https:\/\/eu4azerbaijan.eu\/wp-content\/uploads\/IMG_4828-scaled.jpg\",\"contentUrl\":\"https:\/\/eu4azerbaijan.eu\/wp-content\/uploads\/IMG_4828-scaled.jpg\",\"width\":2560,\"height\":1707},{\"@type\":\"BreadcrumbList\",\"@id\":\"https:\/\/eu4azerbaijan.eu\/az\/eu-and-undp-start-master-training-programme-to-develop-social-entrepreneurship-in-azerbaijan\/#breadcrumb\",\"itemListElement\":[{\"@type\":\"ListItem\",\"position\":1,\"name\":\"Home\",\"item\":\"https:\/\/eu4azerbaijan.eu\/az\/\"},{\"@type\":\"ListItem\",\"position\":2,\"name\":\"Avropa \u0130ttifaq\u0131 v\u0259 BMT\u0130P Az\u0259rbaycanda sosial sahibkarl\u0131\u011f\u0131n inki\u015faf\u0131 \u00fczr\u0259\u201cT\u0259lim\u00e7il\u0259rin T\u0259limi\u201d Proqram\u0131na ba\u015flay\u0131b\"}]},{\"@type\":\"WebSite\",\"@id\":\"https:\/\/eu4azerbaijan.eu\/az\/#website\",\"url\":\"https:\/\/eu4azerbaijan.eu\/az\/\",\"name\":\"EU for Azerbaijan\",\"description\":\"\",\"potentialAction\":[{\"@type\":\"SearchAction\",\"target\":{\"@type\":\"EntryPoint\",\"urlTemplate\":\"https:\/\/eu4azerbaijan.eu\/az\/?s={search_term_string}\"},\"query-input\":{\"@type\":\"PropertyValueSpecification\",\"valueRequired\":true,\"valueName\":\"search_term_string\"}}],\"inLanguage\":\"az-AZ\"},{\"@type\":\"Person\",\"@id\":\"https:\/\/eu4azerbaijan.eu\/az\/#\/schema\/person\/cf17ddba07387955c481997af06797df\",\"name\":\"Aydan Topchibasheva\",\"image\":{\"@type\":\"ImageObject\",\"inLanguage\":\"az-AZ\",\"@id\":\"https:\/\/eu4azerbaijan.eu\/az\/#\/schema\/person\/image\/\",\"url\":\"https:\/\/secure.gravatar.com\/avatar\/657ac54b68aced49adde2a29a43651c77d8555f376d5ee5dd68172194a09f856?s=96&d=mm&r=g\",\"contentUrl\":\"https:\/\/secure.gravatar.com\/avatar\/657ac54b68aced49adde2a29a43651c77d8555f376d5ee5dd68172194a09f856?s=96&d=mm&r=g\",\"caption\":\"Aydan Topchibasheva\"},\"url\":\"https:\/\/eu4azerbaijan.eu\/az\/author\/aydan\/\"}]}<\/script>\n<!-- \/ Yoast SEO plugin. -->","yoast_head_json":{"title":"Avropa \u0130ttifaq\u0131 v\u0259 BMT\u0130P Az\u0259rbaycanda sosial sahibkarl\u0131\u011f\u0131n inki\u015faf\u0131 \u00fczr\u0259\u201cT\u0259lim\u00e7il\u0259rin T\u0259limi\u201d Proqram\u0131na ba\u015flay\u0131b - EU for Azerbaijan","robots":{"index":"index","follow":"follow","max-snippet":"max-snippet:-1","max-image-preview":"max-image-preview:large","max-video-preview":"max-video-preview:-1"},"canonical":"https:\/\/eu4azerbaijan.eu\/az\/eu-and-undp-start-master-training-programme-to-develop-social-entrepreneurship-in-azerbaijan\/","og_locale":"az_AZ","og_type":"article","og_title":"Avropa \u0130ttifaq\u0131 v\u0259 BMT\u0130P Az\u0259rbaycanda sosial sahibkarl\u0131\u011f\u0131n inki\u015faf\u0131 \u00fczr\u0259\u201cT\u0259lim\u00e7il\u0259rin T\u0259limi\u201d Proqram\u0131na ba\u015flay\u0131b - EU for Azerbaijan","og_description":"Avropa \u0130ttifaq\u0131 (A\u0130) v\u0259 BMT\u0130P Az\u0259rbaycanda sosial sahibkarl\u0131\u011f\u0131n inki\u015faf\u0131na d\u0259st\u0259k m\u0259qs\u0259dil\u0259 iki h\u0259ft\u0259lik \u201cT\u0259lim\u00e7il\u0259rin t\u0259limi\u201d proqram\u0131na ba\u015flay\u0131b. Proqram A\u0130 t\u0259r\u0259find\u0259n maliyy\u0259l\u0259\u015fdiril\u0259n v\u0259t\u0259nda\u015f c\u0259miyy\u0259ti t\u0259\u015fkilatlar\u0131 il\u0259 i\u015f layih\u0259si \u00e7\u0259r\u00e7iv\u0259sind\u0259 t\u0259\u015fkil edilir. \u0130ntensiv t\u0259lim proqram\u0131 sosial sahibkarl\u0131q istiqam\u0259tind\u0259 7 milli ekspert haz\u0131rlamaq m\u0259qs\u0259di da\u015f\u0131y\u0131r. Bu ekspertl\u0259r, daha sonra s\u00f6z\u00fcged\u0259n proqramdan \u0259ld\u0259 etdikl\u0259ri bilik v\u0259 bacar\u0131qlar\u0131 \u00f6z i\u015f [&hellip;]","og_url":"https:\/\/eu4azerbaijan.eu\/az\/eu-and-undp-start-master-training-programme-to-develop-social-entrepreneurship-in-azerbaijan\/","og_site_name":"EU for Azerbaijan","article_published_time":"2023-01-23T09:08:02+00:00","article_modified_time":"2023-01-23T09:09:15+00:00","og_image":[{"width":2560,"height":1707,"url":"https:\/\/eu4azerbaijan.eu\/wp-content\/uploads\/IMG_4828-scaled.jpg","type":"image\/jpeg"}],"author":"Aydan Topchibasheva","twitter_card":"summary_large_image","twitter_misc":{"Written by":"Aydan Topchibasheva","Est. reading time":"4 minutes"},"schema":{"@context":"https:\/\/schema.org","@graph":[{"@type":"WebPage","@id":"https:\/\/eu4azerbaijan.eu\/az\/eu-and-undp-start-master-training-programme-to-develop-social-entrepreneurship-in-azerbaijan\/","url":"https:\/\/eu4azerbaijan.eu\/az\/eu-and-undp-start-master-training-programme-to-develop-social-entrepreneurship-in-azerbaijan\/","name":"Avropa \u0130ttifaq\u0131 v\u0259 BMT\u0130P Az\u0259rbaycanda sosial sahibkarl\u0131\u011f\u0131n inki\u015faf\u0131 \u00fczr\u0259\u201cT\u0259lim\u00e7il\u0259rin T\u0259limi\u201d Proqram\u0131na ba\u015flay\u0131b - EU for Azerbaijan","isPartOf":{"@id":"https:\/\/eu4azerbaijan.eu\/az\/#website"},"primaryImageOfPage":{"@id":"https:\/\/eu4azerbaijan.eu\/az\/eu-and-undp-start-master-training-programme-to-develop-social-entrepreneurship-in-azerbaijan\/#primaryimage"},"image":{"@id":"https:\/\/eu4azerbaijan.eu\/az\/eu-and-undp-start-master-training-programme-to-develop-social-entrepreneurship-in-azerbaijan\/#primaryimage"},"thumbnailUrl":"https:\/\/eu4azerbaijan.eu\/wp-content\/uploads\/IMG_4828-scaled.jpg","datePublished":"2023-01-23T09:08:02+00:00","dateModified":"2023-01-23T09:09:15+00:00","author":{"@id":"https:\/\/eu4azerbaijan.eu\/az\/#\/schema\/person\/cf17ddba07387955c481997af06797df"},"breadcrumb":{"@id":"https:\/\/eu4azerbaijan.eu\/az\/eu-and-undp-start-master-training-programme-to-develop-social-entrepreneurship-in-azerbaijan\/#breadcrumb"},"inLanguage":"az-AZ","potentialAction":[{"@type":"ReadAction","target":["https:\/\/eu4azerbaijan.eu\/az\/eu-and-undp-start-master-training-programme-to-develop-social-entrepreneurship-in-azerbaijan\/"]}]},{"@type":"ImageObject","inLanguage":"az-AZ","@id":"https:\/\/eu4azerbaijan.eu\/az\/eu-and-undp-start-master-training-programme-to-develop-social-entrepreneurship-in-azerbaijan\/#primaryimage","url":"https:\/\/eu4azerbaijan.eu\/wp-content\/uploads\/IMG_4828-scaled.jpg","contentUrl":"https:\/\/eu4azerbaijan.eu\/wp-content\/uploads\/IMG_4828-scaled.jpg","width":2560,"height":1707},{"@type":"BreadcrumbList","@id":"https:\/\/eu4azerbaijan.eu\/az\/eu-and-undp-start-master-training-programme-to-develop-social-entrepreneurship-in-azerbaijan\/#breadcrumb","itemListElement":[{"@type":"ListItem","position":1,"name":"Home","item":"https:\/\/eu4azerbaijan.eu\/az\/"},{"@type":"ListItem","position":2,"name":"Avropa \u0130ttifaq\u0131 v\u0259 BMT\u0130P Az\u0259rbaycanda sosial sahibkarl\u0131\u011f\u0131n inki\u015faf\u0131 \u00fczr\u0259\u201cT\u0259lim\u00e7il\u0259rin T\u0259limi\u201d Proqram\u0131na ba\u015flay\u0131b"}]},{"@type":"WebSite","@id":"https:\/\/eu4azerbaijan.eu\/az\/#website","url":"https:\/\/eu4azerbaijan.eu\/az\/","name":"EU for Azerbaijan","description":"","potentialAction":[{"@type":"SearchAction","target":{"@type":"EntryPoint","urlTemplate":"https:\/\/eu4azerbaijan.eu\/az\/?s={search_term_string}"},"query-input":{"@type":"PropertyValueSpecification","valueRequired":true,"valueName":"search_term_string"}}],"inLanguage":"az-AZ"},{"@type":"Person","@id":"https:\/\/eu4azerbaijan.eu\/az\/#\/schema\/person\/cf17ddba07387955c481997af06797df","name":"Aydan Topchibasheva","image":{"@type":"ImageObject","inLanguage":"az-AZ","@id":"https:\/\/eu4azerbaijan.eu\/az\/#\/schema\/person\/image\/","url":"https:\/\/secure.gravatar.com\/avatar\/657ac54b68aced49adde2a29a43651c77d8555f376d5ee5dd68172194a09f856?s=96&d=mm&r=g","contentUrl":"https:\/\/secure.gravatar.com\/avatar\/657ac54b68aced49adde2a29a43651c77d8555f376d5ee5dd68172194a09f856?s=96&d=mm&r=g","caption":"Aydan Topchibasheva"},"url":"https:\/\/eu4azerbaijan.eu\/az\/author\/aydan\/"}]}},"_links":{"self":[{"href":"https:\/\/eu4azerbaijan.eu\/az\/wp-json\/wp\/v2\/posts\/63280","targetHints":{"allow":["GET"]}}],"collection":[{"href":"https:\/\/eu4azerbaijan.eu\/az\/wp-json\/wp\/v2\/posts"}],"about":[{"href":"https:\/\/eu4azerbaijan.eu\/az\/wp-json\/wp\/v2\/types\/post"}],"author":[{"embeddable":true,"href":"https:\/\/eu4azerbaijan.eu\/az\/wp-json\/wp\/v2\/users\/19"}],"replies":[{"embeddable":true,"href":"https:\/\/eu4azerbaijan.eu\/az\/wp-json\/wp\/v2\/comments?post=63280"}],"version-history":[{"count":2,"href":"https:\/\/eu4azerbaijan.eu\/az\/wp-json\/wp\/v2\/posts\/63280\/revisions"}],"predecessor-version":[{"id":63282,"href":"https:\/\/eu4azerbaijan.eu\/az\/wp-json\/wp\/v2\/posts\/63280\/revisions\/63282"}],"wp:featuredmedia":[{"embeddable":true,"href":"https:\/\/eu4azerbaijan.eu\/az\/wp-json\/wp\/v2\/media\/63270"}],"wp:attachment":[{"href":"https:\/\/eu4azerbaijan.eu\/az\/wp-json\/wp\/v2\/media?parent=63280"}],"wp:term":[{"taxonomy":"category","embeddable":true,"href":"https:\/\/eu4azerbaijan.eu\/az\/wp-json\/wp\/v2\/categories?post=63280"},{"taxonomy":"post_tag","embeddable":true,"href":"https:\/\/eu4azerbaijan.eu\/az\/wp-json\/wp\/v2\/tags?post=63280"},{"taxonomy":"topic","embeddable":true,"href":"https:\/\/eu4azerbaijan.eu\/az\/wp-json\/wp\/v2\/topic?post=63280"}],"curies":[{"name":"wp","href":"https:\/\/api.w.org\/{rel}","templated":true}]}}