{"id":62398,"date":"2022-07-27T19:06:00","date_gmt":"2022-07-27T19:06:00","guid":{"rendered":"https:\/\/eu4azerbaijan.eu\/european-intellectual-competition-dedicated-to-the-european-year-of-youth\/"},"modified":"2022-08-02T07:19:00","modified_gmt":"2022-08-02T07:19:00","slug":"european-intellectual-competition-dedicated-to-the-european-year-of-youth","status":"publish","type":"post","link":"https:\/\/eu4azerbaijan.eu\/az\/european-intellectual-competition-dedicated-to-the-european-year-of-youth\/","title":{"rendered":"Avropa Bilik Yar\u0131\u015fmas\u0131"},"content":{"rendered":"\n<p>Cari ilin 27 iyul tarixind\u0259 Avropa \u0130ttifaq\u0131n\u0131n Az\u0259rbaycandak\u0131 N\u00fcmay\u0259nd\u0259liyi v\u0259 G\u0259nc Avropa S\u0259firl\u0259rinin birg\u0259 \u0259m\u0259kda\u015fl\u0131\u011f\u0131 il\u0259 Avropa Bilik Yar\u0131\u015fmas\u0131 ke\u00e7irilib. \u201cAvropa \u0130ttifaq\u0131n\u0131 n\u0259 d\u0259r\u0259c\u0259d\u0259 yax\u015f\u0131 tan\u0131y\u0131rs\u0131n\u0131z?\u201d adl\u0131 yar\u0131\u015fma Avropa G\u0259ncl\u0259r \u0130lin\u0259 h\u0259sr olunub.<\/p>\n\n\n\n<p>Az\u0259rbaycan\u0131n b\u00fct\u00fcn b\u00f6lg\u0259l\u0259rind\u0259n olan 14-26 ya\u015fl\u0131 istedadl\u0131 g\u0259ncl\u0259ri bir araya g\u0259tir\u0259n Bilik Yar\u0131\u015fmas\u0131 Avropan\u0131n tarixi, d\u0259y\u0259rl\u0259ri, m\u0259d\u0259niyy\u0259ti bar\u0259d\u0259 i\u015ftirak\u00e7\u0131lar\u0131n bilikl\u0259rini interaktiv yolla art\u0131rmaqla yana\u015f\u0131, h\u0259m d\u0259 onlarda komanda ruhunun v\u0259 analitik bacar\u0131qlar\u0131n\u0131 inki\u015faf\u0131na k\u00f6m\u0259k edir.<\/p>\n\n\n\n<p>Yar\u0131\u015fda i\u015ftirak \u00fc\u00e7\u00fcn 555 g\u0259nc m\u00fcraci\u0259t etmi\u015f, onlardan 66 n\u0259f\u0259r m\u00fcsabiq\u0259d\u0259n ke\u00e7\u0259 bilmi\u015fdir. Bilik yar\u0131\u015fmas\u0131na 14 komanda qat\u0131lm\u0131\u015fd\u0131r.<\/p>\n\n\n\n<p>A\u0130-nin Az\u0259rbaycandak\u0131 s\u0259firi, c\u0259nab Peter Mixalko Bilik Yar\u0131\u015fmas\u0131na qat\u0131lan g\u0259ncl\u0259ri salamlayaraq demi\u015fdir: \u201cAvropa \u0130ttifaq\u0131 pandemiya zaman\u0131 g\u0259ncl\u0259rin&nbsp;\u00e7\u0259kdiyi itkil\u0259ri&nbsp;n\u0259z\u0259r\u0259 alaraq 2022-ci ili \u201cG\u0259ncl\u0259r ili\u201d elan edib. \u0130ki il s\u00fcr\u0259n \u00e7ox \u00e7\u0259tin d\u00f6vrd\u0259n sonra A\u0130 b\u00fct\u00fcn d\u00fcnyadak\u0131 g\u0259ncl\u0259r \u00fc\u00e7\u00fcn daha b\u0259rab\u0259r t\u0259hsil v\u0259 i\u015f imkanlar\u0131 t\u0259min etm\u0259k niyy\u0259tind\u0259dir. G\u0259ncl\u0259r ilind\u0259 A\u0130-nin Az\u0259rbaycandak\u0131 N\u00fcmay\u0259nd\u0259liyi Avropa \u015e\u0259h\u0259rciyi, Avropa Yay M\u0259kt\u0259bi v\u0259 A\u0130 G\u0259ncl\u0259r M\u00fcsabiq\u0259si kimi bir s\u0131ra t\u0259dbirl\u0259r planla\u015fd\u0131r\u0131r. M\u0259qs\u0259d Avropa \u0130ttifaq\u0131 il\u0259 Az\u0259rbaycan aras\u0131ndak\u0131 \u0259m\u0259kda\u015fl\u0131\u011f\u0131 daha \u00e7ox g\u00fccl\u0259ndirm\u0259kdir ki, parlaq g\u0259l\u0259c\u0259yin qurucusu olan g\u0259ncl\u0259r d\u0259 bu m\u0259s\u0259l\u0259d\u0259 x\u00fcsusi rol oynay\u0131r\u201d.<\/p>\n\n\n\n<p>T\u0259dbird\u0259 \u00c7exiya Respublikas\u0131 v\u0259 Fransan\u0131n Az\u0259rbaycandak\u0131 s\u0259firlikl\u0259rinin n\u00fcmay\u0259nd\u0259l\u0259ri, m\u00fcxt\u0259lif d\u00f6vl\u0259t universitetl\u0259rinin t\u0259l\u0259b\u0259l\u0259ri, Ab\u015feron, Bil\u0259suvar v\u0259 \u015e\u0259ki \u015f\u0259h\u0259rl\u0259rinin orta m\u0259kt\u0259b yuxar\u0131 sinif \u015fagirdl\u0259ri, el\u0259c\u0259 d\u0259 media n\u00fcmay\u0259nd\u0259l\u0259ri i\u015ftirak edibl\u0259r.<\/p>\n\n\n\n<p>\u0130ki m\u0259rh\u0259l\u0259d\u0259 ke\u00e7iril\u0259n Bilik yar\u0131\u015fmas\u0131nda \u201cReplicants\u201d komandas\u0131 qalib olmu\u015fdur. \u0130kinci v\u0259 \u00fc\u00e7\u00fcnc\u00fc yerl\u0259ri \u201cOne Minute\u201d v\u0259 \u201cZ\u0259kalar\u201d komandalar\u0131 qazanm\u0131\u015flar. Qalibl\u0259ri A\u0130-nin Az\u0259rbaycandak\u0131 N\u00fcmay\u0259nd\u0259liyinin r\u0259hb\u0259ri, s\u0259fir Peter Mixalko m\u00fckafatland\u0131rm\u0131\u015fd\u0131r. Yar\u0131\u015fman\u0131n b\u00fct\u00fcn i\u015ftirak\u00e7\u0131lar\u0131na h\u0259diyy\u0259l\u0259r verilmi\u015fdir.<\/p>\n\n\n\n<figure class=\"wp-block-gallery has-nested-images columns-default is-cropped wp-block-gallery-1 is-layout-flex wp-block-gallery-is-layout-flex\">\n<figure class=\"wp-block-image size-large\"><img loading=\"lazy\" decoding=\"async\" width=\"1024\" height=\"684\" data-id=\"62393\" src=\"https:\/\/eu4azerbaijan.eu\/wp-content\/uploads\/DSC6260-1024x684.jpg\" alt=\"\" class=\"wp-image-62393\" srcset=\"https:\/\/eu4azerbaijan.eu\/wp-content\/uploads\/DSC6260-1024x684.jpg 1024w, https:\/\/eu4azerbaijan.eu\/wp-content\/uploads\/DSC6260-300x200.jpg 300w, https:\/\/eu4azerbaijan.eu\/wp-content\/uploads\/DSC6260-768x513.jpg 768w, https:\/\/eu4azerbaijan.eu\/wp-content\/uploads\/DSC6260-1536x1025.jpg 1536w, https:\/\/eu4azerbaijan.eu\/wp-content\/uploads\/DSC6260.jpg 2048w\" sizes=\"(max-width: 1024px) 100vw, 1024px\" \/><\/figure>\n\n\n\n<figure class=\"wp-block-image size-large\"><img loading=\"lazy\" decoding=\"async\" width=\"1024\" height=\"684\" data-id=\"62395\" src=\"https:\/\/eu4azerbaijan.eu\/wp-content\/uploads\/DSC6267-1024x684.jpg\" alt=\"\" class=\"wp-image-62395\" srcset=\"https:\/\/eu4azerbaijan.eu\/wp-content\/uploads\/DSC6267-1024x684.jpg 1024w, https:\/\/eu4azerbaijan.eu\/wp-content\/uploads\/DSC6267-300x200.jpg 300w, https:\/\/eu4azerbaijan.eu\/wp-content\/uploads\/DSC6267-768x513.jpg 768w, https:\/\/eu4azerbaijan.eu\/wp-content\/uploads\/DSC6267-1536x1025.jpg 1536w, https:\/\/eu4azerbaijan.eu\/wp-content\/uploads\/DSC6267.jpg 2048w\" sizes=\"(max-width: 1024px) 100vw, 1024px\" \/><\/figure>\n\n\n\n<figure class=\"wp-block-image size-large\"><img loading=\"lazy\" decoding=\"async\" width=\"1024\" height=\"684\" data-id=\"62381\" src=\"https:\/\/eu4azerbaijan.eu\/wp-content\/uploads\/DSC6337-1024x684.jpg\" alt=\"\" class=\"wp-image-62381\" srcset=\"https:\/\/eu4azerbaijan.eu\/wp-content\/uploads\/DSC6337-1024x684.jpg 1024w, https:\/\/eu4azerbaijan.eu\/wp-content\/uploads\/DSC6337-300x200.jpg 300w, https:\/\/eu4azerbaijan.eu\/wp-content\/uploads\/DSC6337-768x513.jpg 768w, https:\/\/eu4azerbaijan.eu\/wp-content\/uploads\/DSC6337-1536x1025.jpg 1536w, https:\/\/eu4azerbaijan.eu\/wp-content\/uploads\/DSC6337.jpg 2048w\" sizes=\"(max-width: 1024px) 100vw, 1024px\" \/><\/figure>\n\n\n\n<figure class=\"wp-block-image size-large\"><img loading=\"lazy\" decoding=\"async\" width=\"1024\" height=\"684\" data-id=\"62377\" src=\"https:\/\/eu4azerbaijan.eu\/wp-content\/uploads\/DSC6355-1024x684.jpg\" alt=\"\" class=\"wp-image-62377\" srcset=\"https:\/\/eu4azerbaijan.eu\/wp-content\/uploads\/DSC6355-1024x684.jpg 1024w, https:\/\/eu4azerbaijan.eu\/wp-content\/uploads\/DSC6355-300x200.jpg 300w, https:\/\/eu4azerbaijan.eu\/wp-content\/uploads\/DSC6355-768x513.jpg 768w, https:\/\/eu4azerbaijan.eu\/wp-content\/uploads\/DSC6355-1536x1025.jpg 1536w, https:\/\/eu4azerbaijan.eu\/wp-content\/uploads\/DSC6355.jpg 2048w\" sizes=\"(max-width: 1024px) 100vw, 1024px\" \/><\/figure>\n\n\n\n<figure class=\"wp-block-image size-large\"><img loading=\"lazy\" decoding=\"async\" width=\"1024\" height=\"684\" data-id=\"62379\" src=\"https:\/\/eu4azerbaijan.eu\/wp-content\/uploads\/DSC6362-1024x684.jpg\" alt=\"\" class=\"wp-image-62379\" srcset=\"https:\/\/eu4azerbaijan.eu\/wp-content\/uploads\/DSC6362-1024x684.jpg 1024w, https:\/\/eu4azerbaijan.eu\/wp-content\/uploads\/DSC6362-300x200.jpg 300w, https:\/\/eu4azerbaijan.eu\/wp-content\/uploads\/DSC6362-768x513.jpg 768w, https:\/\/eu4azerbaijan.eu\/wp-content\/uploads\/DSC6362-1536x1025.jpg 1536w, https:\/\/eu4azerbaijan.eu\/wp-content\/uploads\/DSC6362.jpg 2048w\" sizes=\"(max-width: 1024px) 100vw, 1024px\" \/><\/figure>\n\n\n\n<figure class=\"wp-block-image size-large\"><img loading=\"lazy\" decoding=\"async\" width=\"1024\" height=\"684\" data-id=\"62385\" src=\"https:\/\/eu4azerbaijan.eu\/wp-content\/uploads\/DSC6381-1024x684.jpg\" alt=\"\" class=\"wp-image-62385\" srcset=\"https:\/\/eu4azerbaijan.eu\/wp-content\/uploads\/DSC6381-1024x684.jpg 1024w, https:\/\/eu4azerbaijan.eu\/wp-content\/uploads\/DSC6381-300x200.jpg 300w, https:\/\/eu4azerbaijan.eu\/wp-content\/uploads\/DSC6381-768x513.jpg 768w, https:\/\/eu4azerbaijan.eu\/wp-content\/uploads\/DSC6381-1536x1025.jpg 1536w, https:\/\/eu4azerbaijan.eu\/wp-content\/uploads\/DSC6381.jpg 2048w\" sizes=\"(max-width: 1024px) 100vw, 1024px\" \/><\/figure>\n\n\n\n<figure class=\"wp-block-image size-large\"><img loading=\"lazy\" decoding=\"async\" width=\"1024\" height=\"684\" data-id=\"62369\" src=\"https:\/\/eu4azerbaijan.eu\/wp-content\/uploads\/DSC6438-1024x684.jpg\" alt=\"\" class=\"wp-image-62369\" srcset=\"https:\/\/eu4azerbaijan.eu\/wp-content\/uploads\/DSC6438-1024x684.jpg 1024w, https:\/\/eu4azerbaijan.eu\/wp-content\/uploads\/DSC6438-300x200.jpg 300w, https:\/\/eu4azerbaijan.eu\/wp-content\/uploads\/DSC6438-768x513.jpg 768w, https:\/\/eu4azerbaijan.eu\/wp-content\/uploads\/DSC6438-1536x1025.jpg 1536w, https:\/\/eu4azerbaijan.eu\/wp-content\/uploads\/DSC6438.jpg 2048w\" sizes=\"(max-width: 1024px) 100vw, 1024px\" \/><\/figure>\n\n\n\n<figure class=\"wp-block-image size-large\"><img loading=\"lazy\" decoding=\"async\" width=\"1024\" height=\"684\" data-id=\"62371\" src=\"https:\/\/eu4azerbaijan.eu\/wp-content\/uploads\/DSC6455-1024x684.jpg\" alt=\"\" class=\"wp-image-62371\" srcset=\"https:\/\/eu4azerbaijan.eu\/wp-content\/uploads\/DSC6455-1024x684.jpg 1024w, https:\/\/eu4azerbaijan.eu\/wp-content\/uploads\/DSC6455-300x200.jpg 300w, https:\/\/eu4azerbaijan.eu\/wp-content\/uploads\/DSC6455-768x513.jpg 768w, https:\/\/eu4azerbaijan.eu\/wp-content\/uploads\/DSC6455-1536x1025.jpg 1536w, https:\/\/eu4azerbaijan.eu\/wp-content\/uploads\/DSC6455.jpg 2048w\" sizes=\"(max-width: 1024px) 100vw, 1024px\" \/><\/figure>\n\n\n\n<figure class=\"wp-block-image size-large\"><img loading=\"lazy\" decoding=\"async\" width=\"1024\" height=\"684\" data-id=\"62373\" src=\"https:\/\/eu4azerbaijan.eu\/wp-content\/uploads\/DSC6473-1024x684.jpg\" alt=\"\" class=\"wp-image-62373\" srcset=\"https:\/\/eu4azerbaijan.eu\/wp-content\/uploads\/DSC6473-1024x684.jpg 1024w, https:\/\/eu4azerbaijan.eu\/wp-content\/uploads\/DSC6473-300x200.jpg 300w, https:\/\/eu4azerbaijan.eu\/wp-content\/uploads\/DSC6473-768x513.jpg 768w, https:\/\/eu4azerbaijan.eu\/wp-content\/uploads\/DSC6473-1536x1025.jpg 1536w, https:\/\/eu4azerbaijan.eu\/wp-content\/uploads\/DSC6473.jpg 2048w\" sizes=\"(max-width: 1024px) 100vw, 1024px\" \/><\/figure>\n\n\n\n<figure class=\"wp-block-image size-large\"><img loading=\"lazy\" decoding=\"async\" width=\"1024\" height=\"684\" data-id=\"62375\" src=\"https:\/\/eu4azerbaijan.eu\/wp-content\/uploads\/DSC6602-1024x684.jpg\" alt=\"\" class=\"wp-image-62375\" srcset=\"https:\/\/eu4azerbaijan.eu\/wp-content\/uploads\/DSC6602-1024x684.jpg 1024w, https:\/\/eu4azerbaijan.eu\/wp-content\/uploads\/DSC6602-300x200.jpg 300w, https:\/\/eu4azerbaijan.eu\/wp-content\/uploads\/DSC6602-768x513.jpg 768w, https:\/\/eu4azerbaijan.eu\/wp-content\/uploads\/DSC6602-1536x1025.jpg 1536w, https:\/\/eu4azerbaijan.eu\/wp-content\/uploads\/DSC6602.jpg 2048w\" sizes=\"(max-width: 1024px) 100vw, 1024px\" \/><\/figure>\n\n\n\n<figure class=\"wp-block-image size-large\"><img loading=\"lazy\" decoding=\"async\" width=\"1024\" height=\"684\" data-id=\"62387\" src=\"https:\/\/eu4azerbaijan.eu\/wp-content\/uploads\/DSC6750-1024x684.jpg\" alt=\"\" class=\"wp-image-62387\" srcset=\"https:\/\/eu4azerbaijan.eu\/wp-content\/uploads\/DSC6750-1024x684.jpg 1024w, https:\/\/eu4azerbaijan.eu\/wp-content\/uploads\/DSC6750-300x200.jpg 300w, https:\/\/eu4azerbaijan.eu\/wp-content\/uploads\/DSC6750-768x513.jpg 768w, https:\/\/eu4azerbaijan.eu\/wp-content\/uploads\/DSC6750-1536x1025.jpg 1536w, https:\/\/eu4azerbaijan.eu\/wp-content\/uploads\/DSC6750.jpg 2048w\" sizes=\"(max-width: 1024px) 100vw, 1024px\" \/><\/figure>\n\n\n\n<figure class=\"wp-block-image size-large\"><img loading=\"lazy\" decoding=\"async\" width=\"1024\" height=\"684\" data-id=\"62383\" src=\"https:\/\/eu4azerbaijan.eu\/wp-content\/uploads\/DSC6794-1024x684.jpg\" alt=\"\" class=\"wp-image-62383\" srcset=\"https:\/\/eu4azerbaijan.eu\/wp-content\/uploads\/DSC6794-1024x684.jpg 1024w, https:\/\/eu4azerbaijan.eu\/wp-content\/uploads\/DSC6794-300x200.jpg 300w, https:\/\/eu4azerbaijan.eu\/wp-content\/uploads\/DSC6794-768x513.jpg 768w, https:\/\/eu4azerbaijan.eu\/wp-content\/uploads\/DSC6794-1536x1025.jpg 1536w, https:\/\/eu4azerbaijan.eu\/wp-content\/uploads\/DSC6794.jpg 2048w\" sizes=\"(max-width: 1024px) 100vw, 1024px\" \/><\/figure>\n\n\n\n<figure class=\"wp-block-image size-large\"><img loading=\"lazy\" decoding=\"async\" width=\"1024\" height=\"683\" data-id=\"62389\" src=\"https:\/\/eu4azerbaijan.eu\/wp-content\/uploads\/Eubilik-3-1024x683.jpg\" alt=\"\" class=\"wp-image-62389\" srcset=\"https:\/\/eu4azerbaijan.eu\/wp-content\/uploads\/Eubilik-3-1024x683.jpg 1024w, https:\/\/eu4azerbaijan.eu\/wp-content\/uploads\/Eubilik-3-300x200.jpg 300w, https:\/\/eu4azerbaijan.eu\/wp-content\/uploads\/Eubilik-3-768x512.jpg 768w, https:\/\/eu4azerbaijan.eu\/wp-content\/uploads\/Eubilik-3-1536x1024.jpg 1536w, https:\/\/eu4azerbaijan.eu\/wp-content\/uploads\/Eubilik-3.jpg 2048w\" sizes=\"(max-width: 1024px) 100vw, 1024px\" \/><\/figure>\n\n\n\n<figure class=\"wp-block-image size-large\"><img loading=\"lazy\" decoding=\"async\" width=\"1024\" height=\"683\" data-id=\"62391\" src=\"https:\/\/eu4azerbaijan.eu\/wp-content\/uploads\/Eubilik-12-1024x683.jpg\" alt=\"\" class=\"wp-image-62391\" srcset=\"https:\/\/eu4azerbaijan.eu\/wp-content\/uploads\/Eubilik-12-1024x683.jpg 1024w, https:\/\/eu4azerbaijan.eu\/wp-content\/uploads\/Eubilik-12-300x200.jpg 300w, https:\/\/eu4azerbaijan.eu\/wp-content\/uploads\/Eubilik-12-768x512.jpg 768w, https:\/\/eu4azerbaijan.eu\/wp-content\/uploads\/Eubilik-12-1536x1024.jpg 1536w, https:\/\/eu4azerbaijan.eu\/wp-content\/uploads\/Eubilik-12.jpg 2048w\" sizes=\"(max-width: 1024px) 100vw, 1024px\" \/><\/figure>\n<\/figure>\n","protected":false},"excerpt":{"rendered":"<p>Cari ilin 27 iyul tarixind\u0259 Avropa \u0130ttifaq\u0131n\u0131n Az\u0259rbaycandak\u0131 N\u00fcmay\u0259nd\u0259liyi v\u0259 G\u0259nc Avropa S\u0259firl\u0259rinin birg\u0259 \u0259m\u0259kda\u015fl\u0131\u011f\u0131 il\u0259 Avropa Bilik Yar\u0131\u015fmas\u0131 ke\u00e7irilib. \u201cAvropa \u0130ttifaq\u0131n\u0131 n\u0259 d\u0259r\u0259c\u0259d\u0259 yax\u015f\u0131 tan\u0131y\u0131rs\u0131n\u0131z?\u201d adl\u0131 yar\u0131\u015fma Avropa G\u0259ncl\u0259r \u0130lin\u0259 h\u0259sr olunub. Az\u0259rbaycan\u0131n b\u00fct\u00fcn b\u00f6lg\u0259l\u0259rind\u0259n olan 14-26 ya\u015fl\u0131 istedadl\u0131 g\u0259ncl\u0259ri bir araya g\u0259tir\u0259n Bilik Yar\u0131\u015fmas\u0131 Avropan\u0131n tarixi, d\u0259y\u0259rl\u0259ri, m\u0259d\u0259niyy\u0259ti bar\u0259d\u0259 i\u015ftirak\u00e7\u0131lar\u0131n bilikl\u0259rini interaktiv yolla [&hellip;]<\/p>\n","protected":false},"author":19,"featured_media":62368,"comment_status":"closed","ping_status":"closed","sticky":false,"template":"","format":"standard","meta":{"_acf_changed":false,"footnotes":""},"categories":[374,284],"tags":[],"topic":[],"class_list":["post-62398","post","type-post","status-publish","format-standard","has-post-thumbnail","hentry","category-whats-happening-az","category-news-az"],"acf":[],"yoast_head":"<!-- This site is optimized with the Yoast SEO plugin v26.4 - https:\/\/yoast.com\/wordpress\/plugins\/seo\/ -->\n<title>Avropa Bilik Yar\u0131\u015fmas\u0131 - EU for Azerbaijan<\/title>\n<meta name=\"robots\" content=\"index, follow, max-snippet:-1, max-image-preview:large, max-video-preview:-1\" \/>\n<link rel=\"canonical\" href=\"https:\/\/eu4azerbaijan.eu\/az\/european-intellectual-competition-dedicated-to-the-european-year-of-youth\/\" \/>\n<meta property=\"og:locale\" content=\"az_AZ\" \/>\n<meta property=\"og:type\" content=\"article\" \/>\n<meta property=\"og:title\" content=\"Avropa Bilik Yar\u0131\u015fmas\u0131 - EU for Azerbaijan\" \/>\n<meta property=\"og:description\" content=\"Cari ilin 27 iyul tarixind\u0259 Avropa \u0130ttifaq\u0131n\u0131n Az\u0259rbaycandak\u0131 N\u00fcmay\u0259nd\u0259liyi v\u0259 G\u0259nc Avropa S\u0259firl\u0259rinin birg\u0259 \u0259m\u0259kda\u015fl\u0131\u011f\u0131 il\u0259 Avropa Bilik Yar\u0131\u015fmas\u0131 ke\u00e7irilib. \u201cAvropa \u0130ttifaq\u0131n\u0131 n\u0259 d\u0259r\u0259c\u0259d\u0259 yax\u015f\u0131 tan\u0131y\u0131rs\u0131n\u0131z?\u201d adl\u0131 yar\u0131\u015fma Avropa G\u0259ncl\u0259r \u0130lin\u0259 h\u0259sr olunub. Az\u0259rbaycan\u0131n b\u00fct\u00fcn b\u00f6lg\u0259l\u0259rind\u0259n olan 14-26 ya\u015fl\u0131 istedadl\u0131 g\u0259ncl\u0259ri bir araya g\u0259tir\u0259n Bilik Yar\u0131\u015fmas\u0131 Avropan\u0131n tarixi, d\u0259y\u0259rl\u0259ri, m\u0259d\u0259niyy\u0259ti bar\u0259d\u0259 i\u015ftirak\u00e7\u0131lar\u0131n bilikl\u0259rini interaktiv yolla [&hellip;]\" \/>\n<meta property=\"og:url\" content=\"https:\/\/eu4azerbaijan.eu\/az\/european-intellectual-competition-dedicated-to-the-european-year-of-youth\/\" \/>\n<meta property=\"og:site_name\" content=\"EU for Azerbaijan\" \/>\n<meta property=\"article:published_time\" content=\"2022-07-27T19:06:00+00:00\" \/>\n<meta property=\"article:modified_time\" content=\"2022-08-02T07:19:00+00:00\" \/>\n<meta property=\"og:image\" content=\"https:\/\/eu4azerbaijan.eu\/wp-content\/uploads\/DSC6717-1024x684.jpg\" \/>\n\t<meta property=\"og:image:width\" content=\"1024\" \/>\n\t<meta property=\"og:image:height\" content=\"684\" \/>\n\t<meta property=\"og:image:type\" content=\"image\/jpeg\" \/>\n<meta name=\"author\" content=\"Aydan Topchibasheva\" \/>\n<meta name=\"twitter:card\" content=\"summary_large_image\" \/>\n<meta name=\"twitter:label1\" content=\"Written by\" \/>\n\t<meta name=\"twitter:data1\" content=\"Aydan Topchibasheva\" \/>\n\t<meta name=\"twitter:label2\" content=\"Est. reading time\" \/>\n\t<meta name=\"twitter:data2\" content=\"4 minutes\" \/>\n<script type=\"application\/ld+json\" class=\"yoast-schema-graph\">{\"@context\":\"https:\/\/schema.org\",\"@graph\":[{\"@type\":\"WebPage\",\"@id\":\"https:\/\/eu4azerbaijan.eu\/az\/european-intellectual-competition-dedicated-to-the-european-year-of-youth\/\",\"url\":\"https:\/\/eu4azerbaijan.eu\/az\/european-intellectual-competition-dedicated-to-the-european-year-of-youth\/\",\"name\":\"Avropa Bilik Yar\u0131\u015fmas\u0131 - EU for Azerbaijan\",\"isPartOf\":{\"@id\":\"https:\/\/eu4azerbaijan.eu\/az\/#website\"},\"primaryImageOfPage\":{\"@id\":\"https:\/\/eu4azerbaijan.eu\/az\/european-intellectual-competition-dedicated-to-the-european-year-of-youth\/#primaryimage\"},\"image\":{\"@id\":\"https:\/\/eu4azerbaijan.eu\/az\/european-intellectual-competition-dedicated-to-the-european-year-of-youth\/#primaryimage\"},\"thumbnailUrl\":\"https:\/\/eu4azerbaijan.eu\/wp-content\/uploads\/DSC6717.jpg\",\"datePublished\":\"2022-07-27T19:06:00+00:00\",\"dateModified\":\"2022-08-02T07:19:00+00:00\",\"author\":{\"@id\":\"https:\/\/eu4azerbaijan.eu\/az\/#\/schema\/person\/cf17ddba07387955c481997af06797df\"},\"breadcrumb\":{\"@id\":\"https:\/\/eu4azerbaijan.eu\/az\/european-intellectual-competition-dedicated-to-the-european-year-of-youth\/#breadcrumb\"},\"inLanguage\":\"az-AZ\",\"potentialAction\":[{\"@type\":\"ReadAction\",\"target\":[\"https:\/\/eu4azerbaijan.eu\/az\/european-intellectual-competition-dedicated-to-the-european-year-of-youth\/\"]}]},{\"@type\":\"ImageObject\",\"inLanguage\":\"az-AZ\",\"@id\":\"https:\/\/eu4azerbaijan.eu\/az\/european-intellectual-competition-dedicated-to-the-european-year-of-youth\/#primaryimage\",\"url\":\"https:\/\/eu4azerbaijan.eu\/wp-content\/uploads\/DSC6717.jpg\",\"contentUrl\":\"https:\/\/eu4azerbaijan.eu\/wp-content\/uploads\/DSC6717.jpg\",\"width\":2048,\"height\":1367},{\"@type\":\"BreadcrumbList\",\"@id\":\"https:\/\/eu4azerbaijan.eu\/az\/european-intellectual-competition-dedicated-to-the-european-year-of-youth\/#breadcrumb\",\"itemListElement\":[{\"@type\":\"ListItem\",\"position\":1,\"name\":\"Home\",\"item\":\"https:\/\/eu4azerbaijan.eu\/az\/\"},{\"@type\":\"ListItem\",\"position\":2,\"name\":\"Avropa Bilik Yar\u0131\u015fmas\u0131\"}]},{\"@type\":\"WebSite\",\"@id\":\"https:\/\/eu4azerbaijan.eu\/az\/#website\",\"url\":\"https:\/\/eu4azerbaijan.eu\/az\/\",\"name\":\"EU for Azerbaijan\",\"description\":\"\",\"potentialAction\":[{\"@type\":\"SearchAction\",\"target\":{\"@type\":\"EntryPoint\",\"urlTemplate\":\"https:\/\/eu4azerbaijan.eu\/az\/?s={search_term_string}\"},\"query-input\":{\"@type\":\"PropertyValueSpecification\",\"valueRequired\":true,\"valueName\":\"search_term_string\"}}],\"inLanguage\":\"az-AZ\"},{\"@type\":\"Person\",\"@id\":\"https:\/\/eu4azerbaijan.eu\/az\/#\/schema\/person\/cf17ddba07387955c481997af06797df\",\"name\":\"Aydan Topchibasheva\",\"image\":{\"@type\":\"ImageObject\",\"inLanguage\":\"az-AZ\",\"@id\":\"https:\/\/eu4azerbaijan.eu\/az\/#\/schema\/person\/image\/\",\"url\":\"https:\/\/secure.gravatar.com\/avatar\/657ac54b68aced49adde2a29a43651c77d8555f376d5ee5dd68172194a09f856?s=96&d=mm&r=g\",\"contentUrl\":\"https:\/\/secure.gravatar.com\/avatar\/657ac54b68aced49adde2a29a43651c77d8555f376d5ee5dd68172194a09f856?s=96&d=mm&r=g\",\"caption\":\"Aydan Topchibasheva\"},\"url\":\"https:\/\/eu4azerbaijan.eu\/az\/author\/aydan\/\"}]}<\/script>\n<!-- \/ Yoast SEO plugin. -->","yoast_head_json":{"title":"Avropa Bilik Yar\u0131\u015fmas\u0131 - EU for Azerbaijan","robots":{"index":"index","follow":"follow","max-snippet":"max-snippet:-1","max-image-preview":"max-image-preview:large","max-video-preview":"max-video-preview:-1"},"canonical":"https:\/\/eu4azerbaijan.eu\/az\/european-intellectual-competition-dedicated-to-the-european-year-of-youth\/","og_locale":"az_AZ","og_type":"article","og_title":"Avropa Bilik Yar\u0131\u015fmas\u0131 - EU for Azerbaijan","og_description":"Cari ilin 27 iyul tarixind\u0259 Avropa \u0130ttifaq\u0131n\u0131n Az\u0259rbaycandak\u0131 N\u00fcmay\u0259nd\u0259liyi v\u0259 G\u0259nc Avropa S\u0259firl\u0259rinin birg\u0259 \u0259m\u0259kda\u015fl\u0131\u011f\u0131 il\u0259 Avropa Bilik Yar\u0131\u015fmas\u0131 ke\u00e7irilib. \u201cAvropa \u0130ttifaq\u0131n\u0131 n\u0259 d\u0259r\u0259c\u0259d\u0259 yax\u015f\u0131 tan\u0131y\u0131rs\u0131n\u0131z?\u201d adl\u0131 yar\u0131\u015fma Avropa G\u0259ncl\u0259r \u0130lin\u0259 h\u0259sr olunub. Az\u0259rbaycan\u0131n b\u00fct\u00fcn b\u00f6lg\u0259l\u0259rind\u0259n olan 14-26 ya\u015fl\u0131 istedadl\u0131 g\u0259ncl\u0259ri bir araya g\u0259tir\u0259n Bilik Yar\u0131\u015fmas\u0131 Avropan\u0131n tarixi, d\u0259y\u0259rl\u0259ri, m\u0259d\u0259niyy\u0259ti bar\u0259d\u0259 i\u015ftirak\u00e7\u0131lar\u0131n bilikl\u0259rini interaktiv yolla [&hellip;]","og_url":"https:\/\/eu4azerbaijan.eu\/az\/european-intellectual-competition-dedicated-to-the-european-year-of-youth\/","og_site_name":"EU for Azerbaijan","article_published_time":"2022-07-27T19:06:00+00:00","article_modified_time":"2022-08-02T07:19:00+00:00","og_image":[{"width":1024,"height":684,"url":"https:\/\/eu4azerbaijan.eu\/wp-content\/uploads\/DSC6717-1024x684.jpg","type":"image\/jpeg"}],"author":"Aydan Topchibasheva","twitter_card":"summary_large_image","twitter_misc":{"Written by":"Aydan Topchibasheva","Est. reading time":"4 minutes"},"schema":{"@context":"https:\/\/schema.org","@graph":[{"@type":"WebPage","@id":"https:\/\/eu4azerbaijan.eu\/az\/european-intellectual-competition-dedicated-to-the-european-year-of-youth\/","url":"https:\/\/eu4azerbaijan.eu\/az\/european-intellectual-competition-dedicated-to-the-european-year-of-youth\/","name":"Avropa Bilik Yar\u0131\u015fmas\u0131 - EU for Azerbaijan","isPartOf":{"@id":"https:\/\/eu4azerbaijan.eu\/az\/#website"},"primaryImageOfPage":{"@id":"https:\/\/eu4azerbaijan.eu\/az\/european-intellectual-competition-dedicated-to-the-european-year-of-youth\/#primaryimage"},"image":{"@id":"https:\/\/eu4azerbaijan.eu\/az\/european-intellectual-competition-dedicated-to-the-european-year-of-youth\/#primaryimage"},"thumbnailUrl":"https:\/\/eu4azerbaijan.eu\/wp-content\/uploads\/DSC6717.jpg","datePublished":"2022-07-27T19:06:00+00:00","dateModified":"2022-08-02T07:19:00+00:00","author":{"@id":"https:\/\/eu4azerbaijan.eu\/az\/#\/schema\/person\/cf17ddba07387955c481997af06797df"},"breadcrumb":{"@id":"https:\/\/eu4azerbaijan.eu\/az\/european-intellectual-competition-dedicated-to-the-european-year-of-youth\/#breadcrumb"},"inLanguage":"az-AZ","potentialAction":[{"@type":"ReadAction","target":["https:\/\/eu4azerbaijan.eu\/az\/european-intellectual-competition-dedicated-to-the-european-year-of-youth\/"]}]},{"@type":"ImageObject","inLanguage":"az-AZ","@id":"https:\/\/eu4azerbaijan.eu\/az\/european-intellectual-competition-dedicated-to-the-european-year-of-youth\/#primaryimage","url":"https:\/\/eu4azerbaijan.eu\/wp-content\/uploads\/DSC6717.jpg","contentUrl":"https:\/\/eu4azerbaijan.eu\/wp-content\/uploads\/DSC6717.jpg","width":2048,"height":1367},{"@type":"BreadcrumbList","@id":"https:\/\/eu4azerbaijan.eu\/az\/european-intellectual-competition-dedicated-to-the-european-year-of-youth\/#breadcrumb","itemListElement":[{"@type":"ListItem","position":1,"name":"Home","item":"https:\/\/eu4azerbaijan.eu\/az\/"},{"@type":"ListItem","position":2,"name":"Avropa Bilik Yar\u0131\u015fmas\u0131"}]},{"@type":"WebSite","@id":"https:\/\/eu4azerbaijan.eu\/az\/#website","url":"https:\/\/eu4azerbaijan.eu\/az\/","name":"EU for Azerbaijan","description":"","potentialAction":[{"@type":"SearchAction","target":{"@type":"EntryPoint","urlTemplate":"https:\/\/eu4azerbaijan.eu\/az\/?s={search_term_string}"},"query-input":{"@type":"PropertyValueSpecification","valueRequired":true,"valueName":"search_term_string"}}],"inLanguage":"az-AZ"},{"@type":"Person","@id":"https:\/\/eu4azerbaijan.eu\/az\/#\/schema\/person\/cf17ddba07387955c481997af06797df","name":"Aydan Topchibasheva","image":{"@type":"ImageObject","inLanguage":"az-AZ","@id":"https:\/\/eu4azerbaijan.eu\/az\/#\/schema\/person\/image\/","url":"https:\/\/secure.gravatar.com\/avatar\/657ac54b68aced49adde2a29a43651c77d8555f376d5ee5dd68172194a09f856?s=96&d=mm&r=g","contentUrl":"https:\/\/secure.gravatar.com\/avatar\/657ac54b68aced49adde2a29a43651c77d8555f376d5ee5dd68172194a09f856?s=96&d=mm&r=g","caption":"Aydan Topchibasheva"},"url":"https:\/\/eu4azerbaijan.eu\/az\/author\/aydan\/"}]}},"_links":{"self":[{"href":"https:\/\/eu4azerbaijan.eu\/az\/wp-json\/wp\/v2\/posts\/62398","targetHints":{"allow":["GET"]}}],"collection":[{"href":"https:\/\/eu4azerbaijan.eu\/az\/wp-json\/wp\/v2\/posts"}],"about":[{"href":"https:\/\/eu4azerbaijan.eu\/az\/wp-json\/wp\/v2\/types\/post"}],"author":[{"embeddable":true,"href":"https:\/\/eu4azerbaijan.eu\/az\/wp-json\/wp\/v2\/users\/19"}],"replies":[{"embeddable":true,"href":"https:\/\/eu4azerbaijan.eu\/az\/wp-json\/wp\/v2\/comments?post=62398"}],"version-history":[{"count":2,"href":"https:\/\/eu4azerbaijan.eu\/az\/wp-json\/wp\/v2\/posts\/62398\/revisions"}],"predecessor-version":[{"id":62401,"href":"https:\/\/eu4azerbaijan.eu\/az\/wp-json\/wp\/v2\/posts\/62398\/revisions\/62401"}],"wp:featuredmedia":[{"embeddable":true,"href":"https:\/\/eu4azerbaijan.eu\/az\/wp-json\/wp\/v2\/media\/62368"}],"wp:attachment":[{"href":"https:\/\/eu4azerbaijan.eu\/az\/wp-json\/wp\/v2\/media?parent=62398"}],"wp:term":[{"taxonomy":"category","embeddable":true,"href":"https:\/\/eu4azerbaijan.eu\/az\/wp-json\/wp\/v2\/categories?post=62398"},{"taxonomy":"post_tag","embeddable":true,"href":"https:\/\/eu4azerbaijan.eu\/az\/wp-json\/wp\/v2\/tags?post=62398"},{"taxonomy":"topic","embeddable":true,"href":"https:\/\/eu4azerbaijan.eu\/az\/wp-json\/wp\/v2\/topic?post=62398"}],"curies":[{"name":"wp","href":"https:\/\/api.w.org\/{rel}","templated":true}]}}