{"id":62358,"date":"2022-07-20T12:17:00","date_gmt":"2022-07-20T12:17:00","guid":{"rendered":"https:\/\/eu4azerbaijan.eu\/62352\/"},"modified":"2022-07-21T12:22:05","modified_gmt":"2022-07-21T12:22:05","slug":"62352","status":"publish","type":"post","link":"https:\/\/eu4azerbaijan.eu\/az\/62352\/","title":{"rendered":"G\u0259ncl\u0259r \u00fc\u00e7\u00fcn layih\u0259l\u0259rin idar\u0259edilm\u0259si m\u00f6vzusunda t\u0259liml\u0259r"},"content":{"rendered":"\n<p>Avropa \u0130ttifaq\u0131n\u0131n maliyy\u0259 d\u0259st\u0259yi il\u0259 Sosial H\u00fcquqlar M\u0259rk\u0259zi t\u0259r\u0259find\u0259n &#8220;Az\u0259rbaycanda Sosial T\u0259\u015f\u0259bb\u00fcsl\u0259rin \u0130nki\u015faf\u0131&#8221; layih\u0259si \u00e7\u0259r\u00e7iv\u0259sind\u0259 layih\u0259l\u0259rin idar\u0259edilm\u0259si m\u00f6vzusunda t\u0259liml\u0259r h\u0259yata ke\u00e7iril\u0259c\u0259kdir.<\/p>\n\n\n\n<p>Layih\u0259nin \u0259sas m\u0259qs\u0259di g\u0259nc t\u0259\u015f\u0259bb\u00fcs qruplar\u0131n\u0131n layih\u0259l\u0259rin yaz\u0131lmas\u0131 v\u0259 idar\u0259edilm\u0259si istiqam\u0259tind\u0259 bacar\u0131qlar\u0131n\u0131 inki\u015faf etdirm\u0259k v\u0259 bununla da onlar\u0131n t\u0259sir g\u00fcc\u00fcn\u00fcn geni\u015fl\u0259ndirilm\u0259sin\u0259 d\u0259st\u0259k olmaqd\u0131r.<\/p>\n\n\n\n<p>Layih\u0259 a\u015fa\u011f\u0131dak\u0131 istiqam\u0259tl\u0259r \u00fczr\u0259 3 m\u0259rh\u0259l\u0259d\u0259n ibar\u0259t olacaqd\u0131r:<\/p>\n\n\n\n<p>1) &#8220;Layih\u0259l\u0259rin idar\u0259edilm\u0259si&#8221;&nbsp; m\u00f6vzusunda 3 g\u00fcnl\u00fck davaml\u0131 t\u0259liml\u0259r;<\/p>\n\n\n\n<p>2) Layih\u0259 i\u015ftirak\u00e7\u0131lar\u0131ndan ibar\u0259t komandalar\u0131n yarad\u0131lmas\u0131 v\u0259 layih\u0259l\u0259rinin yaz\u0131lmas\u0131na d\u0259st\u0259k m\u0259qs\u0259dli mentorluq proqram\u0131;<\/p>\n\n\n\n<p>3) Qrantlara m\u00fcraci\u0259td\u0259 layih\u0259 i\u015ftirak\u00e7\u0131lar\u0131na d\u0259st\u0259k.<\/p>\n\n\n\n<p><strong>Kiml\u0259r i\u015ftirak ed\u0259 bil\u0259r?<\/strong><\/p>\n\n\n\n<p>&#8211; 18 -29 ya\u015f aral\u0131\u011f\u0131nda olan m\u00fc\u0259yy\u0259n t\u0259\u015f\u0259bb\u00fcs qrupunda f\u0259aliyy\u0259t g\u00f6st\u0259r\u0259n (v\u0259 ya g\u00f6st\u0259rmi\u015f) \u015f\u0259xsl\u0259r;<\/p>\n\n\n\n<p>&#8211; Bak\u0131 v\u0259 G\u0259nc\u0259 \u015f\u0259h\u0259rl\u0259rind\u0259 ya\u015fayan t\u0259\u015f\u0259bb\u00fcs qrupu n\u00fcmay\u0259nd\u0259l\u0259ri;<\/p>\n\n\n\n<p>&#8211; Layih\u0259l\u0259rin yaz\u0131lmas\u0131 v\u0259 idar\u0259edilm\u0259si prosesini \u00f6yr\u0259nm\u0259y\u0259 motivasiyal\u0131 \u015f\u0259xsl\u0259r.<\/p>\n\n\n\n<p>Layih\u0259nin ke\u00e7irilm\u0259 tarixi: 05.08.2022 &#8211; 07.08.2022<\/p>\n\n\n\n<p><strong>Qeydiyyat \u00fc\u00e7\u00fcn link:<\/strong> <a href=\"https:\/\/cutt.ly\/yLWgePU\">https:\/\/cutt.ly\/yLWgePU<\/a><\/p>\n\n\n\n<p>*<strong>Son m\u00fcraci\u0259t tarixi:<\/strong> 28 \u0130yul<\/p>\n\n\n\n<p><strong>\u0130\u015eT\u0130RAK \u00d6D\u018fN\u0130\u015eS\u0130ZD\u0130R.<\/strong><\/p>\n","protected":false},"excerpt":{"rendered":"<p>Avropa \u0130ttifaq\u0131n\u0131n maliyy\u0259 d\u0259st\u0259yi il\u0259 Sosial H\u00fcquqlar M\u0259rk\u0259zi t\u0259r\u0259find\u0259n &#8220;Az\u0259rbaycanda Sosial T\u0259\u015f\u0259bb\u00fcsl\u0259rin \u0130nki\u015faf\u0131&#8221; layih\u0259si \u00e7\u0259r\u00e7iv\u0259sind\u0259 layih\u0259l\u0259rin idar\u0259edilm\u0259si m\u00f6vzusunda t\u0259liml\u0259r h\u0259yata ke\u00e7iril\u0259c\u0259kdir. Layih\u0259nin \u0259sas m\u0259qs\u0259di g\u0259nc t\u0259\u015f\u0259bb\u00fcs qruplar\u0131n\u0131n layih\u0259l\u0259rin yaz\u0131lmas\u0131 v\u0259 idar\u0259edilm\u0259si istiqam\u0259tind\u0259 bacar\u0131qlar\u0131n\u0131 inki\u015faf etdirm\u0259k v\u0259 bununla da onlar\u0131n t\u0259sir g\u00fcc\u00fcn\u00fcn geni\u015fl\u0259ndirilm\u0259sin\u0259 d\u0259st\u0259k olmaqd\u0131r. Layih\u0259 a\u015fa\u011f\u0131dak\u0131 istiqam\u0259tl\u0259r \u00fczr\u0259 3 m\u0259rh\u0259l\u0259d\u0259n ibar\u0259t olacaqd\u0131r: 1) &#8220;Layih\u0259l\u0259rin idar\u0259edilm\u0259si&#8221;&nbsp; [&hellip;]<\/p>\n","protected":false},"author":19,"featured_media":62354,"comment_status":"closed","ping_status":"closed","sticky":false,"template":"","format":"standard","meta":{"_acf_changed":false,"footnotes":""},"categories":[303,374,284],"tags":[],"topic":[],"class_list":["post-62358","post","type-post","status-publish","format-standard","has-post-thumbnail","hentry","category-opportunities-az","category-whats-happening-az","category-news-az"],"acf":[],"yoast_head":"<!-- This site is optimized with the Yoast SEO plugin v26.4 - https:\/\/yoast.com\/wordpress\/plugins\/seo\/ -->\n<title>G\u0259ncl\u0259r \u00fc\u00e7\u00fcn layih\u0259l\u0259rin idar\u0259edilm\u0259si m\u00f6vzusunda t\u0259liml\u0259r - EU for Azerbaijan<\/title>\n<meta name=\"robots\" content=\"index, follow, max-snippet:-1, max-image-preview:large, max-video-preview:-1\" \/>\n<link rel=\"canonical\" href=\"https:\/\/eu4azerbaijan.eu\/az\/62352\/\" \/>\n<meta property=\"og:locale\" content=\"az_AZ\" \/>\n<meta property=\"og:type\" content=\"article\" \/>\n<meta property=\"og:title\" content=\"G\u0259ncl\u0259r \u00fc\u00e7\u00fcn layih\u0259l\u0259rin idar\u0259edilm\u0259si m\u00f6vzusunda t\u0259liml\u0259r - EU for Azerbaijan\" \/>\n<meta property=\"og:description\" content=\"Avropa \u0130ttifaq\u0131n\u0131n maliyy\u0259 d\u0259st\u0259yi il\u0259 Sosial H\u00fcquqlar M\u0259rk\u0259zi t\u0259r\u0259find\u0259n &#8220;Az\u0259rbaycanda Sosial T\u0259\u015f\u0259bb\u00fcsl\u0259rin \u0130nki\u015faf\u0131&#8221; layih\u0259si \u00e7\u0259r\u00e7iv\u0259sind\u0259 layih\u0259l\u0259rin idar\u0259edilm\u0259si m\u00f6vzusunda t\u0259liml\u0259r h\u0259yata ke\u00e7iril\u0259c\u0259kdir. Layih\u0259nin \u0259sas m\u0259qs\u0259di g\u0259nc t\u0259\u015f\u0259bb\u00fcs qruplar\u0131n\u0131n layih\u0259l\u0259rin yaz\u0131lmas\u0131 v\u0259 idar\u0259edilm\u0259si istiqam\u0259tind\u0259 bacar\u0131qlar\u0131n\u0131 inki\u015faf etdirm\u0259k v\u0259 bununla da onlar\u0131n t\u0259sir g\u00fcc\u00fcn\u00fcn geni\u015fl\u0259ndirilm\u0259sin\u0259 d\u0259st\u0259k olmaqd\u0131r. Layih\u0259 a\u015fa\u011f\u0131dak\u0131 istiqam\u0259tl\u0259r \u00fczr\u0259 3 m\u0259rh\u0259l\u0259d\u0259n ibar\u0259t olacaqd\u0131r: 1) &#8220;Layih\u0259l\u0259rin idar\u0259edilm\u0259si&#8221;&nbsp; [&hellip;]\" \/>\n<meta property=\"og:url\" content=\"https:\/\/eu4azerbaijan.eu\/az\/62352\/\" \/>\n<meta property=\"og:site_name\" content=\"EU for Azerbaijan\" \/>\n<meta property=\"article:published_time\" content=\"2022-07-20T12:17:00+00:00\" \/>\n<meta property=\"article:modified_time\" content=\"2022-07-21T12:22:05+00:00\" \/>\n<meta property=\"og:image\" content=\"https:\/\/eu4azerbaijan.eu\/wp-content\/uploads\/Call-for-Participation-Final.jpeg\" \/>\n\t<meta property=\"og:image:width\" content=\"1080\" \/>\n\t<meta property=\"og:image:height\" content=\"1080\" \/>\n\t<meta property=\"og:image:type\" content=\"image\/jpeg\" \/>\n<meta name=\"author\" content=\"Aydan Topchibasheva\" \/>\n<meta name=\"twitter:card\" content=\"summary_large_image\" \/>\n<meta name=\"twitter:label1\" content=\"Written by\" \/>\n\t<meta name=\"twitter:data1\" content=\"Aydan Topchibasheva\" \/>\n\t<meta name=\"twitter:label2\" content=\"Est. reading time\" \/>\n\t<meta name=\"twitter:data2\" content=\"1 minute\" \/>\n<script type=\"application\/ld+json\" class=\"yoast-schema-graph\">{\"@context\":\"https:\/\/schema.org\",\"@graph\":[{\"@type\":\"WebPage\",\"@id\":\"https:\/\/eu4azerbaijan.eu\/az\/62352\/\",\"url\":\"https:\/\/eu4azerbaijan.eu\/az\/62352\/\",\"name\":\"G\u0259ncl\u0259r \u00fc\u00e7\u00fcn layih\u0259l\u0259rin idar\u0259edilm\u0259si m\u00f6vzusunda t\u0259liml\u0259r - EU for Azerbaijan\",\"isPartOf\":{\"@id\":\"https:\/\/eu4azerbaijan.eu\/az\/#website\"},\"primaryImageOfPage\":{\"@id\":\"https:\/\/eu4azerbaijan.eu\/az\/62352\/#primaryimage\"},\"image\":{\"@id\":\"https:\/\/eu4azerbaijan.eu\/az\/62352\/#primaryimage\"},\"thumbnailUrl\":\"https:\/\/eu4azerbaijan.eu\/wp-content\/uploads\/Call-for-Participation-Final.jpeg\",\"datePublished\":\"2022-07-20T12:17:00+00:00\",\"dateModified\":\"2022-07-21T12:22:05+00:00\",\"author\":{\"@id\":\"https:\/\/eu4azerbaijan.eu\/az\/#\/schema\/person\/cf17ddba07387955c481997af06797df\"},\"breadcrumb\":{\"@id\":\"https:\/\/eu4azerbaijan.eu\/az\/62352\/#breadcrumb\"},\"inLanguage\":\"az-AZ\",\"potentialAction\":[{\"@type\":\"ReadAction\",\"target\":[\"https:\/\/eu4azerbaijan.eu\/az\/62352\/\"]}]},{\"@type\":\"ImageObject\",\"inLanguage\":\"az-AZ\",\"@id\":\"https:\/\/eu4azerbaijan.eu\/az\/62352\/#primaryimage\",\"url\":\"https:\/\/eu4azerbaijan.eu\/wp-content\/uploads\/Call-for-Participation-Final.jpeg\",\"contentUrl\":\"https:\/\/eu4azerbaijan.eu\/wp-content\/uploads\/Call-for-Participation-Final.jpeg\",\"width\":1080,\"height\":1080},{\"@type\":\"BreadcrumbList\",\"@id\":\"https:\/\/eu4azerbaijan.eu\/az\/62352\/#breadcrumb\",\"itemListElement\":[{\"@type\":\"ListItem\",\"position\":1,\"name\":\"Home\",\"item\":\"https:\/\/eu4azerbaijan.eu\/az\/\"},{\"@type\":\"ListItem\",\"position\":2,\"name\":\"G\u0259ncl\u0259r \u00fc\u00e7\u00fcn layih\u0259l\u0259rin idar\u0259edilm\u0259si m\u00f6vzusunda t\u0259liml\u0259r\"}]},{\"@type\":\"WebSite\",\"@id\":\"https:\/\/eu4azerbaijan.eu\/az\/#website\",\"url\":\"https:\/\/eu4azerbaijan.eu\/az\/\",\"name\":\"EU for Azerbaijan\",\"description\":\"\",\"potentialAction\":[{\"@type\":\"SearchAction\",\"target\":{\"@type\":\"EntryPoint\",\"urlTemplate\":\"https:\/\/eu4azerbaijan.eu\/az\/?s={search_term_string}\"},\"query-input\":{\"@type\":\"PropertyValueSpecification\",\"valueRequired\":true,\"valueName\":\"search_term_string\"}}],\"inLanguage\":\"az-AZ\"},{\"@type\":\"Person\",\"@id\":\"https:\/\/eu4azerbaijan.eu\/az\/#\/schema\/person\/cf17ddba07387955c481997af06797df\",\"name\":\"Aydan Topchibasheva\",\"image\":{\"@type\":\"ImageObject\",\"inLanguage\":\"az-AZ\",\"@id\":\"https:\/\/eu4azerbaijan.eu\/az\/#\/schema\/person\/image\/\",\"url\":\"https:\/\/secure.gravatar.com\/avatar\/657ac54b68aced49adde2a29a43651c77d8555f376d5ee5dd68172194a09f856?s=96&d=mm&r=g\",\"contentUrl\":\"https:\/\/secure.gravatar.com\/avatar\/657ac54b68aced49adde2a29a43651c77d8555f376d5ee5dd68172194a09f856?s=96&d=mm&r=g\",\"caption\":\"Aydan Topchibasheva\"},\"url\":\"https:\/\/eu4azerbaijan.eu\/az\/author\/aydan\/\"}]}<\/script>\n<!-- \/ Yoast SEO plugin. -->","yoast_head_json":{"title":"G\u0259ncl\u0259r \u00fc\u00e7\u00fcn layih\u0259l\u0259rin idar\u0259edilm\u0259si m\u00f6vzusunda t\u0259liml\u0259r - EU for Azerbaijan","robots":{"index":"index","follow":"follow","max-snippet":"max-snippet:-1","max-image-preview":"max-image-preview:large","max-video-preview":"max-video-preview:-1"},"canonical":"https:\/\/eu4azerbaijan.eu\/az\/62352\/","og_locale":"az_AZ","og_type":"article","og_title":"G\u0259ncl\u0259r \u00fc\u00e7\u00fcn layih\u0259l\u0259rin idar\u0259edilm\u0259si m\u00f6vzusunda t\u0259liml\u0259r - EU for Azerbaijan","og_description":"Avropa \u0130ttifaq\u0131n\u0131n maliyy\u0259 d\u0259st\u0259yi il\u0259 Sosial H\u00fcquqlar M\u0259rk\u0259zi t\u0259r\u0259find\u0259n &#8220;Az\u0259rbaycanda Sosial T\u0259\u015f\u0259bb\u00fcsl\u0259rin \u0130nki\u015faf\u0131&#8221; layih\u0259si \u00e7\u0259r\u00e7iv\u0259sind\u0259 layih\u0259l\u0259rin idar\u0259edilm\u0259si m\u00f6vzusunda t\u0259liml\u0259r h\u0259yata ke\u00e7iril\u0259c\u0259kdir. Layih\u0259nin \u0259sas m\u0259qs\u0259di g\u0259nc t\u0259\u015f\u0259bb\u00fcs qruplar\u0131n\u0131n layih\u0259l\u0259rin yaz\u0131lmas\u0131 v\u0259 idar\u0259edilm\u0259si istiqam\u0259tind\u0259 bacar\u0131qlar\u0131n\u0131 inki\u015faf etdirm\u0259k v\u0259 bununla da onlar\u0131n t\u0259sir g\u00fcc\u00fcn\u00fcn geni\u015fl\u0259ndirilm\u0259sin\u0259 d\u0259st\u0259k olmaqd\u0131r. Layih\u0259 a\u015fa\u011f\u0131dak\u0131 istiqam\u0259tl\u0259r \u00fczr\u0259 3 m\u0259rh\u0259l\u0259d\u0259n ibar\u0259t olacaqd\u0131r: 1) &#8220;Layih\u0259l\u0259rin idar\u0259edilm\u0259si&#8221;&nbsp; [&hellip;]","og_url":"https:\/\/eu4azerbaijan.eu\/az\/62352\/","og_site_name":"EU for Azerbaijan","article_published_time":"2022-07-20T12:17:00+00:00","article_modified_time":"2022-07-21T12:22:05+00:00","og_image":[{"width":1080,"height":1080,"url":"https:\/\/eu4azerbaijan.eu\/wp-content\/uploads\/Call-for-Participation-Final.jpeg","type":"image\/jpeg"}],"author":"Aydan Topchibasheva","twitter_card":"summary_large_image","twitter_misc":{"Written by":"Aydan Topchibasheva","Est. reading time":"1 minute"},"schema":{"@context":"https:\/\/schema.org","@graph":[{"@type":"WebPage","@id":"https:\/\/eu4azerbaijan.eu\/az\/62352\/","url":"https:\/\/eu4azerbaijan.eu\/az\/62352\/","name":"G\u0259ncl\u0259r \u00fc\u00e7\u00fcn layih\u0259l\u0259rin idar\u0259edilm\u0259si m\u00f6vzusunda t\u0259liml\u0259r - EU for Azerbaijan","isPartOf":{"@id":"https:\/\/eu4azerbaijan.eu\/az\/#website"},"primaryImageOfPage":{"@id":"https:\/\/eu4azerbaijan.eu\/az\/62352\/#primaryimage"},"image":{"@id":"https:\/\/eu4azerbaijan.eu\/az\/62352\/#primaryimage"},"thumbnailUrl":"https:\/\/eu4azerbaijan.eu\/wp-content\/uploads\/Call-for-Participation-Final.jpeg","datePublished":"2022-07-20T12:17:00+00:00","dateModified":"2022-07-21T12:22:05+00:00","author":{"@id":"https:\/\/eu4azerbaijan.eu\/az\/#\/schema\/person\/cf17ddba07387955c481997af06797df"},"breadcrumb":{"@id":"https:\/\/eu4azerbaijan.eu\/az\/62352\/#breadcrumb"},"inLanguage":"az-AZ","potentialAction":[{"@type":"ReadAction","target":["https:\/\/eu4azerbaijan.eu\/az\/62352\/"]}]},{"@type":"ImageObject","inLanguage":"az-AZ","@id":"https:\/\/eu4azerbaijan.eu\/az\/62352\/#primaryimage","url":"https:\/\/eu4azerbaijan.eu\/wp-content\/uploads\/Call-for-Participation-Final.jpeg","contentUrl":"https:\/\/eu4azerbaijan.eu\/wp-content\/uploads\/Call-for-Participation-Final.jpeg","width":1080,"height":1080},{"@type":"BreadcrumbList","@id":"https:\/\/eu4azerbaijan.eu\/az\/62352\/#breadcrumb","itemListElement":[{"@type":"ListItem","position":1,"name":"Home","item":"https:\/\/eu4azerbaijan.eu\/az\/"},{"@type":"ListItem","position":2,"name":"G\u0259ncl\u0259r \u00fc\u00e7\u00fcn layih\u0259l\u0259rin idar\u0259edilm\u0259si m\u00f6vzusunda t\u0259liml\u0259r"}]},{"@type":"WebSite","@id":"https:\/\/eu4azerbaijan.eu\/az\/#website","url":"https:\/\/eu4azerbaijan.eu\/az\/","name":"EU for Azerbaijan","description":"","potentialAction":[{"@type":"SearchAction","target":{"@type":"EntryPoint","urlTemplate":"https:\/\/eu4azerbaijan.eu\/az\/?s={search_term_string}"},"query-input":{"@type":"PropertyValueSpecification","valueRequired":true,"valueName":"search_term_string"}}],"inLanguage":"az-AZ"},{"@type":"Person","@id":"https:\/\/eu4azerbaijan.eu\/az\/#\/schema\/person\/cf17ddba07387955c481997af06797df","name":"Aydan Topchibasheva","image":{"@type":"ImageObject","inLanguage":"az-AZ","@id":"https:\/\/eu4azerbaijan.eu\/az\/#\/schema\/person\/image\/","url":"https:\/\/secure.gravatar.com\/avatar\/657ac54b68aced49adde2a29a43651c77d8555f376d5ee5dd68172194a09f856?s=96&d=mm&r=g","contentUrl":"https:\/\/secure.gravatar.com\/avatar\/657ac54b68aced49adde2a29a43651c77d8555f376d5ee5dd68172194a09f856?s=96&d=mm&r=g","caption":"Aydan Topchibasheva"},"url":"https:\/\/eu4azerbaijan.eu\/az\/author\/aydan\/"}]}},"_links":{"self":[{"href":"https:\/\/eu4azerbaijan.eu\/az\/wp-json\/wp\/v2\/posts\/62358","targetHints":{"allow":["GET"]}}],"collection":[{"href":"https:\/\/eu4azerbaijan.eu\/az\/wp-json\/wp\/v2\/posts"}],"about":[{"href":"https:\/\/eu4azerbaijan.eu\/az\/wp-json\/wp\/v2\/types\/post"}],"author":[{"embeddable":true,"href":"https:\/\/eu4azerbaijan.eu\/az\/wp-json\/wp\/v2\/users\/19"}],"replies":[{"embeddable":true,"href":"https:\/\/eu4azerbaijan.eu\/az\/wp-json\/wp\/v2\/comments?post=62358"}],"version-history":[{"count":3,"href":"https:\/\/eu4azerbaijan.eu\/az\/wp-json\/wp\/v2\/posts\/62358\/revisions"}],"predecessor-version":[{"id":62361,"href":"https:\/\/eu4azerbaijan.eu\/az\/wp-json\/wp\/v2\/posts\/62358\/revisions\/62361"}],"wp:featuredmedia":[{"embeddable":true,"href":"https:\/\/eu4azerbaijan.eu\/az\/wp-json\/wp\/v2\/media\/62354"}],"wp:attachment":[{"href":"https:\/\/eu4azerbaijan.eu\/az\/wp-json\/wp\/v2\/media?parent=62358"}],"wp:term":[{"taxonomy":"category","embeddable":true,"href":"https:\/\/eu4azerbaijan.eu\/az\/wp-json\/wp\/v2\/categories?post=62358"},{"taxonomy":"post_tag","embeddable":true,"href":"https:\/\/eu4azerbaijan.eu\/az\/wp-json\/wp\/v2\/tags?post=62358"},{"taxonomy":"topic","embeddable":true,"href":"https:\/\/eu4azerbaijan.eu\/az\/wp-json\/wp\/v2\/topic?post=62358"}],"curies":[{"name":"wp","href":"https:\/\/api.w.org\/{rel}","templated":true}]}}