{"id":62030,"date":"2022-05-06T06:37:00","date_gmt":"2022-05-06T06:37:00","guid":{"rendered":"https:\/\/eu4azerbaijan.eu\/european-training-foundation-visits-vocational-education-centers-in-azerbaijan\/"},"modified":"2022-06-10T09:05:42","modified_gmt":"2022-06-10T09:05:42","slug":"european-training-foundation-visits-vocational-education-centers-in-azerbaijan","status":"publish","type":"post","link":"https:\/\/eu4azerbaijan.eu\/az\/european-training-foundation-visits-vocational-education-centers-in-azerbaijan\/","title":{"rendered":"Avropa T\u0259lim Fondu Az\u0259rbaycanda pe\u015f\u0259 t\u0259hsil m\u00fc\u0259ssis\u0259l\u0259ri il\u0259 ba\u011fl\u0131 s\u0259f\u0259rd\u0259dir"},"content":{"rendered":"\n<p>Avropa \u0130ttifaq\u0131 (A\u0130), Birl\u0259\u015fmi\u015f Mill\u0259tl\u0259r T\u0259\u015fkilat\u0131n\u0131n \u0130nki\u015faf Proqram\u0131 (BMT\u0130P) v\u0259 Pe\u015f\u0259 T\u0259hsili \u00fczr\u0259 D\u00f6vl\u0259t Agentliyi Az\u0259rbaycanda pe\u015f\u0259 t\u0259hsil m\u00fc\u0259ssis\u0259l\u0259rinin m\u00fcasirl\u0259\u015fdirilm\u0259si \u00fczr\u0259 f\u0259aliyy\u0259t g\u00fcnd\u0259liyini davam etdirir.<\/p>\n\n\n\n<p>Avropa \u0130ttifaq\u0131 t\u0259r\u0259find\u0259n maliyy\u0259l\u0259\u015fdiril\u0259n \u201cG\u0259l\u0259c\u0259k \u00fc\u00e7\u00fcn pe\u015f\u0259 t\u0259hsili v\u0259 t\u0259limi\u201d layih\u0259si \u00e7\u0259r\u00e7iv\u0259sind\u0259, Avropa T\u0259lim Fondunun (ATF) missiya komandas\u0131 \u00f6lk\u0259d\u0259 pe\u015f\u0259 t\u0259hsili \u00fczr\u0259 \u00fcmumi gedi\u015fat\u0131n monitorinqi v\u0259 bu sah\u0259d\u0259 g\u0259l\u0259c\u0259k d\u0259st\u0259k t\u0259dbirl\u0259rinin m\u00fc\u0259yy\u0259n edilm\u0259si m\u0259qs\u0259dil\u0259 C\u0259lilabad D\u00f6vl\u0259t Pe\u015f\u0259 T\u0259hsili M\u0259rk\u0259zin\u0259 s\u0259f\u0259r edib.<\/p>\n\n\n\n<p>R\u0259smi s\u0259f\u0259rd\u0259 ATF-in ekspert qrupu, t\u0259\u015fkilat\u00e7\u0131 qurumlar\u0131n y\u00fcks\u0259k s\u0259viyy\u0259li r\u0259smil\u0259ri, h\u00f6kum\u0259t n\u00fcmay\u0259nd\u0259l\u0259ri v\u0259 s\u00f6z\u00fcged\u0259n regional pe\u015f\u0259 t\u0259hsil m\u00fc\u0259ssis\u0259sinin r\u0259hb\u0259rliyi i\u015ftirak edib.<\/p>\n\n\n\n<p>\u0130kig\u00fcnl\u00fck s\u0259f\u0259r zaman\u0131 r\u0259smil\u0259r, bu M\u0259rk\u0259zin \u0259m\u0259kda\u015flar\u0131 v\u0259 karyeraya d\u0259st\u0259k koordinatorlar\u0131 il\u0259 yax\u0131ndan tan\u0131\u015f olub, \u00f6z\u0259l sektor \u015firk\u0259tl\u0259ri v\u0259 bu layih\u0259 \u00e7\u0259r\u00e7iv\u0259sind\u0259 i\u015ftirak ed\u0259n dig\u0259r \u0259laq\u0259dar t\u0259r\u0259fl\u0259rl\u0259 g\u00f6r\u00fc\u015fl\u0259r ke\u00e7iribl\u0259r.<\/p>\n\n\n\n<p>\u0130\u015ftirak\u00e7\u0131lar pe\u015f\u0259 t\u0259hsilinin m\u00fcxt\u0259lif sah\u0259l\u0259rind\u0259 m\u00f6vcud inki\u015faf tendensiyalar\u0131 v\u0259 f\u00fcrs\u0259tl\u0259r haqda \u0259trafl\u0131 dan\u0131\u015f\u0131b, o c\u00fcml\u0259d\u0259n kurikulum, pe\u015f\u0259 t\u0259hsilinin \u0259m\u0259k bazar\u0131na uy\u011funlu\u011fu v\u0259 regionlarda pe\u015f\u0259 t\u0259hsili m\u0259zunu qad\u0131n v\u0259 ki\u015fil\u0259r \u00fc\u00e7\u00fcn m\u0259\u015f\u011fulluq imkanlar\u0131n\u0131 m\u00fczakir\u0259 edibl\u0259r.<\/p>\n\n\n\n<p>Avropa T\u0259lim Fondu \u2013 A\u0130-nin xarici siyas\u0259t v\u0259 f\u0259aliyy\u0259tl\u0259rin\u0259 y\u00fcks\u0259k keyfiyy\u0259tli v\u0259 vaxt\u0131nda d\u0259st\u0259k verm\u0259kl\u0259 t\u0259r\u0259fda\u015f \u00f6lk\u0259l\u0259rd\u0259 insan kapital\u0131n\u0131n inki\u015faf\u0131n\u0131n yax\u015f\u0131la\u015fd\u0131r\u0131lmas\u0131na t\u00f6hf\u0259 verm\u0259k mandat\u0131 olan Avropa \u0130ttifaq\u0131 agentliyidir.<\/p>\n\n\n\n<p>Qeyd edilm\u0259lidir ki, Az\u0259rbaycan ATF il\u0259 \u0259m\u0259kda\u015fl\u0131q ed\u0259r\u0259k \u015e\u0259rq T\u0259r\u0259fda\u015fl\u0131\u011f\u0131 g\u00fcnd\u0259liyinin bir hiss\u0259si kimi Torino Prosesi (TRP) \u00e7\u0259r\u00e7iv\u0259sind\u0259 pe\u015f\u0259 t\u0259hsili v\u0259 t\u0259limi siyas\u0259tinin n\u0259z\u0259rd\u0259n ke\u00e7irilm\u0259sini icra edir.<\/p>\n\n\n\n<p>TRP-nin diqq\u0259ti &#8211; pe\u015f\u0259 t\u0259hsili v\u0259 t\u0259limi siyas\u0259tini g\u0259ncl\u0259rin v\u0259 yetkinl\u0259rin d\u0259 i\u015ftirak etdiyi \u00f6m\u00fcrboyu \u00f6yr\u0259nm\u0259 perspektivind\u0259n t\u0259hlil ed\u0259r\u0259k y\u00fcks\u0259k keyfiyy\u0259td\u0259 ara\u015fd\u0131r\u0131lmas\u0131na v\u0259 v\u0259ziyy\u0259tinin qiym\u0259tl\u0259ndirilm\u0259sin\u0259 y\u00f6n\u0259lib.<\/p>\n\n\n\n<p>Avropa T\u0259lim Fondunun s\u00f6z\u00fcged\u0259n bu missiyas\u0131 is\u0259 <a href=\"https:\/\/www.etf.europa.eu\/en\/regions-and-countries\/countries\/azerbaijan\">ATF \u00d6lk\u0259 Proqram\u0131 2022<\/a> \u00e7\u0259r\u00e7iv\u0259sind\u0259 ba\u015f tutur. Missiya pe\u015f\u0259 t\u0259hsil m\u00fc\u0259ssis\u0259l\u0259ri s\u0259viyy\u0259sind\u0259 inki\u015faf\u0131n bax\u0131\u015fdan ke\u00e7irilm\u0259si, h\u0259m d\u0259 insan kapital\u0131n\u0131n inki\u015faf\u0131 il\u0259 \u0259laq\u0259li daha geni\u015f sosial-iqtisadi m\u0259s\u0259l\u0259l\u0259ri n\u0259z\u0259r\u0259 alaraq prosesin t\u0259hlili m\u0259qs\u0259dini da\u015f\u0131y\u0131r. B\u00fct\u00fcn s\u0259yl\u0259r, <em>he\u00e7 k\u0259si k\u0259narda qoymadan<\/em> pe\u015f\u0259 t\u0259hsilind\u0259 h\u0259rt\u0259r\u0259fli v\u0259 \u201ch\u0259r k\u0259s \u00fc\u00e7\u00fcn t\u0259lim\u201d yana\u015fmas\u0131n\u0131 t\u0259min etm\u0259y\u0259 y\u00f6n\u0259lir.<\/p>\n\n\n\n<p>\u201cG\u0259l\u0259c\u0259k \u00fc\u00e7\u00fcn pe\u015f\u0259 t\u0259hsili v\u0259 t\u0259limi\u201d layih\u0259sinin \u0259m\u0259kda\u015fl\u0131q apard\u0131\u011f\u0131 t\u0259r\u0259fda\u015f olaraq Avropa T\u0259lim Fondu, h\u0259r il Az\u0259rbaycanda monitorinq s\u0259f\u0259rl\u0259ri h\u0259yata ke\u00e7irir. Bu s\u0259f\u0259rl\u0259rin m\u0259qs\u0259di beyn\u0259lxalq t\u0259cr\u00fcb\u0259l\u0259r\u0259 istinad ed\u0259r\u0259k konstruktiv t\u0259klifl\u0259r verm\u0259k v\u0259 sah\u0259 \u00fczr\u0259 potensial \u00e7\u0259tinlikl\u0259rin h\u0259lli \u00fc\u00e7\u00fcn proses\u0259 yax\u0131ndan k\u00f6m\u0259k etm\u0259kdir.<\/p>\n\n\n\n<p>***<\/p>\n\n\n\n<p><em>R\u0259smi s\u0259f\u0259r, A\u0130 t\u0259r\u0259find\u0259n maliyy\u0259l\u0259\u015fdiril\u0259n v\u0259 BMT\u0130P t\u0259r\u0259find\u0259n Pe\u015f\u0259 T\u0259hsili \u00fczr\u0259 D\u00f6vl\u0259t Agentliyi il\u0259 birg\u0259 h\u0259yata ke\u00e7iril\u0259n \u201cG\u0259l\u0259c\u0259k \u00fc\u00e7\u00fcn Pe\u015f\u0259 T\u0259hsili v\u0259 T\u0259limi: Az\u0259rbaycanda Qabaqc\u0131l Pe\u015f\u0259 T\u0259hsili M\u0259rk\u0259zl\u0259rinin yarad\u0131lmas\u0131na d\u0259st\u0259k\u201d layih\u0259si \u00e7\u0259r\u00e7iv\u0259sind\u0259 t\u0259\u015fkil olunur. Layih\u0259nin \u0259sas m\u0259qs\u0259di \u0259m\u0259k bazar\u0131n\u0131n t\u0259l\u0259bl\u0259rin\u0259 uy\u011fun t\u0259drisin t\u0259\u015fkilin\u0259 d\u0259st\u0259k olmaq v\u0259 bu istiqam\u0259td\u0259 Az\u0259rbaycandak\u0131 pe\u015f\u0259 t\u0259hsil m\u00fc\u0259ssis\u0259l\u0259rinin m\u00fcasirl\u0259\u015fdirilm\u0259sin\u0259 yard\u0131m etm\u0259kdir.<\/em><\/p>\n\n\n\n<figure class=\"wp-block-gallery has-nested-images columns-default is-cropped wp-block-gallery-1 is-layout-flex wp-block-gallery-is-layout-flex\">\n<figure class=\"wp-block-image size-large\"><img decoding=\"async\" data-id=\"62015\" src=\"https:\/\/eu4azerbaijan.eu\/wp-content\/uploads\/8dedf5f5dbae55fcd13b9a63fa40635a00778117bb44c03ae6ae956bc5a89286-scaled.jpg\" alt=\"\" class=\"wp-image-62015\"\/><\/figure>\n\n\n\n<figure class=\"wp-block-image size-large\"><img decoding=\"async\" data-id=\"62017\" src=\"https:\/\/eu4azerbaijan.eu\/wp-content\/uploads\/1d0b69a1ca14343e7eba3711015a5814b1cf7e992641687e1a14ee5bd69eedfa-scaled.jpg\" alt=\"\" class=\"wp-image-62017\"\/><\/figure>\n\n\n\n<figure class=\"wp-block-image size-large\"><img decoding=\"async\" data-id=\"62019\" src=\"https:\/\/eu4azerbaijan.eu\/wp-content\/uploads\/f218817993615e4f858bcd11aac5a4040b494426535c908fd241ddea3c025d40-scaled.jpg\" alt=\"\" class=\"wp-image-62019\"\/><\/figure>\n\n\n\n<figure class=\"wp-block-image size-large\"><img decoding=\"async\" data-id=\"62021\" src=\"https:\/\/eu4azerbaijan.eu\/wp-content\/uploads\/74180af3fecade67f05347e1c2bf40f97d9dade73fcfa3e49963774103105393-scaled.jpg\" alt=\"\" class=\"wp-image-62021\"\/><\/figure>\n\n\n\n<figure class=\"wp-block-image size-large\"><img decoding=\"async\" data-id=\"62023\" src=\"https:\/\/eu4azerbaijan.eu\/wp-content\/uploads\/dcb0cf5acc4b8db9d4d342ef89288d57a7a9ea037dd11e8a0f5ecf86d5a965ba-scaled.jpg\" alt=\"\" class=\"wp-image-62023\"\/><\/figure>\n\n\n\n<figure class=\"wp-block-image size-large\"><img decoding=\"async\" data-id=\"62025\" src=\"https:\/\/eu4azerbaijan.eu\/wp-content\/uploads\/ecf5f276018a3432707003af47acf94b9213d725d1d84dde5712fd3d74db3151-scaled.jpg\" alt=\"\" class=\"wp-image-62025\"\/><\/figure>\n<\/figure>\n","protected":false},"excerpt":{"rendered":"<p>Avropa \u0130ttifaq\u0131 (A\u0130), Birl\u0259\u015fmi\u015f Mill\u0259tl\u0259r T\u0259\u015fkilat\u0131n\u0131n \u0130nki\u015faf Proqram\u0131 (BMT\u0130P) v\u0259 Pe\u015f\u0259 T\u0259hsili \u00fczr\u0259 D\u00f6vl\u0259t Agentliyi Az\u0259rbaycanda pe\u015f\u0259 t\u0259hsil m\u00fc\u0259ssis\u0259l\u0259rinin m\u00fcasirl\u0259\u015fdirilm\u0259si \u00fczr\u0259 f\u0259aliyy\u0259t g\u00fcnd\u0259liyini davam etdirir. Avropa \u0130ttifaq\u0131 t\u0259r\u0259find\u0259n maliyy\u0259l\u0259\u015fdiril\u0259n \u201cG\u0259l\u0259c\u0259k \u00fc\u00e7\u00fcn pe\u015f\u0259 t\u0259hsili v\u0259 t\u0259limi\u201d layih\u0259si \u00e7\u0259r\u00e7iv\u0259sind\u0259, Avropa T\u0259lim Fondunun (ATF) missiya komandas\u0131 \u00f6lk\u0259d\u0259 pe\u015f\u0259 t\u0259hsili \u00fczr\u0259 \u00fcmumi gedi\u015fat\u0131n monitorinqi v\u0259 bu sah\u0259d\u0259 g\u0259l\u0259c\u0259k d\u0259st\u0259k [&hellip;]<\/p>\n","protected":false},"author":19,"featured_media":62028,"comment_status":"closed","ping_status":"closed","sticky":false,"template":"","format":"standard","meta":{"_acf_changed":false,"footnotes":""},"categories":[374,284],"tags":[],"topic":[],"class_list":["post-62030","post","type-post","status-publish","format-standard","has-post-thumbnail","hentry","category-whats-happening-az","category-news-az"],"acf":[],"yoast_head":"<!-- This site is optimized with the Yoast SEO plugin v26.4 - https:\/\/yoast.com\/wordpress\/plugins\/seo\/ -->\n<title>Avropa T\u0259lim Fondu Az\u0259rbaycanda pe\u015f\u0259 t\u0259hsil m\u00fc\u0259ssis\u0259l\u0259ri il\u0259 ba\u011fl\u0131 s\u0259f\u0259rd\u0259dir - EU for Azerbaijan<\/title>\n<meta name=\"robots\" content=\"index, follow, max-snippet:-1, max-image-preview:large, max-video-preview:-1\" \/>\n<link rel=\"canonical\" href=\"https:\/\/eu4azerbaijan.eu\/az\/european-training-foundation-visits-vocational-education-centers-in-azerbaijan\/\" \/>\n<meta property=\"og:locale\" content=\"az_AZ\" \/>\n<meta property=\"og:type\" content=\"article\" \/>\n<meta property=\"og:title\" content=\"Avropa T\u0259lim Fondu Az\u0259rbaycanda pe\u015f\u0259 t\u0259hsil m\u00fc\u0259ssis\u0259l\u0259ri il\u0259 ba\u011fl\u0131 s\u0259f\u0259rd\u0259dir - EU for Azerbaijan\" \/>\n<meta property=\"og:description\" content=\"Avropa \u0130ttifaq\u0131 (A\u0130), Birl\u0259\u015fmi\u015f Mill\u0259tl\u0259r T\u0259\u015fkilat\u0131n\u0131n \u0130nki\u015faf Proqram\u0131 (BMT\u0130P) v\u0259 Pe\u015f\u0259 T\u0259hsili \u00fczr\u0259 D\u00f6vl\u0259t Agentliyi Az\u0259rbaycanda pe\u015f\u0259 t\u0259hsil m\u00fc\u0259ssis\u0259l\u0259rinin m\u00fcasirl\u0259\u015fdirilm\u0259si \u00fczr\u0259 f\u0259aliyy\u0259t g\u00fcnd\u0259liyini davam etdirir. Avropa \u0130ttifaq\u0131 t\u0259r\u0259find\u0259n maliyy\u0259l\u0259\u015fdiril\u0259n \u201cG\u0259l\u0259c\u0259k \u00fc\u00e7\u00fcn pe\u015f\u0259 t\u0259hsili v\u0259 t\u0259limi\u201d layih\u0259si \u00e7\u0259r\u00e7iv\u0259sind\u0259, Avropa T\u0259lim Fondunun (ATF) missiya komandas\u0131 \u00f6lk\u0259d\u0259 pe\u015f\u0259 t\u0259hsili \u00fczr\u0259 \u00fcmumi gedi\u015fat\u0131n monitorinqi v\u0259 bu sah\u0259d\u0259 g\u0259l\u0259c\u0259k d\u0259st\u0259k [&hellip;]\" \/>\n<meta property=\"og:url\" content=\"https:\/\/eu4azerbaijan.eu\/az\/european-training-foundation-visits-vocational-education-centers-in-azerbaijan\/\" \/>\n<meta property=\"og:site_name\" content=\"EU for Azerbaijan\" \/>\n<meta property=\"article:published_time\" content=\"2022-05-06T06:37:00+00:00\" \/>\n<meta property=\"article:modified_time\" content=\"2022-06-10T09:05:42+00:00\" \/>\n<meta property=\"og:image\" content=\"https:\/\/eu4azerbaijan.eu\/wp-content\/uploads\/fae36b4a75269aa6668f14d8ca2925a84d252e8fe362804c67d5c2f680e4b43c-scaled.jpg\" \/>\n\t<meta property=\"og:image:width\" content=\"2560\" \/>\n\t<meta property=\"og:image:height\" content=\"1709\" \/>\n\t<meta property=\"og:image:type\" content=\"image\/jpeg\" \/>\n<meta name=\"author\" content=\"Aydan Topchibasheva\" \/>\n<meta name=\"twitter:card\" content=\"summary_large_image\" \/>\n<meta name=\"twitter:label1\" content=\"Written by\" \/>\n\t<meta name=\"twitter:data1\" content=\"Aydan Topchibasheva\" \/>\n\t<meta name=\"twitter:label2\" content=\"Est. reading time\" \/>\n\t<meta name=\"twitter:data2\" content=\"3 minutes\" \/>\n<script type=\"application\/ld+json\" class=\"yoast-schema-graph\">{\"@context\":\"https:\/\/schema.org\",\"@graph\":[{\"@type\":\"WebPage\",\"@id\":\"https:\/\/eu4azerbaijan.eu\/az\/european-training-foundation-visits-vocational-education-centers-in-azerbaijan\/\",\"url\":\"https:\/\/eu4azerbaijan.eu\/az\/european-training-foundation-visits-vocational-education-centers-in-azerbaijan\/\",\"name\":\"Avropa T\u0259lim Fondu Az\u0259rbaycanda pe\u015f\u0259 t\u0259hsil m\u00fc\u0259ssis\u0259l\u0259ri il\u0259 ba\u011fl\u0131 s\u0259f\u0259rd\u0259dir - EU for Azerbaijan\",\"isPartOf\":{\"@id\":\"https:\/\/eu4azerbaijan.eu\/az\/#website\"},\"primaryImageOfPage\":{\"@id\":\"https:\/\/eu4azerbaijan.eu\/az\/european-training-foundation-visits-vocational-education-centers-in-azerbaijan\/#primaryimage\"},\"image\":{\"@id\":\"https:\/\/eu4azerbaijan.eu\/az\/european-training-foundation-visits-vocational-education-centers-in-azerbaijan\/#primaryimage\"},\"thumbnailUrl\":\"https:\/\/eu4azerbaijan.eu\/wp-content\/uploads\/fae36b4a75269aa6668f14d8ca2925a84d252e8fe362804c67d5c2f680e4b43c-scaled.jpg\",\"datePublished\":\"2022-05-06T06:37:00+00:00\",\"dateModified\":\"2022-06-10T09:05:42+00:00\",\"author\":{\"@id\":\"https:\/\/eu4azerbaijan.eu\/az\/#\/schema\/person\/cf17ddba07387955c481997af06797df\"},\"breadcrumb\":{\"@id\":\"https:\/\/eu4azerbaijan.eu\/az\/european-training-foundation-visits-vocational-education-centers-in-azerbaijan\/#breadcrumb\"},\"inLanguage\":\"az-AZ\",\"potentialAction\":[{\"@type\":\"ReadAction\",\"target\":[\"https:\/\/eu4azerbaijan.eu\/az\/european-training-foundation-visits-vocational-education-centers-in-azerbaijan\/\"]}]},{\"@type\":\"ImageObject\",\"inLanguage\":\"az-AZ\",\"@id\":\"https:\/\/eu4azerbaijan.eu\/az\/european-training-foundation-visits-vocational-education-centers-in-azerbaijan\/#primaryimage\",\"url\":\"https:\/\/eu4azerbaijan.eu\/wp-content\/uploads\/fae36b4a75269aa6668f14d8ca2925a84d252e8fe362804c67d5c2f680e4b43c-scaled.jpg\",\"contentUrl\":\"https:\/\/eu4azerbaijan.eu\/wp-content\/uploads\/fae36b4a75269aa6668f14d8ca2925a84d252e8fe362804c67d5c2f680e4b43c-scaled.jpg\",\"width\":2560,\"height\":1709},{\"@type\":\"BreadcrumbList\",\"@id\":\"https:\/\/eu4azerbaijan.eu\/az\/european-training-foundation-visits-vocational-education-centers-in-azerbaijan\/#breadcrumb\",\"itemListElement\":[{\"@type\":\"ListItem\",\"position\":1,\"name\":\"Home\",\"item\":\"https:\/\/eu4azerbaijan.eu\/az\/\"},{\"@type\":\"ListItem\",\"position\":2,\"name\":\"Avropa T\u0259lim Fondu Az\u0259rbaycanda pe\u015f\u0259 t\u0259hsil m\u00fc\u0259ssis\u0259l\u0259ri il\u0259 ba\u011fl\u0131 s\u0259f\u0259rd\u0259dir\"}]},{\"@type\":\"WebSite\",\"@id\":\"https:\/\/eu4azerbaijan.eu\/az\/#website\",\"url\":\"https:\/\/eu4azerbaijan.eu\/az\/\",\"name\":\"EU for Azerbaijan\",\"description\":\"\",\"potentialAction\":[{\"@type\":\"SearchAction\",\"target\":{\"@type\":\"EntryPoint\",\"urlTemplate\":\"https:\/\/eu4azerbaijan.eu\/az\/?s={search_term_string}\"},\"query-input\":{\"@type\":\"PropertyValueSpecification\",\"valueRequired\":true,\"valueName\":\"search_term_string\"}}],\"inLanguage\":\"az-AZ\"},{\"@type\":\"Person\",\"@id\":\"https:\/\/eu4azerbaijan.eu\/az\/#\/schema\/person\/cf17ddba07387955c481997af06797df\",\"name\":\"Aydan Topchibasheva\",\"image\":{\"@type\":\"ImageObject\",\"inLanguage\":\"az-AZ\",\"@id\":\"https:\/\/eu4azerbaijan.eu\/az\/#\/schema\/person\/image\/\",\"url\":\"https:\/\/secure.gravatar.com\/avatar\/657ac54b68aced49adde2a29a43651c77d8555f376d5ee5dd68172194a09f856?s=96&d=mm&r=g\",\"contentUrl\":\"https:\/\/secure.gravatar.com\/avatar\/657ac54b68aced49adde2a29a43651c77d8555f376d5ee5dd68172194a09f856?s=96&d=mm&r=g\",\"caption\":\"Aydan Topchibasheva\"},\"url\":\"https:\/\/eu4azerbaijan.eu\/az\/author\/aydan\/\"}]}<\/script>\n<!-- \/ Yoast SEO plugin. -->","yoast_head_json":{"title":"Avropa T\u0259lim Fondu Az\u0259rbaycanda pe\u015f\u0259 t\u0259hsil m\u00fc\u0259ssis\u0259l\u0259ri il\u0259 ba\u011fl\u0131 s\u0259f\u0259rd\u0259dir - EU for Azerbaijan","robots":{"index":"index","follow":"follow","max-snippet":"max-snippet:-1","max-image-preview":"max-image-preview:large","max-video-preview":"max-video-preview:-1"},"canonical":"https:\/\/eu4azerbaijan.eu\/az\/european-training-foundation-visits-vocational-education-centers-in-azerbaijan\/","og_locale":"az_AZ","og_type":"article","og_title":"Avropa T\u0259lim Fondu Az\u0259rbaycanda pe\u015f\u0259 t\u0259hsil m\u00fc\u0259ssis\u0259l\u0259ri il\u0259 ba\u011fl\u0131 s\u0259f\u0259rd\u0259dir - EU for Azerbaijan","og_description":"Avropa \u0130ttifaq\u0131 (A\u0130), Birl\u0259\u015fmi\u015f Mill\u0259tl\u0259r T\u0259\u015fkilat\u0131n\u0131n \u0130nki\u015faf Proqram\u0131 (BMT\u0130P) v\u0259 Pe\u015f\u0259 T\u0259hsili \u00fczr\u0259 D\u00f6vl\u0259t Agentliyi Az\u0259rbaycanda pe\u015f\u0259 t\u0259hsil m\u00fc\u0259ssis\u0259l\u0259rinin m\u00fcasirl\u0259\u015fdirilm\u0259si \u00fczr\u0259 f\u0259aliyy\u0259t g\u00fcnd\u0259liyini davam etdirir. Avropa \u0130ttifaq\u0131 t\u0259r\u0259find\u0259n maliyy\u0259l\u0259\u015fdiril\u0259n \u201cG\u0259l\u0259c\u0259k \u00fc\u00e7\u00fcn pe\u015f\u0259 t\u0259hsili v\u0259 t\u0259limi\u201d layih\u0259si \u00e7\u0259r\u00e7iv\u0259sind\u0259, Avropa T\u0259lim Fondunun (ATF) missiya komandas\u0131 \u00f6lk\u0259d\u0259 pe\u015f\u0259 t\u0259hsili \u00fczr\u0259 \u00fcmumi gedi\u015fat\u0131n monitorinqi v\u0259 bu sah\u0259d\u0259 g\u0259l\u0259c\u0259k d\u0259st\u0259k [&hellip;]","og_url":"https:\/\/eu4azerbaijan.eu\/az\/european-training-foundation-visits-vocational-education-centers-in-azerbaijan\/","og_site_name":"EU for Azerbaijan","article_published_time":"2022-05-06T06:37:00+00:00","article_modified_time":"2022-06-10T09:05:42+00:00","og_image":[{"width":2560,"height":1709,"url":"https:\/\/eu4azerbaijan.eu\/wp-content\/uploads\/fae36b4a75269aa6668f14d8ca2925a84d252e8fe362804c67d5c2f680e4b43c-scaled.jpg","type":"image\/jpeg"}],"author":"Aydan Topchibasheva","twitter_card":"summary_large_image","twitter_misc":{"Written by":"Aydan Topchibasheva","Est. reading time":"3 minutes"},"schema":{"@context":"https:\/\/schema.org","@graph":[{"@type":"WebPage","@id":"https:\/\/eu4azerbaijan.eu\/az\/european-training-foundation-visits-vocational-education-centers-in-azerbaijan\/","url":"https:\/\/eu4azerbaijan.eu\/az\/european-training-foundation-visits-vocational-education-centers-in-azerbaijan\/","name":"Avropa T\u0259lim Fondu Az\u0259rbaycanda pe\u015f\u0259 t\u0259hsil m\u00fc\u0259ssis\u0259l\u0259ri il\u0259 ba\u011fl\u0131 s\u0259f\u0259rd\u0259dir - EU for Azerbaijan","isPartOf":{"@id":"https:\/\/eu4azerbaijan.eu\/az\/#website"},"primaryImageOfPage":{"@id":"https:\/\/eu4azerbaijan.eu\/az\/european-training-foundation-visits-vocational-education-centers-in-azerbaijan\/#primaryimage"},"image":{"@id":"https:\/\/eu4azerbaijan.eu\/az\/european-training-foundation-visits-vocational-education-centers-in-azerbaijan\/#primaryimage"},"thumbnailUrl":"https:\/\/eu4azerbaijan.eu\/wp-content\/uploads\/fae36b4a75269aa6668f14d8ca2925a84d252e8fe362804c67d5c2f680e4b43c-scaled.jpg","datePublished":"2022-05-06T06:37:00+00:00","dateModified":"2022-06-10T09:05:42+00:00","author":{"@id":"https:\/\/eu4azerbaijan.eu\/az\/#\/schema\/person\/cf17ddba07387955c481997af06797df"},"breadcrumb":{"@id":"https:\/\/eu4azerbaijan.eu\/az\/european-training-foundation-visits-vocational-education-centers-in-azerbaijan\/#breadcrumb"},"inLanguage":"az-AZ","potentialAction":[{"@type":"ReadAction","target":["https:\/\/eu4azerbaijan.eu\/az\/european-training-foundation-visits-vocational-education-centers-in-azerbaijan\/"]}]},{"@type":"ImageObject","inLanguage":"az-AZ","@id":"https:\/\/eu4azerbaijan.eu\/az\/european-training-foundation-visits-vocational-education-centers-in-azerbaijan\/#primaryimage","url":"https:\/\/eu4azerbaijan.eu\/wp-content\/uploads\/fae36b4a75269aa6668f14d8ca2925a84d252e8fe362804c67d5c2f680e4b43c-scaled.jpg","contentUrl":"https:\/\/eu4azerbaijan.eu\/wp-content\/uploads\/fae36b4a75269aa6668f14d8ca2925a84d252e8fe362804c67d5c2f680e4b43c-scaled.jpg","width":2560,"height":1709},{"@type":"BreadcrumbList","@id":"https:\/\/eu4azerbaijan.eu\/az\/european-training-foundation-visits-vocational-education-centers-in-azerbaijan\/#breadcrumb","itemListElement":[{"@type":"ListItem","position":1,"name":"Home","item":"https:\/\/eu4azerbaijan.eu\/az\/"},{"@type":"ListItem","position":2,"name":"Avropa T\u0259lim Fondu Az\u0259rbaycanda pe\u015f\u0259 t\u0259hsil m\u00fc\u0259ssis\u0259l\u0259ri il\u0259 ba\u011fl\u0131 s\u0259f\u0259rd\u0259dir"}]},{"@type":"WebSite","@id":"https:\/\/eu4azerbaijan.eu\/az\/#website","url":"https:\/\/eu4azerbaijan.eu\/az\/","name":"EU for Azerbaijan","description":"","potentialAction":[{"@type":"SearchAction","target":{"@type":"EntryPoint","urlTemplate":"https:\/\/eu4azerbaijan.eu\/az\/?s={search_term_string}"},"query-input":{"@type":"PropertyValueSpecification","valueRequired":true,"valueName":"search_term_string"}}],"inLanguage":"az-AZ"},{"@type":"Person","@id":"https:\/\/eu4azerbaijan.eu\/az\/#\/schema\/person\/cf17ddba07387955c481997af06797df","name":"Aydan Topchibasheva","image":{"@type":"ImageObject","inLanguage":"az-AZ","@id":"https:\/\/eu4azerbaijan.eu\/az\/#\/schema\/person\/image\/","url":"https:\/\/secure.gravatar.com\/avatar\/657ac54b68aced49adde2a29a43651c77d8555f376d5ee5dd68172194a09f856?s=96&d=mm&r=g","contentUrl":"https:\/\/secure.gravatar.com\/avatar\/657ac54b68aced49adde2a29a43651c77d8555f376d5ee5dd68172194a09f856?s=96&d=mm&r=g","caption":"Aydan Topchibasheva"},"url":"https:\/\/eu4azerbaijan.eu\/az\/author\/aydan\/"}]}},"_links":{"self":[{"href":"https:\/\/eu4azerbaijan.eu\/az\/wp-json\/wp\/v2\/posts\/62030","targetHints":{"allow":["GET"]}}],"collection":[{"href":"https:\/\/eu4azerbaijan.eu\/az\/wp-json\/wp\/v2\/posts"}],"about":[{"href":"https:\/\/eu4azerbaijan.eu\/az\/wp-json\/wp\/v2\/types\/post"}],"author":[{"embeddable":true,"href":"https:\/\/eu4azerbaijan.eu\/az\/wp-json\/wp\/v2\/users\/19"}],"replies":[{"embeddable":true,"href":"https:\/\/eu4azerbaijan.eu\/az\/wp-json\/wp\/v2\/comments?post=62030"}],"version-history":[{"count":4,"href":"https:\/\/eu4azerbaijan.eu\/az\/wp-json\/wp\/v2\/posts\/62030\/revisions"}],"predecessor-version":[{"id":62123,"href":"https:\/\/eu4azerbaijan.eu\/az\/wp-json\/wp\/v2\/posts\/62030\/revisions\/62123"}],"wp:featuredmedia":[{"embeddable":true,"href":"https:\/\/eu4azerbaijan.eu\/az\/wp-json\/wp\/v2\/media\/62028"}],"wp:attachment":[{"href":"https:\/\/eu4azerbaijan.eu\/az\/wp-json\/wp\/v2\/media?parent=62030"}],"wp:term":[{"taxonomy":"category","embeddable":true,"href":"https:\/\/eu4azerbaijan.eu\/az\/wp-json\/wp\/v2\/categories?post=62030"},{"taxonomy":"post_tag","embeddable":true,"href":"https:\/\/eu4azerbaijan.eu\/az\/wp-json\/wp\/v2\/tags?post=62030"},{"taxonomy":"topic","embeddable":true,"href":"https:\/\/eu4azerbaijan.eu\/az\/wp-json\/wp\/v2\/topic?post=62030"}],"curies":[{"name":"wp","href":"https:\/\/api.w.org\/{rel}","templated":true}]}}