{"id":61336,"date":"2022-01-17T06:28:52","date_gmt":"2022-01-17T06:28:52","guid":{"rendered":"https:\/\/eu4azerbaijan.eu\/eu-funded-twinning-project-in-the-area-of-domestic-violence-has-been-successfully-completed\/"},"modified":"2022-01-17T06:32:25","modified_gmt":"2022-01-17T06:32:25","slug":"eu-funded-twinning-project-in-the-area-of-domestic-violence-has-been-successfully-completed","status":"publish","type":"post","link":"https:\/\/eu4azerbaijan.eu\/az\/eu-funded-twinning-project-in-the-area-of-domestic-violence-has-been-successfully-completed\/","title":{"rendered":"Avropa \u0130ttifaq\u0131n\u0131n maliyy\u0259 d\u0259st\u0259yi il\u0259 m\u0259i\u015f\u0259t zorak\u0131l\u0131\u011f\u0131 sah\u0259sind\u0259 h\u0259yata ke\u00e7iril\u0259n Tvinninq layih\u0259si u\u011furla ba\u015fa \u00e7at\u0131b"},"content":{"rendered":"\n<p>17 ay davam ed\u0259n layih\u0259nin ba\u011flan\u0131\u015f t\u0259dbiri 12 yanvar 2021-ci ild\u0259 ke\u00e7irilib. Layih\u0259nin m\u0259qs\u0259di qanunvericiliyin, istiqam\u0259tl\u0259ndirm\u0259 mexanizml\u0259rinin v\u0259 m\u0259i\u015f\u0259t zorak\u0131l\u0131\u011f\u0131 qurbanlar\u0131na g\u00f6st\u0259ril\u0259n xidm\u0259tl\u0259rin t\u0259kmill\u0259\u015fdirilm\u0259si olmu\u015fdur.<\/p>\n\n\n\n<p>Layih\u0259 \u00e7\u0259r\u00e7iv\u0259sind\u0259 Litvadan v\u0259 Avstriyadan olan ekspertl\u0259r qrupu t\u0259r\u0259find\u0259n Ail\u0259, Qad\u0131n v\u0259 U\u015faq Probleml\u0259ri \u00fczr\u0259 D\u00f6vl\u0259t Komit\u0259si il\u0259 s\u0131x \u0259m\u0259kda\u015fl\u0131q \u015f\u0259raitind\u0259 6 t\u0259lim proqram\u0131 haz\u0131rlan\u0131b v\u0259 680 m\u00fct\u0259x\u0259ssis, o c\u00fcml\u0259d\u0259n hakiml\u0259r, polisl\u0259r, yerli icra hakimiyy\u0259ti orqanlar\u0131n\u0131n \u0259m\u0259kda\u015flar\u0131, psixoloqlar, m\u00fc\u0259lliml\u0259r, sosial i\u015f\u00e7il\u0259r, jurnalistl\u0259r v\u0259 QHT n\u00fcmay\u0259nd\u0259l\u0259ri \u00fc\u00e7\u00fcn t\u0259liml\u0259r ke\u00e7irilib.<\/p>\n\n\n\n<p>Layih\u0259 r\u0259hb\u0259ri, AQUPDK-n\u0131n s\u0259dr m\u00fcavini S\u0259daq\u0259t Q\u0259hr\u0259manova t\u0259dbiri a\u00e7\u0131q elan ed\u0259r\u0259k s\u0259m\u0259r\u0259li \u0259m\u0259kda\u015fl\u0131q \u00e7\u0259r\u00e7iv\u0259sind\u0259 birg\u0259 h\u0259yata ke\u00e7iril\u0259n t\u0259dbirl\u0259ri y\u00fcks\u0259k qiym\u0259tl\u0259ndirib.<\/p>\n\n\n\n<p>\u201cQad\u0131nlara qar\u015f\u0131 zorak\u0131l\u0131q h\u0259r yerd\u0259 ba\u015f verir. T\u0259hl\u00fck\u0259siz yer yoxdur. He\u00e7 ev d\u0259 t\u0259hl\u00fck\u0259siz deyil. Qad\u0131nlar zorak\u0131l\u0131\u011fa t\u0259kc\u0259 evd\u0259 deyil, el\u0259c\u0259 d\u0259 i\u015f yerind\u0259, m\u0259kt\u0259bl\u0259rd\u0259, universitetl\u0259rd\u0259, k\u00fc\u00e7\u0259d\u0259 m\u0259ruz qal\u0131r. Son d\u00f6vrl\u0259r is\u0259 onlayn zorak\u0131l\u0131q kiber-zorak\u0131l\u0131q v\u0259 nifr\u0259t nitqi \u015f\u0259klind\u0259 \u00f6z\u00fcn\u00fc g\u00f6st\u0259rm\u0259kd\u0259dir. Avropa \u0130ttifaq\u0131 qad\u0131nlara v\u0259 u\u015faqlara qar\u015f\u0131 zorak\u0131l\u0131\u011f\u0131n b\u00fct\u00fcn n\u00f6vl\u0259rininin qar\u015f\u0131s\u0131n\u0131n al\u0131nmas\u0131 istiqam\u0259tind\u0259 i\u015fl\u0259m\u0259k v\u0259 m\u0259i\u015f\u0259t zorak\u0131l\u0131\u011f\u0131ndan \u0259ziyy\u0259t \u00e7\u0259k\u0259n \u015f\u0259xsl\u0259rin t\u0259hl\u00fck\u0259sizliyinin g\u00fccl\u0259ndirilm\u0259sin\u0259 d\u0259st\u0259k g\u00f6st\u0259rm\u0259k \u0259zmind\u0259dir,\u201d dey\u0259 Avropa \u0130ttifaq\u0131n\u0131n s\u0259firi Peter Michalko bildirib.<\/p>\n\n\n\n<p>Tvinninq layih\u0259sinin Rezident Tvinninq M\u00fc\u015faviri Laurynas Totoraitis bildirib ki, layih\u0259nin&nbsp; icras\u0131 \u201cAz\u0259rbaycan Respublikas\u0131nda m\u0259i\u015f\u0259t zorak\u0131l\u0131\u011f\u0131 il\u0259 m\u00fcbariz\u0259y\u0259 dair 2020\u20132023-c\u00fc ill\u0259r \u00fc\u00e7\u00fcn Milli F\u0259aliyy\u0259t Plan\u0131\u201dn\u0131n icra m\u00fcdd\u0259ti il\u0259 eyni d\u00f6vr\u0259 t\u0259sad\u00fcf edib. Layih\u0259 nin icra d\u00f6vr\u00fc \u0259rzind\u0259 bir s\u0131ra prioritet istiqam\u0259tl\u0259r \u00fczr\u0259 i\u015f apar\u0131l\u0131b. Ilk n\u00f6vb\u0259d\u0259, gender zorak\u0131l\u0131\u011f\u0131 v\u0259 u\u015faqlara qar\u015f\u0131 zorak\u0131l\u0131q \u00fczr\u0259 Monitorinq Qruplar\u0131n\u0131n h\u00fcquqi statusunun g\u00fccl\u0259ndirilm\u0259si v\u0259 m\u0259i\u015f\u0259t zorak\u0131l\u0131\u011f\u0131n\u0131n kriminalla\u015fd\u0131r\u0131lmas\u0131 \u00fczr\u0259 h\u00fcquqi bazan\u0131n yarad\u0131lmas\u0131 istiqam\u0259tind\u0259 i\u015fl\u0259r g\u00f6r\u00fcl\u00fcb. Bu istiqam\u0259td\u0259 t\u0259klifl\u0259rin i\u015fl\u0259nib haz\u0131rlanmas\u0131nda m\u0259qs\u0259d m\u0259i\u015f\u0259t zorak\u0131l\u0131\u011f\u0131na m\u0259ruz qalm\u0131\u015f \u015f\u0259xsl\u0259rin t\u0259hl\u00fck\u0259sizliyinin v\u0259 onlara d\u0259st\u0259yin g\u00fccl\u0259ndirilm\u0259sidir. Bundan ba\u015fqa, layih\u0259 \u00e7\u0259r\u00e7iv\u0259sind\u0259 U\u015faq v\u0259 Ail\u0259l\u0259r\u0259 D\u0259st\u0259k M\u0259rk\u0259zl\u0259rinin imkanlar\u0131n\u0131n art\u0131r\u0131lmas\u0131, m\u0259i\u015f\u0259t zorak\u0131l\u0131\u011f\u0131ndan z\u0259r\u0259r\u00e7\u0259kmi\u015f \u015f\u0259xsl\u0259r\u0259 ibtidai istintaq v\u0259 m\u0259hk\u0259m\u0259 prosesi zaman\u0131 h\u00fcquqi v\u0259 psixoloji yard\u0131m\u0131n g\u00f6st\u0259rilm\u0259si \u00fczr\u0259 mexanizml\u0259rin yarad\u0131lmas\u0131 v\u0259 zorak\u0131l\u0131q t\u00f6r\u0259d\u0259n \u015f\u0259xsl\u0259rin reabilitasiyas\u0131 \u00fczr\u0259 proqramlar\u0131n\u0131n i\u015fl\u0259nib haz\u0131rlanmas\u0131 il\u0259 ba\u011fl\u0131 i\u015f apar\u0131l\u0131b. Sonuncu prioritet m\u0259i\u015f\u0259t zorak\u0131l\u0131\u011f\u0131 hallar\u0131n\u0131n k\u00fctl\u0259vi informasiya vasit\u0259l\u0259rind\u0259 i\u015f\u0131qland\u0131r\u0131lmas\u0131 zaman\u0131 jurnalistl\u0259rin beyn\u0259lxalq s\u0259viyy\u0259d\u0259 tan\u0131nm\u0131\u015f etik standartlara riay\u0259t etm\u0259l\u0259ri \u00fc\u00e7\u00fcn onlar\u0131n m\u0259lumatl\u0131l\u0131\u011f\u0131n\u0131n art\u0131r\u0131lmas\u0131 il\u0259 ba\u011fl\u0131 olmu\u015fdur.<\/p>\n\n\n\n<p>M\u0259i\u015f\u0259t zorak\u0131l\u0131\u011f\u0131 hallar\u0131n\u0131n qar\u015f\u0131s\u0131n\u0131n al\u0131nmas\u0131 \u00fc\u00e7\u00fcn t\u0259kc\u0259 zorak\u0131l\u0131qdan z\u0259r\u0259r\u00e7\u0259k\u0259nl\u0259r\u0259 yard\u0131m g\u00f6st\u0259rm\u0259k deyil, el\u0259c\u0259d\u0259 zorak\u0131l\u0131q t\u00f6r\u0259d\u0259n \u015f\u0259xsl\u0259r\u0259 zorak\u0131 v\u0259rdi\u015fl\u0259rini d\u0259yi\u015fdirm\u0259kd\u0259 k\u00f6m\u0259k edilm\u0259si t\u0259l\u0259b olunur. Bu m\u0259qs\u0259dl\u0259 beyn\u0259lxalq ekspertl\u0259r t\u0259r\u0259find\u0259n Ail\u0259, Qad\u0131n v\u0259 U\u015faq Probleml\u0259ri \u00fczr\u0259 D\u00f6vl\u0259t Komit\u0259si il\u0259 birlikd\u0259 \u201cM\u0259i\u015f\u0259t zorak\u0131l\u0131\u011f\u0131 t\u00f6r\u0259d\u0259n \u015f\u0259xsl\u0259rl\u0259 i\u015f \u00fczr\u0259 beyn\u0259lxalq m\u00fcdaxil\u0259 proqram\u0131\u201d i\u015fl\u0259nib haz\u0131rlanm\u0131\u015fd\u0131r. Bu proqram zorak\u0131l\u0131q t\u00f6r\u0259d\u0259n \u015f\u0259xsl\u0259r\u0259 zorak\u0131 davran\u0131\u015fdan imtina etm\u0259kd\u0259 k\u00f6m\u0259k etm\u0259k m\u0259qs\u0259di da\u015f\u0131y\u0131r. Bu, z\u0259r\u0259ryetir\u0259nl\u0259r\u0259 \u00f6z zorak\u0131 davran\u0131\u015flar\u0131n\u0131n s\u0259b\u0259bl\u0259rini t\u0259hlil etm\u0259y\u0259, \u00f6z hissl\u0259rini tan\u0131ma\u011fa v\u0259 onlar\u0131 konstruktiv \u015f\u0259kild\u0259 ifad\u0259 etm\u0259y\u0259, \u00f6z partnyoruna, u\u015faqlara, el\u0259c\u0259d\u0259 ail\u0259 b\u00fcdc\u0259sinin v\u0259 ail\u0259nin idar\u0259 edilm\u0259sin\u0259 m\u00fcsb\u0259t m\u00fcnasib\u0259t formala\u015fd\u0131rma\u011fa, m\u00fcbahis\u0259l\u0259rin h\u0259llind\u0259 yeni bacar\u0131qlar \u0259ld\u0259 etm\u0259y\u0259 k\u00f6m\u0259k edir.<\/p>\n\n\n\n<figure class=\"wp-block-gallery columns-3 is-cropped wp-block-gallery-1 is-layout-flex wp-block-gallery-is-layout-flex\"><ul class=\"blocks-gallery-grid\"><li class=\"blocks-gallery-item\"><figure><img loading=\"lazy\" decoding=\"async\" width=\"1024\" height=\"683\" src=\"https:\/\/eu4azerbaijan.eu\/wp-content\/uploads\/IMG_3694-1024x683.jpg\" alt=\"\" data-id=\"61333\" data-full-url=\"https:\/\/eu4azerbaijan.eu\/wp-content\/uploads\/IMG_3694.jpg\" data-link=\"https:\/\/eu4azerbaijan.eu\/?attachment_id=61333\" class=\"wp-image-61333\" srcset=\"https:\/\/eu4azerbaijan.eu\/wp-content\/uploads\/IMG_3694-1024x683.jpg 1024w, https:\/\/eu4azerbaijan.eu\/wp-content\/uploads\/IMG_3694-300x200.jpg 300w, https:\/\/eu4azerbaijan.eu\/wp-content\/uploads\/IMG_3694-768x512.jpg 768w, https:\/\/eu4azerbaijan.eu\/wp-content\/uploads\/IMG_3694-1536x1025.jpg 1536w, https:\/\/eu4azerbaijan.eu\/wp-content\/uploads\/IMG_3694.jpg 2048w\" sizes=\"(max-width: 1024px) 100vw, 1024px\" \/><\/figure><\/li><li class=\"blocks-gallery-item\"><figure><img loading=\"lazy\" decoding=\"async\" width=\"1024\" height=\"683\" src=\"https:\/\/eu4azerbaijan.eu\/wp-content\/uploads\/IMG_3662-1024x683.jpg\" alt=\"\" data-id=\"61331\" data-full-url=\"https:\/\/eu4azerbaijan.eu\/wp-content\/uploads\/IMG_3662.jpg\" data-link=\"https:\/\/eu4azerbaijan.eu\/?attachment_id=61331\" class=\"wp-image-61331\" srcset=\"https:\/\/eu4azerbaijan.eu\/wp-content\/uploads\/IMG_3662-1024x683.jpg 1024w, https:\/\/eu4azerbaijan.eu\/wp-content\/uploads\/IMG_3662-300x200.jpg 300w, https:\/\/eu4azerbaijan.eu\/wp-content\/uploads\/IMG_3662-768x512.jpg 768w, https:\/\/eu4azerbaijan.eu\/wp-content\/uploads\/IMG_3662-1536x1024.jpg 1536w, https:\/\/eu4azerbaijan.eu\/wp-content\/uploads\/IMG_3662.jpg 2048w\" sizes=\"(max-width: 1024px) 100vw, 1024px\" \/><\/figure><\/li><li class=\"blocks-gallery-item\"><figure><img loading=\"lazy\" decoding=\"async\" width=\"1024\" height=\"683\" src=\"https:\/\/eu4azerbaijan.eu\/wp-content\/uploads\/IMG_3687-1024x683.jpg\" alt=\"\" data-id=\"61329\" data-full-url=\"https:\/\/eu4azerbaijan.eu\/wp-content\/uploads\/IMG_3687.jpg\" data-link=\"https:\/\/eu4azerbaijan.eu\/?attachment_id=61329\" class=\"wp-image-61329\" srcset=\"https:\/\/eu4azerbaijan.eu\/wp-content\/uploads\/IMG_3687-1024x683.jpg 1024w, https:\/\/eu4azerbaijan.eu\/wp-content\/uploads\/IMG_3687-300x200.jpg 300w, https:\/\/eu4azerbaijan.eu\/wp-content\/uploads\/IMG_3687-768x512.jpg 768w, https:\/\/eu4azerbaijan.eu\/wp-content\/uploads\/IMG_3687-1536x1024.jpg 1536w, https:\/\/eu4azerbaijan.eu\/wp-content\/uploads\/IMG_3687.jpg 2048w\" sizes=\"(max-width: 1024px) 100vw, 1024px\" \/><\/figure><\/li><li class=\"blocks-gallery-item\"><figure><img loading=\"lazy\" decoding=\"async\" width=\"1024\" height=\"683\" src=\"https:\/\/eu4azerbaijan.eu\/wp-content\/uploads\/IMG_3677-1024x683.jpg\" alt=\"\" data-id=\"61327\" data-full-url=\"https:\/\/eu4azerbaijan.eu\/wp-content\/uploads\/IMG_3677.jpg\" data-link=\"https:\/\/eu4azerbaijan.eu\/?attachment_id=61327\" class=\"wp-image-61327\" srcset=\"https:\/\/eu4azerbaijan.eu\/wp-content\/uploads\/IMG_3677-1024x683.jpg 1024w, https:\/\/eu4azerbaijan.eu\/wp-content\/uploads\/IMG_3677-300x200.jpg 300w, https:\/\/eu4azerbaijan.eu\/wp-content\/uploads\/IMG_3677-768x512.jpg 768w, https:\/\/eu4azerbaijan.eu\/wp-content\/uploads\/IMG_3677-1536x1024.jpg 1536w, https:\/\/eu4azerbaijan.eu\/wp-content\/uploads\/IMG_3677.jpg 2048w\" sizes=\"(max-width: 1024px) 100vw, 1024px\" \/><\/figure><\/li><li class=\"blocks-gallery-item\"><figure><img loading=\"lazy\" decoding=\"async\" width=\"1024\" height=\"684\" src=\"https:\/\/eu4azerbaijan.eu\/wp-content\/uploads\/IMG_3629-1024x684.jpg\" alt=\"\" data-id=\"61317\" data-full-url=\"https:\/\/eu4azerbaijan.eu\/wp-content\/uploads\/IMG_3629.jpg\" data-link=\"https:\/\/eu4azerbaijan.eu\/?attachment_id=61317\" class=\"wp-image-61317\" srcset=\"https:\/\/eu4azerbaijan.eu\/wp-content\/uploads\/IMG_3629-1024x684.jpg 1024w, https:\/\/eu4azerbaijan.eu\/wp-content\/uploads\/IMG_3629-300x200.jpg 300w, https:\/\/eu4azerbaijan.eu\/wp-content\/uploads\/IMG_3629-768x513.jpg 768w, https:\/\/eu4azerbaijan.eu\/wp-content\/uploads\/IMG_3629-1536x1025.jpg 1536w, https:\/\/eu4azerbaijan.eu\/wp-content\/uploads\/IMG_3629.jpg 2048w\" sizes=\"(max-width: 1024px) 100vw, 1024px\" \/><\/figure><\/li><li class=\"blocks-gallery-item\"><figure><img loading=\"lazy\" decoding=\"async\" width=\"1024\" height=\"684\" src=\"https:\/\/eu4azerbaijan.eu\/wp-content\/uploads\/IMG_3642-1024x684.jpg\" alt=\"\" data-id=\"61315\" data-full-url=\"https:\/\/eu4azerbaijan.eu\/wp-content\/uploads\/IMG_3642.jpg\" data-link=\"https:\/\/eu4azerbaijan.eu\/?attachment_id=61315\" class=\"wp-image-61315\" srcset=\"https:\/\/eu4azerbaijan.eu\/wp-content\/uploads\/IMG_3642-1024x684.jpg 1024w, https:\/\/eu4azerbaijan.eu\/wp-content\/uploads\/IMG_3642-300x200.jpg 300w, https:\/\/eu4azerbaijan.eu\/wp-content\/uploads\/IMG_3642-768x513.jpg 768w, https:\/\/eu4azerbaijan.eu\/wp-content\/uploads\/IMG_3642-1536x1025.jpg 1536w, https:\/\/eu4azerbaijan.eu\/wp-content\/uploads\/IMG_3642.jpg 2048w\" sizes=\"(max-width: 1024px) 100vw, 1024px\" \/><\/figure><\/li><li class=\"blocks-gallery-item\"><figure><img loading=\"lazy\" decoding=\"async\" width=\"1024\" height=\"683\" src=\"https:\/\/eu4azerbaijan.eu\/wp-content\/uploads\/IMG_3676-1024x683.jpg\" alt=\"\" data-id=\"61319\" data-full-url=\"https:\/\/eu4azerbaijan.eu\/wp-content\/uploads\/IMG_3676.jpg\" data-link=\"https:\/\/eu4azerbaijan.eu\/?attachment_id=61319\" class=\"wp-image-61319\" srcset=\"https:\/\/eu4azerbaijan.eu\/wp-content\/uploads\/IMG_3676-1024x683.jpg 1024w, https:\/\/eu4azerbaijan.eu\/wp-content\/uploads\/IMG_3676-300x200.jpg 300w, https:\/\/eu4azerbaijan.eu\/wp-content\/uploads\/IMG_3676-768x512.jpg 768w, https:\/\/eu4azerbaijan.eu\/wp-content\/uploads\/IMG_3676-1536x1024.jpg 1536w, https:\/\/eu4azerbaijan.eu\/wp-content\/uploads\/IMG_3676.jpg 2048w\" sizes=\"(max-width: 1024px) 100vw, 1024px\" \/><\/figure><\/li><li class=\"blocks-gallery-item\"><figure><img loading=\"lazy\" decoding=\"async\" width=\"1024\" height=\"684\" src=\"https:\/\/eu4azerbaijan.eu\/wp-content\/uploads\/IMG_3593-1024x684.jpg\" alt=\"\" data-id=\"61321\" data-full-url=\"https:\/\/eu4azerbaijan.eu\/wp-content\/uploads\/IMG_3593.jpg\" data-link=\"https:\/\/eu4azerbaijan.eu\/?attachment_id=61321\" class=\"wp-image-61321\" srcset=\"https:\/\/eu4azerbaijan.eu\/wp-content\/uploads\/IMG_3593-1024x684.jpg 1024w, https:\/\/eu4azerbaijan.eu\/wp-content\/uploads\/IMG_3593-300x200.jpg 300w, https:\/\/eu4azerbaijan.eu\/wp-content\/uploads\/IMG_3593-768x513.jpg 768w, https:\/\/eu4azerbaijan.eu\/wp-content\/uploads\/IMG_3593-1536x1025.jpg 1536w, https:\/\/eu4azerbaijan.eu\/wp-content\/uploads\/IMG_3593.jpg 2048w\" sizes=\"(max-width: 1024px) 100vw, 1024px\" \/><\/figure><\/li><li class=\"blocks-gallery-item\"><figure><img loading=\"lazy\" decoding=\"async\" width=\"1024\" height=\"683\" src=\"https:\/\/eu4azerbaijan.eu\/wp-content\/uploads\/IMG_3669-1024x683.jpg\" alt=\"\" data-id=\"61323\" data-full-url=\"https:\/\/eu4azerbaijan.eu\/wp-content\/uploads\/IMG_3669.jpg\" data-link=\"https:\/\/eu4azerbaijan.eu\/?attachment_id=61323\" class=\"wp-image-61323\" srcset=\"https:\/\/eu4azerbaijan.eu\/wp-content\/uploads\/IMG_3669-1024x683.jpg 1024w, https:\/\/eu4azerbaijan.eu\/wp-content\/uploads\/IMG_3669-300x200.jpg 300w, https:\/\/eu4azerbaijan.eu\/wp-content\/uploads\/IMG_3669-768x512.jpg 768w, https:\/\/eu4azerbaijan.eu\/wp-content\/uploads\/IMG_3669-1536x1024.jpg 1536w, https:\/\/eu4azerbaijan.eu\/wp-content\/uploads\/IMG_3669.jpg 2048w\" sizes=\"(max-width: 1024px) 100vw, 1024px\" \/><\/figure><\/li><\/ul><\/figure>\n","protected":false},"excerpt":{"rendered":"<p>17 ay davam ed\u0259n layih\u0259nin ba\u011flan\u0131\u015f t\u0259dbiri 12 yanvar 2021-ci ild\u0259 ke\u00e7irilib. Layih\u0259nin m\u0259qs\u0259di qanunvericiliyin, istiqam\u0259tl\u0259ndirm\u0259 mexanizml\u0259rinin v\u0259 m\u0259i\u015f\u0259t zorak\u0131l\u0131\u011f\u0131 qurbanlar\u0131na g\u00f6st\u0259ril\u0259n xidm\u0259tl\u0259rin t\u0259kmill\u0259\u015fdirilm\u0259si olmu\u015fdur. Layih\u0259 \u00e7\u0259r\u00e7iv\u0259sind\u0259 Litvadan v\u0259 Avstriyadan olan ekspertl\u0259r qrupu t\u0259r\u0259find\u0259n Ail\u0259, Qad\u0131n v\u0259 U\u015faq Probleml\u0259ri \u00fczr\u0259 D\u00f6vl\u0259t Komit\u0259si il\u0259 s\u0131x \u0259m\u0259kda\u015fl\u0131q \u015f\u0259raitind\u0259 6 t\u0259lim proqram\u0131 haz\u0131rlan\u0131b v\u0259 680 m\u00fct\u0259x\u0259ssis, o c\u00fcml\u0259d\u0259n [&hellip;]<\/p>\n","protected":false},"author":19,"featured_media":61326,"comment_status":"closed","ping_status":"closed","sticky":false,"template":"","format":"standard","meta":{"_acf_changed":false,"footnotes":""},"categories":[374,284],"tags":[],"topic":[],"class_list":["post-61336","post","type-post","status-publish","format-standard","has-post-thumbnail","hentry","category-whats-happening-az","category-news-az"],"acf":[],"yoast_head":"<!-- This site is optimized with the Yoast SEO plugin v26.4 - https:\/\/yoast.com\/wordpress\/plugins\/seo\/ -->\n<title>Avropa \u0130ttifaq\u0131n\u0131n maliyy\u0259 d\u0259st\u0259yi il\u0259 m\u0259i\u015f\u0259t zorak\u0131l\u0131\u011f\u0131 sah\u0259sind\u0259 h\u0259yata ke\u00e7iril\u0259n Tvinninq layih\u0259si u\u011furla ba\u015fa \u00e7at\u0131b - EU for Azerbaijan<\/title>\n<meta name=\"robots\" content=\"index, follow, max-snippet:-1, max-image-preview:large, max-video-preview:-1\" \/>\n<link rel=\"canonical\" href=\"https:\/\/eu4azerbaijan.eu\/az\/eu-funded-twinning-project-in-the-area-of-domestic-violence-has-been-successfully-completed\/\" \/>\n<meta property=\"og:locale\" content=\"az_AZ\" \/>\n<meta property=\"og:type\" content=\"article\" \/>\n<meta property=\"og:title\" content=\"Avropa \u0130ttifaq\u0131n\u0131n maliyy\u0259 d\u0259st\u0259yi il\u0259 m\u0259i\u015f\u0259t zorak\u0131l\u0131\u011f\u0131 sah\u0259sind\u0259 h\u0259yata ke\u00e7iril\u0259n Tvinninq layih\u0259si u\u011furla ba\u015fa \u00e7at\u0131b - EU for Azerbaijan\" \/>\n<meta property=\"og:description\" content=\"17 ay davam ed\u0259n layih\u0259nin ba\u011flan\u0131\u015f t\u0259dbiri 12 yanvar 2021-ci ild\u0259 ke\u00e7irilib. Layih\u0259nin m\u0259qs\u0259di qanunvericiliyin, istiqam\u0259tl\u0259ndirm\u0259 mexanizml\u0259rinin v\u0259 m\u0259i\u015f\u0259t zorak\u0131l\u0131\u011f\u0131 qurbanlar\u0131na g\u00f6st\u0259ril\u0259n xidm\u0259tl\u0259rin t\u0259kmill\u0259\u015fdirilm\u0259si olmu\u015fdur. Layih\u0259 \u00e7\u0259r\u00e7iv\u0259sind\u0259 Litvadan v\u0259 Avstriyadan olan ekspertl\u0259r qrupu t\u0259r\u0259find\u0259n Ail\u0259, Qad\u0131n v\u0259 U\u015faq Probleml\u0259ri \u00fczr\u0259 D\u00f6vl\u0259t Komit\u0259si il\u0259 s\u0131x \u0259m\u0259kda\u015fl\u0131q \u015f\u0259raitind\u0259 6 t\u0259lim proqram\u0131 haz\u0131rlan\u0131b v\u0259 680 m\u00fct\u0259x\u0259ssis, o c\u00fcml\u0259d\u0259n [&hellip;]\" \/>\n<meta property=\"og:url\" content=\"https:\/\/eu4azerbaijan.eu\/az\/eu-funded-twinning-project-in-the-area-of-domestic-violence-has-been-successfully-completed\/\" \/>\n<meta property=\"og:site_name\" content=\"EU for Azerbaijan\" \/>\n<meta property=\"article:published_time\" content=\"2022-01-17T06:28:52+00:00\" \/>\n<meta property=\"article:modified_time\" content=\"2022-01-17T06:32:25+00:00\" \/>\n<meta property=\"og:image\" content=\"https:\/\/eu4azerbaijan.eu\/wp-content\/uploads\/IMG_3610.jpg\" \/>\n\t<meta property=\"og:image:width\" content=\"2048\" \/>\n\t<meta property=\"og:image:height\" content=\"1367\" \/>\n\t<meta property=\"og:image:type\" content=\"image\/jpeg\" \/>\n<meta name=\"author\" content=\"Aydan Topchibasheva\" \/>\n<meta name=\"twitter:card\" content=\"summary_large_image\" \/>\n<meta name=\"twitter:label1\" content=\"Written by\" \/>\n\t<meta name=\"twitter:data1\" content=\"Aydan Topchibasheva\" \/>\n\t<meta name=\"twitter:label2\" content=\"Est. reading time\" \/>\n\t<meta name=\"twitter:data2\" content=\"4 minutes\" \/>\n<script type=\"application\/ld+json\" class=\"yoast-schema-graph\">{\"@context\":\"https:\/\/schema.org\",\"@graph\":[{\"@type\":\"WebPage\",\"@id\":\"https:\/\/eu4azerbaijan.eu\/az\/eu-funded-twinning-project-in-the-area-of-domestic-violence-has-been-successfully-completed\/\",\"url\":\"https:\/\/eu4azerbaijan.eu\/az\/eu-funded-twinning-project-in-the-area-of-domestic-violence-has-been-successfully-completed\/\",\"name\":\"Avropa \u0130ttifaq\u0131n\u0131n maliyy\u0259 d\u0259st\u0259yi il\u0259 m\u0259i\u015f\u0259t zorak\u0131l\u0131\u011f\u0131 sah\u0259sind\u0259 h\u0259yata ke\u00e7iril\u0259n Tvinninq layih\u0259si u\u011furla ba\u015fa \u00e7at\u0131b - EU for Azerbaijan\",\"isPartOf\":{\"@id\":\"https:\/\/eu4azerbaijan.eu\/az\/#website\"},\"primaryImageOfPage\":{\"@id\":\"https:\/\/eu4azerbaijan.eu\/az\/eu-funded-twinning-project-in-the-area-of-domestic-violence-has-been-successfully-completed\/#primaryimage\"},\"image\":{\"@id\":\"https:\/\/eu4azerbaijan.eu\/az\/eu-funded-twinning-project-in-the-area-of-domestic-violence-has-been-successfully-completed\/#primaryimage\"},\"thumbnailUrl\":\"https:\/\/eu4azerbaijan.eu\/wp-content\/uploads\/IMG_3610.jpg\",\"datePublished\":\"2022-01-17T06:28:52+00:00\",\"dateModified\":\"2022-01-17T06:32:25+00:00\",\"author\":{\"@id\":\"https:\/\/eu4azerbaijan.eu\/az\/#\/schema\/person\/cf17ddba07387955c481997af06797df\"},\"breadcrumb\":{\"@id\":\"https:\/\/eu4azerbaijan.eu\/az\/eu-funded-twinning-project-in-the-area-of-domestic-violence-has-been-successfully-completed\/#breadcrumb\"},\"inLanguage\":\"az-AZ\",\"potentialAction\":[{\"@type\":\"ReadAction\",\"target\":[\"https:\/\/eu4azerbaijan.eu\/az\/eu-funded-twinning-project-in-the-area-of-domestic-violence-has-been-successfully-completed\/\"]}]},{\"@type\":\"ImageObject\",\"inLanguage\":\"az-AZ\",\"@id\":\"https:\/\/eu4azerbaijan.eu\/az\/eu-funded-twinning-project-in-the-area-of-domestic-violence-has-been-successfully-completed\/#primaryimage\",\"url\":\"https:\/\/eu4azerbaijan.eu\/wp-content\/uploads\/IMG_3610.jpg\",\"contentUrl\":\"https:\/\/eu4azerbaijan.eu\/wp-content\/uploads\/IMG_3610.jpg\",\"width\":2048,\"height\":1367},{\"@type\":\"BreadcrumbList\",\"@id\":\"https:\/\/eu4azerbaijan.eu\/az\/eu-funded-twinning-project-in-the-area-of-domestic-violence-has-been-successfully-completed\/#breadcrumb\",\"itemListElement\":[{\"@type\":\"ListItem\",\"position\":1,\"name\":\"Home\",\"item\":\"https:\/\/eu4azerbaijan.eu\/az\/\"},{\"@type\":\"ListItem\",\"position\":2,\"name\":\"Avropa \u0130ttifaq\u0131n\u0131n maliyy\u0259 d\u0259st\u0259yi il\u0259 m\u0259i\u015f\u0259t zorak\u0131l\u0131\u011f\u0131 sah\u0259sind\u0259 h\u0259yata ke\u00e7iril\u0259n Tvinninq layih\u0259si u\u011furla ba\u015fa \u00e7at\u0131b\"}]},{\"@type\":\"WebSite\",\"@id\":\"https:\/\/eu4azerbaijan.eu\/az\/#website\",\"url\":\"https:\/\/eu4azerbaijan.eu\/az\/\",\"name\":\"EU for Azerbaijan\",\"description\":\"\",\"potentialAction\":[{\"@type\":\"SearchAction\",\"target\":{\"@type\":\"EntryPoint\",\"urlTemplate\":\"https:\/\/eu4azerbaijan.eu\/az\/?s={search_term_string}\"},\"query-input\":{\"@type\":\"PropertyValueSpecification\",\"valueRequired\":true,\"valueName\":\"search_term_string\"}}],\"inLanguage\":\"az-AZ\"},{\"@type\":\"Person\",\"@id\":\"https:\/\/eu4azerbaijan.eu\/az\/#\/schema\/person\/cf17ddba07387955c481997af06797df\",\"name\":\"Aydan Topchibasheva\",\"image\":{\"@type\":\"ImageObject\",\"inLanguage\":\"az-AZ\",\"@id\":\"https:\/\/eu4azerbaijan.eu\/az\/#\/schema\/person\/image\/\",\"url\":\"https:\/\/secure.gravatar.com\/avatar\/657ac54b68aced49adde2a29a43651c77d8555f376d5ee5dd68172194a09f856?s=96&d=mm&r=g\",\"contentUrl\":\"https:\/\/secure.gravatar.com\/avatar\/657ac54b68aced49adde2a29a43651c77d8555f376d5ee5dd68172194a09f856?s=96&d=mm&r=g\",\"caption\":\"Aydan Topchibasheva\"},\"url\":\"https:\/\/eu4azerbaijan.eu\/az\/author\/aydan\/\"}]}<\/script>\n<!-- \/ Yoast SEO plugin. -->","yoast_head_json":{"title":"Avropa \u0130ttifaq\u0131n\u0131n maliyy\u0259 d\u0259st\u0259yi il\u0259 m\u0259i\u015f\u0259t zorak\u0131l\u0131\u011f\u0131 sah\u0259sind\u0259 h\u0259yata ke\u00e7iril\u0259n Tvinninq layih\u0259si u\u011furla ba\u015fa \u00e7at\u0131b - EU for Azerbaijan","robots":{"index":"index","follow":"follow","max-snippet":"max-snippet:-1","max-image-preview":"max-image-preview:large","max-video-preview":"max-video-preview:-1"},"canonical":"https:\/\/eu4azerbaijan.eu\/az\/eu-funded-twinning-project-in-the-area-of-domestic-violence-has-been-successfully-completed\/","og_locale":"az_AZ","og_type":"article","og_title":"Avropa \u0130ttifaq\u0131n\u0131n maliyy\u0259 d\u0259st\u0259yi il\u0259 m\u0259i\u015f\u0259t zorak\u0131l\u0131\u011f\u0131 sah\u0259sind\u0259 h\u0259yata ke\u00e7iril\u0259n Tvinninq layih\u0259si u\u011furla ba\u015fa \u00e7at\u0131b - EU for Azerbaijan","og_description":"17 ay davam ed\u0259n layih\u0259nin ba\u011flan\u0131\u015f t\u0259dbiri 12 yanvar 2021-ci ild\u0259 ke\u00e7irilib. Layih\u0259nin m\u0259qs\u0259di qanunvericiliyin, istiqam\u0259tl\u0259ndirm\u0259 mexanizml\u0259rinin v\u0259 m\u0259i\u015f\u0259t zorak\u0131l\u0131\u011f\u0131 qurbanlar\u0131na g\u00f6st\u0259ril\u0259n xidm\u0259tl\u0259rin t\u0259kmill\u0259\u015fdirilm\u0259si olmu\u015fdur. Layih\u0259 \u00e7\u0259r\u00e7iv\u0259sind\u0259 Litvadan v\u0259 Avstriyadan olan ekspertl\u0259r qrupu t\u0259r\u0259find\u0259n Ail\u0259, Qad\u0131n v\u0259 U\u015faq Probleml\u0259ri \u00fczr\u0259 D\u00f6vl\u0259t Komit\u0259si il\u0259 s\u0131x \u0259m\u0259kda\u015fl\u0131q \u015f\u0259raitind\u0259 6 t\u0259lim proqram\u0131 haz\u0131rlan\u0131b v\u0259 680 m\u00fct\u0259x\u0259ssis, o c\u00fcml\u0259d\u0259n [&hellip;]","og_url":"https:\/\/eu4azerbaijan.eu\/az\/eu-funded-twinning-project-in-the-area-of-domestic-violence-has-been-successfully-completed\/","og_site_name":"EU for Azerbaijan","article_published_time":"2022-01-17T06:28:52+00:00","article_modified_time":"2022-01-17T06:32:25+00:00","og_image":[{"width":2048,"height":1367,"url":"https:\/\/eu4azerbaijan.eu\/wp-content\/uploads\/IMG_3610.jpg","type":"image\/jpeg"}],"author":"Aydan Topchibasheva","twitter_card":"summary_large_image","twitter_misc":{"Written by":"Aydan Topchibasheva","Est. reading time":"4 minutes"},"schema":{"@context":"https:\/\/schema.org","@graph":[{"@type":"WebPage","@id":"https:\/\/eu4azerbaijan.eu\/az\/eu-funded-twinning-project-in-the-area-of-domestic-violence-has-been-successfully-completed\/","url":"https:\/\/eu4azerbaijan.eu\/az\/eu-funded-twinning-project-in-the-area-of-domestic-violence-has-been-successfully-completed\/","name":"Avropa \u0130ttifaq\u0131n\u0131n maliyy\u0259 d\u0259st\u0259yi il\u0259 m\u0259i\u015f\u0259t zorak\u0131l\u0131\u011f\u0131 sah\u0259sind\u0259 h\u0259yata ke\u00e7iril\u0259n Tvinninq layih\u0259si u\u011furla ba\u015fa \u00e7at\u0131b - EU for Azerbaijan","isPartOf":{"@id":"https:\/\/eu4azerbaijan.eu\/az\/#website"},"primaryImageOfPage":{"@id":"https:\/\/eu4azerbaijan.eu\/az\/eu-funded-twinning-project-in-the-area-of-domestic-violence-has-been-successfully-completed\/#primaryimage"},"image":{"@id":"https:\/\/eu4azerbaijan.eu\/az\/eu-funded-twinning-project-in-the-area-of-domestic-violence-has-been-successfully-completed\/#primaryimage"},"thumbnailUrl":"https:\/\/eu4azerbaijan.eu\/wp-content\/uploads\/IMG_3610.jpg","datePublished":"2022-01-17T06:28:52+00:00","dateModified":"2022-01-17T06:32:25+00:00","author":{"@id":"https:\/\/eu4azerbaijan.eu\/az\/#\/schema\/person\/cf17ddba07387955c481997af06797df"},"breadcrumb":{"@id":"https:\/\/eu4azerbaijan.eu\/az\/eu-funded-twinning-project-in-the-area-of-domestic-violence-has-been-successfully-completed\/#breadcrumb"},"inLanguage":"az-AZ","potentialAction":[{"@type":"ReadAction","target":["https:\/\/eu4azerbaijan.eu\/az\/eu-funded-twinning-project-in-the-area-of-domestic-violence-has-been-successfully-completed\/"]}]},{"@type":"ImageObject","inLanguage":"az-AZ","@id":"https:\/\/eu4azerbaijan.eu\/az\/eu-funded-twinning-project-in-the-area-of-domestic-violence-has-been-successfully-completed\/#primaryimage","url":"https:\/\/eu4azerbaijan.eu\/wp-content\/uploads\/IMG_3610.jpg","contentUrl":"https:\/\/eu4azerbaijan.eu\/wp-content\/uploads\/IMG_3610.jpg","width":2048,"height":1367},{"@type":"BreadcrumbList","@id":"https:\/\/eu4azerbaijan.eu\/az\/eu-funded-twinning-project-in-the-area-of-domestic-violence-has-been-successfully-completed\/#breadcrumb","itemListElement":[{"@type":"ListItem","position":1,"name":"Home","item":"https:\/\/eu4azerbaijan.eu\/az\/"},{"@type":"ListItem","position":2,"name":"Avropa \u0130ttifaq\u0131n\u0131n maliyy\u0259 d\u0259st\u0259yi il\u0259 m\u0259i\u015f\u0259t zorak\u0131l\u0131\u011f\u0131 sah\u0259sind\u0259 h\u0259yata ke\u00e7iril\u0259n Tvinninq layih\u0259si u\u011furla ba\u015fa \u00e7at\u0131b"}]},{"@type":"WebSite","@id":"https:\/\/eu4azerbaijan.eu\/az\/#website","url":"https:\/\/eu4azerbaijan.eu\/az\/","name":"EU for Azerbaijan","description":"","potentialAction":[{"@type":"SearchAction","target":{"@type":"EntryPoint","urlTemplate":"https:\/\/eu4azerbaijan.eu\/az\/?s={search_term_string}"},"query-input":{"@type":"PropertyValueSpecification","valueRequired":true,"valueName":"search_term_string"}}],"inLanguage":"az-AZ"},{"@type":"Person","@id":"https:\/\/eu4azerbaijan.eu\/az\/#\/schema\/person\/cf17ddba07387955c481997af06797df","name":"Aydan Topchibasheva","image":{"@type":"ImageObject","inLanguage":"az-AZ","@id":"https:\/\/eu4azerbaijan.eu\/az\/#\/schema\/person\/image\/","url":"https:\/\/secure.gravatar.com\/avatar\/657ac54b68aced49adde2a29a43651c77d8555f376d5ee5dd68172194a09f856?s=96&d=mm&r=g","contentUrl":"https:\/\/secure.gravatar.com\/avatar\/657ac54b68aced49adde2a29a43651c77d8555f376d5ee5dd68172194a09f856?s=96&d=mm&r=g","caption":"Aydan Topchibasheva"},"url":"https:\/\/eu4azerbaijan.eu\/az\/author\/aydan\/"}]}},"_links":{"self":[{"href":"https:\/\/eu4azerbaijan.eu\/az\/wp-json\/wp\/v2\/posts\/61336","targetHints":{"allow":["GET"]}}],"collection":[{"href":"https:\/\/eu4azerbaijan.eu\/az\/wp-json\/wp\/v2\/posts"}],"about":[{"href":"https:\/\/eu4azerbaijan.eu\/az\/wp-json\/wp\/v2\/types\/post"}],"author":[{"embeddable":true,"href":"https:\/\/eu4azerbaijan.eu\/az\/wp-json\/wp\/v2\/users\/19"}],"replies":[{"embeddable":true,"href":"https:\/\/eu4azerbaijan.eu\/az\/wp-json\/wp\/v2\/comments?post=61336"}],"version-history":[{"count":1,"href":"https:\/\/eu4azerbaijan.eu\/az\/wp-json\/wp\/v2\/posts\/61336\/revisions"}],"predecessor-version":[{"id":61337,"href":"https:\/\/eu4azerbaijan.eu\/az\/wp-json\/wp\/v2\/posts\/61336\/revisions\/61337"}],"wp:featuredmedia":[{"embeddable":true,"href":"https:\/\/eu4azerbaijan.eu\/az\/wp-json\/wp\/v2\/media\/61326"}],"wp:attachment":[{"href":"https:\/\/eu4azerbaijan.eu\/az\/wp-json\/wp\/v2\/media?parent=61336"}],"wp:term":[{"taxonomy":"category","embeddable":true,"href":"https:\/\/eu4azerbaijan.eu\/az\/wp-json\/wp\/v2\/categories?post=61336"},{"taxonomy":"post_tag","embeddable":true,"href":"https:\/\/eu4azerbaijan.eu\/az\/wp-json\/wp\/v2\/tags?post=61336"},{"taxonomy":"topic","embeddable":true,"href":"https:\/\/eu4azerbaijan.eu\/az\/wp-json\/wp\/v2\/topic?post=61336"}],"curies":[{"name":"wp","href":"https:\/\/api.w.org\/{rel}","templated":true}]}}