{"id":61269,"date":"2021-12-24T12:55:32","date_gmt":"2021-12-24T12:55:32","guid":{"rendered":"https:\/\/eu4azerbaijan.eu\/?p=61269"},"modified":"2021-12-24T12:55:32","modified_gmt":"2021-12-24T12:55:32","slug":"israfin-qarsisini-almaq-fikri-il%c9%99-yaranan-biznes-ideyasi","status":"publish","type":"post","link":"https:\/\/eu4azerbaijan.eu\/az\/israfin-qarsisini-almaq-fikri-il%c9%99-yaranan-biznes-ideyasi\/","title":{"rendered":"\u0130sraf\u0131n qar\u015f\u0131s\u0131n\u0131 almaq fikri il\u0259 yaranan biznes ideyas\u0131"},"content":{"rendered":"\n<p>Avropa \u0130ttifaq\u0131n\u0131n (A\u0130) maliyy\u0259l\u0259\u015fdirdiyi layih\u0259sinin i\u015ftirak\u00e7\u0131s\u0131, Zaqatala sakini Surxayev R\u0259fael ail\u0259 \u00fczvl\u0259ri il\u0259 birg\u0259 meyv\u0259 qurusu istehsal\u0131 il\u0259 m\u0259\u015f\u011ful olan kooperasiya yarad\u0131blar.<\/p>\n\n\n\n<p>&nbsp;&nbsp;&nbsp;&nbsp;&nbsp;&nbsp;&nbsp;&nbsp;&nbsp;&nbsp;&nbsp; Ki\u00e7ik sahibkar olan 35 ya\u015fl\u0131 R\u0259fael Surxayev mobil telefon satan ma\u011faza sahibidir. Lakin o, bu i\u015fl\u0259 yana\u015f\u0131 f\u0259rqli sah\u0259d\u0259 &#8211; meyv\u0259 qurusu istehsal\u0131 v\u0259 sat\u0131\u015f\u0131nda da \u00f6z\u00fcn\u00fc s\u0131namaq q\u0259rar\u0131na g\u0259lib. \u00c7\u00fcnki benefisiar\u0131m\u0131z&nbsp;Zaqatalan\u0131n z\u0259ngin xurma ba\u011flar\u0131nda a\u011faclarda xarab olan xurmalar\u0131n emal\u0131, qurudularaq istifad\u0259sinin m\u00fcmk\u00fcnl\u00fcy\u00fcn\u00fc d\u00fc\u015f\u00fcn\u00fcrm\u00fc\u015f.&nbsp;&nbsp;<\/p>\n\n\n\n<p><strong><em>&nbsp;&nbsp;&nbsp;&nbsp;&nbsp;&nbsp;&nbsp;&nbsp;&nbsp;&nbsp;&nbsp; \u201cBizd\u0259 xurma a\u011faclar\u0131 \u00e7oxdur, yeti\u015fmi\u015f meyv\u0259l\u0259r a\u011facda qal\u0131b xarab olurdu. H\u0259mi\u015f\u0259 d\u00fc\u015f\u00fcn\u00fcrd\u00fcm ki, bundan n\u0259s\u0259 etm\u0259k olar. Ax\u0131 bizd\u0259 xurma bollu\u011fu olsa da, hardasa ehtiyac var. Pay\u0131zda yeti\u015fmi\u015f b\u0259rk xurmalar y\u0131\u011f\u0131l\u0131r, qalanlar\u0131 korlan\u0131rd\u0131. Qurudulmu\u015f m\u0259hsullar is\u0259 \u0259zilmir, rahat da\u015f\u0131n\u0131r v\u0259 korlanmadan al\u0131c\u0131ya \u00e7at\u0131r\u201d.<\/em><\/strong><\/p>\n\n\n\n<p>&nbsp;&nbsp;&nbsp;&nbsp;&nbsp;&nbsp;&nbsp;&nbsp;&nbsp;&nbsp;&nbsp; M\u00fc\u015ft\u0259risi oldu\u011fu Turan Bankdan A\u0130-nin maliyy\u0259l\u0259\u015fdirdiyi \u201cAz\u0259rbaycan Regionlar\u0131nda Dayan\u0131ql\u0131 Mikrosahibkarl\u0131\u011f\u0131n \u0130nki\u015faf\u0131n\u0131n S\u00fcr\u0259tl\u0259ndirilm\u0259si\u201d layih\u0259si bar\u0259sind\u0259 m\u0259lumat alan R\u0259fael b\u0259y layih\u0259d\u0259 i\u015ftirak etm\u0259k q\u0259rar\u0131na g\u0259lib. Kooperasiya yaratmaq bar\u0259d\u0259 d\u00fc\u015f\u00fcn\u0259n R\u0259fael&nbsp;qarda\u015flar\u0131 il\u0259 t\u0259liml\u0259r\u0259 qat\u0131laraq i\u015fin x\u0131rdal\u0131qlar\u0131n\u0131 \u00f6yr\u0259nib.<\/p>\n\n\n\n<p>&nbsp;&nbsp;&nbsp;&nbsp;&nbsp;&nbsp;&nbsp;&nbsp;&nbsp;&nbsp;&nbsp; <strong><em>\u201c\u0130deyam var idi. Layih\u0259y\u0259 qo\u015fulmaq h\u0259m motivasiyam\u0131 art\u0131rd\u0131, h\u0259m d\u0259 ideyam\u0131 realla\u015fd\u0131rma\u011fa k\u00f6m\u0259k etdi\u201d.<\/em><\/strong><\/p>\n\n\n\n<p>&nbsp;&nbsp;&nbsp;&nbsp;&nbsp;&nbsp;&nbsp;&nbsp;&nbsp;&nbsp;&nbsp; &nbsp;&nbsp;Biznes ideyas\u0131n\u0131 realla\u015fd\u0131rmaq \u00fc\u00e7\u00fcn A\u0130-nin maliyy\u0259l\u0259\u015fdirdiyi layih\u0259 \u00e7\u0259r\u00e7iv\u0259sind\u0259 s\u0259rmay\u0259 kapital\u0131 \u0259ld\u0259 ed\u0259r\u0259k kooperasiyan\u0131n f\u0259aliyy\u0259ti \u00fc\u00e7\u00fcn \u0259razi, h\u0259m\u00e7inin meyv\u0259l\u0259rin qurudulmas\u0131 \u00fc\u00e7\u00fcn qurutma kameras\u0131, do\u011frama aparat\u0131, r\u0259fl\u0259r v\u0259 dig\u0259r laz\u0131mi avadanl\u0131qlar al\u0131b.<\/p>\n\n\n\n<p>&nbsp;&nbsp;&nbsp;&nbsp;&nbsp;&nbsp;&nbsp;&nbsp;&nbsp;&nbsp;&nbsp; Kooperasiyas\u0131n\u0131n i\u015f\u00e7il\u0259ri ail\u0259 \u00fczvl\u0259ridir. Amma m\u00f6vs\u00fcmd\u0259 onlara \u0259lav\u0259 i\u015f\u00e7i q\u00fcvv\u0259si laz\u0131m g\u0259lir. Bu halda onlarla sakin burada i\u015fl\u0259yir v\u0259 \u0259m\u0259khaqq\u0131 al\u0131rlar. \u00d6t\u0259n il 30 n\u0259f\u0259r bu \u015f\u0259kild\u0259 i\u015f\u0259 c\u0259lb edilib. G\u0259nc sahibkar bu il d\u0259 \u0259lav\u0259 i\u015f\u00e7i komandas\u0131n\u0131n c\u0259lb edil\u0259c\u0259yini deyir. M\u0259hsullar\u0131n qabla\u015fd\u0131r\u0131lmas\u0131 prosesini kooperasiyada h\u0259yata ke\u00e7irmirl\u0259r, amma bu i\u015fi d\u0259 qurmaq \u00fczr\u0259dirl\u0259r.<\/p>\n\n\n\n<p>&nbsp;&nbsp;&nbsp;&nbsp;&nbsp;&nbsp;&nbsp;&nbsp;&nbsp;&nbsp;&nbsp; T\u0259cr\u00fcb\u0259 \u00fc\u00e7\u00fcn qarp\u0131z, yemi\u015f, q\u0131z\u0131lg\u00fcl v\u0259 c\u00f6k\u0259 yarpa\u011f\u0131 qurusu da haz\u0131rlayan sahibkar bu m\u0259hsullar\u0131 da istehsal d\u00f6vriyy\u0259sin\u0259 qatacaq, \u00e7\u00fcnki t\u0259l\u0259bat var. O, \u0259mindir ki, b\u0259zi m\u0259hsullar \u00e7ay s\u00fcfr\u0259l\u0259rinin vazke\u00e7ilm\u0259zin\u0259 \u00e7evril\u0259c\u0259k, h\u0259tta konfet istehsal\u0131na da yararl\u0131 olacaq.<\/p>\n\n\n\n<p><strong><em>&nbsp;\u201cB\u0259zi adamlar \u015f\u0259k\u0259r\u0259 yox, meyv\u0259 qurular\u0131na \u00fcst\u00fcnl\u00fck verirl\u0259r. Bizim m\u0259hsullar lap onlar\u0131n ist\u0259dikl\u0259ridir. M\u0259s\u0259l\u0259n, xurma qurusunda \u015firinlik h\u0259m y\u00fcks\u0259k s\u0259viyy\u0259d\u0259dir, h\u0259m d\u0259 o yerli v\u0259 ekoloji bax\u0131mdan sa\u011flam m\u0259hsuldur\u201d<\/em><\/strong>, \u2013 deyir R\u0259fael.<\/p>\n\n\n\n<p>&nbsp;&nbsp;&nbsp;&nbsp;&nbsp;&nbsp;&nbsp;&nbsp;&nbsp;&nbsp;&nbsp; Yeni biznes ideyalar\u0131n\u0131n da oldu\u011funu bildir\u0259n R\u0259fael onlar\u0131n \u00fcz\u0259rind\u0259 d\u0259 \u00e7al\u0131\u015fmaqdad\u0131r.&nbsp;&nbsp;<\/p>\n\n\n\n<p><strong>LAY\u0130H\u018f HAQQINDA M\u018fLUMAT<\/strong><em><\/em><\/p>\n\n\n\n<figure class=\"wp-block-table\"><table><tbody><tr><td><strong>Layih\u0259nin ad\u0131<\/strong><\/td><td>Az\u0259rbaycan Regionlar\u0131nda Dayan\u0131ql\u0131 Mikrosahibkarl\u0131\u011f\u0131n \u0130nki\u015faf\u0131n\u0131n S\u00fcr\u0259tl\u0259ndirilm\u0259si&nbsp;<\/td><\/tr><tr><td><strong>Prioritet sektor<\/strong><\/td><td>M\u0259\u015f\u011fulluq v\u0259 sahibkarl\u0131q<\/td><\/tr><tr><td><strong>\u0130cra ed\u0259n t\u0259r\u0259f<\/strong><\/td><td>Az\u0259rbaycan Mikromaliyy\u0259 Assosiasiyas\u0131<\/td><\/tr><tr><td><strong>T\u0259r\u0259fda\u015f<\/strong><\/td><td>Ki\u00e7ik v\u0259 Orta Biznesin \u0130nki\u015faf\u0131 Agentliyi, Ail\u0259, Qad\u0131n v\u0259 U\u015faq Probleml\u0259ri \u00fczr\u0259 D\u00f6vl\u0259t Komit\u0259si<\/td><\/tr><tr><td><strong>\u0130cra m\u00fcdd\u0259ti<\/strong><\/td><td>30 ay (01.09.2018 \u2013 28.02.2021)<\/td><\/tr><tr><td><strong>Avropa \u0130ttifaq\u0131n\u0131n b\u00fcdc\u0259si<\/strong><\/td><td>464805 Avro<\/td><\/tr><tr><td><strong>Layih\u0259nin \u0259sas m\u0259qs\u0259di<\/strong><\/td><td>G\u0259nc\u0259-Qazax, Quba-Xa\u00e7maz, \u015e\u0259ki-Zaqatala v\u0259 K\u00fcr-Araz (Aran) \u0130qtisadi Zonalar\u0131nda sahibkarl\u0131q bacar\u0131qlar\u0131n\u0131 art\u0131rmaq, bazar imkanlar\u0131n\u0131 geni\u015fl\u0259ndirm\u0259k v\u0259 maliyy\u0259 d\u0259st\u0259yini t\u0259min etm\u0259kl\u0259 \u00f6z biznesl\u0259rin\u0259 ba\u015flamaq v\u0259 onu geni\u015fl\u0259ndirm\u0259k \u00fc\u00e7\u00fcn k\u0259ndli mikrosahibkarlar\u0131n bilik v\u0259 bacar\u0131\u011f\u0131n\u0131 g\u00fccl\u0259ndirm\u0259k.<\/td><\/tr><tr><td><strong>Layih\u0259nin icra edildiyi regionlar<\/strong><\/td><td>G\u0259nc\u0259-Qazax, \u015e\u0259ki-Zaqatala, Quba-Xa\u00e7maz v\u0259 Aran iqtisadi rayonlar\u0131<\/td><\/tr><\/tbody><\/table><\/figure>\n\n\n\n<figure class=\"wp-block-gallery columns-3 is-cropped wp-block-gallery-1 is-layout-flex wp-block-gallery-is-layout-flex\"><ul class=\"blocks-gallery-grid\"><li class=\"blocks-gallery-item\"><figure><img loading=\"lazy\" decoding=\"async\" width=\"768\" height=\"1024\" src=\"https:\/\/eu4azerbaijan.eu\/wp-content\/uploads\/d55f6db1-45f9-48db-bb84-43d8e85fbd47-768x1024.jpg\" alt=\"\" data-id=\"61263\" data-full-url=\"https:\/\/eu4azerbaijan.eu\/wp-content\/uploads\/d55f6db1-45f9-48db-bb84-43d8e85fbd47.jpg\" data-link=\"https:\/\/eu4azerbaijan.eu\/az\/d55f6db1-45f9-48db-bb84-43d8e85fbd47-2\/\" class=\"wp-image-61263\" srcset=\"https:\/\/eu4azerbaijan.eu\/wp-content\/uploads\/d55f6db1-45f9-48db-bb84-43d8e85fbd47-768x1024.jpg 768w, https:\/\/eu4azerbaijan.eu\/wp-content\/uploads\/d55f6db1-45f9-48db-bb84-43d8e85fbd47-225x300.jpg 225w, https:\/\/eu4azerbaijan.eu\/wp-content\/uploads\/d55f6db1-45f9-48db-bb84-43d8e85fbd47.jpg 960w\" sizes=\"(max-width: 768px) 100vw, 768px\" \/><\/figure><\/li><li class=\"blocks-gallery-item\"><figure><img loading=\"lazy\" decoding=\"async\" width=\"768\" height=\"1024\" src=\"https:\/\/eu4azerbaijan.eu\/wp-content\/uploads\/ab0a7ab6-fd0f-4c74-960f-f23851090db7-768x1024.jpg\" alt=\"\" data-id=\"61261\" data-full-url=\"https:\/\/eu4azerbaijan.eu\/wp-content\/uploads\/ab0a7ab6-fd0f-4c74-960f-f23851090db7.jpg\" data-link=\"https:\/\/eu4azerbaijan.eu\/az\/ab0a7ab6-fd0f-4c74-960f-f23851090db7-2\/\" class=\"wp-image-61261\" srcset=\"https:\/\/eu4azerbaijan.eu\/wp-content\/uploads\/ab0a7ab6-fd0f-4c74-960f-f23851090db7-768x1024.jpg 768w, https:\/\/eu4azerbaijan.eu\/wp-content\/uploads\/ab0a7ab6-fd0f-4c74-960f-f23851090db7-225x300.jpg 225w, https:\/\/eu4azerbaijan.eu\/wp-content\/uploads\/ab0a7ab6-fd0f-4c74-960f-f23851090db7.jpg 960w\" sizes=\"(max-width: 768px) 100vw, 768px\" \/><\/figure><\/li><li class=\"blocks-gallery-item\"><figure><img loading=\"lazy\" decoding=\"async\" width=\"768\" height=\"1024\" src=\"https:\/\/eu4azerbaijan.eu\/wp-content\/uploads\/3563827d-acf7-4efe-9d60-e91b6a1dafc5-768x1024.jpg\" alt=\"\" data-id=\"61259\" data-full-url=\"https:\/\/eu4azerbaijan.eu\/wp-content\/uploads\/3563827d-acf7-4efe-9d60-e91b6a1dafc5.jpg\" data-link=\"https:\/\/eu4azerbaijan.eu\/az\/3563827d-acf7-4efe-9d60-e91b6a1dafc5-2\/\" class=\"wp-image-61259\" srcset=\"https:\/\/eu4azerbaijan.eu\/wp-content\/uploads\/3563827d-acf7-4efe-9d60-e91b6a1dafc5-768x1024.jpg 768w, https:\/\/eu4azerbaijan.eu\/wp-content\/uploads\/3563827d-acf7-4efe-9d60-e91b6a1dafc5-225x300.jpg 225w, https:\/\/eu4azerbaijan.eu\/wp-content\/uploads\/3563827d-acf7-4efe-9d60-e91b6a1dafc5.jpg 960w\" sizes=\"(max-width: 768px) 100vw, 768px\" \/><\/figure><\/li><li class=\"blocks-gallery-item\"><figure><img loading=\"lazy\" decoding=\"async\" width=\"672\" height=\"1024\" src=\"https:\/\/eu4azerbaijan.eu\/wp-content\/uploads\/612334e2-4018-45d5-bc40-dba63f6a57ff-672x1024.jpg\" alt=\"\" data-id=\"61257\" data-full-url=\"https:\/\/eu4azerbaijan.eu\/wp-content\/uploads\/612334e2-4018-45d5-bc40-dba63f6a57ff.jpg\" data-link=\"https:\/\/eu4azerbaijan.eu\/az\/612334e2-4018-45d5-bc40-dba63f6a57ff-2\/\" class=\"wp-image-61257\" srcset=\"https:\/\/eu4azerbaijan.eu\/wp-content\/uploads\/612334e2-4018-45d5-bc40-dba63f6a57ff-672x1024.jpg 672w, https:\/\/eu4azerbaijan.eu\/wp-content\/uploads\/612334e2-4018-45d5-bc40-dba63f6a57ff-197x300.jpg 197w, https:\/\/eu4azerbaijan.eu\/wp-content\/uploads\/612334e2-4018-45d5-bc40-dba63f6a57ff-768x1170.jpg 768w, https:\/\/eu4azerbaijan.eu\/wp-content\/uploads\/612334e2-4018-45d5-bc40-dba63f6a57ff.jpg 840w\" sizes=\"(max-width: 672px) 100vw, 672px\" \/><\/figure><\/li><li class=\"blocks-gallery-item\"><figure><img loading=\"lazy\" decoding=\"async\" width=\"768\" height=\"1024\" src=\"https:\/\/eu4azerbaijan.eu\/wp-content\/uploads\/5b8c7bf7-c9fa-4b03-b923-2567e3452e5b-768x1024.jpg\" alt=\"\" data-id=\"61247\" data-full-url=\"https:\/\/eu4azerbaijan.eu\/wp-content\/uploads\/5b8c7bf7-c9fa-4b03-b923-2567e3452e5b.jpg\" data-link=\"https:\/\/eu4azerbaijan.eu\/az\/5b8c7bf7-c9fa-4b03-b923-2567e3452e5b-2\/\" class=\"wp-image-61247\" srcset=\"https:\/\/eu4azerbaijan.eu\/wp-content\/uploads\/5b8c7bf7-c9fa-4b03-b923-2567e3452e5b-768x1024.jpg 768w, https:\/\/eu4azerbaijan.eu\/wp-content\/uploads\/5b8c7bf7-c9fa-4b03-b923-2567e3452e5b-225x300.jpg 225w, https:\/\/eu4azerbaijan.eu\/wp-content\/uploads\/5b8c7bf7-c9fa-4b03-b923-2567e3452e5b.jpg 960w\" sizes=\"(max-width: 768px) 100vw, 768px\" \/><\/figure><\/li><li class=\"blocks-gallery-item\"><figure><img loading=\"lazy\" decoding=\"async\" width=\"768\" height=\"1024\" src=\"https:\/\/eu4azerbaijan.eu\/wp-content\/uploads\/08d00aa1-e6f9-4606-b043-f4f42a1c9041-768x1024.jpg\" alt=\"\" data-id=\"61249\" data-full-url=\"https:\/\/eu4azerbaijan.eu\/wp-content\/uploads\/08d00aa1-e6f9-4606-b043-f4f42a1c9041.jpg\" data-link=\"https:\/\/eu4azerbaijan.eu\/az\/08d00aa1-e6f9-4606-b043-f4f42a1c9041-2\/\" class=\"wp-image-61249\" srcset=\"https:\/\/eu4azerbaijan.eu\/wp-content\/uploads\/08d00aa1-e6f9-4606-b043-f4f42a1c9041-768x1024.jpg 768w, https:\/\/eu4azerbaijan.eu\/wp-content\/uploads\/08d00aa1-e6f9-4606-b043-f4f42a1c9041-225x300.jpg 225w, https:\/\/eu4azerbaijan.eu\/wp-content\/uploads\/08d00aa1-e6f9-4606-b043-f4f42a1c9041.jpg 960w\" sizes=\"(max-width: 768px) 100vw, 768px\" \/><\/figure><\/li><li class=\"blocks-gallery-item\"><figure><img loading=\"lazy\" decoding=\"async\" width=\"768\" height=\"1024\" src=\"https:\/\/eu4azerbaijan.eu\/wp-content\/uploads\/9d4b4689-9f8c-40d1-93eb-d6adabb9acef-768x1024.jpg\" alt=\"\" data-id=\"61251\" data-full-url=\"https:\/\/eu4azerbaijan.eu\/wp-content\/uploads\/9d4b4689-9f8c-40d1-93eb-d6adabb9acef.jpg\" data-link=\"https:\/\/eu4azerbaijan.eu\/az\/9d4b4689-9f8c-40d1-93eb-d6adabb9acef-2\/\" class=\"wp-image-61251\" srcset=\"https:\/\/eu4azerbaijan.eu\/wp-content\/uploads\/9d4b4689-9f8c-40d1-93eb-d6adabb9acef-768x1024.jpg 768w, https:\/\/eu4azerbaijan.eu\/wp-content\/uploads\/9d4b4689-9f8c-40d1-93eb-d6adabb9acef-225x300.jpg 225w, https:\/\/eu4azerbaijan.eu\/wp-content\/uploads\/9d4b4689-9f8c-40d1-93eb-d6adabb9acef.jpg 960w\" sizes=\"(max-width: 768px) 100vw, 768px\" \/><\/figure><\/li><li class=\"blocks-gallery-item\"><figure><img loading=\"lazy\" decoding=\"async\" width=\"768\" height=\"1024\" src=\"https:\/\/eu4azerbaijan.eu\/wp-content\/uploads\/530c480b-c8d3-4859-a295-b96bb3e89d0e-768x1024.jpg\" alt=\"\" data-id=\"61253\" data-full-url=\"https:\/\/eu4azerbaijan.eu\/wp-content\/uploads\/530c480b-c8d3-4859-a295-b96bb3e89d0e.jpg\" data-link=\"https:\/\/eu4azerbaijan.eu\/az\/530c480b-c8d3-4859-a295-b96bb3e89d0e-2\/\" class=\"wp-image-61253\" srcset=\"https:\/\/eu4azerbaijan.eu\/wp-content\/uploads\/530c480b-c8d3-4859-a295-b96bb3e89d0e-768x1024.jpg 768w, https:\/\/eu4azerbaijan.eu\/wp-content\/uploads\/530c480b-c8d3-4859-a295-b96bb3e89d0e-225x300.jpg 225w, https:\/\/eu4azerbaijan.eu\/wp-content\/uploads\/530c480b-c8d3-4859-a295-b96bb3e89d0e.jpg 960w\" sizes=\"(max-width: 768px) 100vw, 768px\" \/><\/figure><\/li><li class=\"blocks-gallery-item\"><figure><img loading=\"lazy\" decoding=\"async\" width=\"768\" height=\"1024\" src=\"https:\/\/eu4azerbaijan.eu\/wp-content\/uploads\/849a5ae1-750d-4be3-bd9d-f0b15450d74e-768x1024.jpg\" alt=\"\" data-id=\"61255\" data-full-url=\"https:\/\/eu4azerbaijan.eu\/wp-content\/uploads\/849a5ae1-750d-4be3-bd9d-f0b15450d74e.jpg\" data-link=\"https:\/\/eu4azerbaijan.eu\/az\/849a5ae1-750d-4be3-bd9d-f0b15450d74e-2\/\" class=\"wp-image-61255\" srcset=\"https:\/\/eu4azerbaijan.eu\/wp-content\/uploads\/849a5ae1-750d-4be3-bd9d-f0b15450d74e-768x1024.jpg 768w, https:\/\/eu4azerbaijan.eu\/wp-content\/uploads\/849a5ae1-750d-4be3-bd9d-f0b15450d74e-225x300.jpg 225w, https:\/\/eu4azerbaijan.eu\/wp-content\/uploads\/849a5ae1-750d-4be3-bd9d-f0b15450d74e.jpg 960w\" sizes=\"(max-width: 768px) 100vw, 768px\" \/><\/figure><\/li><li class=\"blocks-gallery-item\"><figure><img loading=\"lazy\" decoding=\"async\" width=\"768\" height=\"1024\" src=\"https:\/\/eu4azerbaijan.eu\/wp-content\/uploads\/3bbd5d5b-1197-43fa-a3cb-1ae1b58ef8e8.jpg\" alt=\"\" data-id=\"61245\" data-full-url=\"https:\/\/eu4azerbaijan.eu\/wp-content\/uploads\/3bbd5d5b-1197-43fa-a3cb-1ae1b58ef8e8.jpg\" data-link=\"https:\/\/eu4azerbaijan.eu\/az\/3bbd5d5b-1197-43fa-a3cb-1ae1b58ef8e8-2\/\" class=\"wp-image-61245\" srcset=\"https:\/\/eu4azerbaijan.eu\/wp-content\/uploads\/3bbd5d5b-1197-43fa-a3cb-1ae1b58ef8e8.jpg 768w, https:\/\/eu4azerbaijan.eu\/wp-content\/uploads\/3bbd5d5b-1197-43fa-a3cb-1ae1b58ef8e8-225x300.jpg 225w\" sizes=\"(max-width: 768px) 100vw, 768px\" \/><\/figure><\/li><li class=\"blocks-gallery-item\"><figure><img loading=\"lazy\" decoding=\"async\" width=\"768\" height=\"1024\" src=\"https:\/\/eu4azerbaijan.eu\/wp-content\/uploads\/1e36331c-3d62-450f-8aef-b03742b92465-768x1024.jpg\" alt=\"\" data-id=\"61243\" data-full-url=\"https:\/\/eu4azerbaijan.eu\/wp-content\/uploads\/1e36331c-3d62-450f-8aef-b03742b92465.jpg\" data-link=\"https:\/\/eu4azerbaijan.eu\/az\/1e36331c-3d62-450f-8aef-b03742b92465-2\/\" class=\"wp-image-61243\" srcset=\"https:\/\/eu4azerbaijan.eu\/wp-content\/uploads\/1e36331c-3d62-450f-8aef-b03742b92465-768x1024.jpg 768w, https:\/\/eu4azerbaijan.eu\/wp-content\/uploads\/1e36331c-3d62-450f-8aef-b03742b92465-225x300.jpg 225w, https:\/\/eu4azerbaijan.eu\/wp-content\/uploads\/1e36331c-3d62-450f-8aef-b03742b92465.jpg 960w\" sizes=\"(max-width: 768px) 100vw, 768px\" \/><\/figure><\/li><li class=\"blocks-gallery-item\"><figure><img loading=\"lazy\" decoding=\"async\" width=\"1024\" height=\"1024\" src=\"https:\/\/eu4azerbaijan.eu\/wp-content\/uploads\/0ad2b276-3f23-49bd-8917-550ce91cac73-1024x1024.jpg\" alt=\"\" data-id=\"61239\" data-full-url=\"https:\/\/eu4azerbaijan.eu\/wp-content\/uploads\/0ad2b276-3f23-49bd-8917-550ce91cac73.jpg\" data-link=\"https:\/\/eu4azerbaijan.eu\/az\/0ad2b276-3f23-49bd-8917-550ce91cac73-2\/\" class=\"wp-image-61239\" srcset=\"https:\/\/eu4azerbaijan.eu\/wp-content\/uploads\/0ad2b276-3f23-49bd-8917-550ce91cac73-1024x1024.jpg 1024w, https:\/\/eu4azerbaijan.eu\/wp-content\/uploads\/0ad2b276-3f23-49bd-8917-550ce91cac73-300x300.jpg 300w, https:\/\/eu4azerbaijan.eu\/wp-content\/uploads\/0ad2b276-3f23-49bd-8917-550ce91cac73-150x150.jpg 150w, https:\/\/eu4azerbaijan.eu\/wp-content\/uploads\/0ad2b276-3f23-49bd-8917-550ce91cac73-768x768.jpg 768w, https:\/\/eu4azerbaijan.eu\/wp-content\/uploads\/0ad2b276-3f23-49bd-8917-550ce91cac73.jpg 1280w\" sizes=\"(max-width: 1024px) 100vw, 1024px\" \/><\/figure><\/li><\/ul><\/figure>\n","protected":false},"excerpt":{"rendered":"<p>Avropa \u0130ttifaq\u0131n\u0131n (A\u0130) maliyy\u0259l\u0259\u015fdirdiyi layih\u0259sinin i\u015ftirak\u00e7\u0131s\u0131, Zaqatala sakini Surxayev R\u0259fael ail\u0259 \u00fczvl\u0259ri il\u0259 birg\u0259 meyv\u0259 qurusu istehsal\u0131 il\u0259 m\u0259\u015f\u011ful olan kooperasiya yarad\u0131blar. &nbsp;&nbsp;&nbsp;&nbsp;&nbsp;&nbsp;&nbsp;&nbsp;&nbsp;&nbsp;&nbsp; Ki\u00e7ik sahibkar olan 35 ya\u015fl\u0131 R\u0259fael Surxayev mobil telefon satan ma\u011faza sahibidir. Lakin o, bu i\u015fl\u0259 yana\u015f\u0131 f\u0259rqli sah\u0259d\u0259 &#8211; meyv\u0259 qurusu istehsal\u0131 v\u0259 sat\u0131\u015f\u0131nda da \u00f6z\u00fcn\u00fc s\u0131namaq q\u0259rar\u0131na g\u0259lib. \u00c7\u00fcnki benefisiar\u0131m\u0131z&nbsp;Zaqatalan\u0131n [&hellip;]<\/p>\n","protected":false},"author":19,"featured_media":61265,"comment_status":"closed","ping_status":"closed","sticky":false,"template":"","format":"standard","meta":{"_acf_changed":false,"footnotes":""},"categories":[302,374,284],"tags":[],"topic":[],"class_list":["post-61269","post","type-post","status-publish","format-standard","has-post-thumbnail","hentry","category-feature-story-az","category-whats-happening-az","category-news-az"],"acf":[],"yoast_head":"<!-- This site is optimized with the Yoast SEO plugin v26.4 - https:\/\/yoast.com\/wordpress\/plugins\/seo\/ -->\n<title>\u0130sraf\u0131n qar\u015f\u0131s\u0131n\u0131 almaq fikri il\u0259 yaranan biznes ideyas\u0131 - EU for Azerbaijan<\/title>\n<meta name=\"robots\" content=\"index, follow, max-snippet:-1, max-image-preview:large, max-video-preview:-1\" \/>\n<link rel=\"canonical\" href=\"https:\/\/eu4azerbaijan.eu\/az\/israfin-qarsisini-almaq-fikri-il%c9%99-yaranan-biznes-ideyasi\/\" \/>\n<meta property=\"og:locale\" content=\"az_AZ\" \/>\n<meta property=\"og:type\" content=\"article\" \/>\n<meta property=\"og:title\" content=\"\u0130sraf\u0131n qar\u015f\u0131s\u0131n\u0131 almaq fikri il\u0259 yaranan biznes ideyas\u0131 - EU for Azerbaijan\" \/>\n<meta property=\"og:description\" content=\"Avropa \u0130ttifaq\u0131n\u0131n (A\u0130) maliyy\u0259l\u0259\u015fdirdiyi layih\u0259sinin i\u015ftirak\u00e7\u0131s\u0131, Zaqatala sakini Surxayev R\u0259fael ail\u0259 \u00fczvl\u0259ri il\u0259 birg\u0259 meyv\u0259 qurusu istehsal\u0131 il\u0259 m\u0259\u015f\u011ful olan kooperasiya yarad\u0131blar. &nbsp;&nbsp;&nbsp;&nbsp;&nbsp;&nbsp;&nbsp;&nbsp;&nbsp;&nbsp;&nbsp; Ki\u00e7ik sahibkar olan 35 ya\u015fl\u0131 R\u0259fael Surxayev mobil telefon satan ma\u011faza sahibidir. Lakin o, bu i\u015fl\u0259 yana\u015f\u0131 f\u0259rqli sah\u0259d\u0259 &#8211; meyv\u0259 qurusu istehsal\u0131 v\u0259 sat\u0131\u015f\u0131nda da \u00f6z\u00fcn\u00fc s\u0131namaq q\u0259rar\u0131na g\u0259lib. \u00c7\u00fcnki benefisiar\u0131m\u0131z&nbsp;Zaqatalan\u0131n [&hellip;]\" \/>\n<meta property=\"og:url\" content=\"https:\/\/eu4azerbaijan.eu\/az\/israfin-qarsisini-almaq-fikri-il%c9%99-yaranan-biznes-ideyasi\/\" \/>\n<meta property=\"og:site_name\" content=\"EU for Azerbaijan\" \/>\n<meta property=\"article:published_time\" content=\"2021-12-24T12:55:32+00:00\" \/>\n<meta property=\"og:image\" content=\"https:\/\/eu4azerbaijan.eu\/wp-content\/uploads\/f7c2f70b-2a34-40ac-9338-e22cab569952.jpg\" \/>\n\t<meta property=\"og:image:width\" content=\"960\" \/>\n\t<meta property=\"og:image:height\" content=\"1280\" \/>\n\t<meta property=\"og:image:type\" content=\"image\/jpeg\" \/>\n<meta name=\"author\" content=\"Aydan Topchibasheva\" \/>\n<meta name=\"twitter:card\" content=\"summary_large_image\" \/>\n<meta name=\"twitter:label1\" content=\"Written by\" \/>\n\t<meta name=\"twitter:data1\" content=\"Aydan Topchibasheva\" \/>\n\t<meta name=\"twitter:label2\" content=\"Est. reading time\" \/>\n\t<meta name=\"twitter:data2\" content=\"5 minutes\" \/>\n<script type=\"application\/ld+json\" class=\"yoast-schema-graph\">{\"@context\":\"https:\/\/schema.org\",\"@graph\":[{\"@type\":\"WebPage\",\"@id\":\"https:\/\/eu4azerbaijan.eu\/az\/israfin-qarsisini-almaq-fikri-il%c9%99-yaranan-biznes-ideyasi\/\",\"url\":\"https:\/\/eu4azerbaijan.eu\/az\/israfin-qarsisini-almaq-fikri-il%c9%99-yaranan-biznes-ideyasi\/\",\"name\":\"\u0130sraf\u0131n qar\u015f\u0131s\u0131n\u0131 almaq fikri il\u0259 yaranan biznes ideyas\u0131 - EU for Azerbaijan\",\"isPartOf\":{\"@id\":\"https:\/\/eu4azerbaijan.eu\/az\/#website\"},\"primaryImageOfPage\":{\"@id\":\"https:\/\/eu4azerbaijan.eu\/az\/israfin-qarsisini-almaq-fikri-il%c9%99-yaranan-biznes-ideyasi\/#primaryimage\"},\"image\":{\"@id\":\"https:\/\/eu4azerbaijan.eu\/az\/israfin-qarsisini-almaq-fikri-il%c9%99-yaranan-biznes-ideyasi\/#primaryimage\"},\"thumbnailUrl\":\"https:\/\/eu4azerbaijan.eu\/wp-content\/uploads\/f7c2f70b-2a34-40ac-9338-e22cab569952.jpg\",\"datePublished\":\"2021-12-24T12:55:32+00:00\",\"author\":{\"@id\":\"https:\/\/eu4azerbaijan.eu\/az\/#\/schema\/person\/cf17ddba07387955c481997af06797df\"},\"breadcrumb\":{\"@id\":\"https:\/\/eu4azerbaijan.eu\/az\/israfin-qarsisini-almaq-fikri-il%c9%99-yaranan-biznes-ideyasi\/#breadcrumb\"},\"inLanguage\":\"az-AZ\",\"potentialAction\":[{\"@type\":\"ReadAction\",\"target\":[\"https:\/\/eu4azerbaijan.eu\/az\/israfin-qarsisini-almaq-fikri-il%c9%99-yaranan-biznes-ideyasi\/\"]}]},{\"@type\":\"ImageObject\",\"inLanguage\":\"az-AZ\",\"@id\":\"https:\/\/eu4azerbaijan.eu\/az\/israfin-qarsisini-almaq-fikri-il%c9%99-yaranan-biznes-ideyasi\/#primaryimage\",\"url\":\"https:\/\/eu4azerbaijan.eu\/wp-content\/uploads\/f7c2f70b-2a34-40ac-9338-e22cab569952.jpg\",\"contentUrl\":\"https:\/\/eu4azerbaijan.eu\/wp-content\/uploads\/f7c2f70b-2a34-40ac-9338-e22cab569952.jpg\",\"width\":960,\"height\":1280},{\"@type\":\"BreadcrumbList\",\"@id\":\"https:\/\/eu4azerbaijan.eu\/az\/israfin-qarsisini-almaq-fikri-il%c9%99-yaranan-biznes-ideyasi\/#breadcrumb\",\"itemListElement\":[{\"@type\":\"ListItem\",\"position\":1,\"name\":\"Home\",\"item\":\"https:\/\/eu4azerbaijan.eu\/az\/\"},{\"@type\":\"ListItem\",\"position\":2,\"name\":\"\u0130sraf\u0131n qar\u015f\u0131s\u0131n\u0131 almaq fikri il\u0259 yaranan biznes ideyas\u0131\"}]},{\"@type\":\"WebSite\",\"@id\":\"https:\/\/eu4azerbaijan.eu\/az\/#website\",\"url\":\"https:\/\/eu4azerbaijan.eu\/az\/\",\"name\":\"EU for Azerbaijan\",\"description\":\"\",\"potentialAction\":[{\"@type\":\"SearchAction\",\"target\":{\"@type\":\"EntryPoint\",\"urlTemplate\":\"https:\/\/eu4azerbaijan.eu\/az\/?s={search_term_string}\"},\"query-input\":{\"@type\":\"PropertyValueSpecification\",\"valueRequired\":true,\"valueName\":\"search_term_string\"}}],\"inLanguage\":\"az-AZ\"},{\"@type\":\"Person\",\"@id\":\"https:\/\/eu4azerbaijan.eu\/az\/#\/schema\/person\/cf17ddba07387955c481997af06797df\",\"name\":\"Aydan Topchibasheva\",\"image\":{\"@type\":\"ImageObject\",\"inLanguage\":\"az-AZ\",\"@id\":\"https:\/\/eu4azerbaijan.eu\/az\/#\/schema\/person\/image\/\",\"url\":\"https:\/\/secure.gravatar.com\/avatar\/657ac54b68aced49adde2a29a43651c77d8555f376d5ee5dd68172194a09f856?s=96&d=mm&r=g\",\"contentUrl\":\"https:\/\/secure.gravatar.com\/avatar\/657ac54b68aced49adde2a29a43651c77d8555f376d5ee5dd68172194a09f856?s=96&d=mm&r=g\",\"caption\":\"Aydan Topchibasheva\"},\"url\":\"https:\/\/eu4azerbaijan.eu\/az\/author\/aydan\/\"}]}<\/script>\n<!-- \/ Yoast SEO plugin. -->","yoast_head_json":{"title":"\u0130sraf\u0131n qar\u015f\u0131s\u0131n\u0131 almaq fikri il\u0259 yaranan biznes ideyas\u0131 - EU for Azerbaijan","robots":{"index":"index","follow":"follow","max-snippet":"max-snippet:-1","max-image-preview":"max-image-preview:large","max-video-preview":"max-video-preview:-1"},"canonical":"https:\/\/eu4azerbaijan.eu\/az\/israfin-qarsisini-almaq-fikri-il%c9%99-yaranan-biznes-ideyasi\/","og_locale":"az_AZ","og_type":"article","og_title":"\u0130sraf\u0131n qar\u015f\u0131s\u0131n\u0131 almaq fikri il\u0259 yaranan biznes ideyas\u0131 - EU for Azerbaijan","og_description":"Avropa \u0130ttifaq\u0131n\u0131n (A\u0130) maliyy\u0259l\u0259\u015fdirdiyi layih\u0259sinin i\u015ftirak\u00e7\u0131s\u0131, Zaqatala sakini Surxayev R\u0259fael ail\u0259 \u00fczvl\u0259ri il\u0259 birg\u0259 meyv\u0259 qurusu istehsal\u0131 il\u0259 m\u0259\u015f\u011ful olan kooperasiya yarad\u0131blar. &nbsp;&nbsp;&nbsp;&nbsp;&nbsp;&nbsp;&nbsp;&nbsp;&nbsp;&nbsp;&nbsp; Ki\u00e7ik sahibkar olan 35 ya\u015fl\u0131 R\u0259fael Surxayev mobil telefon satan ma\u011faza sahibidir. Lakin o, bu i\u015fl\u0259 yana\u015f\u0131 f\u0259rqli sah\u0259d\u0259 &#8211; meyv\u0259 qurusu istehsal\u0131 v\u0259 sat\u0131\u015f\u0131nda da \u00f6z\u00fcn\u00fc s\u0131namaq q\u0259rar\u0131na g\u0259lib. \u00c7\u00fcnki benefisiar\u0131m\u0131z&nbsp;Zaqatalan\u0131n [&hellip;]","og_url":"https:\/\/eu4azerbaijan.eu\/az\/israfin-qarsisini-almaq-fikri-il%c9%99-yaranan-biznes-ideyasi\/","og_site_name":"EU for Azerbaijan","article_published_time":"2021-12-24T12:55:32+00:00","og_image":[{"width":960,"height":1280,"url":"https:\/\/eu4azerbaijan.eu\/wp-content\/uploads\/f7c2f70b-2a34-40ac-9338-e22cab569952.jpg","type":"image\/jpeg"}],"author":"Aydan Topchibasheva","twitter_card":"summary_large_image","twitter_misc":{"Written by":"Aydan Topchibasheva","Est. reading time":"5 minutes"},"schema":{"@context":"https:\/\/schema.org","@graph":[{"@type":"WebPage","@id":"https:\/\/eu4azerbaijan.eu\/az\/israfin-qarsisini-almaq-fikri-il%c9%99-yaranan-biznes-ideyasi\/","url":"https:\/\/eu4azerbaijan.eu\/az\/israfin-qarsisini-almaq-fikri-il%c9%99-yaranan-biznes-ideyasi\/","name":"\u0130sraf\u0131n qar\u015f\u0131s\u0131n\u0131 almaq fikri il\u0259 yaranan biznes ideyas\u0131 - EU for Azerbaijan","isPartOf":{"@id":"https:\/\/eu4azerbaijan.eu\/az\/#website"},"primaryImageOfPage":{"@id":"https:\/\/eu4azerbaijan.eu\/az\/israfin-qarsisini-almaq-fikri-il%c9%99-yaranan-biznes-ideyasi\/#primaryimage"},"image":{"@id":"https:\/\/eu4azerbaijan.eu\/az\/israfin-qarsisini-almaq-fikri-il%c9%99-yaranan-biznes-ideyasi\/#primaryimage"},"thumbnailUrl":"https:\/\/eu4azerbaijan.eu\/wp-content\/uploads\/f7c2f70b-2a34-40ac-9338-e22cab569952.jpg","datePublished":"2021-12-24T12:55:32+00:00","author":{"@id":"https:\/\/eu4azerbaijan.eu\/az\/#\/schema\/person\/cf17ddba07387955c481997af06797df"},"breadcrumb":{"@id":"https:\/\/eu4azerbaijan.eu\/az\/israfin-qarsisini-almaq-fikri-il%c9%99-yaranan-biznes-ideyasi\/#breadcrumb"},"inLanguage":"az-AZ","potentialAction":[{"@type":"ReadAction","target":["https:\/\/eu4azerbaijan.eu\/az\/israfin-qarsisini-almaq-fikri-il%c9%99-yaranan-biznes-ideyasi\/"]}]},{"@type":"ImageObject","inLanguage":"az-AZ","@id":"https:\/\/eu4azerbaijan.eu\/az\/israfin-qarsisini-almaq-fikri-il%c9%99-yaranan-biznes-ideyasi\/#primaryimage","url":"https:\/\/eu4azerbaijan.eu\/wp-content\/uploads\/f7c2f70b-2a34-40ac-9338-e22cab569952.jpg","contentUrl":"https:\/\/eu4azerbaijan.eu\/wp-content\/uploads\/f7c2f70b-2a34-40ac-9338-e22cab569952.jpg","width":960,"height":1280},{"@type":"BreadcrumbList","@id":"https:\/\/eu4azerbaijan.eu\/az\/israfin-qarsisini-almaq-fikri-il%c9%99-yaranan-biznes-ideyasi\/#breadcrumb","itemListElement":[{"@type":"ListItem","position":1,"name":"Home","item":"https:\/\/eu4azerbaijan.eu\/az\/"},{"@type":"ListItem","position":2,"name":"\u0130sraf\u0131n qar\u015f\u0131s\u0131n\u0131 almaq fikri il\u0259 yaranan biznes ideyas\u0131"}]},{"@type":"WebSite","@id":"https:\/\/eu4azerbaijan.eu\/az\/#website","url":"https:\/\/eu4azerbaijan.eu\/az\/","name":"EU for Azerbaijan","description":"","potentialAction":[{"@type":"SearchAction","target":{"@type":"EntryPoint","urlTemplate":"https:\/\/eu4azerbaijan.eu\/az\/?s={search_term_string}"},"query-input":{"@type":"PropertyValueSpecification","valueRequired":true,"valueName":"search_term_string"}}],"inLanguage":"az-AZ"},{"@type":"Person","@id":"https:\/\/eu4azerbaijan.eu\/az\/#\/schema\/person\/cf17ddba07387955c481997af06797df","name":"Aydan Topchibasheva","image":{"@type":"ImageObject","inLanguage":"az-AZ","@id":"https:\/\/eu4azerbaijan.eu\/az\/#\/schema\/person\/image\/","url":"https:\/\/secure.gravatar.com\/avatar\/657ac54b68aced49adde2a29a43651c77d8555f376d5ee5dd68172194a09f856?s=96&d=mm&r=g","contentUrl":"https:\/\/secure.gravatar.com\/avatar\/657ac54b68aced49adde2a29a43651c77d8555f376d5ee5dd68172194a09f856?s=96&d=mm&r=g","caption":"Aydan Topchibasheva"},"url":"https:\/\/eu4azerbaijan.eu\/az\/author\/aydan\/"}]}},"_links":{"self":[{"href":"https:\/\/eu4azerbaijan.eu\/az\/wp-json\/wp\/v2\/posts\/61269","targetHints":{"allow":["GET"]}}],"collection":[{"href":"https:\/\/eu4azerbaijan.eu\/az\/wp-json\/wp\/v2\/posts"}],"about":[{"href":"https:\/\/eu4azerbaijan.eu\/az\/wp-json\/wp\/v2\/types\/post"}],"author":[{"embeddable":true,"href":"https:\/\/eu4azerbaijan.eu\/az\/wp-json\/wp\/v2\/users\/19"}],"replies":[{"embeddable":true,"href":"https:\/\/eu4azerbaijan.eu\/az\/wp-json\/wp\/v2\/comments?post=61269"}],"version-history":[{"count":1,"href":"https:\/\/eu4azerbaijan.eu\/az\/wp-json\/wp\/v2\/posts\/61269\/revisions"}],"predecessor-version":[{"id":61270,"href":"https:\/\/eu4azerbaijan.eu\/az\/wp-json\/wp\/v2\/posts\/61269\/revisions\/61270"}],"wp:featuredmedia":[{"embeddable":true,"href":"https:\/\/eu4azerbaijan.eu\/az\/wp-json\/wp\/v2\/media\/61265"}],"wp:attachment":[{"href":"https:\/\/eu4azerbaijan.eu\/az\/wp-json\/wp\/v2\/media?parent=61269"}],"wp:term":[{"taxonomy":"category","embeddable":true,"href":"https:\/\/eu4azerbaijan.eu\/az\/wp-json\/wp\/v2\/categories?post=61269"},{"taxonomy":"post_tag","embeddable":true,"href":"https:\/\/eu4azerbaijan.eu\/az\/wp-json\/wp\/v2\/tags?post=61269"},{"taxonomy":"topic","embeddable":true,"href":"https:\/\/eu4azerbaijan.eu\/az\/wp-json\/wp\/v2\/topic?post=61269"}],"curies":[{"name":"wp","href":"https:\/\/api.w.org\/{rel}","templated":true}]}}