{"id":61231,"date":"2021-12-24T12:05:03","date_gmt":"2021-12-24T12:05:03","guid":{"rendered":"https:\/\/eu4azerbaijan.eu\/?p=61231"},"modified":"2021-12-24T12:08:13","modified_gmt":"2021-12-24T12:08:13","slug":"pambiqciliqdan-kooperativ-biznes%c9%99","status":"publish","type":"post","link":"https:\/\/eu4azerbaijan.eu\/az\/pambiqciliqdan-kooperativ-biznes%c9%99\/","title":{"rendered":"Pamb\u0131q\u00e7\u0131l\u0131qdan kooperativ biznes\u0259"},"content":{"rendered":"\n<p>Avropa \u0130ttifaq\u0131 (A\u0130) Az\u0259rbaycanda regionlar\u0131n v\u0259 k\u0259nd yerl\u0259rinin inki\u015faf\u0131na d\u0259st\u0259k olmaq m\u0259qs\u0259dil\u0259 layih\u0259l\u0259r h\u0259yata ke\u00e7irm\u0259kd\u0259dir. B\u0259zi ail\u0259 t\u0259s\u0259rr\u00fcfatlar\u0131 h\u0259min layih\u0259l\u0259rd\u0259n yararlanaraq biznesl\u0259rini inki\u015faf etdirm\u0259k imkan\u0131 qazan\u0131rlar. Bel\u0259 layih\u0259d\u0259n d\u0259st\u0259k \u0259ld\u0259 etmi\u015f ail\u0259l\u0259rd\u0259n biri \u00a0A\u011fcab\u0259did\u0259 ya\u015fayan Na\u011f\u0131yevl\u0259rdir.<\/p>\n\n\n\n<p>Ail\u0259 ba\u015f\u00e7\u0131s\u0131 Orxan Na\u011f\u0131yev 41 ya\u015f\u0131ndad\u0131r. \u0130ki \u00f6vlad\u0131 olan Orxan b\u0259y ixtisasca iqtisad\u00e7\u0131-h\u00fcquq\u015f\u00fcnasd\u0131r. O, pamb\u0131q\u00e7\u0131l\u0131qla m\u0259\u015f\u011ful olurmu\u015f. \u00d6z biznesini geni\u015fl\u0259ndirm\u0259k, f\u0259aliyy\u0259t sah\u0259sini \u015fax\u0259l\u0259ndirm\u0259k haqq\u0131nda \u0259vv\u0259ll\u0259r d\u00fc\u015f\u00fcns\u0259 d\u0259, bunlar\u0131 realla\u015fd\u0131rmaq \u00fc\u00e7\u00fcn h\u0259m q\u0259rars\u0131z olub, h\u0259m d\u0259 maddi d\u0259st\u0259y\u0259 ehtiyac duyurmu\u015f.<\/p>\n\n\n\n<p>Orxan m\u00fc\u015ft\u0259risi oldu\u011fu Turan Bank vasit\u0259sil\u0259 A\u0130-nin maliyy\u0259l\u0259\u015fdirdiyi \u201cAz\u0259rbaycan Regionlar\u0131nda Dayan\u0131ql\u0131 Mikrosahibkarl\u0131\u011f\u0131n \u0130nki\u015faf\u0131n\u0131n S\u00fcr\u0259tl\u0259ndirilm\u0259si\u201d layih\u0259si bar\u0259d\u0259 m\u0259lumat ald\u0131qdan sonra biznes planlar\u0131n\u0131 h\u0259yata ke\u00e7irm\u0259k imkan\u0131 \u0259ld\u0259 edib.<\/p>\n\n\n\n<p>Qarda\u015f\u0131, \u0259misi v\u0259 \u0259mio\u011flusu il\u0259 \u00fc\u00e7 g\u00fcn B\u0259rd\u0259, iki g\u00fcn is\u0259 \u015e\u0259mkir rayonunda t\u0259liml\u0259r\u0259 qat\u0131lm\u0131\u015f Orxan b\u0259y: <strong><em>\u201cBir ne\u00e7\u0259 g\u00fcn\u00fcm\u00fcz\u00fc bu t\u0259liml\u0259r\u0259 s\u0259rf etm\u0259li olacaqd\u0131q. Biz\u0259 fayda verm\u0259zs\u0259 vaxt itkisi olacaqd\u0131. Sonra d\u00fc\u015f\u00fcnd\u00fck ki, \u0259n az\u0131 n\u0259s\u0259 \u00f6yr\u0259n\u0259c\u0259yik \u2013 i\u015fimizl\u0259, onu geni\u015fl\u0259ndirm\u0259kl\u0259 ba\u011fl\u0131. Yeni ideyalar qazana bil\u0259rik. \u0130nc\u0259likl\u0259rini bilm\u0259k i\u015fin laz\u0131ml\u0131 qismidir. T\u0259liml\u0259r\u0259 qat\u0131lma\u011f\u0131m\u0131z biznes planlar\u0131m\u0131z\u0131 h\u0259yata ke\u00e7irm\u0259k\u00e7\u00fcn bir qap\u0131 oldu\u201d &#8211; <\/em><\/strong>deyir<strong><em>.<\/em><\/strong><\/p>\n\n\n\n<p>Kooperasiya, onun yarad\u0131lmas\u0131, geni\u015fl\u0259ndirilm\u0259si, idar\u0259 edilm\u0259si, qazanclar\u0131n\u0131n t\u0259krar yat\u0131r\u0131m edilm\u0259si yollar\u0131 v\u0259 dig\u0259r m\u00f6vzularla ba\u011fl\u0131 praktiki bilgil\u0259r qazanan Na\u011f\u0131yevl\u0259r t\u0259liml\u0259rd\u0259n sonra uzun zamand\u0131r d\u00fc\u015f\u00fcnd\u00fckl\u0259ri i\u015fl\u0259ri realla\u015fd\u0131rmaq\u00e7\u00fcn daha da \u0259minlik hiss edibl\u0259r.<\/p>\n\n\n\n<p>Layih\u0259nin \u00f6n\u0259min\u0259 toxunan Orxan Na\u011f\u0131yev bildirir ki, onlar art\u0131q kooperasiyalar\u0131n\u0131 yarad\u0131blar: <strong><em>\u201cAvropa \u0130ttifaq\u0131n\u0131n layih\u0259sind\u0259n kooperasiyam\u0131z \u00fc\u00e7\u00fcn 12 min manat s\u0259rmay\u0259 kapital\u0131 alma\u011f\u0131m\u0131z i\u015fin \u0259n \u00f6n\u0259mli hiss\u0259l\u0259rind\u0259ndir. Kooperasiyam\u0131z\u0131 d\u00f6vl\u0259t qeydiyyat\u0131ndan ke\u00e7irm\u0259k \u0259r\u0259f\u0259sind\u0259yik v\u0259 biznesimizin geni\u015fl\u0259nm\u0259si \u00fc\u00e7\u00fcn \u00e7al\u0131\u015f\u0131r\u0131q. H\u0259l\u0259 yeni ba\u015flam\u0131\u015f\u0131q, i\u015fl\u0259rimizi b\u00f6y\u00fctd\u00fckc\u0259 daha \u00e7ox \u00f6yr\u0259n\u0259c\u0259k v\u0259 qazanaca\u011f\u0131q\u201d.<\/em><\/strong><\/p>\n\n\n\n<p>Kooperasiyas\u0131n\u0131n x\u0131rdabuynuzlu heyvanlar\u0131n sat\u0131\u015f\u0131n\u0131 h\u0259yata ke\u00e7irdiyini bildir\u0259n sahibkar deyir ki, onlar\u0131n \u0259t sat\u0131\u015f\u0131 d\u00fckanlar\u0131 var. \u018fvv\u0259ll\u0259r orada yaln\u0131z ald\u0131qlar\u0131 x\u0131rdabuynuzlular\u0131n \u0259tini sat\u0131rm\u0131\u015flar. \u0130ndi \u00f6z t\u0259s\u0259rr\u00fcfatlar\u0131 hesab\u0131na ma\u011fazaya \u0259t t\u0259minat\u0131 edirl\u0259r. Planlar\u0131 budur ki, t\u0259kc\u0259 f\u0259aliyy\u0259t g\u00f6st\u0259rdikl\u0259ri k\u0259ndd\u0259 deyil, ba\u015fqa k\u0259nd v\u0259 rayonlara do\u011fru f\u0259aliyy\u0259tl\u0259rini geni\u015fl\u0259ndirsinl\u0259r. <strong><em>\u201cKooperasiya imkan verir ki, \u00f6z istehsal etdiyim \u0259ti paylay\u0131m. Bu daha s\u0259rf\u0259lidir. \u0130ndi bazardan alaraq paylad\u0131\u011f\u0131mdan \u00e7ox g\u0259lir g\u00f6t\u00fcr\u00fcr\u0259m. H\u0259m d\u0259 m\u0259hsullar\u0131m\u0131z\u0131 q\u0259bul ed\u0259c\u0259k yeni m\u00fc\u0259ssis\u0259l\u0259r, obyektl\u0259r axtar\u0131\u015f\u0131nday\u0131q\u201d.<\/em><\/strong><\/p>\n\n\n\n<p><\/p>\n\n\n\n<p><\/p>\n\n\n\n<p><strong>LAY\u0130H\u018f HAQQINDA M\u018fLUMAT<\/strong><em><\/em><\/p>\n\n\n\n<figure class=\"wp-block-table\"><table><tbody><tr><td><strong>Layih\u0259nin ad\u0131<\/strong><\/td><td>Az\u0259rbaycan Regionlar\u0131nda Dayan\u0131ql\u0131 Mikrosahibkarl\u0131\u011f\u0131n \u0130nki\u015faf\u0131n\u0131n S\u00fcr\u0259tl\u0259ndirilm\u0259si&nbsp;<\/td><\/tr><tr><td><strong>Prioritet sektor<\/strong><\/td><td>Regionlar\u0131n v\u0259 k\u0259nd yerl\u0259rinin inki\u015faf\u0131<\/td><\/tr><tr><td><strong>\u0130cra ed\u0259n t\u0259r\u0259f<\/strong><\/td><td>Az\u0259rbaycan Mikromaliyy\u0259 Assosiasiyas\u0131<\/td><\/tr><tr><td><strong>T\u0259r\u0259fda\u015f<\/strong><\/td><td>Ki\u00e7ik v\u0259 Orta Biznesin \u0130nki\u015faf\u0131 Agentliyi (KOB\u0130A), Ail\u0259, Qad\u0131n v\u0259 U\u015faq Probleml\u0259ri \u00fczr\u0259 D\u00f6vl\u0259t Komit\u0259si<\/td><\/tr><tr><td><strong>\u0130cra m\u00fcdd\u0259ti<\/strong><\/td><td>36 ay (01.09.2018 \u2013 28.02.2021)<\/td><\/tr><tr><td><strong>Avropa \u0130ttifaq\u0131n\u0131n b\u00fcdc\u0259si<\/strong><\/td><td>464805 Avro<\/td><\/tr><tr><td><strong>Layih\u0259nin \u0259sas m\u0259qs\u0259di<\/strong><\/td><td>G\u0259nc\u0259-Qazax, Quba-Xa\u00e7maz, \u015e\u0259ki-Zaqatala v\u0259 K\u00fcr-Araz (Aran) \u0130qtisadi Zonalar\u0131nda sahibkarl\u0131q bacar\u0131qlar\u0131n\u0131 art\u0131rmaq, bazar imkanlar\u0131n\u0131 geni\u015fl\u0259ndirm\u0259k v\u0259 maliyy\u0259 d\u0259st\u0259yini t\u0259min etm\u0259kl\u0259 \u00f6z biznesl\u0259rin\u0259 ba\u015flamaq v\u0259 onu geni\u015fl\u0259ndirm\u0259k \u00fc\u00e7\u00fcn k\u0259ndli mikrosahibkarlar\u0131n bilik v\u0259 bacar\u0131\u011f\u0131n\u0131 g\u00fccl\u0259ndirm\u0259k.<\/td><\/tr><tr><td><strong>Layih\u0259nin icra edildiyi regionlar<\/strong><\/td><td>G\u0259nc\u0259-Qazax, \u015e\u0259ki-Zaqatala, Quba-Xa\u00e7maz v\u0259 Aran iqtisadi rayonlar\u0131<\/td><\/tr><\/tbody><\/table><\/figure>\n\n\n\n<figure class=\"wp-block-gallery columns-4 is-cropped wp-block-gallery-1 is-layout-flex wp-block-gallery-is-layout-flex\"><ul class=\"blocks-gallery-grid\"><li class=\"blocks-gallery-item\"><figure><img loading=\"lazy\" decoding=\"async\" width=\"1024\" height=\"614\" src=\"https:\/\/eu4azerbaijan.eu\/wp-content\/uploads\/fb2cc6b5-7d8e-4e84-ab58-571eeb6b06a5-1024x614.jpg\" alt=\"\" data-id=\"61229\" data-full-url=\"https:\/\/eu4azerbaijan.eu\/wp-content\/uploads\/fb2cc6b5-7d8e-4e84-ab58-571eeb6b06a5.jpg\" data-link=\"https:\/\/eu4azerbaijan.eu\/az\/fb2cc6b5-7d8e-4e84-ab58-571eeb6b06a5-2\/\" class=\"wp-image-61229\" srcset=\"https:\/\/eu4azerbaijan.eu\/wp-content\/uploads\/fb2cc6b5-7d8e-4e84-ab58-571eeb6b06a5-1024x614.jpg 1024w, https:\/\/eu4azerbaijan.eu\/wp-content\/uploads\/fb2cc6b5-7d8e-4e84-ab58-571eeb6b06a5-300x180.jpg 300w, https:\/\/eu4azerbaijan.eu\/wp-content\/uploads\/fb2cc6b5-7d8e-4e84-ab58-571eeb6b06a5-768x461.jpg 768w, https:\/\/eu4azerbaijan.eu\/wp-content\/uploads\/fb2cc6b5-7d8e-4e84-ab58-571eeb6b06a5.jpg 1280w\" sizes=\"(max-width: 1024px) 100vw, 1024px\" \/><\/figure><\/li><li class=\"blocks-gallery-item\"><figure><img loading=\"lazy\" decoding=\"async\" width=\"1024\" height=\"614\" src=\"https:\/\/eu4azerbaijan.eu\/wp-content\/uploads\/d54eeb9b-4b53-4a11-bcdb-cbaef2bb1077-1024x614.jpg\" alt=\"\" data-id=\"61227\" data-full-url=\"https:\/\/eu4azerbaijan.eu\/wp-content\/uploads\/d54eeb9b-4b53-4a11-bcdb-cbaef2bb1077.jpg\" data-link=\"https:\/\/eu4azerbaijan.eu\/az\/d54eeb9b-4b53-4a11-bcdb-cbaef2bb1077-2\/\" class=\"wp-image-61227\" srcset=\"https:\/\/eu4azerbaijan.eu\/wp-content\/uploads\/d54eeb9b-4b53-4a11-bcdb-cbaef2bb1077-1024x614.jpg 1024w, https:\/\/eu4azerbaijan.eu\/wp-content\/uploads\/d54eeb9b-4b53-4a11-bcdb-cbaef2bb1077-300x180.jpg 300w, https:\/\/eu4azerbaijan.eu\/wp-content\/uploads\/d54eeb9b-4b53-4a11-bcdb-cbaef2bb1077-768x461.jpg 768w, https:\/\/eu4azerbaijan.eu\/wp-content\/uploads\/d54eeb9b-4b53-4a11-bcdb-cbaef2bb1077.jpg 1280w\" sizes=\"(max-width: 1024px) 100vw, 1024px\" \/><\/figure><\/li><li class=\"blocks-gallery-item\"><figure><img loading=\"lazy\" decoding=\"async\" width=\"1024\" height=\"614\" src=\"https:\/\/eu4azerbaijan.eu\/wp-content\/uploads\/a07c2fba-aa4a-411d-914b-2d220d6a0150-1024x614.jpg\" alt=\"\" data-id=\"61223\" data-full-url=\"https:\/\/eu4azerbaijan.eu\/wp-content\/uploads\/a07c2fba-aa4a-411d-914b-2d220d6a0150.jpg\" data-link=\"https:\/\/eu4azerbaijan.eu\/az\/a07c2fba-aa4a-411d-914b-2d220d6a0150-2\/\" class=\"wp-image-61223\" srcset=\"https:\/\/eu4azerbaijan.eu\/wp-content\/uploads\/a07c2fba-aa4a-411d-914b-2d220d6a0150-1024x614.jpg 1024w, https:\/\/eu4azerbaijan.eu\/wp-content\/uploads\/a07c2fba-aa4a-411d-914b-2d220d6a0150-300x180.jpg 300w, https:\/\/eu4azerbaijan.eu\/wp-content\/uploads\/a07c2fba-aa4a-411d-914b-2d220d6a0150-768x461.jpg 768w, https:\/\/eu4azerbaijan.eu\/wp-content\/uploads\/a07c2fba-aa4a-411d-914b-2d220d6a0150.jpg 1280w\" sizes=\"(max-width: 1024px) 100vw, 1024px\" \/><\/figure><\/li><li class=\"blocks-gallery-item\"><figure><img loading=\"lazy\" decoding=\"async\" width=\"1024\" height=\"614\" src=\"https:\/\/eu4azerbaijan.eu\/wp-content\/uploads\/a02ec3bd-505b-4e35-b6c3-29d173944f15-1024x614.jpg\" alt=\"\" data-id=\"61221\" data-full-url=\"https:\/\/eu4azerbaijan.eu\/wp-content\/uploads\/a02ec3bd-505b-4e35-b6c3-29d173944f15.jpg\" data-link=\"https:\/\/eu4azerbaijan.eu\/az\/a02ec3bd-505b-4e35-b6c3-29d173944f15-2\/\" class=\"wp-image-61221\" srcset=\"https:\/\/eu4azerbaijan.eu\/wp-content\/uploads\/a02ec3bd-505b-4e35-b6c3-29d173944f15-1024x614.jpg 1024w, https:\/\/eu4azerbaijan.eu\/wp-content\/uploads\/a02ec3bd-505b-4e35-b6c3-29d173944f15-300x180.jpg 300w, https:\/\/eu4azerbaijan.eu\/wp-content\/uploads\/a02ec3bd-505b-4e35-b6c3-29d173944f15-768x461.jpg 768w, https:\/\/eu4azerbaijan.eu\/wp-content\/uploads\/a02ec3bd-505b-4e35-b6c3-29d173944f15.jpg 1280w\" sizes=\"(max-width: 1024px) 100vw, 1024px\" \/><\/figure><\/li><li class=\"blocks-gallery-item\"><figure><img loading=\"lazy\" decoding=\"async\" width=\"1024\" height=\"614\" src=\"https:\/\/eu4azerbaijan.eu\/wp-content\/uploads\/316d74dc-900b-4280-b08c-ad8ea0badcbb-1024x614.jpg\" alt=\"\" data-id=\"61215\" data-full-url=\"https:\/\/eu4azerbaijan.eu\/wp-content\/uploads\/316d74dc-900b-4280-b08c-ad8ea0badcbb.jpg\" data-link=\"https:\/\/eu4azerbaijan.eu\/az\/316d74dc-900b-4280-b08c-ad8ea0badcbb-2\/\" class=\"wp-image-61215\" srcset=\"https:\/\/eu4azerbaijan.eu\/wp-content\/uploads\/316d74dc-900b-4280-b08c-ad8ea0badcbb-1024x614.jpg 1024w, https:\/\/eu4azerbaijan.eu\/wp-content\/uploads\/316d74dc-900b-4280-b08c-ad8ea0badcbb-300x180.jpg 300w, https:\/\/eu4azerbaijan.eu\/wp-content\/uploads\/316d74dc-900b-4280-b08c-ad8ea0badcbb-768x461.jpg 768w, https:\/\/eu4azerbaijan.eu\/wp-content\/uploads\/316d74dc-900b-4280-b08c-ad8ea0badcbb.jpg 1280w\" sizes=\"(max-width: 1024px) 100vw, 1024px\" \/><\/figure><\/li><li class=\"blocks-gallery-item\"><figure><img loading=\"lazy\" decoding=\"async\" width=\"1024\" height=\"614\" src=\"https:\/\/eu4azerbaijan.eu\/wp-content\/uploads\/1956dbe0-48a6-48e8-9666-8113833021a5-1024x614.jpg\" alt=\"\" data-id=\"61217\" data-full-url=\"https:\/\/eu4azerbaijan.eu\/wp-content\/uploads\/1956dbe0-48a6-48e8-9666-8113833021a5.jpg\" data-link=\"https:\/\/eu4azerbaijan.eu\/az\/1956dbe0-48a6-48e8-9666-8113833021a5-2\/\" class=\"wp-image-61217\" srcset=\"https:\/\/eu4azerbaijan.eu\/wp-content\/uploads\/1956dbe0-48a6-48e8-9666-8113833021a5-1024x614.jpg 1024w, https:\/\/eu4azerbaijan.eu\/wp-content\/uploads\/1956dbe0-48a6-48e8-9666-8113833021a5-300x180.jpg 300w, https:\/\/eu4azerbaijan.eu\/wp-content\/uploads\/1956dbe0-48a6-48e8-9666-8113833021a5-768x461.jpg 768w, https:\/\/eu4azerbaijan.eu\/wp-content\/uploads\/1956dbe0-48a6-48e8-9666-8113833021a5.jpg 1280w\" sizes=\"(max-width: 1024px) 100vw, 1024px\" \/><\/figure><\/li><li class=\"blocks-gallery-item\"><figure><img loading=\"lazy\" decoding=\"async\" width=\"768\" height=\"1024\" src=\"https:\/\/eu4azerbaijan.eu\/wp-content\/uploads\/250891c3-f86e-4709-8530-d5f421878f6e-768x1024.jpg\" alt=\"\" data-id=\"61219\" data-full-url=\"https:\/\/eu4azerbaijan.eu\/wp-content\/uploads\/250891c3-f86e-4709-8530-d5f421878f6e.jpg\" data-link=\"https:\/\/eu4azerbaijan.eu\/az\/250891c3-f86e-4709-8530-d5f421878f6e-2\/\" class=\"wp-image-61219\" srcset=\"https:\/\/eu4azerbaijan.eu\/wp-content\/uploads\/250891c3-f86e-4709-8530-d5f421878f6e-768x1024.jpg 768w, https:\/\/eu4azerbaijan.eu\/wp-content\/uploads\/250891c3-f86e-4709-8530-d5f421878f6e-225x300.jpg 225w, https:\/\/eu4azerbaijan.eu\/wp-content\/uploads\/250891c3-f86e-4709-8530-d5f421878f6e.jpg 780w\" sizes=\"(max-width: 768px) 100vw, 768px\" \/><\/figure><\/li><\/ul><\/figure>\n","protected":false},"excerpt":{"rendered":"<p>Avropa \u0130ttifaq\u0131 (A\u0130) Az\u0259rbaycanda regionlar\u0131n v\u0259 k\u0259nd yerl\u0259rinin inki\u015faf\u0131na d\u0259st\u0259k olmaq m\u0259qs\u0259dil\u0259 layih\u0259l\u0259r h\u0259yata ke\u00e7irm\u0259kd\u0259dir. B\u0259zi ail\u0259 t\u0259s\u0259rr\u00fcfatlar\u0131 h\u0259min layih\u0259l\u0259rd\u0259n yararlanaraq biznesl\u0259rini inki\u015faf etdirm\u0259k imkan\u0131 qazan\u0131rlar. Bel\u0259 layih\u0259d\u0259n d\u0259st\u0259k \u0259ld\u0259 etmi\u015f ail\u0259l\u0259rd\u0259n biri \u00a0A\u011fcab\u0259did\u0259 ya\u015fayan Na\u011f\u0131yevl\u0259rdir. Ail\u0259 ba\u015f\u00e7\u0131s\u0131 Orxan Na\u011f\u0131yev 41 ya\u015f\u0131ndad\u0131r. \u0130ki \u00f6vlad\u0131 olan Orxan b\u0259y ixtisasca iqtisad\u00e7\u0131-h\u00fcquq\u015f\u00fcnasd\u0131r. O, pamb\u0131q\u00e7\u0131l\u0131qla m\u0259\u015f\u011ful olurmu\u015f. \u00d6z biznesini [&hellip;]<\/p>\n","protected":false},"author":19,"featured_media":61225,"comment_status":"closed","ping_status":"closed","sticky":false,"template":"","format":"standard","meta":{"_acf_changed":false,"footnotes":""},"categories":[302,374,284],"tags":[],"topic":[],"class_list":["post-61231","post","type-post","status-publish","format-standard","has-post-thumbnail","hentry","category-feature-story-az","category-whats-happening-az","category-news-az"],"acf":[],"yoast_head":"<!-- This site is optimized with the Yoast SEO plugin v26.4 - https:\/\/yoast.com\/wordpress\/plugins\/seo\/ -->\n<title>Pamb\u0131q\u00e7\u0131l\u0131qdan kooperativ biznes\u0259 - EU for Azerbaijan<\/title>\n<meta name=\"robots\" content=\"index, follow, max-snippet:-1, max-image-preview:large, max-video-preview:-1\" \/>\n<link rel=\"canonical\" href=\"https:\/\/eu4azerbaijan.eu\/az\/pambiqciliqdan-kooperativ-biznes%c9%99\/\" \/>\n<meta property=\"og:locale\" content=\"az_AZ\" \/>\n<meta property=\"og:type\" content=\"article\" \/>\n<meta property=\"og:title\" content=\"Pamb\u0131q\u00e7\u0131l\u0131qdan kooperativ biznes\u0259 - EU for Azerbaijan\" \/>\n<meta property=\"og:description\" content=\"Avropa \u0130ttifaq\u0131 (A\u0130) Az\u0259rbaycanda regionlar\u0131n v\u0259 k\u0259nd yerl\u0259rinin inki\u015faf\u0131na d\u0259st\u0259k olmaq m\u0259qs\u0259dil\u0259 layih\u0259l\u0259r h\u0259yata ke\u00e7irm\u0259kd\u0259dir. B\u0259zi ail\u0259 t\u0259s\u0259rr\u00fcfatlar\u0131 h\u0259min layih\u0259l\u0259rd\u0259n yararlanaraq biznesl\u0259rini inki\u015faf etdirm\u0259k imkan\u0131 qazan\u0131rlar. Bel\u0259 layih\u0259d\u0259n d\u0259st\u0259k \u0259ld\u0259 etmi\u015f ail\u0259l\u0259rd\u0259n biri \u00a0A\u011fcab\u0259did\u0259 ya\u015fayan Na\u011f\u0131yevl\u0259rdir. Ail\u0259 ba\u015f\u00e7\u0131s\u0131 Orxan Na\u011f\u0131yev 41 ya\u015f\u0131ndad\u0131r. \u0130ki \u00f6vlad\u0131 olan Orxan b\u0259y ixtisasca iqtisad\u00e7\u0131-h\u00fcquq\u015f\u00fcnasd\u0131r. O, pamb\u0131q\u00e7\u0131l\u0131qla m\u0259\u015f\u011ful olurmu\u015f. \u00d6z biznesini [&hellip;]\" \/>\n<meta property=\"og:url\" content=\"https:\/\/eu4azerbaijan.eu\/az\/pambiqciliqdan-kooperativ-biznes%c9%99\/\" \/>\n<meta property=\"og:site_name\" content=\"EU for Azerbaijan\" \/>\n<meta property=\"article:published_time\" content=\"2021-12-24T12:05:03+00:00\" \/>\n<meta property=\"article:modified_time\" content=\"2021-12-24T12:08:13+00:00\" \/>\n<meta property=\"og:image\" content=\"https:\/\/eu4azerbaijan.eu\/wp-content\/uploads\/a322a7d0-04c5-48a4-a53a-aa4091e9bae1.jpg\" \/>\n\t<meta property=\"og:image:width\" content=\"780\" \/>\n\t<meta property=\"og:image:height\" content=\"1040\" \/>\n\t<meta property=\"og:image:type\" content=\"image\/jpeg\" \/>\n<meta name=\"author\" content=\"Aydan Topchibasheva\" \/>\n<meta name=\"twitter:card\" content=\"summary_large_image\" \/>\n<meta name=\"twitter:label1\" content=\"Written by\" \/>\n\t<meta name=\"twitter:data1\" content=\"Aydan Topchibasheva\" \/>\n\t<meta name=\"twitter:label2\" content=\"Est. reading time\" \/>\n\t<meta name=\"twitter:data2\" content=\"4 minutes\" \/>\n<script type=\"application\/ld+json\" class=\"yoast-schema-graph\">{\"@context\":\"https:\/\/schema.org\",\"@graph\":[{\"@type\":\"WebPage\",\"@id\":\"https:\/\/eu4azerbaijan.eu\/az\/pambiqciliqdan-kooperativ-biznes%c9%99\/\",\"url\":\"https:\/\/eu4azerbaijan.eu\/az\/pambiqciliqdan-kooperativ-biznes%c9%99\/\",\"name\":\"Pamb\u0131q\u00e7\u0131l\u0131qdan kooperativ biznes\u0259 - EU for Azerbaijan\",\"isPartOf\":{\"@id\":\"https:\/\/eu4azerbaijan.eu\/az\/#website\"},\"primaryImageOfPage\":{\"@id\":\"https:\/\/eu4azerbaijan.eu\/az\/pambiqciliqdan-kooperativ-biznes%c9%99\/#primaryimage\"},\"image\":{\"@id\":\"https:\/\/eu4azerbaijan.eu\/az\/pambiqciliqdan-kooperativ-biznes%c9%99\/#primaryimage\"},\"thumbnailUrl\":\"https:\/\/eu4azerbaijan.eu\/wp-content\/uploads\/a322a7d0-04c5-48a4-a53a-aa4091e9bae1.jpg\",\"datePublished\":\"2021-12-24T12:05:03+00:00\",\"dateModified\":\"2021-12-24T12:08:13+00:00\",\"author\":{\"@id\":\"https:\/\/eu4azerbaijan.eu\/az\/#\/schema\/person\/cf17ddba07387955c481997af06797df\"},\"breadcrumb\":{\"@id\":\"https:\/\/eu4azerbaijan.eu\/az\/pambiqciliqdan-kooperativ-biznes%c9%99\/#breadcrumb\"},\"inLanguage\":\"az-AZ\",\"potentialAction\":[{\"@type\":\"ReadAction\",\"target\":[\"https:\/\/eu4azerbaijan.eu\/az\/pambiqciliqdan-kooperativ-biznes%c9%99\/\"]}]},{\"@type\":\"ImageObject\",\"inLanguage\":\"az-AZ\",\"@id\":\"https:\/\/eu4azerbaijan.eu\/az\/pambiqciliqdan-kooperativ-biznes%c9%99\/#primaryimage\",\"url\":\"https:\/\/eu4azerbaijan.eu\/wp-content\/uploads\/a322a7d0-04c5-48a4-a53a-aa4091e9bae1.jpg\",\"contentUrl\":\"https:\/\/eu4azerbaijan.eu\/wp-content\/uploads\/a322a7d0-04c5-48a4-a53a-aa4091e9bae1.jpg\",\"width\":780,\"height\":1040},{\"@type\":\"BreadcrumbList\",\"@id\":\"https:\/\/eu4azerbaijan.eu\/az\/pambiqciliqdan-kooperativ-biznes%c9%99\/#breadcrumb\",\"itemListElement\":[{\"@type\":\"ListItem\",\"position\":1,\"name\":\"Home\",\"item\":\"https:\/\/eu4azerbaijan.eu\/az\/\"},{\"@type\":\"ListItem\",\"position\":2,\"name\":\"Pamb\u0131q\u00e7\u0131l\u0131qdan kooperativ biznes\u0259\"}]},{\"@type\":\"WebSite\",\"@id\":\"https:\/\/eu4azerbaijan.eu\/az\/#website\",\"url\":\"https:\/\/eu4azerbaijan.eu\/az\/\",\"name\":\"EU for Azerbaijan\",\"description\":\"\",\"potentialAction\":[{\"@type\":\"SearchAction\",\"target\":{\"@type\":\"EntryPoint\",\"urlTemplate\":\"https:\/\/eu4azerbaijan.eu\/az\/?s={search_term_string}\"},\"query-input\":{\"@type\":\"PropertyValueSpecification\",\"valueRequired\":true,\"valueName\":\"search_term_string\"}}],\"inLanguage\":\"az-AZ\"},{\"@type\":\"Person\",\"@id\":\"https:\/\/eu4azerbaijan.eu\/az\/#\/schema\/person\/cf17ddba07387955c481997af06797df\",\"name\":\"Aydan Topchibasheva\",\"image\":{\"@type\":\"ImageObject\",\"inLanguage\":\"az-AZ\",\"@id\":\"https:\/\/eu4azerbaijan.eu\/az\/#\/schema\/person\/image\/\",\"url\":\"https:\/\/secure.gravatar.com\/avatar\/657ac54b68aced49adde2a29a43651c77d8555f376d5ee5dd68172194a09f856?s=96&d=mm&r=g\",\"contentUrl\":\"https:\/\/secure.gravatar.com\/avatar\/657ac54b68aced49adde2a29a43651c77d8555f376d5ee5dd68172194a09f856?s=96&d=mm&r=g\",\"caption\":\"Aydan Topchibasheva\"},\"url\":\"https:\/\/eu4azerbaijan.eu\/az\/author\/aydan\/\"}]}<\/script>\n<!-- \/ Yoast SEO plugin. -->","yoast_head_json":{"title":"Pamb\u0131q\u00e7\u0131l\u0131qdan kooperativ biznes\u0259 - EU for Azerbaijan","robots":{"index":"index","follow":"follow","max-snippet":"max-snippet:-1","max-image-preview":"max-image-preview:large","max-video-preview":"max-video-preview:-1"},"canonical":"https:\/\/eu4azerbaijan.eu\/az\/pambiqciliqdan-kooperativ-biznes%c9%99\/","og_locale":"az_AZ","og_type":"article","og_title":"Pamb\u0131q\u00e7\u0131l\u0131qdan kooperativ biznes\u0259 - EU for Azerbaijan","og_description":"Avropa \u0130ttifaq\u0131 (A\u0130) Az\u0259rbaycanda regionlar\u0131n v\u0259 k\u0259nd yerl\u0259rinin inki\u015faf\u0131na d\u0259st\u0259k olmaq m\u0259qs\u0259dil\u0259 layih\u0259l\u0259r h\u0259yata ke\u00e7irm\u0259kd\u0259dir. B\u0259zi ail\u0259 t\u0259s\u0259rr\u00fcfatlar\u0131 h\u0259min layih\u0259l\u0259rd\u0259n yararlanaraq biznesl\u0259rini inki\u015faf etdirm\u0259k imkan\u0131 qazan\u0131rlar. Bel\u0259 layih\u0259d\u0259n d\u0259st\u0259k \u0259ld\u0259 etmi\u015f ail\u0259l\u0259rd\u0259n biri \u00a0A\u011fcab\u0259did\u0259 ya\u015fayan Na\u011f\u0131yevl\u0259rdir. Ail\u0259 ba\u015f\u00e7\u0131s\u0131 Orxan Na\u011f\u0131yev 41 ya\u015f\u0131ndad\u0131r. \u0130ki \u00f6vlad\u0131 olan Orxan b\u0259y ixtisasca iqtisad\u00e7\u0131-h\u00fcquq\u015f\u00fcnasd\u0131r. O, pamb\u0131q\u00e7\u0131l\u0131qla m\u0259\u015f\u011ful olurmu\u015f. \u00d6z biznesini [&hellip;]","og_url":"https:\/\/eu4azerbaijan.eu\/az\/pambiqciliqdan-kooperativ-biznes%c9%99\/","og_site_name":"EU for Azerbaijan","article_published_time":"2021-12-24T12:05:03+00:00","article_modified_time":"2021-12-24T12:08:13+00:00","og_image":[{"width":780,"height":1040,"url":"https:\/\/eu4azerbaijan.eu\/wp-content\/uploads\/a322a7d0-04c5-48a4-a53a-aa4091e9bae1.jpg","type":"image\/jpeg"}],"author":"Aydan Topchibasheva","twitter_card":"summary_large_image","twitter_misc":{"Written by":"Aydan Topchibasheva","Est. reading time":"4 minutes"},"schema":{"@context":"https:\/\/schema.org","@graph":[{"@type":"WebPage","@id":"https:\/\/eu4azerbaijan.eu\/az\/pambiqciliqdan-kooperativ-biznes%c9%99\/","url":"https:\/\/eu4azerbaijan.eu\/az\/pambiqciliqdan-kooperativ-biznes%c9%99\/","name":"Pamb\u0131q\u00e7\u0131l\u0131qdan kooperativ biznes\u0259 - EU for Azerbaijan","isPartOf":{"@id":"https:\/\/eu4azerbaijan.eu\/az\/#website"},"primaryImageOfPage":{"@id":"https:\/\/eu4azerbaijan.eu\/az\/pambiqciliqdan-kooperativ-biznes%c9%99\/#primaryimage"},"image":{"@id":"https:\/\/eu4azerbaijan.eu\/az\/pambiqciliqdan-kooperativ-biznes%c9%99\/#primaryimage"},"thumbnailUrl":"https:\/\/eu4azerbaijan.eu\/wp-content\/uploads\/a322a7d0-04c5-48a4-a53a-aa4091e9bae1.jpg","datePublished":"2021-12-24T12:05:03+00:00","dateModified":"2021-12-24T12:08:13+00:00","author":{"@id":"https:\/\/eu4azerbaijan.eu\/az\/#\/schema\/person\/cf17ddba07387955c481997af06797df"},"breadcrumb":{"@id":"https:\/\/eu4azerbaijan.eu\/az\/pambiqciliqdan-kooperativ-biznes%c9%99\/#breadcrumb"},"inLanguage":"az-AZ","potentialAction":[{"@type":"ReadAction","target":["https:\/\/eu4azerbaijan.eu\/az\/pambiqciliqdan-kooperativ-biznes%c9%99\/"]}]},{"@type":"ImageObject","inLanguage":"az-AZ","@id":"https:\/\/eu4azerbaijan.eu\/az\/pambiqciliqdan-kooperativ-biznes%c9%99\/#primaryimage","url":"https:\/\/eu4azerbaijan.eu\/wp-content\/uploads\/a322a7d0-04c5-48a4-a53a-aa4091e9bae1.jpg","contentUrl":"https:\/\/eu4azerbaijan.eu\/wp-content\/uploads\/a322a7d0-04c5-48a4-a53a-aa4091e9bae1.jpg","width":780,"height":1040},{"@type":"BreadcrumbList","@id":"https:\/\/eu4azerbaijan.eu\/az\/pambiqciliqdan-kooperativ-biznes%c9%99\/#breadcrumb","itemListElement":[{"@type":"ListItem","position":1,"name":"Home","item":"https:\/\/eu4azerbaijan.eu\/az\/"},{"@type":"ListItem","position":2,"name":"Pamb\u0131q\u00e7\u0131l\u0131qdan kooperativ biznes\u0259"}]},{"@type":"WebSite","@id":"https:\/\/eu4azerbaijan.eu\/az\/#website","url":"https:\/\/eu4azerbaijan.eu\/az\/","name":"EU for Azerbaijan","description":"","potentialAction":[{"@type":"SearchAction","target":{"@type":"EntryPoint","urlTemplate":"https:\/\/eu4azerbaijan.eu\/az\/?s={search_term_string}"},"query-input":{"@type":"PropertyValueSpecification","valueRequired":true,"valueName":"search_term_string"}}],"inLanguage":"az-AZ"},{"@type":"Person","@id":"https:\/\/eu4azerbaijan.eu\/az\/#\/schema\/person\/cf17ddba07387955c481997af06797df","name":"Aydan Topchibasheva","image":{"@type":"ImageObject","inLanguage":"az-AZ","@id":"https:\/\/eu4azerbaijan.eu\/az\/#\/schema\/person\/image\/","url":"https:\/\/secure.gravatar.com\/avatar\/657ac54b68aced49adde2a29a43651c77d8555f376d5ee5dd68172194a09f856?s=96&d=mm&r=g","contentUrl":"https:\/\/secure.gravatar.com\/avatar\/657ac54b68aced49adde2a29a43651c77d8555f376d5ee5dd68172194a09f856?s=96&d=mm&r=g","caption":"Aydan Topchibasheva"},"url":"https:\/\/eu4azerbaijan.eu\/az\/author\/aydan\/"}]}},"_links":{"self":[{"href":"https:\/\/eu4azerbaijan.eu\/az\/wp-json\/wp\/v2\/posts\/61231","targetHints":{"allow":["GET"]}}],"collection":[{"href":"https:\/\/eu4azerbaijan.eu\/az\/wp-json\/wp\/v2\/posts"}],"about":[{"href":"https:\/\/eu4azerbaijan.eu\/az\/wp-json\/wp\/v2\/types\/post"}],"author":[{"embeddable":true,"href":"https:\/\/eu4azerbaijan.eu\/az\/wp-json\/wp\/v2\/users\/19"}],"replies":[{"embeddable":true,"href":"https:\/\/eu4azerbaijan.eu\/az\/wp-json\/wp\/v2\/comments?post=61231"}],"version-history":[{"count":2,"href":"https:\/\/eu4azerbaijan.eu\/az\/wp-json\/wp\/v2\/posts\/61231\/revisions"}],"predecessor-version":[{"id":61233,"href":"https:\/\/eu4azerbaijan.eu\/az\/wp-json\/wp\/v2\/posts\/61231\/revisions\/61233"}],"wp:featuredmedia":[{"embeddable":true,"href":"https:\/\/eu4azerbaijan.eu\/az\/wp-json\/wp\/v2\/media\/61225"}],"wp:attachment":[{"href":"https:\/\/eu4azerbaijan.eu\/az\/wp-json\/wp\/v2\/media?parent=61231"}],"wp:term":[{"taxonomy":"category","embeddable":true,"href":"https:\/\/eu4azerbaijan.eu\/az\/wp-json\/wp\/v2\/categories?post=61231"},{"taxonomy":"post_tag","embeddable":true,"href":"https:\/\/eu4azerbaijan.eu\/az\/wp-json\/wp\/v2\/tags?post=61231"},{"taxonomy":"topic","embeddable":true,"href":"https:\/\/eu4azerbaijan.eu\/az\/wp-json\/wp\/v2\/topic?post=61231"}],"curies":[{"name":"wp","href":"https:\/\/api.w.org\/{rel}","templated":true}]}}