{"id":48508,"date":"2021-02-05T00:00:00","date_gmt":"2021-02-05T00:00:00","guid":{"rendered":"https:\/\/eu4azerbaijan.eu\/smrli-idarilik-zr-trfdalq-proqram-azrbaycanda-hyata-keiriln-layihlrin-nx259\/"},"modified":"2021-02-17T16:43:51","modified_gmt":"2021-02-17T16:43:51","slug":"smrli-idarilik-zr-trfdalq-proqram-azrbaycanda-hyata-keiriln-layihlrin-nx259","status":"publish","type":"post","link":"https:\/\/eu4azerbaijan.eu\/az\/smrli-idarilik-zr-trfdalq-proqram-azrbaycanda-hyata-keiriln-layihlrin-nx259\/","title":{"rendered":"S&#x259;m&#x259;r&#x259;li idar&#x259;&#xE7;ilik &#xFC;zr&#x259; t&#x259;r&#x259;fda&#x15F;l&#x131;q proqram&#x131; Az&#x259;rbaycanda h&#x259;yata ke&#xE7;iril&#x259;n layih&#x259;l&#x259;rin n&#x259;tic&#x259;l&#x259;rini v&#x259; 2021-ci il &#xFC;zr&#x259; planlar&#x131;n&#x131; t&#x259;qdim ed&#x259;c&#x259;k"},"content":{"rendered":"<p><strong><\/p>\n<ul>\n<li>\u0130nstitutlar v\u0259 yax\u015f\u0131 idar\u0259\u00e7iliyin g\u00fccl\u0259ndirilm\u0259si<\/li>\n<li>\u0130dar\u0259\u00e7ilik, qanunun aliliyi v\u0259 insan h\u00fcquqlar\u0131<\/li>\n<\/ul>\n<p><\/strong><\/p>\n<p><strong><\/strong><\/p>\n<p><span><span><span><span><span><span>A\u0130 v\u0259 Avropa \u015euras\u0131n\u0131n birg\u0259 icra etdiyi <\/span><\/span><\/span><\/span><\/span><\/span><a href=\"https:\/\/www.euneighbours.eu\/en\/east\/stay-informed\/projects\/partnership-good-governance-ii\"><span><span><span><span><span><span><span><span>S\u0259m\u0259r\u0259li idar\u0259\u00e7ilik \u00fczr\u0259 t\u0259r\u0259fda\u015fl\u0131q<\/span><\/span><\/span><\/span><\/span><\/span><\/span><\/span><\/a><span><span><span><span><span><span> (PGG) proqram\u0131 fevral\u0131n 1-d\u0259 proqram\u0131n koordinasiya komit\u0259sinin iclas\u0131nda Az\u0259rbaycandak\u0131 f\u0259aliyy\u0259tinin n\u0259tic\u0259l\u0259rini, o c\u00fcml\u0259d\u0259n 2021-ci il \u00fczr\u0259 planlar\u0131n\u0131 a\u00e7\u0131qlayacaq.<\/span><\/span><\/span><\/span><\/span><\/span><\/p>\n<p><span><span><span><span><span><span>T\u0259dbir i\u015ftirak\u00e7\u0131lar\u0131 COV\u0130D-19 virusunun proqram\u0131n icras\u0131na t\u0259sirini qiym\u0259tl\u0259ndir\u0259c\u0259k, el\u0259c\u0259 d\u0259 m\u0259hk\u0259m\u0259, korrupsiya v\u0259 diskriminasiya il\u0259 m\u00fcbariz\u0259 sah\u0259l\u0259rind\u0259 yerli islahatlar\u0131n h\u0259yata ke\u00e7irilm\u0259si bax\u0131m\u0131ndan Az\u0259rbaycan h\u00f6kum\u0259tinin son d\u0259r\u0259c\u0259 vacib \u0259h\u0259miyy\u0259t da\u015f\u0131yan ehtiyaclar\u0131n\u0131 qar\u015f\u0131lamaq \u00fc\u00e7\u00fcn layih\u0259nin i\u015f\u00e7i hey\u0259ti t\u0259r\u0259find\u0259n f\u0259sadlar\u0131n azald\u0131lmas\u0131 istiqam\u0259tind\u0259 g\u00f6r\u00fcl\u0259n t\u0259dbirl\u0259ri m\u00fczakir\u0259 ed\u0259c\u0259kl\u0259r.<\/span><\/span><\/span><\/span><\/span><\/span><\/p>\n<p><span><span><span><span><span><span>S\u00f6z\u00fcged\u0259n proqram 2019-2021-ci ill\u0259ri \u0259hat\u0259 ed\u0259n d\u00f6vrd\u0259 Az\u0259rbaycanda \u00fcmumi b\u00fcdc\u0259si t\u0259xmin\u0259n 2 milyon avro t\u0259\u015fkil ed\u0259n \u00fc\u00e7 yerli layih\u0259 h\u0259yata ke\u00e7irir. Bu layih\u0259l\u0259r ad\u0131 \u00e7\u0259kil\u0259n \u00f6lk\u0259d\u0259 d\u00f6vl\u0259t orqanlar\u0131na \u00e7irkli pullar\u0131n yuyulmas\u0131 v\u0259 aktivl\u0259rin b\u0259rpas\u0131na qar\u015f\u0131 m\u00fcbariz\u0259, m\u0259hk\u0259m\u0259 sisteminin s\u0259m\u0259r\u0259liliyi v\u0259 keyfiyy\u0259tinin art\u0131r\u0131lmas\u0131, \u0130stanbul Konvensiyas\u0131 v\u0259 Gender b\u0259rab\u0259rliyi standartlar\u0131 bar\u0259d\u0259 m\u0259lumatl\u0131l\u0131\u011f\u0131n art\u0131r\u0131lmas\u0131na k\u00f6m\u0259k edir.<\/span><\/span><\/span><\/span><\/span><\/span><\/p>\n<p><span><span><span><span><span><span>Az\u0259rbaycan h\u0259m\u00e7inin iqtisadi cinay\u0259tl\u0259rin qar\u015f\u0131s\u0131n\u0131n al\u0131nmas\u0131 v\u0259 onlarla m\u00fcbariz\u0259, qad\u0131nlar\u0131n \u0259dal\u0259t m\u00fchakim\u0259si orqanlar\u0131na \u00e7\u0131x\u0131\u015f imkan\u0131n\u0131n asanla\u015fd\u0131r\u0131lmas\u0131 v\u0259 ayr\u0131-se\u00e7kilik, ksenofobiyaya \u0259saslanan cinay\u0259tl\u0259rin v\u0259 ksenofobiya qurbanlar\u0131 \u00fc\u00e7\u00fcn m\u0259hk\u0259m\u0259d\u0259n k\u0259nar kompensasiya mexanizml\u0259ri vasit\u0259sil\u0259 \u0259dliyy\u0259 orqanlar\u0131na \u00e7\u0131x\u0131\u015f\u0131n geni\u015fl\u0259ndirilm\u0259sin\u0259 y\u00f6n\u0259lmi\u015f regional PGG layih\u0259l\u0259rind\u0259 i\u015ftirak edir. Bu layih\u0259l\u0259rin \u00fcmumi b\u00fcdc\u0259si t\u0259xmin\u0259n 3,7 milyon avro t\u0259\u015fkil edir.<\/span><\/span><\/span><\/span><\/span><\/span><\/p>\n<p><span><span><span><span><span><span>Layih\u0259l\u0259rin 80%-i A\u0130, qalan hiss\u0259si is\u0259 Avropa \u015euras\u0131 t\u0259r\u0259find\u0259n maliyy\u0259l\u0259\u015fdirilir v\u0259 sonuncu onlar\u0131n h\u0259yata ke\u00e7irilm\u0259sin\u0259 cavabdehdir.<\/span><\/span><\/span><\/span><\/span><\/span><\/p>\n<p><span><span><span><strong><span><span>Daha \u00e7ox \u00f6yr\u0259n<\/span><\/span><\/strong><\/span><\/span><\/span><\/p>\n<p><a href=\"https:\/\/pjp-eu.coe.int\/en\/web\/pgg2\/news\/-\/asset_publisher\/Iwh4XIU4Kl68\/content\/the-council-of-europe-and-the-european-union-delegation-present-the-state-of-implementation-of-the-joint-projects-in-azerbaijan-in-2020-and-the-pgg-ac?inheritRedirect=false&amp;redirect=https:\/\/pjp-eu.coe.int\/en\/web\/pgg2\/news?p_p_id=101_INSTANCE_Iwh4XIU4Kl68&amp;p_p_lifecycle=0&amp;p_p_state=normal&amp;p_p_mode=view&amp;p_p_col_id=column-4&amp;p_p_col_count=1\"><span><span><span><span><span><span><span><span>M\u0259tbuat \u00fc\u00e7\u00fcn a\u00e7\u0131qlama<\/span><\/span><\/span><\/span><\/span><\/span><\/span><\/span><\/a><\/p>\n<p><span><span><span><span><span><span><span><span><a href=\"https:\/\/pjp-eu.coe.int\/en\/web\/pgg2\/azerbaijan\">Az\u0259rbaycanda icra olunan PGG layih\u0259l\u0259ri<\/a><\/span><\/span><\/span><\/span><\/span><\/span><\/span><\/span><\/p>\n","protected":false},"excerpt":{"rendered":"<p>\u0130nstitutlar v\u0259 yax\u015f\u0131 idar\u0259\u00e7iliyin g\u00fccl\u0259ndirilm\u0259si \u0130dar\u0259\u00e7ilik, qanunun aliliyi v\u0259 insan h\u00fcquqlar\u0131 A\u0130 v\u0259 Avropa \u015euras\u0131n\u0131n birg\u0259 icra etdiyi S\u0259m\u0259r\u0259li idar\u0259\u00e7ilik \u00fczr\u0259 t\u0259r\u0259fda\u015fl\u0131q (PGG) proqram\u0131 fevral\u0131n 1-d\u0259 proqram\u0131n koordinasiya komit\u0259sinin iclas\u0131nda Az\u0259rbaycandak\u0131 f\u0259aliyy\u0259tinin n\u0259tic\u0259l\u0259rini, o c\u00fcml\u0259d\u0259n 2021-ci il \u00fczr\u0259 planlar\u0131n\u0131 a\u00e7\u0131qlayacaq. T\u0259dbir i\u015ftirak\u00e7\u0131lar\u0131 COV\u0130D-19 virusunun proqram\u0131n icras\u0131na t\u0259sirini qiym\u0259tl\u0259ndir\u0259c\u0259k, el\u0259c\u0259 d\u0259 m\u0259hk\u0259m\u0259, korrupsiya v\u0259 diskriminasiya il\u0259 [&hellip;]<\/p>\n","protected":false},"author":1,"featured_media":48345,"comment_status":"closed","ping_status":"open","sticky":false,"template":"","format":"standard","meta":{"_acf_changed":false,"footnotes":""},"categories":[374,379,284],"tags":[],"topic":[],"class_list":["post-48508","post","type-post","status-publish","format-standard","has-post-thumbnail","hentry","category-whats-happening-az","category-xbrlr","category-news-az"],"acf":[],"yoast_head":"<!-- This site is optimized with the Yoast SEO plugin v26.4 - https:\/\/yoast.com\/wordpress\/plugins\/seo\/ -->\n<title>S&#x259;m&#x259;r&#x259;li idar&#x259;&#xE7;ilik &#xFC;zr&#x259; t&#x259;r&#x259;fda&#x15F;l&#x131;q proqram&#x131; Az&#x259;rbaycanda h&#x259;yata ke&#xE7;iril&#x259;n layih&#x259;l&#x259;rin n&#x259;tic&#x259;l&#x259;rini v&#x259; 2021-ci il &#xFC;zr&#x259; planlar&#x131;n&#x131; t&#x259;qdim ed&#x259;c&#x259;k - EU for Azerbaijan<\/title>\n<meta name=\"robots\" content=\"index, follow, max-snippet:-1, max-image-preview:large, max-video-preview:-1\" \/>\n<link rel=\"canonical\" href=\"https:\/\/eu4azerbaijan.eu\/az\/smrli-idarilik-zr-trfdalq-proqram-azrbaycanda-hyata-keiriln-layihlrin-nx259\/\" \/>\n<meta property=\"og:locale\" content=\"az_AZ\" \/>\n<meta property=\"og:type\" content=\"article\" \/>\n<meta property=\"og:title\" content=\"S&#x259;m&#x259;r&#x259;li idar&#x259;&#xE7;ilik &#xFC;zr&#x259; t&#x259;r&#x259;fda&#x15F;l&#x131;q proqram&#x131; Az&#x259;rbaycanda h&#x259;yata ke&#xE7;iril&#x259;n layih&#x259;l&#x259;rin n&#x259;tic&#x259;l&#x259;rini v&#x259; 2021-ci il &#xFC;zr&#x259; planlar&#x131;n&#x131; t&#x259;qdim ed&#x259;c&#x259;k - EU for Azerbaijan\" \/>\n<meta property=\"og:description\" content=\"\u0130nstitutlar v\u0259 yax\u015f\u0131 idar\u0259\u00e7iliyin g\u00fccl\u0259ndirilm\u0259si \u0130dar\u0259\u00e7ilik, qanunun aliliyi v\u0259 insan h\u00fcquqlar\u0131 A\u0130 v\u0259 Avropa \u015euras\u0131n\u0131n birg\u0259 icra etdiyi S\u0259m\u0259r\u0259li idar\u0259\u00e7ilik \u00fczr\u0259 t\u0259r\u0259fda\u015fl\u0131q (PGG) proqram\u0131 fevral\u0131n 1-d\u0259 proqram\u0131n koordinasiya komit\u0259sinin iclas\u0131nda Az\u0259rbaycandak\u0131 f\u0259aliyy\u0259tinin n\u0259tic\u0259l\u0259rini, o c\u00fcml\u0259d\u0259n 2021-ci il \u00fczr\u0259 planlar\u0131n\u0131 a\u00e7\u0131qlayacaq. T\u0259dbir i\u015ftirak\u00e7\u0131lar\u0131 COV\u0130D-19 virusunun proqram\u0131n icras\u0131na t\u0259sirini qiym\u0259tl\u0259ndir\u0259c\u0259k, el\u0259c\u0259 d\u0259 m\u0259hk\u0259m\u0259, korrupsiya v\u0259 diskriminasiya il\u0259 [&hellip;]\" \/>\n<meta property=\"og:url\" content=\"https:\/\/eu4azerbaijan.eu\/az\/smrli-idarilik-zr-trfdalq-proqram-azrbaycanda-hyata-keiriln-layihlrin-nx259\/\" \/>\n<meta property=\"og:site_name\" content=\"EU for Azerbaijan\" \/>\n<meta property=\"article:published_time\" content=\"2021-02-05T00:00:00+00:00\" \/>\n<meta property=\"article:modified_time\" content=\"2021-02-17T16:43:51+00:00\" \/>\n<meta property=\"og:image\" content=\"https:\/\/eu4azerbaijan.eu\/wp-content\/uploads\/az-PGG.jpg\" \/>\n\t<meta property=\"og:image:width\" content=\"870\" \/>\n\t<meta property=\"og:image:height\" content=\"489\" \/>\n\t<meta property=\"og:image:type\" content=\"image\/jpeg\" \/>\n<meta name=\"author\" content=\"efgdigital\" \/>\n<meta name=\"twitter:card\" content=\"summary_large_image\" \/>\n<meta name=\"twitter:label1\" content=\"Written by\" \/>\n\t<meta name=\"twitter:data1\" content=\"efgdigital\" \/>\n\t<meta name=\"twitter:label2\" content=\"Est. reading time\" \/>\n\t<meta name=\"twitter:data2\" content=\"2 minutes\" \/>\n<script type=\"application\/ld+json\" class=\"yoast-schema-graph\">{\"@context\":\"https:\/\/schema.org\",\"@graph\":[{\"@type\":\"WebPage\",\"@id\":\"https:\/\/eu4azerbaijan.eu\/az\/smrli-idarilik-zr-trfdalq-proqram-azrbaycanda-hyata-keiriln-layihlrin-nx259\/\",\"url\":\"https:\/\/eu4azerbaijan.eu\/az\/smrli-idarilik-zr-trfdalq-proqram-azrbaycanda-hyata-keiriln-layihlrin-nx259\/\",\"name\":\"S&#x259;m&#x259;r&#x259;li idar&#x259;&#xE7;ilik &#xFC;zr&#x259; t&#x259;r&#x259;fda&#x15F;l&#x131;q proqram&#x131; Az&#x259;rbaycanda h&#x259;yata ke&#xE7;iril&#x259;n layih&#x259;l&#x259;rin n&#x259;tic&#x259;l&#x259;rini v&#x259; 2021-ci il &#xFC;zr&#x259; planlar&#x131;n&#x131; t&#x259;qdim ed&#x259;c&#x259;k - EU for Azerbaijan\",\"isPartOf\":{\"@id\":\"https:\/\/eu4azerbaijan.eu\/az\/#website\"},\"primaryImageOfPage\":{\"@id\":\"https:\/\/eu4azerbaijan.eu\/az\/smrli-idarilik-zr-trfdalq-proqram-azrbaycanda-hyata-keiriln-layihlrin-nx259\/#primaryimage\"},\"image\":{\"@id\":\"https:\/\/eu4azerbaijan.eu\/az\/smrli-idarilik-zr-trfdalq-proqram-azrbaycanda-hyata-keiriln-layihlrin-nx259\/#primaryimage\"},\"thumbnailUrl\":\"https:\/\/eu4azerbaijan.eu\/wp-content\/uploads\/az-PGG.jpg\",\"datePublished\":\"2021-02-05T00:00:00+00:00\",\"dateModified\":\"2021-02-17T16:43:51+00:00\",\"author\":{\"@id\":\"https:\/\/eu4azerbaijan.eu\/az\/#\/schema\/person\/8e61f36472c1a07751c0c51b469566db\"},\"breadcrumb\":{\"@id\":\"https:\/\/eu4azerbaijan.eu\/az\/smrli-idarilik-zr-trfdalq-proqram-azrbaycanda-hyata-keiriln-layihlrin-nx259\/#breadcrumb\"},\"inLanguage\":\"az-AZ\",\"potentialAction\":[{\"@type\":\"ReadAction\",\"target\":[\"https:\/\/eu4azerbaijan.eu\/az\/smrli-idarilik-zr-trfdalq-proqram-azrbaycanda-hyata-keiriln-layihlrin-nx259\/\"]}]},{\"@type\":\"ImageObject\",\"inLanguage\":\"az-AZ\",\"@id\":\"https:\/\/eu4azerbaijan.eu\/az\/smrli-idarilik-zr-trfdalq-proqram-azrbaycanda-hyata-keiriln-layihlrin-nx259\/#primaryimage\",\"url\":\"https:\/\/eu4azerbaijan.eu\/wp-content\/uploads\/az-PGG.jpg\",\"contentUrl\":\"https:\/\/eu4azerbaijan.eu\/wp-content\/uploads\/az-PGG.jpg\",\"width\":870,\"height\":489,\"caption\":\"Photo: European Union\"},{\"@type\":\"BreadcrumbList\",\"@id\":\"https:\/\/eu4azerbaijan.eu\/az\/smrli-idarilik-zr-trfdalq-proqram-azrbaycanda-hyata-keiriln-layihlrin-nx259\/#breadcrumb\",\"itemListElement\":[{\"@type\":\"ListItem\",\"position\":1,\"name\":\"Home\",\"item\":\"https:\/\/eu4azerbaijan.eu\/az\/\"},{\"@type\":\"ListItem\",\"position\":2,\"name\":\"S&#x259;m&#x259;r&#x259;li idar&#x259;&#xE7;ilik &#xFC;zr&#x259; t&#x259;r&#x259;fda&#x15F;l&#x131;q proqram&#x131; Az&#x259;rbaycanda h&#x259;yata ke&#xE7;iril&#x259;n layih&#x259;l&#x259;rin n&#x259;tic&#x259;l&#x259;rini v&#x259; 2021-ci il &#xFC;zr&#x259; planlar&#x131;n&#x131; t&#x259;qdim ed&#x259;c&#x259;k\"}]},{\"@type\":\"WebSite\",\"@id\":\"https:\/\/eu4azerbaijan.eu\/az\/#website\",\"url\":\"https:\/\/eu4azerbaijan.eu\/az\/\",\"name\":\"EU for Azerbaijan\",\"description\":\"\",\"potentialAction\":[{\"@type\":\"SearchAction\",\"target\":{\"@type\":\"EntryPoint\",\"urlTemplate\":\"https:\/\/eu4azerbaijan.eu\/az\/?s={search_term_string}\"},\"query-input\":{\"@type\":\"PropertyValueSpecification\",\"valueRequired\":true,\"valueName\":\"search_term_string\"}}],\"inLanguage\":\"az-AZ\"},{\"@type\":\"Person\",\"@id\":\"https:\/\/eu4azerbaijan.eu\/az\/#\/schema\/person\/8e61f36472c1a07751c0c51b469566db\",\"name\":\"efgdigital\",\"image\":{\"@type\":\"ImageObject\",\"inLanguage\":\"az-AZ\",\"@id\":\"https:\/\/eu4azerbaijan.eu\/az\/#\/schema\/person\/image\/\",\"url\":\"https:\/\/secure.gravatar.com\/avatar\/53d8cb126cff14a5dd568f2dd65fdf3ad9542207d0e197850c88aed5f5464585?s=96&d=mm&r=g\",\"contentUrl\":\"https:\/\/secure.gravatar.com\/avatar\/53d8cb126cff14a5dd568f2dd65fdf3ad9542207d0e197850c88aed5f5464585?s=96&d=mm&r=g\",\"caption\":\"efgdigital\"},\"url\":\"https:\/\/eu4azerbaijan.eu\/az\/author\/efgdigital\/\"}]}<\/script>\n<!-- \/ Yoast SEO plugin. -->","yoast_head_json":{"title":"S&#x259;m&#x259;r&#x259;li idar&#x259;&#xE7;ilik &#xFC;zr&#x259; t&#x259;r&#x259;fda&#x15F;l&#x131;q proqram&#x131; Az&#x259;rbaycanda h&#x259;yata ke&#xE7;iril&#x259;n layih&#x259;l&#x259;rin n&#x259;tic&#x259;l&#x259;rini v&#x259; 2021-ci il &#xFC;zr&#x259; planlar&#x131;n&#x131; t&#x259;qdim ed&#x259;c&#x259;k - EU for Azerbaijan","robots":{"index":"index","follow":"follow","max-snippet":"max-snippet:-1","max-image-preview":"max-image-preview:large","max-video-preview":"max-video-preview:-1"},"canonical":"https:\/\/eu4azerbaijan.eu\/az\/smrli-idarilik-zr-trfdalq-proqram-azrbaycanda-hyata-keiriln-layihlrin-nx259\/","og_locale":"az_AZ","og_type":"article","og_title":"S&#x259;m&#x259;r&#x259;li idar&#x259;&#xE7;ilik &#xFC;zr&#x259; t&#x259;r&#x259;fda&#x15F;l&#x131;q proqram&#x131; Az&#x259;rbaycanda h&#x259;yata ke&#xE7;iril&#x259;n layih&#x259;l&#x259;rin n&#x259;tic&#x259;l&#x259;rini v&#x259; 2021-ci il &#xFC;zr&#x259; planlar&#x131;n&#x131; t&#x259;qdim ed&#x259;c&#x259;k - EU for Azerbaijan","og_description":"\u0130nstitutlar v\u0259 yax\u015f\u0131 idar\u0259\u00e7iliyin g\u00fccl\u0259ndirilm\u0259si \u0130dar\u0259\u00e7ilik, qanunun aliliyi v\u0259 insan h\u00fcquqlar\u0131 A\u0130 v\u0259 Avropa \u015euras\u0131n\u0131n birg\u0259 icra etdiyi S\u0259m\u0259r\u0259li idar\u0259\u00e7ilik \u00fczr\u0259 t\u0259r\u0259fda\u015fl\u0131q (PGG) proqram\u0131 fevral\u0131n 1-d\u0259 proqram\u0131n koordinasiya komit\u0259sinin iclas\u0131nda Az\u0259rbaycandak\u0131 f\u0259aliyy\u0259tinin n\u0259tic\u0259l\u0259rini, o c\u00fcml\u0259d\u0259n 2021-ci il \u00fczr\u0259 planlar\u0131n\u0131 a\u00e7\u0131qlayacaq. T\u0259dbir i\u015ftirak\u00e7\u0131lar\u0131 COV\u0130D-19 virusunun proqram\u0131n icras\u0131na t\u0259sirini qiym\u0259tl\u0259ndir\u0259c\u0259k, el\u0259c\u0259 d\u0259 m\u0259hk\u0259m\u0259, korrupsiya v\u0259 diskriminasiya il\u0259 [&hellip;]","og_url":"https:\/\/eu4azerbaijan.eu\/az\/smrli-idarilik-zr-trfdalq-proqram-azrbaycanda-hyata-keiriln-layihlrin-nx259\/","og_site_name":"EU for Azerbaijan","article_published_time":"2021-02-05T00:00:00+00:00","article_modified_time":"2021-02-17T16:43:51+00:00","og_image":[{"width":870,"height":489,"url":"https:\/\/eu4azerbaijan.eu\/wp-content\/uploads\/az-PGG.jpg","type":"image\/jpeg"}],"author":"efgdigital","twitter_card":"summary_large_image","twitter_misc":{"Written by":"efgdigital","Est. reading time":"2 minutes"},"schema":{"@context":"https:\/\/schema.org","@graph":[{"@type":"WebPage","@id":"https:\/\/eu4azerbaijan.eu\/az\/smrli-idarilik-zr-trfdalq-proqram-azrbaycanda-hyata-keiriln-layihlrin-nx259\/","url":"https:\/\/eu4azerbaijan.eu\/az\/smrli-idarilik-zr-trfdalq-proqram-azrbaycanda-hyata-keiriln-layihlrin-nx259\/","name":"S&#x259;m&#x259;r&#x259;li idar&#x259;&#xE7;ilik &#xFC;zr&#x259; t&#x259;r&#x259;fda&#x15F;l&#x131;q proqram&#x131; Az&#x259;rbaycanda h&#x259;yata ke&#xE7;iril&#x259;n layih&#x259;l&#x259;rin n&#x259;tic&#x259;l&#x259;rini v&#x259; 2021-ci il &#xFC;zr&#x259; planlar&#x131;n&#x131; t&#x259;qdim ed&#x259;c&#x259;k - EU for Azerbaijan","isPartOf":{"@id":"https:\/\/eu4azerbaijan.eu\/az\/#website"},"primaryImageOfPage":{"@id":"https:\/\/eu4azerbaijan.eu\/az\/smrli-idarilik-zr-trfdalq-proqram-azrbaycanda-hyata-keiriln-layihlrin-nx259\/#primaryimage"},"image":{"@id":"https:\/\/eu4azerbaijan.eu\/az\/smrli-idarilik-zr-trfdalq-proqram-azrbaycanda-hyata-keiriln-layihlrin-nx259\/#primaryimage"},"thumbnailUrl":"https:\/\/eu4azerbaijan.eu\/wp-content\/uploads\/az-PGG.jpg","datePublished":"2021-02-05T00:00:00+00:00","dateModified":"2021-02-17T16:43:51+00:00","author":{"@id":"https:\/\/eu4azerbaijan.eu\/az\/#\/schema\/person\/8e61f36472c1a07751c0c51b469566db"},"breadcrumb":{"@id":"https:\/\/eu4azerbaijan.eu\/az\/smrli-idarilik-zr-trfdalq-proqram-azrbaycanda-hyata-keiriln-layihlrin-nx259\/#breadcrumb"},"inLanguage":"az-AZ","potentialAction":[{"@type":"ReadAction","target":["https:\/\/eu4azerbaijan.eu\/az\/smrli-idarilik-zr-trfdalq-proqram-azrbaycanda-hyata-keiriln-layihlrin-nx259\/"]}]},{"@type":"ImageObject","inLanguage":"az-AZ","@id":"https:\/\/eu4azerbaijan.eu\/az\/smrli-idarilik-zr-trfdalq-proqram-azrbaycanda-hyata-keiriln-layihlrin-nx259\/#primaryimage","url":"https:\/\/eu4azerbaijan.eu\/wp-content\/uploads\/az-PGG.jpg","contentUrl":"https:\/\/eu4azerbaijan.eu\/wp-content\/uploads\/az-PGG.jpg","width":870,"height":489,"caption":"Photo: European Union"},{"@type":"BreadcrumbList","@id":"https:\/\/eu4azerbaijan.eu\/az\/smrli-idarilik-zr-trfdalq-proqram-azrbaycanda-hyata-keiriln-layihlrin-nx259\/#breadcrumb","itemListElement":[{"@type":"ListItem","position":1,"name":"Home","item":"https:\/\/eu4azerbaijan.eu\/az\/"},{"@type":"ListItem","position":2,"name":"S&#x259;m&#x259;r&#x259;li idar&#x259;&#xE7;ilik &#xFC;zr&#x259; t&#x259;r&#x259;fda&#x15F;l&#x131;q proqram&#x131; Az&#x259;rbaycanda h&#x259;yata ke&#xE7;iril&#x259;n layih&#x259;l&#x259;rin n&#x259;tic&#x259;l&#x259;rini v&#x259; 2021-ci il &#xFC;zr&#x259; planlar&#x131;n&#x131; t&#x259;qdim ed&#x259;c&#x259;k"}]},{"@type":"WebSite","@id":"https:\/\/eu4azerbaijan.eu\/az\/#website","url":"https:\/\/eu4azerbaijan.eu\/az\/","name":"EU for Azerbaijan","description":"","potentialAction":[{"@type":"SearchAction","target":{"@type":"EntryPoint","urlTemplate":"https:\/\/eu4azerbaijan.eu\/az\/?s={search_term_string}"},"query-input":{"@type":"PropertyValueSpecification","valueRequired":true,"valueName":"search_term_string"}}],"inLanguage":"az-AZ"},{"@type":"Person","@id":"https:\/\/eu4azerbaijan.eu\/az\/#\/schema\/person\/8e61f36472c1a07751c0c51b469566db","name":"efgdigital","image":{"@type":"ImageObject","inLanguage":"az-AZ","@id":"https:\/\/eu4azerbaijan.eu\/az\/#\/schema\/person\/image\/","url":"https:\/\/secure.gravatar.com\/avatar\/53d8cb126cff14a5dd568f2dd65fdf3ad9542207d0e197850c88aed5f5464585?s=96&d=mm&r=g","contentUrl":"https:\/\/secure.gravatar.com\/avatar\/53d8cb126cff14a5dd568f2dd65fdf3ad9542207d0e197850c88aed5f5464585?s=96&d=mm&r=g","caption":"efgdigital"},"url":"https:\/\/eu4azerbaijan.eu\/az\/author\/efgdigital\/"}]}},"_links":{"self":[{"href":"https:\/\/eu4azerbaijan.eu\/az\/wp-json\/wp\/v2\/posts\/48508","targetHints":{"allow":["GET"]}}],"collection":[{"href":"https:\/\/eu4azerbaijan.eu\/az\/wp-json\/wp\/v2\/posts"}],"about":[{"href":"https:\/\/eu4azerbaijan.eu\/az\/wp-json\/wp\/v2\/types\/post"}],"author":[{"embeddable":true,"href":"https:\/\/eu4azerbaijan.eu\/az\/wp-json\/wp\/v2\/users\/1"}],"replies":[{"embeddable":true,"href":"https:\/\/eu4azerbaijan.eu\/az\/wp-json\/wp\/v2\/comments?post=48508"}],"version-history":[{"count":0,"href":"https:\/\/eu4azerbaijan.eu\/az\/wp-json\/wp\/v2\/posts\/48508\/revisions"}],"wp:featuredmedia":[{"embeddable":true,"href":"https:\/\/eu4azerbaijan.eu\/az\/wp-json\/wp\/v2\/media\/48345"}],"wp:attachment":[{"href":"https:\/\/eu4azerbaijan.eu\/az\/wp-json\/wp\/v2\/media?parent=48508"}],"wp:term":[{"taxonomy":"category","embeddable":true,"href":"https:\/\/eu4azerbaijan.eu\/az\/wp-json\/wp\/v2\/categories?post=48508"},{"taxonomy":"post_tag","embeddable":true,"href":"https:\/\/eu4azerbaijan.eu\/az\/wp-json\/wp\/v2\/tags?post=48508"},{"taxonomy":"topic","embeddable":true,"href":"https:\/\/eu4azerbaijan.eu\/az\/wp-json\/wp\/v2\/topic?post=48508"}],"curies":[{"name":"wp","href":"https:\/\/api.w.org\/{rel}","templated":true}]}}