{"id":41141,"date":"2017-03-27T00:00:00","date_gmt":"2017-03-27T00:00:00","guid":{"rendered":"https:\/\/eu4azerbaijan.eu\/gnclrin-thsili-glcyin-tminat-avropa-ttifaq-azrbaycan-n-yeni-imkanlar-ar\/"},"modified":"2021-02-17T16:44:17","modified_gmt":"2021-02-17T16:44:17","slug":"gnclrin-thsili-glcyin-tminat-avropa-ttifaq-azrbaycan-n-yeni-imkanlar-ar","status":"publish","type":"post","link":"https:\/\/eu4azerbaijan.eu\/az\/gnclrin-thsili-glcyin-tminat-avropa-ttifaq-azrbaycan-n-yeni-imkanlar-ar\/","title":{"rendered":"G&#x259;ncl&#x259;rin t&#x259;hsili &#x2013; g&#x259;l&#x259;c&#x259;yin t&#x259;minat&#x131;: Avropa &#x130;ttifaq&#x131; Az&#x259;rbaycan &#xFC;&#xE7;&#xFC;n yeni imkanlar a&#xE7;&#x131;r"},"content":{"rendered":"<p><strong><\/p>\n<ul>\n<li>Mobillik v\u0259 insanlararas\u0131 \u0259laq\u0259<\/li>\n<li>Miqrasiya v\u0259 mobillik<\/li>\n<li>G\u0259ncl\u0259r<\/li>\n<li>T\u0259hsil v\u0259 pe\u015f\u0259 t\u0259limi<\/li>\n<\/ul>\n<p><\/strong><\/p>\n<p><strong><\/p>\n<p>T\u0259hsil h\u0259r zaman insan\u0131n formala\u015fmas\u0131nda, el\u0259c\u0259 d\u0259 onun h\u0259yat\u0131nda g\u0259l\u0259c\u0259k\u00a0 perspektivl\u0259rini m\u00fc\u0259yy\u0259n etm\u0259sind\u0259 apar\u0131c\u0131 rol oynay\u0131r.<\/p>\n<p><\/strong><\/p>\n<div class=\"paragraph paragraph--type--image-block paragraph--view-mode--xml\">\n<div class=\"node__media node__media--carousel node__media--right\">\n<div class=\"node__media-container\">\n            <img loading=\"lazy\" decoding=\"async\" src=\"\/sites\/default\/files\/2017-05\/16910997_737478059744146_507113996_o_1.jpg\" width=\"2048\" height=\"1365\" alt=\"G\u0259ncl\u0259rin t\u0259hsili \u2013 g\u0259l\u0259c\u0259yin t\u0259minat\u0131: Avropa \u0130ttifaq\u0131 Az\u0259rbaycan \u00fc\u00e7\u00fcn yeni imkanlar a\u00e7\u0131r \" typeof=\"Image\" \/><\/p><\/div>\n<\/p><\/div>\n<div class=\"node__text\">\n<p>Avropa \u0130ttifaq\u0131 (A\u0130) \u00f6lk\u0259l\u0259ri Avropa t\u0259hsilinin keyfiyy\u0259tini b\u00fct\u00fcn d\u00fcnyada etalon olmas\u0131na nail olublar. V\u0259 bu g\u00fcn t\u0259hsil sah\u0259sinin inki\u015faf\u0131 \u2013 A\u0130 \u00f6lk\u0259l\u0259ri il\u0259 t\u0259r\u0259fda\u015flar\u0131 aras\u0131nda \u0259m\u0259kda\u015fl\u0131\u011f\u0131n ayr\u0131lmaz hiss\u0259sidir.<\/p>\n<p>Ali t\u0259hsild\u0259n dan\u0131\u015fark\u0259n, A\u0130 t\u0259r\u0259find\u0259n maliyy\u0259l\u0259\u015fdiril\u0259n Erasmus proqram\u0131 \u2013 dem\u0259k olar ki, ist\u0259nil\u0259n t\u0259l\u0259b\u0259 \u00fc\u00e7\u00fcn 2017-ci ild\u0259 30 illiyi olacaq Avropa \u0130ttifaq\u0131n\u0131n ali t\u0259hsil sah\u0259sind\u0259ki bir n\u00f6v vizit kart\u0131d\u0131r.<\/p>\n<p>Az\u0259rbaycan Avropa \u0130ttifaq\u0131n\u0131n t\u0259hsil proqramlar\u0131na 1994-c\u00fc ild\u0259n qo\u015fulub. \u018fg\u0259r \u0259vv\u0259ll\u0259r bir ne\u00e7\u0259 apar\u0131c\u0131 proqram &#8211; Erasmus Mundus, Tempus, Jeanne Monnet v\u0259 dig\u0259rl\u0259ri f\u0259aliyy\u0259t g\u00f6st\u0259rirdis\u0259, 2014-c\u00fc ild\u0259n b\u00fct\u00fcn bunlar Erasmus+ adl\u0131 vahid proqrama birl\u0259\u015fdirildi.<\/p>\n<p>\u201cB\u00fct\u00fcn proqramlar\u0131n birl\u0259\u015fdirilm\u0259sind\u0259n sonra bir \u00e7ox \u015feyl\u0259r d\u0259yi\u015fdi. \u0130lk n\u00f6vb\u0259d\u0259 i\u015ftirak\u00e7\u0131lar\u0131n co\u011frafi \u0259hat\u0259liliyi artd\u0131\u201d, &#8211; bunu Erasmus+ proqram\u0131n\u0131n Az\u0259rbaycandak\u0131 \u0259laq\u0259l\u0259ndiricisi P\u0259rviz Ba\u011f\u0131rov bildirib:<\/p>\n<p>\u201c\u018fg\u0259r \u0259vv\u0259ll\u0259r Erasmus Mundus v\u0259 Tempus proqramlar\u0131 \u00fczr\u0259 A\u0130-y\u0259 t\u0259r\u0259fda\u015f \u00f6lk\u0259l\u0259rin\u0259 co\u011frafi c\u0259h\u0259td\u0259n yax\u0131n s\u0259rh\u0259d d\u00f6vl\u0259tl\u0259rd\u0259n 28-i i\u015ftirak edirdis\u0259, indi is\u0259 bu g\u00f6st\u0259rici b\u00fct\u00fcn d\u00fcnyan\u0131n \u0259hat\u0259 edir. Buraya A\u0130 \u00f6lk\u0259l\u0259rdind\u0259n uzaq \u00c7in, \u018ffqan\u0131stan, Monqolustan, h\u0259tta Argentina da daxildir\u201d, &#8211; dey\u0259 o, s\u00f6yl\u0259yir.<\/p>\n<p>Vahid proqram\u0131n apar\u0131c\u0131 istiqam\u0259tl\u0259rind\u0259n biri d\u0259 \u201cT\u0259l\u0259b\u0259 v\u0259 akademik hey\u0259tin q\u0131sam\u00fcdd\u0259tli mobilliyi\u201ddir. Daha sad\u0259 ifad\u0259 ets\u0259k, bu,\u00a0 ali t\u0259hsil ocaqlar\u0131n\u0131n t\u0259l\u0259b\u0259, professor-m\u00fc\u0259llim, r\u0259hb\u0259r hey\u0259tin t\u0259hsil v\u0259 ya staj m\u00fcdd\u0259tini Avropa universitetl\u0259rind\u0259 \u00fc\u00e7 aydan bir il\u0259d\u0259k ke\u00e7irm\u0259sidir. B\u00fct\u00fcn x\u0259rcl\u0259r tamamil\u0259 A\u0130 t\u0259r\u0259find\u0259n \u00f6d\u0259nilir.<\/p>\n<p>Avropa \u0130ttifaq\u0131 h\u0259r il Az\u0259rbaycan, G\u00fcrc\u00fcstan, Erm\u0259nistan, Ukrayna, Moldova v\u0259 Belarusda proqram\u0131n h\u0259yata ke\u00e7irilm\u0259si \u00fc\u00e7\u00fcn 20 milyon avro ay\u0131r\u0131r. \u00dcmumilikd\u0259 2014-c\u00fc ild\u0259n 2020-ci il\u0259d\u0259k t\u0259qrib\u0259n 16,5 milyard avro ayr\u0131l\u0131b.<\/p>\n<p>H\u0259r il Erasmus+ proqram\u0131 \u00e7\u0259r\u00e7iv\u0259sind\u0259 q\u0131sam\u00fcdd\u0259tli mobillik istiqam\u0259ti \u00fczr\u0259 \u00e7oxsayl\u0131 t\u0259l\u0259b\u0259 Az\u0259rbaycandan Avropa universitetl\u0259rin\u0259 yollan\u0131r: bu g\u00fcn\u0259 q\u0259d\u0259r proqram\u0131n f\u0259aliyy\u0259ti \u00e7\u0259r\u00e7iv\u0259sind\u0259 600 n\u0259f\u0259rin i\u015ftirak\u0131 maliyy\u0259l\u0259\u015fdirilib.<\/p>\n<p>Proqram\u0131n f\u0259al i\u015ftirak\u00e7\u0131lar\u0131ndan biri \u201cQafqaz\u201d Universitetinin m\u0259zunu \u0130ran\u0259 Alimova olub. O, bir il Portuqaliyan\u0131n Braqansa \u015f\u0259h\u0259rind\u0259 Kimya m\u00fch\u0259ndisliyi \u00fczr\u0259 Politexnik Universitetd\u0259 t\u0259hsil al\u0131b:<\/p>\n<p>\u201cBu, yeni \u00f6lk\u0259d\u0259 ke\u00e7\u0259n sad\u0259c\u0259 bir il deyildi. Bu bir il tamamil\u0259 s\u0259ni d\u0259yi\u015fir. Akademik m\u0259\u015f\u011fuliyy\u0259tl\u0259 yana\u015f\u0131, yeni maraql\u0131 insanlarla, yeni m\u0259d\u0259niyy\u0259t v\u0259 dil il\u0259 tan\u0131\u015f olursan. Bu da d\u00fcnyag\u00f6r\u00fc\u015f\u00fcn\u00fcn geni\u015fl\u0259nm\u0259sin\u0259 k\u00f6m\u0259k edir.\u00a0 El\u0259c\u0259 d\u0259 ail\u0259d\u0259n k\u0259nar ya\u015famaq insana m\u00fcst\u0259qilliyi d\u0259 \u00f6yr\u0259dir. Bu, b\u00f6y\u00fck h\u0259yat t\u0259cr\u00fcb\u0259sidir\u201d.<\/p>\n<p>\u00d6t\u0259n il ali t\u0259hsilini ba\u015fa vuran \u0130ran\u0259 Bak\u0131da Beyn\u0259lxalq neft-kimya \u015firk\u0259tinin analitik laboratoriyas\u0131nda i\u015fl\u0259yir. Onun s\u00f6zl\u0259rin\u0259 g\u00f6r\u0259, Portuqaliyada t\u0259hsil ald\u0131\u011f\u0131 m\u00fcdd\u0259td\u0259 qazand\u0131\u011f\u0131 t\u0259cr\u00fcb\u0259 bug\u00fcnk\u00fc i\u015f yerind\u0259ki v\u0259zif\u0259sini asanla\u015fd\u0131r\u0131r.<\/p>\n<p>Dig\u0259r istiqam\u0259t \u201cErasmus Mundus proqram\u0131n\u0131n birg\u0259 magistr diplomlar\u0131\u201dd\u0131r. Burada A\u0130 magistr t\u0259hsil m\u00fcdd\u0259tini 2 il\u0259d\u0259k maliyy\u0259l\u0259\u015fdirir. Bu m\u00fcdd\u0259td\u0259 t\u0259l\u0259b\u0259 iki, \u00fc\u00e7, b\u0259z\u0259n is\u0259 d\u00f6rd Avropa universitetini d\u0259yi\u015f\u0259 bil\u0259r.\u00a0<\/p>\n<p>\u201cBu proqram\u0131n \u00fcst\u00fcn\u00fcl\u00fcy\u00fc ondan ibar\u0259tdir ki, m\u0259zun apar\u0131c\u0131 Avropa universitetl\u0259rinin bir ne\u00e7\u0259 diplomuna sahib ola bilir\u201d, &#8211; dey\u0259 Erasmus+ proqram\u0131n\u0131n \u0259laq\u0259l\u0259ndiricisi P.Ba\u011f\u0131rov qeyd edir.<\/p>\n<p>T\u0259r\u0259fda\u015f universitetl\u0259rin proqram\u0131 o d\u0259r\u0259c\u0259d\u0259 raz\u0131la\u015fd\u0131r\u0131lm\u0131\u015fd\u0131r ki, bir universitetd\u0259n dig\u0259rin\u0259 ke\u00e7idl\u0259 m\u0259nims\u0259m\u0259 prosesind\u0259 he\u00e7 bir bo\u015fluq olmadan bir ixtisasa yiy\u0259l\u0259nm\u0259k m\u00fcmk\u00fcnd\u00fcr. Bu proqramda 100-d\u0259n \u00e7ox ixsisas \u00fczr\u0259 i\u015ftirak m\u00fcmk\u00fcnd\u00fcr.<\/p>\n<p>\u201cBu istiqam\u0259td\u0259 r\u0259qab\u0259t \u00e7ox y\u00fcks\u0259kdir. Bel\u0259 ki, b\u00fct\u00fcn d\u00fcnyadan t\u0259l\u0259bl\u0259r i\u015ftirak \u00fc\u00e7\u00fcn \u0259riz\u0259 g\u00f6nd\u0259rir. H\u0259m\u00e7inin h\u0259r il Az\u0259rbaycandan da \u00e7oxlu sayda \u0259riz\u0259l\u0259r g\u00f6nd\u0259rilir. Lakin sad\u0259c\u0259 2-3 n\u0259f\u0259r se\u00e7iml\u0259rd\u0259n ke\u00e7\u0259 bilir. Bunun s\u0259b\u0259bi bilikl\u0259rin z\u0259if olmas\u0131ndad\u0131r\u201d, &#8211; dey\u0259 Erasmus+ proqram\u0131n\u0131n \u0259laq\u0259l\u0259ndiricisi P.Ba\u011f\u0131rov bildirir.<\/p>\n<p>Erasmus+ proqram\u0131n\u0131n \u00fc\u00e7\u00fcnc\u00fc \u0259n iri istiqam\u0259l\u0259rind\u0259n biri d\u0259 \u201cAli t\u0259hsilin potensial\u0131n\u0131n y\u00fcks\u0259ldilm\u0259si layih\u0259si\u201ddir (Tempus proqram\u0131n\u0131n varisi). Bu, ali t\u0259hsilin m\u00fcasirl\u0259\u015fdirilm\u0259sini d\u0259st\u0259kl\u0259y\u0259r\u0259k Avropa \u00f6lk\u0259l\u0259ri il\u0259 A\u0130 t\u0259r\u0259fda\u015f \u00f6lk\u0259l\u0259ri aras\u0131nda universitetl\u0259raras\u0131 \u0259m\u0259kda\u015fl\u0131\u011f\u0131 t\u0259min edir.\u00a0 Az\u0259rbaycanda haz\u0131rda alt\u0131 layih\u0259 f\u0259ald\u0131r.<\/p>\n<p>Bak\u0131 D\u00f6vl\u0259t Universitetinin Frans\u0131z dili m\u00fc\u0259llim\u0259si \u0130rad\u0259 \u018fmiraslanova Az\u0259rbaycanda 1995 \u2013 1999-cu ill\u0259rd\u0259 ilk Tempus layih\u0259l\u0259rinin i\u015ftirak\u00e7\u0131lar\u0131ndan biri olub.\u00a0 Bu layih\u0259 Az\u0259rbaycanla Fransa universitetl\u0259ri aras\u0131nda yax\u0131nla\u015fman\u0131n, el\u0259c\u0259 d\u0259 Avropa ali t\u0259hsil sistemi il\u0259 tan\u0131\u015fl\u0131qdan ibar\u0259t idi.<\/p>\n<p>\u201cBu, h\u0259l\u0259 Az\u0259rbaycanda y\u00fcks\u0259k texnologiyalar\u0131n olmad\u0131\u011f\u0131, sovet t\u0259hsil sisteminin m\u00f6vcud oldu\u011fu d\u00f6vr idi. Bu, bizim\u00e7\u00fcn Avropa v\u0259 onun t\u0259hsil sistemi il\u0259 ilk t\u0259cr\u00fcb\u0259 tan\u0131\u015fl\u0131\u011f\u0131 idi\u201d, &#8211; dey\u0259 h\u0259l\u0259 d\u0259 BDU-da m\u00fc\u0259llim\u0259 kimi \u0130rad\u0259 \u018fmiraslanova xat\u0131rlay\u0131r.<\/p>\n<p>Onun s\u00f6zl\u0259rin\u0259 g\u00f6r\u0259, layih\u0259d\u0259 i\u015ftirak etm\u0259k h\u0259r k\u0259s\u0259 \u00e7ox \u015fey b\u0259x\u015f etdi:<\/p>\n<p>\u201cBu, Frans\u0131z dili il\u0259, el\u0259c\u0259 d\u0259 yeni m\u0259d\u0259niyy\u0259tl\u0259 m\u00fck\u0259mm\u0259l tan\u0131\u015fl\u0131q idi. Biz ali t\u0259hsild\u0259 yeni \u00fcsul v\u0259 yana\u015fmalarla ba\u011fl\u0131 bir \u00e7ox \u015feyl\u0259r \u00f6yr\u0259ndik. B\u00fct\u00fcn bunlar bizim \u00fc\u00e7\u00fcn yenilik idi\u201d.<\/p>\n<p>A\u0130 il\u0259 Az\u0259rbaycan aras\u0131ndak\u0131 t\u0259hsil sah\u0259sind\u0259 sistemin m\u00fcasirl\u0259\u015fdirilm\u0259sin\u0259 istiqam\u0259tl\u0259nmi\u015f ikit\u0259r\u0259fli i\u015fl\u0259r apar\u0131l\u0131r. \u018fm\u0259kda\u015fl\u0131q 2015-ci ilin dekabr\u0131nda imzalanm\u0131\u015f Az\u0259rbaycanda t\u0259hsil\u0259 d\u0259st\u0259k d\u00f6vl\u0259t proqram\u0131na \u0259saslan\u0131r.<\/p>\n<p>2016 \u2013 2020-ci ill\u0259r t\u0259hsil Bak\u0131 il\u0259 Br\u00fcssel aras\u0131nda ikit\u0259r\u0259fli \u0259m\u0259kda\u015fl\u0131\u011f\u0131n prioritet istiqam\u0259tl\u0259rind\u0259n biri adland\u0131r\u0131l\u0131r. \u018fsas\u0259n d\u0259 \u00f6lk\u0259d\u0259 m\u00fcasir pe\u015f\u0259 t\u0259hsili v\u0259 sisteminin (VET) b\u0259rpas\u0131d\u0131r.<\/p>\n<p>\u201cBiz Az\u0259rbaycanda t\u0259hsil sah\u0259sind\u0259 islahatlarla ba\u011fl\u0131 f\u0259al \u00e7al\u0131\u015f\u0131r\u0131q. A\u0130 Az\u0259rbaycan h\u00f6kum\u0259tin\u0259 d\u0259st\u0259k m\u0259qs\u0259dil\u0259 t\u0259hsil sah\u0259sind\u0259ki islahatlara,\u00a0 x\u00fcsusil\u0259 d\u0259 pe\u015f\u0259kar texniki t\u0259hsil\u0259 19 miyon avro ay\u0131r\u0131b\u201d, &#8211; Az\u0259rbaycanda A\u0130 N\u00fcmay\u0259nd\u0259liyinin r\u0259hb\u0259ri Malena Mard b\u0259yan edib.<\/p>\n<p>Cari ilin sentyabr\u0131nda ali t\u0259hsil sah\u0259sind\u0259 iki illik iri Tvinninq layih\u0259si ba\u015fa \u00e7atacaq. Layih\u0259nin m\u0259qs\u0259di Az\u0131rbaycan\u0131n T\u0259hsil Nazirliyi v\u0259 universitetl\u0259rinin Avropa prinsip v\u0259 t\u0259cr\u00fcb\u0259sinin h\u0259yata ke\u00e7irilm\u0259sind\u0259 pe\u015f\u0259kar s\u0259lahiyy\u0259tl\u0259ri y\u00fcks\u0259ltm\u0259kdir. 1,3 milyon avrolu b\u00fcdc\u0259y\u0259 malik layih\u0259 Finlandiya v\u0259 Estoniya t\u0259hsilin keyfiyy\u0259tinin qiym\u0259tl\u0259ndirilm\u0259si layih\u0259si il\u0259 birg\u0259 h\u0259yata ke\u00e7irilir.<\/p>\n<p>\u201cAz\u0259rbaycan 2005-ci ild\u0259n Boloniya prosesin\u0259 qo\u015fularaq \u00e7oxsayl\u0131 islahatlara g\u0259tirib \u00e7\u0131xard\u0131. Lakin sistem inki\u015faf etm\u0259kd\u0259 davam edir v\u0259 Az\u0259rbaycan\u0131n ali t\u0259hsil sah\u0259sinin Avropa s\u0259viyy\u0259sin\u0259 \u00e7atmas\u0131 laz\u0131md\u0131r. \u018fsas m\u0259s\u0259l\u0259 t\u0259hsilin keyfiyy\u0259tinin yax\u015f\u0131la\u015fd\u0131rlmas\u0131d\u0131r\u201d, &#8211; dey\u0259 layih\u0259nin \u0259laq\u0259l\u0259ndiricisi Reyno Axolaynen qeyd edir.\u00a0\u00a0<\/p>\n<\/div>\n<p><strong class=\"node_view\"><\/strong>\n      <\/div>\n<div class=\"paragraph paragraph--type--image-block paragraph--view-mode--xml\">\n<div class=\"node__media node__media--carousel node__media--right\">\n<div class=\"node__media-container\">\n            <img loading=\"lazy\" decoding=\"async\" src=\"\/sites\/default\/files\/2017-05\/%D1%84%D0%BE%D1%82%D0%BE%202.jpg\" width=\"1366\" height=\"768\" alt=\"Erasmus Azerbaijan\" typeof=\"Image\" \/><\/p><\/div>\n<\/p><\/div>\n<div class=\"node__text\">\n<p>Haz\u0131rda layih\u0259 \u00e7\u0259r\u00e7iv\u0259sind\u0259 t\u0259hsil \u00fczr\u0259 550 m\u00fct\u0259xx\u0259sis haz\u0131rl\u0131q ke\u00e7ib. Onlar Az\u0259rbaycan\u0131n T\u0259hsil Nazirliyi, universitetl\u0259rini, el\u0259c\u0259 d\u0259 dig\u0259r aidiyyat\u0131 qurumlar\u0131 t\u0259msil edir. Apreld\u0259 layih\u0259nin qiym\u0259tl\u0259ndirilm\u0259si g\u00f6zl\u0259nilir. Bundan sonra yekun n\u0259tic\u0259l\u0259r \u00e7\u0131xar\u0131lacaq.<\/p>\n<p>Az\u0259rbaycanda A\u0130-nin N\u00fcmay\u0259nd\u0259liyind\u0259n qeyd edildiyi kimi, Milli kvalifikasiya \u00e7\u0259r\u00e7iv\u0259sinin haz\u0131rlanmas\u0131 \u2013 \u0259m\u0259k bazar\u0131 t\u0259r\u0259find\u0259n i\u015f\u00e7il\u0259rin h\u00fcquqi v\u0259 institusional ixtisasla\u015fd\u0131rmalar\u0131n\u0131n nizamlanmas\u0131 ayr\u0131ca istiqam\u0259t hesab olunur.<\/p>\n<p>Bu \u00f6lk\u0259nin \u0259m\u0259k bazar\u0131nda ixsisaslar, ixtisasla\u015fma v\u0259 t\u0259l\u0259bat aras\u0131nda uy\u011funsuzlu\u011fun aradan qald\u0131rmas\u0131na imkan yaradacaq. El\u0259c\u0259 d\u0259 i\u015f\u00e7inin real pe\u015f\u0259kar ixtisasla\u015fmas\u0131n\u0131n \u201cqiym\u0259tl\u0259ndirilm\u0259sin\u0259\u201d, h\u0259m\u00e7inin \u00f6m\u00fcrboyu t\u0259hsil prosesi \u00fc\u00e7\u00fcn imkanlar yaradacaq (Life-long learning).<\/p>\n<p>\u018fg\u0259r Az\u0259rbaycan\u0131n ali t\u0259hsil sah\u0259sinin m\u00fcasirl\u0259\u015fm\u0259y\u0259 ehtiyac\u0131 varsa, o zaman pe\u015f\u0259 t\u0259hsilin tamamil\u0259 b\u0259rpa olunmas\u0131na ehtiyac var. Az\u0259rbaycan o \u00f6lk\u0259l\u0259rd\u0259ndir ki, burada ixtisasl\u0131 i\u015f\u00e7il\u0259r\u0259 ehtiyac VET t\u0259hsil m\u00fc\u0259ssis\u0259sinin t\u0259min etdiyind\u0259n \u00e7oxdur.\u00a0\u00a0<\/p>\n<p>Az\u0259rbaycanda\u00a0 h\u0259r il 11% m\u0259kt\u0259b m\u0259zunu pe\u015f\u0259 t\u0259hsili v\u0259 t\u0259limi m\u00fc\u0259ssis\u0259l\u0259rin\u0259 daxil olur ki, bu da inki\u015faf etmi\u015f \u00f6lk\u0259l\u0259rin orta g\u00f6st\u0259ricisinin 40 \u2013 60%-ni t\u0259\u015fkil edir. M\u0259hz buna g\u00f6r\u0259 d\u0259 T\u0259hsil Nazirliyi VET-i 2016-2020-ci ill\u0259r \u00fc\u00e7\u00fcn orta m\u00fcdd\u0259tli prioritet olaraq elan edib.<\/p>\n<p>A\u0130 il\u0259 Az\u0259rbaycan aras\u0131nda pe\u015f\u0259 t\u0259hsili v\u0259 t\u0259limi \u0259m\u0259kda\u015fl\u0131\u011f\u0131n u\u011furlu n\u0259tic\u0259 n\u00fcmun\u0259l\u0259ri art\u0131q var. Bunun yekunu olaraq 2016-c\u0131 ild\u0259 \u00f6lk\u0259nin \u015fimal-q\u0259rb da\u011fl\u0131q rayonu olan \u0130smay\u0131ll\u0131da pe\u015f\u0259 t\u0259hsili v\u0259 t\u0259limi m\u00fc\u0259ssis\u0259nin m\u00fcasirl\u0259\u015fdirilm\u0259si oldu.<\/p>\n<\/div>\n<p><strong class=\"node_view\"><\/strong>\n      <\/div>\n<div class=\"paragraph paragraph--type--video-block paragraph--view-mode--xml\">\n<div class=\"node__media node__media--right\">\n<div class=\"node__media-container\">\n<div data-video-embed-field-modal=\"&lt;div class=&quot;video-embed-field-responsive-video video-embed-field-responsive-modal&quot; style=&quot;width:1000px;&quot;&gt;https:\/\/www.youtube.com\/embed\/iYv1ZTgyDe8\n&lt;\/div&gt;\n\" class=\"video-embed-field-launch-modal video-item__link\">  <span class=\"video-item__overlay\"><\/span><br \/>\n  <span class=\"video-item__icon icon icon--play\"><\/span><br \/>\n  <img loading=\"lazy\" decoding=\"async\" src=\"\/sites\/default\/files\/styles\/node_video\/public\/video_thumbnails\/iYv1ZTgyDe8.jpg?itok=hem0WkYT\" width=\"800\" height=\"450\" alt=\"\" typeof=\"Image\" class=\"img-responsive\" \/><\/p>\n<\/div>\n<div class=\"media__overlay\">\n<div class=\"row middle-xs\">\n<div class=\"col-xs-12 col-sm-9\">\n<div class=\"media__title\">Vocational Educational Centre in Ismayilli<\/div>\n<\/p><\/div>\n<\/p><\/div>\n<\/p><\/div>\n<\/p><\/div>\n<\/p><\/div>\n<div class=\"node__text\">\n<p>Burada turizm v\u0259 \u00f6z\u0259l biznes \u00fc\u00e7\u00fcn m\u00fct\u0259xx\u0259sisl\u0259r haz\u0131rlan\u0131r. A\u0130 bu layih\u0259nin h\u0259yata ke\u00e7irilm\u0259si \u00fc\u00e7\u00fcn 2,5 milyon avro ay\u0131r\u0131b. M\u0259rk\u0259zin r\u0259hb\u0259ri Zaur \u0130smay\u0131lov hesab edir ki, buradak\u0131 m\u0259zunlar i\u015f\u0259 d\u00fcz\u0259lm\u0259kl\u0259 ba\u011fl\u0131 probleml\u0259r ya\u015fam\u0131rlar.<\/p>\n<p>Az\u0259rbaycanda A\u0130-nin N\u00fcmay\u0259nd\u0259liyind\u0259n vur\u011fulan\u0131b ki, pe\u015f\u0259 t\u0259hsili v\u0259 t\u0259limi sisteminin m\u00fcasirl\u0259\u015fdirilm\u0259si \u00e7\u0259r\u00e7iv\u0259sind\u0259 A\u0130 \u00f6t\u0259n ilin dekabr\u0131nda Qeyri-H\u00f6kum\u0259t T\u0259\u015fkilatlar\u0131 (QHT) \u00fc\u00e7\u00fcn tender elan edib. Tenderin m\u0259qs\u0259di Az\u0259rbaycan\u0131n regionlar\u0131nda pe\u015f\u0259 t\u0259hsili v\u0259 t\u0259limi m\u0259rk\u0259zl\u0259rinin m\u00fcasirl\u0259\u015fdirilm\u0259sidir. A\u0130 b\u00fct\u00fcn t\u0259\u015f\u0259bb\u00fcsl\u0259r\u0259 6,1 milyon avro ay\u0131r\u0131b.<\/p>\n<p>A\u0130-nin Az\u0259rbaycan g\u0259ncl\u0259ri \u00fc\u00e7\u00fcn t\u0259qdim etdiyi imkanlar t\u0259hsill\u0259 kifay\u0259tl\u0259nmir. El\u0259 layih\u0259l\u0259r var ki,\u00a0 burada dig\u0259r \u00f6lk\u0259l\u0259rd\u0259ki g\u0259ncl\u0259rl\u0259 birl\u0259\u015fm\u0259y\u0259, h\u0259mya\u015f\u0131dlar\u0131 v\u0259 h\u0259mfikirl\u0259ri il\u0259 \u00fcnsiyy\u0259tin qaydaya salma\u011fa, fikir m\u00fcbadil\u0259sin\u0259, el\u0259c\u0259 d\u0259 dil bilgil\u0259rinin y\u00fcks\u0259ldilm\u0259sin\u0259 y\u00f6n\u0259ldilib. Bu layih\u0259l\u0259rd\u0259n biri d\u0259 \u201cG\u0259nc avropal\u0131 s\u0259firl\u0259r\u201ddir.<\/p>\n<p>\u201cG\u0259nc avropal\u0131 s\u0259firl\u0259r\u201d \u2013 Facebook-dak\u0131 <a href=\"https:\/\/www.facebook.com\/euneighbourseast\/?fref=ts\">a\u00e7\u0131q qrupun<\/a> h\u0259r\u0259k\u0259tverici q\u00fcvv\u0259sidir. A\u0130 v\u0259 \u015e\u0259rq T\u0259r\u0259fda\u015fl\u0131\u011f\u0131 \u00f6lk\u0259l\u0259rind\u0259n olan k\u00f6n\u00fcll\u00fcl\u0259r \u0259m\u0259kda\u015fl\u0131qda, el\u0259c\u0259 d\u0259 bilik v\u0259 t\u0259cr\u00fcb\u0259l\u0259rinin m\u00fcbadil\u0259sind\u0259 f\u0259al i\u015ftirak edir\u201d, &#8211; layih\u0259nin \u0259laq\u0259l\u0259ndiricisi Sofi Veriter deyir.<\/p>\n<p>T\u0259\u015f\u0259bb\u00fcs 2016-c\u0131 ilin sentyabr\u0131nda t\u0259qdim edilib. Buraya 850-d\u0259n \u00e7ox n\u0259f\u0259r maraq g\u00f6st\u0259rib. S.Velterin s\u00f6zl\u0259rin\u0259 g\u00f6r\u0259, \u0259riz\u0259l\u0259r b\u00fct\u00fcn Avropdan, daha \u00e7ox is\u0259 Ukrayna v\u0259 Az\u0259rbaycandan g\u00f6nd\u0259rilib:<\/p>\n<p>\u201cLayih\u0259nin b\u00fct\u00fcn i\u015ftirak\u00e7\u0131lar\u0131 b\u00f6y\u00fck f\u0259all\u0131q n\u00fcmayi\u015f etdirir. Az\u0259rbaycandan olan i\u015ftirak\u00e7\u0131lar g\u0259ncl\u0259rin c\u0259miyy\u0259td\u0259ki imkanlar\u0131 haqq\u0131nda \u00e7oxlu sayda x\u0259b\u0259rl\u0259r payla\u015faraq, bloqumuz \u00fc\u00e7\u00fcn n\u0259\u015frl\u0259r yaz\u0131r, \u00fcnsiyy\u0259t \u00fc\u00e7\u00fcn a\u00e7\u0131qd\u0131rlar\u201d, &#8211; dey\u0259 Sofi Veriter qeyd edir.<\/p>\n<p>Haz\u0131rda A\u0130 v\u0259 \u015e\u0259rq T\u0259r\u0259fda\u015fl\u0131\u011f\u0131 \u00f6lk\u0259l\u0259rind\u0259n \u201cG\u0259nc avropal\u0131 s\u0259firl\u0259r\u201d\u0259 100-d\u0259n \u00e7ox insan qo\u015fulub.<\/p>\n<p>\u201cM\u0259qs\u0259dimiz \u2013 Az\u0259rbaycan\u0131 Avropa \u0130ttifaq\u0131 \u00f6lk\u0259l\u0259rinin m\u0259d\u0259niyy\u0259ti, tarixi v\u0259 h\u0259yat\u0131n\u0131 yax\u0131ndan tan\u0131nmas\u0131ndan ibar\u0259tdir. \u018fn vacibi is\u0259 bir-birimizl\u0259 t\u0259hsil imkanlar\u0131 il\u0259 ba\u011fl\u0131 m\u0259lumatlar\u0131 b\u00f6l\u00fc\u015fd\u00fcrm\u0259kdir. Bel\u0259 ki bu, Avropan\u0131 tan\u0131maq v\u0259 g\u0259ncl\u0259rimizi inki\u015faf etdirm\u0259k \u00fc\u00e7\u00fcn \u0259n yax\u015f\u0131 vasit\u0259 hesab edirik\u201d, &#8211; layih\u0259nin Bak\u0131dan olan f\u0259al\u0131 Nuriyy\u0259 H\u0259s\u0259nova (\u201cQafqaz\u201d Universiteti) bildirir.\u00a0<\/p>\n<p>2016-c\u0131 ilin avqustunda Az\u0259rbaycanda bu t\u0259\u015f\u0259bb\u00fcs \u00e7\u0259r\u00e7iv\u0259sind\u0259 ilk t\u0259dbir ke\u00e7irilib. \u201cAvropa M\u0259kt\u0259bi\u201d d\u00f6rdg\u00fcnl\u00fck interaktiv kurs Q\u0259b\u0259l\u0259d\u0259 &#8211; Az\u0259rbaycanda A\u0130-nin N\u00fcmay\u0259nd\u0259liyinin d\u0259st\u0259yil\u0259 ba\u015f tutdu.<\/p>\n<p>\u201cM\u0259n qeyd etdim ki, b\u00fct\u00fcn h\u0259myerlil\u0259rimiz Avropan\u0131 m\u00fcsb\u0259t olaraq q\u0259bul etmir. \u00c7oxlar\u0131 hesab edir ki, Avropaya ehtiyatla yana\u015f\u0131lmal\u0131d\u0131r. Buna g\u00f6r\u0259 d\u0259 az\u0259rbaycanl\u0131lara avropal\u0131lar\u0131 v\u0259 Avropa \u0130ttfaq\u0131n\u0131 yax\u015f\u0131 ba\u015fa d\u00fc\u015fm\u0259y\u0259 k\u00f6m\u0259k etm\u0259y\u0259 q\u0259rara ald\u0131m\u201d, &#8211; layih\u0259nin dig\u0259r f\u0259al\u0131, ADA universitetinin t\u0259l\u0259b\u0259si Samir S\u0259limzad\u0259 deyir.<\/p>\n<p>Samir \u0259mindir ki, Az\u0259rbaycan \u00f6z unikal m\u0259d\u0259niyy\u0259tini qorumaqla yana\u015f\u0131, Avropan\u0131n bir \u00e7ox m\u0259s\u0259l\u0259l\u0259rd\u0259\u00a0 m\u00fcsb\u0259t t\u0259cr\u00fcb\u0259sin\u0259 d\u0259 sahib olmal\u0131d\u0131r. Samirin s\u00f6zl\u0259rin\u0259 g\u00f6r\u0259, A\u0130-nin Az\u0259rbaycan g\u0259ncl\u0259ri \u00fc\u00e7\u00fcn t\u0259qdim etdiyi imkanlar oluqca geni\u015fdir.<\/p>\n<p><strong>Elena Ostapenko<\/strong><\/p>\n<p>\u00a0<\/p>\n<\/div>\n<p><strong class=\"node_view\"><\/strong>\n      <\/div>\n","protected":false},"excerpt":{"rendered":"<p>T\u0259hsil h\u0259r zaman insan\u0131n formala\u015fmas\u0131nda, el\u0259c\u0259 d\u0259 onun h\u0259yat\u0131nda g\u0259l\u0259c\u0259k\u00a0 perspektivl\u0259rini m\u00fc\u0259yy\u0259n etm\u0259sind\u0259 apar\u0131c\u0131 rol oynay\u0131r.<\/p>\n","protected":false},"author":1,"featured_media":41142,"comment_status":"closed","ping_status":"open","sticky":false,"template":"","format":"standard","meta":{"_acf_changed":false,"footnotes":""},"categories":[374,376,284],"tags":[],"topic":[],"class_list":["post-41141","post","type-post","status-publish","format-standard","has-post-thumbnail","hentry","category-whats-happening-az","category-tematik-xbr","category-news-az"],"acf":[],"yoast_head":"<!-- This site is optimized with the Yoast SEO plugin v26.4 - https:\/\/yoast.com\/wordpress\/plugins\/seo\/ -->\n<title>G&#x259;ncl&#x259;rin t&#x259;hsili &#x2013; g&#x259;l&#x259;c&#x259;yin t&#x259;minat&#x131;: Avropa &#x130;ttifaq&#x131; Az&#x259;rbaycan &#xFC;&#xE7;&#xFC;n yeni imkanlar a&#xE7;&#x131;r - EU for Azerbaijan<\/title>\n<meta name=\"robots\" content=\"index, follow, max-snippet:-1, max-image-preview:large, max-video-preview:-1\" \/>\n<link rel=\"canonical\" href=\"https:\/\/eu4azerbaijan.eu\/az\/gnclrin-thsili-glcyin-tminat-avropa-ttifaq-azrbaycan-n-yeni-imkanlar-ar\/\" \/>\n<meta property=\"og:locale\" content=\"az_AZ\" \/>\n<meta property=\"og:type\" content=\"article\" \/>\n<meta property=\"og:title\" content=\"G&#x259;ncl&#x259;rin t&#x259;hsili &#x2013; g&#x259;l&#x259;c&#x259;yin t&#x259;minat&#x131;: Avropa &#x130;ttifaq&#x131; Az&#x259;rbaycan &#xFC;&#xE7;&#xFC;n yeni imkanlar a&#xE7;&#x131;r - EU for Azerbaijan\" \/>\n<meta property=\"og:description\" content=\"T\u0259hsil h\u0259r zaman insan\u0131n formala\u015fmas\u0131nda, el\u0259c\u0259 d\u0259 onun h\u0259yat\u0131nda g\u0259l\u0259c\u0259k\u00a0 perspektivl\u0259rini m\u00fc\u0259yy\u0259n etm\u0259sind\u0259 apar\u0131c\u0131 rol oynay\u0131r.\" \/>\n<meta property=\"og:url\" content=\"https:\/\/eu4azerbaijan.eu\/az\/gnclrin-thsili-glcyin-tminat-avropa-ttifaq-azrbaycan-n-yeni-imkanlar-ar\/\" \/>\n<meta property=\"og:site_name\" content=\"EU for Azerbaijan\" \/>\n<meta property=\"article:published_time\" content=\"2017-03-27T00:00:00+00:00\" \/>\n<meta property=\"article:modified_time\" content=\"2021-02-17T16:44:17+00:00\" \/>\n<meta property=\"og:image\" content=\"https:\/\/eu4azerbaijan.eu\/wp-content\/uploads\/16910997_737478059744146_507113996_o_1.jpg\" \/>\n\t<meta property=\"og:image:width\" content=\"2048\" \/>\n\t<meta property=\"og:image:height\" content=\"1365\" \/>\n\t<meta property=\"og:image:type\" content=\"image\/jpeg\" \/>\n<meta name=\"author\" content=\"efgdigital\" \/>\n<meta name=\"twitter:card\" content=\"summary_large_image\" \/>\n<meta name=\"twitter:label1\" content=\"Written by\" \/>\n\t<meta name=\"twitter:data1\" content=\"efgdigital\" \/>\n\t<meta name=\"twitter:label2\" content=\"Est. reading time\" \/>\n\t<meta name=\"twitter:data2\" content=\"12 minutes\" \/>\n<script type=\"application\/ld+json\" class=\"yoast-schema-graph\">{\"@context\":\"https:\/\/schema.org\",\"@graph\":[{\"@type\":\"WebPage\",\"@id\":\"https:\/\/eu4azerbaijan.eu\/az\/gnclrin-thsili-glcyin-tminat-avropa-ttifaq-azrbaycan-n-yeni-imkanlar-ar\/\",\"url\":\"https:\/\/eu4azerbaijan.eu\/az\/gnclrin-thsili-glcyin-tminat-avropa-ttifaq-azrbaycan-n-yeni-imkanlar-ar\/\",\"name\":\"G&#x259;ncl&#x259;rin t&#x259;hsili &#x2013; g&#x259;l&#x259;c&#x259;yin t&#x259;minat&#x131;: Avropa &#x130;ttifaq&#x131; Az&#x259;rbaycan &#xFC;&#xE7;&#xFC;n yeni imkanlar a&#xE7;&#x131;r - EU for Azerbaijan\",\"isPartOf\":{\"@id\":\"https:\/\/eu4azerbaijan.eu\/az\/#website\"},\"primaryImageOfPage\":{\"@id\":\"https:\/\/eu4azerbaijan.eu\/az\/gnclrin-thsili-glcyin-tminat-avropa-ttifaq-azrbaycan-n-yeni-imkanlar-ar\/#primaryimage\"},\"image\":{\"@id\":\"https:\/\/eu4azerbaijan.eu\/az\/gnclrin-thsili-glcyin-tminat-avropa-ttifaq-azrbaycan-n-yeni-imkanlar-ar\/#primaryimage\"},\"thumbnailUrl\":\"https:\/\/eu4azerbaijan.eu\/wp-content\/uploads\/16910997_737478059744146_507113996_o_1.jpg\",\"datePublished\":\"2017-03-27T00:00:00+00:00\",\"dateModified\":\"2021-02-17T16:44:17+00:00\",\"author\":{\"@id\":\"https:\/\/eu4azerbaijan.eu\/az\/#\/schema\/person\/8e61f36472c1a07751c0c51b469566db\"},\"breadcrumb\":{\"@id\":\"https:\/\/eu4azerbaijan.eu\/az\/gnclrin-thsili-glcyin-tminat-avropa-ttifaq-azrbaycan-n-yeni-imkanlar-ar\/#breadcrumb\"},\"inLanguage\":\"az-AZ\",\"potentialAction\":[{\"@type\":\"ReadAction\",\"target\":[\"https:\/\/eu4azerbaijan.eu\/az\/gnclrin-thsili-glcyin-tminat-avropa-ttifaq-azrbaycan-n-yeni-imkanlar-ar\/\"]}]},{\"@type\":\"ImageObject\",\"inLanguage\":\"az-AZ\",\"@id\":\"https:\/\/eu4azerbaijan.eu\/az\/gnclrin-thsili-glcyin-tminat-avropa-ttifaq-azrbaycan-n-yeni-imkanlar-ar\/#primaryimage\",\"url\":\"https:\/\/eu4azerbaijan.eu\/wp-content\/uploads\/16910997_737478059744146_507113996_o_1.jpg\",\"contentUrl\":\"https:\/\/eu4azerbaijan.eu\/wp-content\/uploads\/16910997_737478059744146_507113996_o_1.jpg\",\"width\":2048,\"height\":1365,\"caption\":\"G&#x259;ncl&#x259;rin t&#x259;hsili &#x2013; g&#x259;l&#x259;c&#x259;yin t&#x259;minat&#x131;: Avropa &#x130;ttifaq&#x131; Az&#x259;rbaycan &#xFC;&#xE7;&#xFC;n yeni imkanlar a&#xE7;&#x131;r\"},{\"@type\":\"BreadcrumbList\",\"@id\":\"https:\/\/eu4azerbaijan.eu\/az\/gnclrin-thsili-glcyin-tminat-avropa-ttifaq-azrbaycan-n-yeni-imkanlar-ar\/#breadcrumb\",\"itemListElement\":[{\"@type\":\"ListItem\",\"position\":1,\"name\":\"Home\",\"item\":\"https:\/\/eu4azerbaijan.eu\/az\/\"},{\"@type\":\"ListItem\",\"position\":2,\"name\":\"G&#x259;ncl&#x259;rin t&#x259;hsili &#x2013; g&#x259;l&#x259;c&#x259;yin t&#x259;minat&#x131;: Avropa &#x130;ttifaq&#x131; Az&#x259;rbaycan &#xFC;&#xE7;&#xFC;n yeni imkanlar a&#xE7;&#x131;r\"}]},{\"@type\":\"WebSite\",\"@id\":\"https:\/\/eu4azerbaijan.eu\/az\/#website\",\"url\":\"https:\/\/eu4azerbaijan.eu\/az\/\",\"name\":\"EU for Azerbaijan\",\"description\":\"\",\"potentialAction\":[{\"@type\":\"SearchAction\",\"target\":{\"@type\":\"EntryPoint\",\"urlTemplate\":\"https:\/\/eu4azerbaijan.eu\/az\/?s={search_term_string}\"},\"query-input\":{\"@type\":\"PropertyValueSpecification\",\"valueRequired\":true,\"valueName\":\"search_term_string\"}}],\"inLanguage\":\"az-AZ\"},{\"@type\":\"Person\",\"@id\":\"https:\/\/eu4azerbaijan.eu\/az\/#\/schema\/person\/8e61f36472c1a07751c0c51b469566db\",\"name\":\"efgdigital\",\"image\":{\"@type\":\"ImageObject\",\"inLanguage\":\"az-AZ\",\"@id\":\"https:\/\/eu4azerbaijan.eu\/az\/#\/schema\/person\/image\/\",\"url\":\"https:\/\/secure.gravatar.com\/avatar\/53d8cb126cff14a5dd568f2dd65fdf3ad9542207d0e197850c88aed5f5464585?s=96&d=mm&r=g\",\"contentUrl\":\"https:\/\/secure.gravatar.com\/avatar\/53d8cb126cff14a5dd568f2dd65fdf3ad9542207d0e197850c88aed5f5464585?s=96&d=mm&r=g\",\"caption\":\"efgdigital\"},\"url\":\"https:\/\/eu4azerbaijan.eu\/az\/author\/efgdigital\/\"}]}<\/script>\n<!-- \/ Yoast SEO plugin. -->","yoast_head_json":{"title":"G&#x259;ncl&#x259;rin t&#x259;hsili &#x2013; g&#x259;l&#x259;c&#x259;yin t&#x259;minat&#x131;: Avropa &#x130;ttifaq&#x131; Az&#x259;rbaycan &#xFC;&#xE7;&#xFC;n yeni imkanlar a&#xE7;&#x131;r - EU for Azerbaijan","robots":{"index":"index","follow":"follow","max-snippet":"max-snippet:-1","max-image-preview":"max-image-preview:large","max-video-preview":"max-video-preview:-1"},"canonical":"https:\/\/eu4azerbaijan.eu\/az\/gnclrin-thsili-glcyin-tminat-avropa-ttifaq-azrbaycan-n-yeni-imkanlar-ar\/","og_locale":"az_AZ","og_type":"article","og_title":"G&#x259;ncl&#x259;rin t&#x259;hsili &#x2013; g&#x259;l&#x259;c&#x259;yin t&#x259;minat&#x131;: Avropa &#x130;ttifaq&#x131; Az&#x259;rbaycan &#xFC;&#xE7;&#xFC;n yeni imkanlar a&#xE7;&#x131;r - EU for Azerbaijan","og_description":"T\u0259hsil h\u0259r zaman insan\u0131n formala\u015fmas\u0131nda, el\u0259c\u0259 d\u0259 onun h\u0259yat\u0131nda g\u0259l\u0259c\u0259k\u00a0 perspektivl\u0259rini m\u00fc\u0259yy\u0259n etm\u0259sind\u0259 apar\u0131c\u0131 rol oynay\u0131r.","og_url":"https:\/\/eu4azerbaijan.eu\/az\/gnclrin-thsili-glcyin-tminat-avropa-ttifaq-azrbaycan-n-yeni-imkanlar-ar\/","og_site_name":"EU for Azerbaijan","article_published_time":"2017-03-27T00:00:00+00:00","article_modified_time":"2021-02-17T16:44:17+00:00","og_image":[{"width":2048,"height":1365,"url":"https:\/\/eu4azerbaijan.eu\/wp-content\/uploads\/16910997_737478059744146_507113996_o_1.jpg","type":"image\/jpeg"}],"author":"efgdigital","twitter_card":"summary_large_image","twitter_misc":{"Written by":"efgdigital","Est. reading time":"12 minutes"},"schema":{"@context":"https:\/\/schema.org","@graph":[{"@type":"WebPage","@id":"https:\/\/eu4azerbaijan.eu\/az\/gnclrin-thsili-glcyin-tminat-avropa-ttifaq-azrbaycan-n-yeni-imkanlar-ar\/","url":"https:\/\/eu4azerbaijan.eu\/az\/gnclrin-thsili-glcyin-tminat-avropa-ttifaq-azrbaycan-n-yeni-imkanlar-ar\/","name":"G&#x259;ncl&#x259;rin t&#x259;hsili &#x2013; g&#x259;l&#x259;c&#x259;yin t&#x259;minat&#x131;: Avropa &#x130;ttifaq&#x131; Az&#x259;rbaycan &#xFC;&#xE7;&#xFC;n yeni imkanlar a&#xE7;&#x131;r - EU for Azerbaijan","isPartOf":{"@id":"https:\/\/eu4azerbaijan.eu\/az\/#website"},"primaryImageOfPage":{"@id":"https:\/\/eu4azerbaijan.eu\/az\/gnclrin-thsili-glcyin-tminat-avropa-ttifaq-azrbaycan-n-yeni-imkanlar-ar\/#primaryimage"},"image":{"@id":"https:\/\/eu4azerbaijan.eu\/az\/gnclrin-thsili-glcyin-tminat-avropa-ttifaq-azrbaycan-n-yeni-imkanlar-ar\/#primaryimage"},"thumbnailUrl":"https:\/\/eu4azerbaijan.eu\/wp-content\/uploads\/16910997_737478059744146_507113996_o_1.jpg","datePublished":"2017-03-27T00:00:00+00:00","dateModified":"2021-02-17T16:44:17+00:00","author":{"@id":"https:\/\/eu4azerbaijan.eu\/az\/#\/schema\/person\/8e61f36472c1a07751c0c51b469566db"},"breadcrumb":{"@id":"https:\/\/eu4azerbaijan.eu\/az\/gnclrin-thsili-glcyin-tminat-avropa-ttifaq-azrbaycan-n-yeni-imkanlar-ar\/#breadcrumb"},"inLanguage":"az-AZ","potentialAction":[{"@type":"ReadAction","target":["https:\/\/eu4azerbaijan.eu\/az\/gnclrin-thsili-glcyin-tminat-avropa-ttifaq-azrbaycan-n-yeni-imkanlar-ar\/"]}]},{"@type":"ImageObject","inLanguage":"az-AZ","@id":"https:\/\/eu4azerbaijan.eu\/az\/gnclrin-thsili-glcyin-tminat-avropa-ttifaq-azrbaycan-n-yeni-imkanlar-ar\/#primaryimage","url":"https:\/\/eu4azerbaijan.eu\/wp-content\/uploads\/16910997_737478059744146_507113996_o_1.jpg","contentUrl":"https:\/\/eu4azerbaijan.eu\/wp-content\/uploads\/16910997_737478059744146_507113996_o_1.jpg","width":2048,"height":1365,"caption":"G&#x259;ncl&#x259;rin t&#x259;hsili &#x2013; g&#x259;l&#x259;c&#x259;yin t&#x259;minat&#x131;: Avropa &#x130;ttifaq&#x131; Az&#x259;rbaycan &#xFC;&#xE7;&#xFC;n yeni imkanlar a&#xE7;&#x131;r"},{"@type":"BreadcrumbList","@id":"https:\/\/eu4azerbaijan.eu\/az\/gnclrin-thsili-glcyin-tminat-avropa-ttifaq-azrbaycan-n-yeni-imkanlar-ar\/#breadcrumb","itemListElement":[{"@type":"ListItem","position":1,"name":"Home","item":"https:\/\/eu4azerbaijan.eu\/az\/"},{"@type":"ListItem","position":2,"name":"G&#x259;ncl&#x259;rin t&#x259;hsili &#x2013; g&#x259;l&#x259;c&#x259;yin t&#x259;minat&#x131;: Avropa &#x130;ttifaq&#x131; Az&#x259;rbaycan &#xFC;&#xE7;&#xFC;n yeni imkanlar a&#xE7;&#x131;r"}]},{"@type":"WebSite","@id":"https:\/\/eu4azerbaijan.eu\/az\/#website","url":"https:\/\/eu4azerbaijan.eu\/az\/","name":"EU for Azerbaijan","description":"","potentialAction":[{"@type":"SearchAction","target":{"@type":"EntryPoint","urlTemplate":"https:\/\/eu4azerbaijan.eu\/az\/?s={search_term_string}"},"query-input":{"@type":"PropertyValueSpecification","valueRequired":true,"valueName":"search_term_string"}}],"inLanguage":"az-AZ"},{"@type":"Person","@id":"https:\/\/eu4azerbaijan.eu\/az\/#\/schema\/person\/8e61f36472c1a07751c0c51b469566db","name":"efgdigital","image":{"@type":"ImageObject","inLanguage":"az-AZ","@id":"https:\/\/eu4azerbaijan.eu\/az\/#\/schema\/person\/image\/","url":"https:\/\/secure.gravatar.com\/avatar\/53d8cb126cff14a5dd568f2dd65fdf3ad9542207d0e197850c88aed5f5464585?s=96&d=mm&r=g","contentUrl":"https:\/\/secure.gravatar.com\/avatar\/53d8cb126cff14a5dd568f2dd65fdf3ad9542207d0e197850c88aed5f5464585?s=96&d=mm&r=g","caption":"efgdigital"},"url":"https:\/\/eu4azerbaijan.eu\/az\/author\/efgdigital\/"}]}},"_links":{"self":[{"href":"https:\/\/eu4azerbaijan.eu\/az\/wp-json\/wp\/v2\/posts\/41141","targetHints":{"allow":["GET"]}}],"collection":[{"href":"https:\/\/eu4azerbaijan.eu\/az\/wp-json\/wp\/v2\/posts"}],"about":[{"href":"https:\/\/eu4azerbaijan.eu\/az\/wp-json\/wp\/v2\/types\/post"}],"author":[{"embeddable":true,"href":"https:\/\/eu4azerbaijan.eu\/az\/wp-json\/wp\/v2\/users\/1"}],"replies":[{"embeddable":true,"href":"https:\/\/eu4azerbaijan.eu\/az\/wp-json\/wp\/v2\/comments?post=41141"}],"version-history":[{"count":0,"href":"https:\/\/eu4azerbaijan.eu\/az\/wp-json\/wp\/v2\/posts\/41141\/revisions"}],"wp:featuredmedia":[{"embeddable":true,"href":"https:\/\/eu4azerbaijan.eu\/az\/wp-json\/wp\/v2\/media\/41142"}],"wp:attachment":[{"href":"https:\/\/eu4azerbaijan.eu\/az\/wp-json\/wp\/v2\/media?parent=41141"}],"wp:term":[{"taxonomy":"category","embeddable":true,"href":"https:\/\/eu4azerbaijan.eu\/az\/wp-json\/wp\/v2\/categories?post=41141"},{"taxonomy":"post_tag","embeddable":true,"href":"https:\/\/eu4azerbaijan.eu\/az\/wp-json\/wp\/v2\/tags?post=41141"},{"taxonomy":"topic","embeddable":true,"href":"https:\/\/eu4azerbaijan.eu\/az\/wp-json\/wp\/v2\/topic?post=41141"}],"curies":[{"name":"wp","href":"https:\/\/api.w.org\/{rel}","templated":true}]}}