{"id":41138,"date":"2017-05-22T00:00:00","date_gmt":"2017-05-22T00:00:00","guid":{"rendered":"https:\/\/eu4azerbaijan.eu\/mdniyyt-krps-avropallar-v-azrbaycanllar-n-birldirir\/"},"modified":"2021-02-17T16:44:17","modified_gmt":"2021-02-17T16:44:17","slug":"mdniyyt-krps-avropallar-v-azrbaycanllar-n-birldirir","status":"publish","type":"post","link":"https:\/\/eu4azerbaijan.eu\/az\/mdniyyt-krps-avropallar-v-azrbaycanllar-n-birldirir\/","title":{"rendered":"M&#x259;d&#x259;niyy&#x259;t k&#xF6;rp&#xFC;s&#xFC;:  avropal&#x131;lar&#x131; v&#x259; az&#x259;rbaycanl&#x131;lar&#x131; n&#x259; birl&#x259;&#x15F;dirir"},"content":{"rendered":"<p><strong><\/p>\n<ul>\n<li>Mobillik v\u0259 insanlararas\u0131 \u0259laq\u0259<\/li>\n<li>M\u0259d\u0259niyy\u0259t<\/li>\n<\/ul>\n<p><\/strong><\/p>\n<p><strong><\/p>\n<p><span><span><span>Yelena V\u0259liyeva\u00a0<\/span><\/span><\/span><span lang=\"AZ-LATIN\" lang=\"AZ-LATIN\" lang=\"AZ-LATIN\"><span><span>\u201cBerlinale\u201d kimi tan\u0131nan Berlin beyn\u0259lxalq kino festival\u0131nda qonaq qismind\u0259 i\u015ftirak etm\u0259k ist\u0259nil\u0259n Avropa kinomatoqrafiyas\u0131n\u0131 sev\u0259n v\u0259 d\u0259y\u0259rl\u0259ndir\u0259nl\u0259r \u00fc\u00e7\u00fcn b\u00f6y\u00fck sevincdir. Bu il bu c\u00fcr imkan Az\u0259rbaycan Dill\u0259r Universitetinin m\u0259zuni, 26 ya\u015fl\u0131 G\u00fcnay Mirz\u0259yevan\u0131n qism\u0259tin\u0259 d\u00fc\u015f\u00fcb.<\/span><\/span><\/span><\/p>\n<p><\/strong><\/p>\n<div class=\"paragraph paragraph--type--image-block paragraph--view-mode--xml\">\n<div class=\"node__media node__media--carousel node__media--right\">\n<div class=\"node__media-container\">\n            <img loading=\"lazy\" decoding=\"async\" src=\"\/sites\/default\/files\/2017-05\/%D1%84%D0%BE%D1%82%D0%BE%201%20-%20%D0%B0%D0%BB%D1%8C%D1%82%D0%B5%D1%80%D0%BD%D0%B0%D1%82%D0%B8%D0%B2%D0%BD%D0%B0%D1%8F.jpg\" width=\"1366\" height=\"768\" alt=\"Malena Mard, Head of Delegation of the European Union to Azerbaijan\" typeof=\"Image\" \/><\/p><\/div>\n<\/p><\/div>\n<div class=\"node__text\">\n<p><span lang=\"AZ-LATIN\" lang=\"AZ-LATIN\" lang=\"AZ-LATIN\"><span><span>G\u00fcnay \u201cBerlinale\u201dy\u0259 s\u0259f\u0259ri esse m\u00fcsabiq\u0259sind\u0259 qazan\u0131b. M\u00fcsabiq\u0259 VII Avropa kinofestival\u0131 \u00e7\u0259r\u00e7iv\u0259sind\u0259 Avropa \u0130ttifaq\u0131 (A\u0130) t\u0259r\u0259find\u0259n 2016-c\u0131 ilin oktyabr\u0131nda elan edilib. <\/span><\/span><\/span><\/p>\n<p><span lang=\"AZ-LATIN\" lang=\"AZ-LATIN\" lang=\"AZ-LATIN\"><span><span>\u201cEmosiyalar\u0131 s\u00f6zl\u0259rl\u0259 ifad\u0259 etm\u0259k \u00e7\u0259tindir. Bu, \u00e7ox heyranedici idi! H\u0259r t\u0259r\u0259fd\u0259 bayram ab-havas\u0131 vard\u0131: sanki Berlind\u0259 kino s\u0259nayesinin q\u0259lbi d\u00f6y\u00fcn\u00fcrd\u00fc. V\u0259 bu h\u0259y\u0259can\u0131 h\u0259r k\u0259s hiss ed\u0259 bil\u0259rdi\u201d, &#8211; dey\u0259 G\u00fcnay o anlar\u0131 xat\u0131rlay\u0131r. <\/span><\/span><\/span><\/p>\n<p><span lang=\"AZ-LATIN\" lang=\"AZ-LATIN\" lang=\"AZ-LATIN\"><span><span>\u201cQ\u0131rm\u0131z\u0131 xal\u0131da d\u00fcnya ulduzlar\u0131, h\u0259r t\u0259r\u0259fd\u0259 p\u0259r\u0259sti\u015fkarlar v\u0259 sair\u0259&#8230; B\u00fct\u00fcn bunlardan insan\u0131n ruhi canlan\u0131rd\u0131\u201d, &#8211; dey\u0259 G\u00fcnay 70 illik tarix\u0259 malik Berlin festival\u0131ndak\u0131 ab-havan\u0131 t\u0259svir edir. <\/span><\/span><\/span><\/p>\n<p><span lang=\"AZ-LATIN\" lang=\"AZ-LATIN\" lang=\"AZ-LATIN\"><span><span>Avropa kinomatoqrafiyas\u0131n\u0131n \u00e7oxdank\u0131 p\u0259r\u0259sti\u015fkar\u0131 olan g\u0259nc q\u0131z \u0259mindir ki, Avropa kinosu sad\u0259c\u0259 \u0259yl\u0259nc\u0259 format\u0131nda deyil, el\u0259c\u0259 d\u0259 yeni bilikl\u0259r \u00fc\u00e7\u00fcn m\u0259nb\u0259dir. <\/span><\/span><\/span><\/p>\n<p><span lang=\"AZ-LATIN\" lang=\"AZ-LATIN\" lang=\"AZ-LATIN\"><span><span>Avropa kinofestival\u0131 art\u0131q Bak\u0131da \u0259n\u0259n\u0259y\u0259 \u00e7evrilib: bel\u0259 ki, yeddinci ildir ki, ard-arda t\u0259dbir minl\u0259rl\u0259 kinoman\u0131 \u00f6z \u0259traf\u0131nda toplayaraq ild\u0259n-il\u0259 kino m\u0259kanlar\u0131n say\u0131n\u0131 geni\u015fl\u0259ndirir. A\u0130 N\u00fcmay\u0259nd\u0259liyi, buraya \u00fczv-\u00f6lk\u0259l\u0259rin s\u0259firlikl\u0259ri v\u0259 Az\u0259rbaycan M\u0259d\u0259niyy\u0259t v\u0259 Turizm Nazirliyi il\u0259 birg\u0259 t\u0259\u015fkil edil\u0259n festival A\u0130 v\u0259 Az\u0259rbaycan aras\u0131nda m\u0259d\u0259ni \u0259laq\u0259l\u0259rin inki\u015faf\u0131na y\u00f6n\u0259lib. <\/span><\/span><\/span><\/p>\n<p><span lang=\"AZ-LATIN\" lang=\"AZ-LATIN\" lang=\"AZ-LATIN\"><span><span>Esse m\u00fcsabiq\u0259si son iki ild\u0259 tama\u015fa\u00e7\u0131lar aras\u0131nda yeniliy\u0259 \u00e7evrilib. G\u00fcnay Mirz\u0259yevan\u0131n yazd\u0131\u011f\u0131 esse m\u00fcsabiq\u0259nin \u0259n yax\u015f\u0131s\u0131 se\u00e7ilib. Burada G\u00fcnay m\u0259d\u0259ni \u0259m\u0259kda\u015fl\u0131q olaraq, x\u00fcsusil\u0259 kinomatoqraf\u0131n Avropa il\u0259 Az\u0259rbaycan aras\u0131nda anla\u015fma k\u00f6rp\u00fcs\u00fcn\u00fc yaradaraq az\u0259rbaycanl\u0131 tama\u015fa\u00e7\u0131lar \u00fc\u00e7\u00fcn Avropa m\u0259d\u0259niyy\u0259tini a\u00e7\u0131r. \u00a0\u00a0<\/span><\/span><\/span><\/p>\n<p><span lang=\"AZ-LATIN\" lang=\"AZ-LATIN\" lang=\"AZ-LATIN\"><span><span>\u201cSinq Strit\u201d (2016-c\u0131 il) musiqili dram\u0131 G\u00fcnay\u0131n Avropa m\u0259d\u0259niyy\u0259ti v\u0259 h\u0259yat t\u0259rzi il\u0259 ba\u011fl\u0131 stereotipl\u0259ri d\u0259f etm\u0259sin\u0259 k\u00f6m\u0259k oldu: Avropa ail\u0259sind\u0259 d\u0259y\u0259rl\u0259rin vacib rol oynamad\u0131\u011f\u0131, tolerantl\u0131q hissl\u0259rinin avropal\u0131lara yad hiss olmas\u0131 il\u0259 ba\u011fl\u0131.\u00a0 <\/span><\/span><\/span><\/p>\n<p><span lang=\"AZ-LATIN\" lang=\"AZ-LATIN\" lang=\"AZ-LATIN\"><span><span>G\u00fcnay Mirz\u0259yeva bu il \u201cBerlinale\u201dy\u0259 s\u0259f\u0259r etm\u0259yi qazanan yegan\u0259 bak\u0131l\u0131 deyil. A\u0130 N\u00fcmay\u0259nd\u0259liyi \u0259n yax\u015f\u0131 jurnalist i\u015fin\u0259 g\u00f6r\u0259 &#8211; Xeberlent n\u0259\u015frinin \u0259m\u0259kda\u015f\u0131 Kamal M\u0259mm\u0259dovun (Kamal Ya\u015far t\u0259x\u0259ll\u00fcsl\u00fc) \u201cBa\u011fl\u0131 g\u00f6zl\u0259rl\u0259 rahat ya\u015famaq olur\u201d (2013-c\u00fc il) m\u0259qal\u0259sini d\u0259 se\u00e7ir. <\/span><\/span><\/span><\/p>\n<\/div>\n<p><strong class=\"node_view\"><\/strong>\n      <\/div>\n<div class=\"paragraph paragraph--type--image-block paragraph--view-mode--xml\">\n<div class=\"node__media node__media--carousel node__media--right\">\n<div class=\"node__media-container\">\n            <img loading=\"lazy\" decoding=\"async\" src=\"\/sites\/default\/files\/2017-05\/Winner.jpg\" width=\"2091\" height=\"2046\" alt=\"Gunay Mirzayeva\" typeof=\"Image\" \/><\/p><\/div>\n<\/p><\/div>\n<div class=\"node__text\">\n<p><span lang=\"AZ-LATIN\" lang=\"AZ-LATIN\" lang=\"AZ-LATIN\"><span><span>Bak\u0131l\u0131lar aras\u0131nda Avropa kinofestival\u0131 il\u0259 yana\u015f\u0131, A\u0130 N\u00fcmay\u0259nd\u0259liyi t\u0259r\u0259finf\u0259n t\u0259\u015fkil edil\u0259n dig\u0259r t\u0259dbir d\u0259 az maraq do\u011furmur. S\u00f6hb\u0259t b\u00fct\u00fcn Avropan\u0131n miniat\u00fcr formada t\u0259qim olundu\u011fu \u201cAvropa \u015f\u0259h\u0259rciyi\u201d meydan\u00e7as\u0131ndan gedir. <\/span><\/span><\/span><\/p>\n<p><span lang=\"AZ-LATIN\" lang=\"AZ-LATIN\" lang=\"AZ-LATIN\"><span><span>Burada Avropa xalqlar\u0131n\u0131n \u0259n\u0259n\u0259l\u0259ri haqda bir \u00e7ox maraql\u0131 m\u0259qamlar\u0131 \u00f6yr\u0259nm\u0259k v\u0259 bunlar\u0131n \u201cdad\u0131na\u201d baxmaq m\u00fcmk\u00fcnd\u00fcr: milli r\u0259qs v\u0259 mahn\u0131lar\u0131 \u00f6yr\u0259nm\u0259k, Avropa m\u0259tb\u0259xinin milli t\u0259amlar\u0131ndan dadmaq, m\u0259\u015fhur q\u0259hr\u0259manlar, m\u00fcxt\u0259lif xalqlar\u0131n milli atributlar\u0131 il\u0259 \u015f\u0259kil \u00e7\u0259kdirm\u0259k, el\u0259c\u0259 d\u0259 bir \u00e7ox \u00f6lk\u0259l\u0259rin n\u00fcmay\u0259nd\u0259l\u0259ri il\u0259 tan\u0131\u015f olmaq m\u00fcmk\u00fcnd\u00fc. <\/span><\/span><\/span><\/p>\n<p><span lang=\"AZ-LATIN\" lang=\"AZ-LATIN\" lang=\"AZ-LATIN\"><span><span>Bir qayda olaraq, 2013-c\u00fc ild\u0259n Az\u0259rbaycanda ke\u00e7iril\u0259n \u201cAvropa \u015f\u0259h\u0259r\u00e7iyi\u201d proqram\u0131nda az\u0259rbaycanl\u0131 v\u0259 avropal\u0131 g\u0259ncl\u0259rin \u00e7\u0131x\u0131\u015f\u0131 daxildir. \u00d6t\u0259nilki t\u0259dbirin qonaqlar\u0131 m\u0259\u015fhur frans\u0131z DJ Devid Vendetta v\u0259 skripka\u015f\u0131 Micah idi. <\/span><\/span><\/span><\/p>\n<p><span lang=\"AZ-LATIN\" lang=\"AZ-LATIN\" lang=\"AZ-LATIN\"><span><span>Bir ne\u00e7\u0259 il \u201cAvropa \u015f\u0259h\u0259rciyi\u201d \u0130\u015f\u0259ri \u015f\u0259h\u0259rd\u0259 ke\u00e7irilib. 2016-c\u0131 ild\u0259 Bak\u0131 bulvar\u0131n\u0131n k\u00f6hn\u0259 hiss\u0259sind\u0259 daha geni\u015f \u0259razini \u0259hat\u0259 ed\u0259r\u0259k iki g\u00fcn davam etdi. Bu t\u0259dbir Avropa \u0130ttifaq\u0131 il\u0259 Az\u0259rbaycan\u0131n \u0259m\u0259kda\u015fl\u0131\u011f\u0131n\u0131n <\/span><\/span><\/span><a href=\"http:\/\/www.1news.az\/az\/siyaset\/20160627111226466.html\"><span lang=\"AZ-LATIN\" lang=\"AZ-LATIN\" lang=\"AZ-LATIN\"><span><span>25 illik yubileyin\u0259<\/span><\/span><\/span><\/a><span lang=\"AZ-LATIN\" lang=\"AZ-LATIN\" lang=\"AZ-LATIN\"><span><span> h\u0259sr olunmu\u015fdu. <\/span><\/span><\/span><\/p>\n<\/div>\n<p><strong class=\"node_view\"><\/strong>\n      <\/div>\n<div class=\"paragraph paragraph--type--video-block paragraph--view-mode--xml\">\n<div class=\"node__media node__media--right\">\n<div class=\"node__media-container\">\n<div data-video-embed-field-modal=\"&lt;div class=&quot;video-embed-field-responsive-video video-embed-field-responsive-modal&quot; style=&quot;width:1000px;&quot;&gt;https:\/\/www.youtube.com\/embed\/kis29BV1uZc\n&lt;\/div&gt;\n\" class=\"video-embed-field-launch-modal video-item__link\">  <span class=\"video-item__overlay\"><\/span><br \/>\n  <span class=\"video-item__icon icon icon--play\"><\/span><br \/>\n  <img loading=\"lazy\" decoding=\"async\" src=\"\/sites\/default\/files\/styles\/node_video\/public\/video_thumbnails\/kis29BV1uZc.jpg?itok=kkOT3GZG\" width=\"800\" height=\"450\" alt=\"\" typeof=\"Image\" class=\"img-responsive\" \/><\/p>\n<\/div>\n<div class=\"media__overlay\">\n<div class=\"row middle-xs\">\n<div class=\"col-xs-12 col-sm-9\">\n<div class=\"media__title\">EuroVillage<\/div>\n<\/p><\/div>\n<\/p><\/div>\n<\/p><\/div>\n<\/p><\/div>\n<\/p><\/div>\n<div class=\"node__text\">\n<p><span lang=\"AZ-LATIN\" lang=\"AZ-LATIN\" lang=\"AZ-LATIN\"><span><span>A\u0130 t\u0259r\u0259fda\u015f-\u00f6lk\u0259l\u0259rin m\u0259d\u0259ni eyniliyini y\u00fcks\u0259k d\u0259y\u0259rl\u0259ndir\u0259r\u0259k, m\u0259d\u0259niyy\u0259t v\u0259 inc\u0259s\u0259n\u0259t sah\u0259sin\u0259 d\u0259 b\u00f6y\u00fck \u0259h\u0259miyy\u0259t verir. Az\u0259rbaycanda A\u0130 N\u00fcmay\u0259nd\u0259l\u0259yinin r\u0259hb\u0259ri Malena Mard\u00a0Az\u0259rbaycanda m\u0259d\u0259niyy\u0259tin z\u0259ngliyini v\u0259 m\u00fcxt\u0259lifliyinin m\u00f6vcudlu\u011funu qeyd ed\u0259r\u0259k, buna avropal\u0131lar t\u0259r\u0259find\u0259n b\u00f6y\u00fck \u0259h\u0259miyy\u0259t verdilyini d\u0259 vur\u011fulay\u0131r. <\/span><\/span><\/span><\/p>\n<p><span lang=\"AZ-LATIN\" lang=\"AZ-LATIN\" lang=\"AZ-LATIN\"><span><span>\u201cM\u0259d\u0259niyy\u0259t Avropa \u00f6lk\u0259l\u0259ri il\u0259 Az\u0259rbaycan aras\u0131nda k\u00f6rp\u00fc rolunu oynay\u0131r. M\u0259d\u0259niyy\u0259t v\u0259 inc\u0259s\u0259n\u0259t sah\u0259sind\u0259 birg\u0259 layih\u0259l\u0259rin \u00e7oxlu\u011fu, el\u0259c\u0259 d\u0259 inc\u0259s\u0259n\u0259t y\u00f6n\u00fcml\u00fc n\u00fcmay\u0259nd\u0259l\u0259r aras\u0131nda \u0259laq\u0259l\u0259r t\u0259qdir\u0259layiq hald\u0131r\u201d, &#8211; dey\u0259 s\u0259fir bildirib. <\/span><\/span><\/span><\/p>\n<p><span lang=\"AZ-LATIN\" lang=\"AZ-LATIN\" lang=\"AZ-LATIN\"><span><span>\u201cMaddi v\u0259 qeyri-maddi m\u0259d\u0259ni irs iqtisadiyyat\u0131n inki\u015faf\u0131 v\u0259 milli orijinall\u0131\u011f\u0131n d\u0259st\u0259yi \u00fc\u00e7\u00fcn b\u00f6y\u00fck \u0259h\u0259miyy\u0259ti k\u0259sb edir. A\u0130-y\u0259 \u00fczv-\u00f6lk\u0259l\u0259r v\u0259 Az\u0259rbaycan bu yeni reall\u0131\u011f\u0131 b\u00f6l\u00fc\u015fd\u00fcr\u0259r\u0259k, \u00fcmumi q\u0259rarlar\u0131n yarad\u0131lmas\u0131nda birg\u0259 \u00e7al\u015f\u0131rlar\u201d, &#8211; dey\u0259 Malena Mard bildirir. <\/span><\/span><\/span><\/p>\n<p><span><span><span lang=\"AZ-LATIN\" lang=\"AZ-LATIN\" lang=\"AZ-LATIN\"><span><span>Son iki ild\u0259 \u201c\u015e\u0259rq T\u0259r\u0259fda\u015fl\u0131\u011f\u0131\u201d (\u015eT) \u00fczr\u0259 A\u0130-y\u0259 \u00fczv-\u00f6lk\u0259l\u0259rl\u0259 A\u0130 aras\u0131nda h\u0259yata ke\u00e7irirl\u0259n \u0259n iri layih\u0259 &#8211; \u201c<\/span><\/span><\/span><a href=\"https:\/\/www.culturepartnership.eu\/az\/page\/about\"><span lang=\"AZ-LATIN\" lang=\"AZ-LATIN\" lang=\"AZ-LATIN\"><span><span>M\u0259d\u0259niyy\u0259t v\u0259 yarad\u0131c\u0131l\u0131q<\/span><\/span><\/span><\/a><span lang=\"AZ-LATIN\" lang=\"AZ-LATIN\" lang=\"AZ-LATIN\"><span><span>\u201dd\u0131r.\u00a0 <\/span><\/span><\/span><\/span><\/span><\/p>\n<p><span lang=\"AZ-LATIN\" lang=\"AZ-LATIN\" lang=\"AZ-LATIN\"><span><span>Proqram Az\u0259rbaycanda v\u0259 \u015eT regionu \u00f6lk\u0259l\u0259rind\u0259 m\u0259d\u0259niyy\u0259t v\u0259 yarad\u0131c\u0131 iqtisadiyyat sah\u0259sind\u0259 insan potensial\u0131n\u0131n inki\u015faf\u0131na, el\u0259c\u0259 d\u0259 m\u0259d\u0259niyy\u0259t sah\u0259sinin m\u00fcasirl\u0259\u015fdirilm\u0259sin\u0259 v\u0259 \u0259m\u0259kda\u015fl\u0131qla t\u0259r\u0259fda\u015fl\u0131\u011f\u0131n yarad\u0131lamas\u0131na y\u00f6n\u0259lib. Az\u0259rbaycanda layih\u0259ni\u00a0 British Council-un r\u0259hb\u0259rlik etdiyi konsorsium h\u0259yata ke\u00e7irir.<\/span><\/span><\/span><\/p>\n<p><span lang=\"AZ-LATIN\" lang=\"AZ-LATIN\" lang=\"AZ-LATIN\"><span><span>\u201cAz\u0259rbaycan art\u0131q 25 ildir ki, u\u011furlu m\u00fcst\u0259qil d\u00f6vl\u0259t kimi inki\u015faf edir. \u00d6lk\u0259 kreativ s\u0259nayenin inki\u015faf\u0131 \u00fc\u00e7\u00fcn qiym\u0259tsiz potensiala sahib olaraq istehsalat, xidm\u0259t, ticar\u0259t v\u0259 \u0259yl\u0259nc\u0259 sah\u0259sin\u0259 yeni h\u0259yat b\u0259x\u015f edir\u201d, &#8211; British Council-d\u0259n layih\u0259nin \u0259laq\u0259l\u0259ndiricisi <strong>Sevinc A\u011fazad\u0259<\/strong> bildirir. <\/span><\/span><\/span><\/p>\n<p><span lang=\"AZ-LATIN\" lang=\"AZ-LATIN\" lang=\"AZ-LATIN\"><span><span>Bu sah\u0259 d\u00fcnya \u00dcDM-inin 7%-ni t\u0259\u015fkil ed\u0259r\u0259k h\u0259r il 10% art\u0131m proqnozla\u015fd\u0131r\u0131r. Bu sah\u0259 istehsalat v\u0259 xidm\u0259t sah\u0259l\u0259rind\u0259n daha tez inki\u015faf ed\u0259r\u0259k A\u0130-d\u0259 i\u015fver\u0259nl\u0259r \u00fczr\u0259 \u00fc\u00e7\u00fcnc\u00fc hesab olunur. Burada misal \u00fc\u00e7\u00fcn, m\u0259\u015fhur avto istehsal\u00e7\u0131lardan 2,5 d\u0259f\u0259 \u00e7ox yer var\u201d, &#8211; o, Az\u0259rbaycanda m\u0259d\u0259niyy\u0259t sah\u0259sinin m\u00fcasirl\u0259\u015fdirilm\u0259sinin vacibliyini ayd\u0131nla\u015fd\u0131r\u0131r. <\/span><\/span><\/span><\/p>\n<p><span lang=\"AZ-LATIN\" lang=\"AZ-LATIN\" lang=\"AZ-LATIN\"><span><span>Layih\u0259nin h\u0259yata ke\u00e7irildiyi iki il \u0259rzind\u0259 m\u0259d\u0259niyy\u0259t sektorunda strateji islahatlara d\u0259st\u0259k sah\u0259sind\u0259 ara\u015fd\u0131rmalar apar\u0131l\u0131b, inc\u0259s\u0259n\u0259t istiqam\u0259tind\u0259, el\u0259c\u0259 d\u0259 K\u0130V n\u00fcmay\u0259nd\u0259l\u0259ri \u00fc\u00e7\u00fcn seminarlar t\u0259\u015fkil edilib. 2016-c\u0131 ilin oktyabr\u0131ndan strateji planlama, layih\u0259 t\u0259tbiql\u0259rinin yaz\u0131lmas\u0131, maliyy\u0259nin c\u0259lb edilm\u0259si, kommunikasiya, m\u0259d\u0259ni t\u0259\u015fkilatlar \u00fc\u00e7\u00fcn layih\u0259 menecmenti \u00fc\u00e7\u00fcn \u00f6d\u0259ni\u015fsiz onlayn kurslar f\u0259aliyy\u0259t g\u00f6st\u0259rir.\u00a0 <\/span><\/span><\/span><\/p>\n<\/div>\n<p><strong class=\"node_view\"><\/strong>\n      <\/div>\n<div class=\"paragraph paragraph--type--image-block paragraph--view-mode--xml\">\n<div class=\"node__media node__media--carousel node__media--right\">\n<div class=\"node__media-container\">\n            <img loading=\"lazy\" decoding=\"async\" src=\"\/sites\/default\/files\/2017-05\/%D0%A4%D0%BE%D1%82%D0%BE%206.jpg\" width=\"1366\" height=\"768\" alt=\"Leyli Salayeva\" typeof=\"Image\" \/><\/p><\/div>\n<\/p><\/div>\n<div class=\"node__text\">\n<p><span lang=\"AZ-LATIN\" lang=\"AZ-LATIN\" lang=\"AZ-LATIN\"><span><span>Layih\u0259nin i\u015ftirak\u00e7\u0131lar\u0131ndan biri g\u0259nc az\u0259rbaycanl\u0131 yazar, Az\u0259rbaycan Yaz\u0131\u00e7\u0131lar Birliyinin, el\u0259c\u0259 d\u0259 B\u00f6y\u00fck Britaniyan\u0131n Yaz\u0131\u00e7\u0131lar \u0130ttifaq\u0131n\u0131n \u00fczv\u00fc Leyli Salayeva oldu. Onun s\u00f6zl\u0259rin\u0259 g\u00f6r\u0259, bu c\u00fcr proqramda i\u015ftirak\u0131n d\u0259y\u0259ri t\u0259kc\u0259 yeni bilikl\u0259rin \u0259ld\u0259 edilm\u0259si deyil, el\u0259c\u0259 d\u0259 m\u0259d\u0259niyy\u0259t v\u0259 inc\u0259s\u0259n\u0259tin m\u00fcxt\u0259lif sah\u0259l\u0259rind\u0259n olan insanlarla qar\u015f\u0131la\u015fma imkan\u0131ndan ibar\u0259tdir.\u00a0 <\/span><\/span><\/span><\/p>\n<p><span lang=\"AZ-LATIN\" lang=\"AZ-LATIN\" lang=\"AZ-LATIN\"><span><span>\u201cProqramda teart, kino, musiqi, t\u0259tbiqi s\u0259n\u0259t, art menecerl\u0259rl\u0259 yana\u015f\u0131, t\u0259rc\u00fcm\u0259\u00e7il\u0259r d\u0259 i\u015ftirak edirdi. Praktiki tap\u015f\u0131r\u0131qlar zaman\u0131 bu c\u00fcr m\u00fcxt\u0259liflik m\u0259s\u0259l\u0259y\u0259 h\u0259rt\u0259r\u0259fli yana\u015fma\u011fa, i\u015ftirak\u00e7\u0131lar\u0131n t\u0259cr\u00fcb\u0259sini, el\u0259c\u0259 d\u0259 inc\u0259 m\u0259qamlar\u0131 n\u0259z\u0259r\u0259 alma\u011fa imkan verir\u201d, &#8211; dey\u0259 Leyli Salayeva s\u00f6yl\u0259yir. <\/span><\/span><\/span><\/p>\n<p><span lang=\"AZ-LATIN\" lang=\"AZ-LATIN\" lang=\"AZ-LATIN\"><span><span>\u201cM\u0259d\u0259niyy\u0259y v\u0259 yarad\u0131c\u0131l\u0131q\u201d layih\u0259si zaman\u0131 i\u015ftirak\u00e7\u0131lar\u0131n \u0259ld\u0259 etdiyi faydal\u0131 bilikl\u0259rd\u0259n biri \u00a0d\u0259 \u00f6z s\u0259n\u0259tin\u0259 h\u0259rt\u0259r\u0259fli yana\u015fma v\u0259 auiditoriyan\u0131n mara\u011f\u0131n\u0131 c\u0259lb etm\u0259k idi. <\/span><\/span><\/span><\/p>\n<p><span lang=\"AZ-LATIN\" lang=\"AZ-LATIN\" lang=\"AZ-LATIN\"><span><span>\u00a0\u201cTap\u015f\u0131r\u0131lardan biri oxudu\u011fumuz kitab\u0131 iki c\u00fcml\u0259 il\u0259 el\u0259 ifad\u0259 etm\u0259k laz\u0131md\u0131r ki, bununla auditoriyan\u0131 mara\u011f\u0131n\u0131 c\u0259lb etm\u0259k idi. Bu, m\u0259ni \u00f6z kitb\u0131n\u0131 d\u00fczg\u00fcn t\u0259qdim etm\u0259k, u\u011furun b\u0259z\u0259n x\u0131rda m\u0259qamlarda gizl\u0259ndiyini d\u00fc\u015f\u00fcnm\u0259y\u0259 s\u00f6vq etdi\u201d, &#8211; ingilisdilli \u015feirl\u0259r toplusu <\/span><\/span><\/span><a href=\"http:\/\/explore.bl.uk\/primo_library\/libweb\/action\/search.do;jsessionid=46C210CD8E961A32DB8297F53E7ED92D?dscnt=1&amp;scp.scps=scope%3A%28BLCONTENT%29&amp;frbg=&amp;tab=local_tab&amp;dstmp=1495091682885&amp;srt=rank&amp;ct=search&amp;mode=Basic&amp;vl(488279563UI0)=creator&amp;dum=true&amp;indx=1&amp;t\"><span lang=\"AZ-LATIN\" lang=\"AZ-LATIN\" lang=\"AZ-LATIN\"><span><span>\u0130ngilt\u0259r\u0259 Kitabxanas\u0131n\u0131n<\/span><\/span><\/span><\/a><span lang=\"AZ-LATIN\" lang=\"AZ-LATIN\" lang=\"AZ-LATIN\"><span><span> kataloquna sal\u0131nm\u0131\u015f Leyli dan\u0131\u015f\u0131r.<\/span><\/span><\/span><\/p>\n<p><span lang=\"AZ-LATIN\" lang=\"AZ-LATIN\" lang=\"AZ-LATIN\"><span><span>Cari ilin yay\u0131nda Minskd\u0259 \u0259lilliyi olan, proqramla\u015fd\u0131rma qabilliy\u0259tin\u0259 sahib g\u0259ncl\u0259r \u00fc\u00e7\u00fcn yay m\u0259kt\u0259binin t\u0259\u015fkil olunmas\u0131 planla\u015fd\u0131r\u0131l\u0131r. Layih\u0259 \u00e7\u0259r\u00e7iv\u0259sind\u0259 Belorusda m\u0259d\u0259niyy\u0259t v\u0259 inc\u0259s\u0259n\u0259t sektorunda inki\u015fafla tan\u0131\u015f olunacaq. H\u0259m\u00e7inin g\u0259ncl\u0259rin \u00f6hd\u0259sin\u0259 bu sah\u0259d\u0259 proqram t\u0259minat\u0131n\u0131n i\u015fl\u0259nib haz\u0131rlanmas\u0131 d\u00fc\u015f\u0259c\u0259k.\u00a0 <\/span><\/span><\/span><\/p>\n<p><span lang=\"AZ-LATIN\" lang=\"AZ-LATIN\" lang=\"AZ-LATIN\"><span><span>Az\u0259rbaycanda da m\u0259d\u0259niyy\u0259t sah\u0259sind\u0259 sistemli idar\u0259etm\u0259nin modernl\u0259\u015fm\u0259si i\u015fl\u0259ri apar\u0131l\u0131r. Buna A\u0130-nin maliyy\u0259l\u0259\u015fdirdiyi tvinninq layih\u0259 h\u0259sr olunub ki, bu da Az\u0259rbaycan v\u0259 \u0130taliya M\u0259d\u0259niyy\u0259t nazirlikl\u0259ri aras\u0131nda h\u0259yata ke\u00e7irilir. Layih\u0259nin mahiyy\u0259ti \u2013 m\u00fcasirl\u0259\u015fdirilmi\u015f qanunverici baza \u0259sas\u0131nda m\u0259d\u0259niyy\u0259t sah\u0259sind\u0259 sistemli idar\u0259etm\u0259nin t\u0259tbiqind\u0259n ibar\u0259tdir. <\/span><\/span><\/span><\/p>\n<p><span lang=\"AZ-LATIN\" lang=\"AZ-LATIN\" lang=\"AZ-LATIN\"><span><span>A\u0130 standartlar\u0131n\u0131n bazas\u0131 \u0259sas\u0131nda Az\u0259rbaycan muzeyl\u0259rinin f\u0259aliyy\u0259t sisteminin m\u00fcasirl\u0259\u015fdirilm\u0259si i\u015fin dig\u0259r istiqam\u0259tl\u0259rind\u0259n biridir. <\/span><\/span><\/span><\/p>\n<p><span lang=\"AZ-LATIN\" lang=\"AZ-LATIN\" lang=\"AZ-LATIN\"><span><span>Layih\u0259nin \u0130taliyan\u0131n M\u0259d\u0259niyy\u0259t Nazirliyind\u0259n olan koordinatoru Alessandro Bian\u00e7inin s\u00f6zl\u0259rin\u0259 g\u00f6r\u0259, layih\u0259nin m\u0259qs\u0259di \u2013 Az\u0259rbaycan muzeyl\u0259rini m\u0259d\u0259niyy\u0259t sah\u0259sind\u0259 periferiya institutundan m\u0259d\u0259ni v\u0259 iqtisadi h\u0259yat\u0131n s\u0259rb\u0259st i\u015ftirak\u00e7\u0131lar\u0131na \u00e7evirm\u0259kd\u0259n ibar\u0259tdir. Bu, \u00f6lk\u0259nin sosial inki\u015faf\u0131 v\u0259 turizm potensial\u0131n\u0131n m\u00f6hk\u0259ml\u0259nm\u0259sin\u0259 yard\u0131m\u00e7\u0131 olacaq. <\/span><\/span><\/span><\/p>\n<p><span lang=\"AZ-LATIN\" lang=\"AZ-LATIN\" lang=\"AZ-LATIN\"><span><span>\u201cQar\u015f\u0131ya qoyulmu\u015f m\u0259qs\u0259dl\u0259rid\u0259n biri d\u0259 muzeyl\u0259rin \u00f6z\u00fcn\u00fct\u0259minat s\u0259viyy\u0259sidir. Bununla yana\u015f\u0131, muzeyl\u0259ri iqtisadiyyt\u0131n ayr\u0131ca sah\u0259si kimi baxmaq da d\u00fczg\u00fcn deyil. H\u0259tta d\u00fcnyan\u0131n \u0259n m\u0259\u015fhur v\u0259 b\u00f6y\u00fck muzeyl\u0259ri bel\u0259 \u00f6z g\u0259lirl\u0259ri hesab\u0131na \u00f6z\u00fcn\u00fc qism\u0259n t\u0259min ed\u0259 bil\u0259r\u201d, &#8211; A.Bian\u00e7i hesab edir. <\/span><\/span><\/span><\/p>\n<p><span lang=\"AZ-LATIN\" lang=\"AZ-LATIN\" lang=\"AZ-LATIN\"><span><span>Haz\u0131rda Az\u0259rbaycan\u0131n m\u0259d\u0259niyy\u0259t v\u0259 inc\u0259s\u0259n\u0259t sah\u0259sin\u0259 \u0259sas\u0259n d\u00f6vl\u0259t t\u0259r\u0259find\u0259n s\u0259rmay\u0259 qoyulur. Az\u0259rbaycan\u0131n M\u0259d\u0259niyy\u0259t v\u0259 Turizm Nazirliyind\u0259 qeyd edildiyi kimi, yaranm\u0131\u015f t\u0259cr\u00fcb\u0259nin devrilm\u0259si, el\u0259c\u0259 d\u0259 m\u0259d\u0259niyy\u0259t v\u0259 inc\u0259s\u0259n\u0259tin s\u0259rf\u0259li iqtisadi seqmentinin yarad\u0131lmas\u0131 inki\u015faf\u0131n apar\u0131c\u0131 istiqam\u0259tidir. <\/span><\/span><\/span><\/p>\n<\/div>\n<p><strong class=\"node_view\"><\/strong>\n      <\/div>\n","protected":false},"excerpt":{"rendered":"<p><span><span><span>Yelena V\u0259liyeva\u00a0<\/span><\/span><\/span><span lang=\"AZ-LATIN\" lang=\"AZ-LATIN\" lang=\"AZ-LATIN\"><span><span>\u201cBerlinale\u201d kimi tan\u0131nan Berlin beyn\u0259lxalq kino festival\u0131nda qonaq qismind\u0259 i\u015ftirak etm\u0259k ist\u0259nil\u0259n Avropa kinomatoqrafiyas\u0131n\u0131 sev\u0259n v\u0259 d\u0259y\u0259rl\u0259ndir\u0259nl\u0259r \u00fc\u00e7\u00fcn b\u00f6y\u00fck sevincdir. Bu il bu c\u00fcr imkan Az\u0259rbaycan Dill\u0259r Universitetinin m\u0259zuni, 26 ya\u015fl\u0131 G\u00fcnay Mirz\u0259yevan\u0131n qism\u0259tin\u0259 d\u00fc\u015f\u00fcb.<\/span><\/span><\/span><\/p>\n","protected":false},"author":1,"featured_media":41139,"comment_status":"closed","ping_status":"open","sticky":false,"template":"","format":"standard","meta":{"_acf_changed":false,"footnotes":""},"categories":[374,376,284],"tags":[],"topic":[],"class_list":["post-41138","post","type-post","status-publish","format-standard","has-post-thumbnail","hentry","category-whats-happening-az","category-tematik-xbr","category-news-az"],"acf":[],"yoast_head":"<!-- This site is optimized with the Yoast SEO plugin v26.4 - https:\/\/yoast.com\/wordpress\/plugins\/seo\/ -->\n<title>M&#x259;d&#x259;niyy&#x259;t k&#xF6;rp&#xFC;s&#xFC;: avropal&#x131;lar&#x131; v&#x259; az&#x259;rbaycanl&#x131;lar&#x131; n&#x259; birl&#x259;&#x15F;dirir - EU for Azerbaijan<\/title>\n<meta name=\"robots\" content=\"index, follow, max-snippet:-1, max-image-preview:large, max-video-preview:-1\" \/>\n<link rel=\"canonical\" href=\"https:\/\/eu4azerbaijan.eu\/az\/mdniyyt-krps-avropallar-v-azrbaycanllar-n-birldirir\/\" \/>\n<meta property=\"og:locale\" content=\"az_AZ\" \/>\n<meta property=\"og:type\" content=\"article\" \/>\n<meta property=\"og:title\" content=\"M&#x259;d&#x259;niyy&#x259;t k&#xF6;rp&#xFC;s&#xFC;: avropal&#x131;lar&#x131; v&#x259; az&#x259;rbaycanl&#x131;lar&#x131; n&#x259; birl&#x259;&#x15F;dirir - EU for Azerbaijan\" \/>\n<meta property=\"og:description\" content=\"Yelena V\u0259liyeva\u00a0\u201cBerlinale\u201d kimi tan\u0131nan Berlin beyn\u0259lxalq kino festival\u0131nda qonaq qismind\u0259 i\u015ftirak etm\u0259k ist\u0259nil\u0259n Avropa kinomatoqrafiyas\u0131n\u0131 sev\u0259n v\u0259 d\u0259y\u0259rl\u0259ndir\u0259nl\u0259r \u00fc\u00e7\u00fcn b\u00f6y\u00fck sevincdir. Bu il bu c\u00fcr imkan Az\u0259rbaycan Dill\u0259r Universitetinin m\u0259zuni, 26 ya\u015fl\u0131 G\u00fcnay Mirz\u0259yevan\u0131n qism\u0259tin\u0259 d\u00fc\u015f\u00fcb.\" \/>\n<meta property=\"og:url\" content=\"https:\/\/eu4azerbaijan.eu\/az\/mdniyyt-krps-avropallar-v-azrbaycanllar-n-birldirir\/\" \/>\n<meta property=\"og:site_name\" content=\"EU for Azerbaijan\" \/>\n<meta property=\"article:published_time\" content=\"2017-05-22T00:00:00+00:00\" \/>\n<meta property=\"article:modified_time\" content=\"2021-02-17T16:44:17+00:00\" \/>\n<meta property=\"og:image\" content=\"https:\/\/eu4azerbaijan.eu\/wp-content\/uploads\/\u0444\u043e\u0442\u043e-1-\u0430\u043b\u044c\u0442\u0435\u0440\u043d\u0430\u0442\u0438\u0432\u043d\u0430\u044f_0.jpg\" \/>\n\t<meta property=\"og:image:width\" content=\"1366\" \/>\n\t<meta property=\"og:image:height\" content=\"768\" \/>\n\t<meta property=\"og:image:type\" content=\"image\/jpeg\" \/>\n<meta name=\"author\" content=\"efgdigital\" \/>\n<meta name=\"twitter:card\" content=\"summary_large_image\" \/>\n<meta name=\"twitter:label1\" content=\"Written by\" \/>\n\t<meta name=\"twitter:data1\" content=\"efgdigital\" \/>\n\t<meta name=\"twitter:label2\" content=\"Est. reading time\" \/>\n\t<meta name=\"twitter:data2\" content=\"10 minutes\" \/>\n<script type=\"application\/ld+json\" class=\"yoast-schema-graph\">{\"@context\":\"https:\/\/schema.org\",\"@graph\":[{\"@type\":\"WebPage\",\"@id\":\"https:\/\/eu4azerbaijan.eu\/az\/mdniyyt-krps-avropallar-v-azrbaycanllar-n-birldirir\/\",\"url\":\"https:\/\/eu4azerbaijan.eu\/az\/mdniyyt-krps-avropallar-v-azrbaycanllar-n-birldirir\/\",\"name\":\"M&#x259;d&#x259;niyy&#x259;t k&#xF6;rp&#xFC;s&#xFC;: avropal&#x131;lar&#x131; v&#x259; az&#x259;rbaycanl&#x131;lar&#x131; n&#x259; birl&#x259;&#x15F;dirir - EU for Azerbaijan\",\"isPartOf\":{\"@id\":\"https:\/\/eu4azerbaijan.eu\/az\/#website\"},\"primaryImageOfPage\":{\"@id\":\"https:\/\/eu4azerbaijan.eu\/az\/mdniyyt-krps-avropallar-v-azrbaycanllar-n-birldirir\/#primaryimage\"},\"image\":{\"@id\":\"https:\/\/eu4azerbaijan.eu\/az\/mdniyyt-krps-avropallar-v-azrbaycanllar-n-birldirir\/#primaryimage\"},\"thumbnailUrl\":\"https:\/\/eu4azerbaijan.eu\/wp-content\/uploads\/\u0444\u043e\u0442\u043e-1-\u0430\u043b\u044c\u0442\u0435\u0440\u043d\u0430\u0442\u0438\u0432\u043d\u0430\u044f_0.jpg\",\"datePublished\":\"2017-05-22T00:00:00+00:00\",\"dateModified\":\"2021-02-17T16:44:17+00:00\",\"author\":{\"@id\":\"https:\/\/eu4azerbaijan.eu\/az\/#\/schema\/person\/8e61f36472c1a07751c0c51b469566db\"},\"breadcrumb\":{\"@id\":\"https:\/\/eu4azerbaijan.eu\/az\/mdniyyt-krps-avropallar-v-azrbaycanllar-n-birldirir\/#breadcrumb\"},\"inLanguage\":\"az-AZ\",\"potentialAction\":[{\"@type\":\"ReadAction\",\"target\":[\"https:\/\/eu4azerbaijan.eu\/az\/mdniyyt-krps-avropallar-v-azrbaycanllar-n-birldirir\/\"]}]},{\"@type\":\"ImageObject\",\"inLanguage\":\"az-AZ\",\"@id\":\"https:\/\/eu4azerbaijan.eu\/az\/mdniyyt-krps-avropallar-v-azrbaycanllar-n-birldirir\/#primaryimage\",\"url\":\"https:\/\/eu4azerbaijan.eu\/wp-content\/uploads\/\u0444\u043e\u0442\u043e-1-\u0430\u043b\u044c\u0442\u0435\u0440\u043d\u0430\u0442\u0438\u0432\u043d\u0430\u044f_0.jpg\",\"contentUrl\":\"https:\/\/eu4azerbaijan.eu\/wp-content\/uploads\/\u0444\u043e\u0442\u043e-1-\u0430\u043b\u044c\u0442\u0435\u0440\u043d\u0430\u0442\u0438\u0432\u043d\u0430\u044f_0.jpg\",\"width\":1366,\"height\":768,\"caption\":\"Culture as a bridge: bringing Europeans and Azerbaijanis closer together\"},{\"@type\":\"BreadcrumbList\",\"@id\":\"https:\/\/eu4azerbaijan.eu\/az\/mdniyyt-krps-avropallar-v-azrbaycanllar-n-birldirir\/#breadcrumb\",\"itemListElement\":[{\"@type\":\"ListItem\",\"position\":1,\"name\":\"Home\",\"item\":\"https:\/\/eu4azerbaijan.eu\/az\/\"},{\"@type\":\"ListItem\",\"position\":2,\"name\":\"M&#x259;d&#x259;niyy&#x259;t k&#xF6;rp&#xFC;s&#xFC;: avropal&#x131;lar&#x131; v&#x259; az&#x259;rbaycanl&#x131;lar&#x131; n&#x259; birl&#x259;&#x15F;dirir\"}]},{\"@type\":\"WebSite\",\"@id\":\"https:\/\/eu4azerbaijan.eu\/az\/#website\",\"url\":\"https:\/\/eu4azerbaijan.eu\/az\/\",\"name\":\"EU for Azerbaijan\",\"description\":\"\",\"potentialAction\":[{\"@type\":\"SearchAction\",\"target\":{\"@type\":\"EntryPoint\",\"urlTemplate\":\"https:\/\/eu4azerbaijan.eu\/az\/?s={search_term_string}\"},\"query-input\":{\"@type\":\"PropertyValueSpecification\",\"valueRequired\":true,\"valueName\":\"search_term_string\"}}],\"inLanguage\":\"az-AZ\"},{\"@type\":\"Person\",\"@id\":\"https:\/\/eu4azerbaijan.eu\/az\/#\/schema\/person\/8e61f36472c1a07751c0c51b469566db\",\"name\":\"efgdigital\",\"image\":{\"@type\":\"ImageObject\",\"inLanguage\":\"az-AZ\",\"@id\":\"https:\/\/eu4azerbaijan.eu\/az\/#\/schema\/person\/image\/\",\"url\":\"https:\/\/secure.gravatar.com\/avatar\/53d8cb126cff14a5dd568f2dd65fdf3ad9542207d0e197850c88aed5f5464585?s=96&d=mm&r=g\",\"contentUrl\":\"https:\/\/secure.gravatar.com\/avatar\/53d8cb126cff14a5dd568f2dd65fdf3ad9542207d0e197850c88aed5f5464585?s=96&d=mm&r=g\",\"caption\":\"efgdigital\"},\"url\":\"https:\/\/eu4azerbaijan.eu\/az\/author\/efgdigital\/\"}]}<\/script>\n<!-- \/ Yoast SEO plugin. -->","yoast_head_json":{"title":"M&#x259;d&#x259;niyy&#x259;t k&#xF6;rp&#xFC;s&#xFC;: avropal&#x131;lar&#x131; v&#x259; az&#x259;rbaycanl&#x131;lar&#x131; n&#x259; birl&#x259;&#x15F;dirir - EU for Azerbaijan","robots":{"index":"index","follow":"follow","max-snippet":"max-snippet:-1","max-image-preview":"max-image-preview:large","max-video-preview":"max-video-preview:-1"},"canonical":"https:\/\/eu4azerbaijan.eu\/az\/mdniyyt-krps-avropallar-v-azrbaycanllar-n-birldirir\/","og_locale":"az_AZ","og_type":"article","og_title":"M&#x259;d&#x259;niyy&#x259;t k&#xF6;rp&#xFC;s&#xFC;: avropal&#x131;lar&#x131; v&#x259; az&#x259;rbaycanl&#x131;lar&#x131; n&#x259; birl&#x259;&#x15F;dirir - EU for Azerbaijan","og_description":"Yelena V\u0259liyeva\u00a0\u201cBerlinale\u201d kimi tan\u0131nan Berlin beyn\u0259lxalq kino festival\u0131nda qonaq qismind\u0259 i\u015ftirak etm\u0259k ist\u0259nil\u0259n Avropa kinomatoqrafiyas\u0131n\u0131 sev\u0259n v\u0259 d\u0259y\u0259rl\u0259ndir\u0259nl\u0259r \u00fc\u00e7\u00fcn b\u00f6y\u00fck sevincdir. Bu il bu c\u00fcr imkan Az\u0259rbaycan Dill\u0259r Universitetinin m\u0259zuni, 26 ya\u015fl\u0131 G\u00fcnay Mirz\u0259yevan\u0131n qism\u0259tin\u0259 d\u00fc\u015f\u00fcb.","og_url":"https:\/\/eu4azerbaijan.eu\/az\/mdniyyt-krps-avropallar-v-azrbaycanllar-n-birldirir\/","og_site_name":"EU for Azerbaijan","article_published_time":"2017-05-22T00:00:00+00:00","article_modified_time":"2021-02-17T16:44:17+00:00","og_image":[{"width":1366,"height":768,"url":"https:\/\/eu4azerbaijan.eu\/wp-content\/uploads\/\u0444\u043e\u0442\u043e-1-\u0430\u043b\u044c\u0442\u0435\u0440\u043d\u0430\u0442\u0438\u0432\u043d\u0430\u044f_0.jpg","type":"image\/jpeg"}],"author":"efgdigital","twitter_card":"summary_large_image","twitter_misc":{"Written by":"efgdigital","Est. reading time":"10 minutes"},"schema":{"@context":"https:\/\/schema.org","@graph":[{"@type":"WebPage","@id":"https:\/\/eu4azerbaijan.eu\/az\/mdniyyt-krps-avropallar-v-azrbaycanllar-n-birldirir\/","url":"https:\/\/eu4azerbaijan.eu\/az\/mdniyyt-krps-avropallar-v-azrbaycanllar-n-birldirir\/","name":"M&#x259;d&#x259;niyy&#x259;t k&#xF6;rp&#xFC;s&#xFC;: avropal&#x131;lar&#x131; v&#x259; az&#x259;rbaycanl&#x131;lar&#x131; n&#x259; birl&#x259;&#x15F;dirir - EU for Azerbaijan","isPartOf":{"@id":"https:\/\/eu4azerbaijan.eu\/az\/#website"},"primaryImageOfPage":{"@id":"https:\/\/eu4azerbaijan.eu\/az\/mdniyyt-krps-avropallar-v-azrbaycanllar-n-birldirir\/#primaryimage"},"image":{"@id":"https:\/\/eu4azerbaijan.eu\/az\/mdniyyt-krps-avropallar-v-azrbaycanllar-n-birldirir\/#primaryimage"},"thumbnailUrl":"https:\/\/eu4azerbaijan.eu\/wp-content\/uploads\/\u0444\u043e\u0442\u043e-1-\u0430\u043b\u044c\u0442\u0435\u0440\u043d\u0430\u0442\u0438\u0432\u043d\u0430\u044f_0.jpg","datePublished":"2017-05-22T00:00:00+00:00","dateModified":"2021-02-17T16:44:17+00:00","author":{"@id":"https:\/\/eu4azerbaijan.eu\/az\/#\/schema\/person\/8e61f36472c1a07751c0c51b469566db"},"breadcrumb":{"@id":"https:\/\/eu4azerbaijan.eu\/az\/mdniyyt-krps-avropallar-v-azrbaycanllar-n-birldirir\/#breadcrumb"},"inLanguage":"az-AZ","potentialAction":[{"@type":"ReadAction","target":["https:\/\/eu4azerbaijan.eu\/az\/mdniyyt-krps-avropallar-v-azrbaycanllar-n-birldirir\/"]}]},{"@type":"ImageObject","inLanguage":"az-AZ","@id":"https:\/\/eu4azerbaijan.eu\/az\/mdniyyt-krps-avropallar-v-azrbaycanllar-n-birldirir\/#primaryimage","url":"https:\/\/eu4azerbaijan.eu\/wp-content\/uploads\/\u0444\u043e\u0442\u043e-1-\u0430\u043b\u044c\u0442\u0435\u0440\u043d\u0430\u0442\u0438\u0432\u043d\u0430\u044f_0.jpg","contentUrl":"https:\/\/eu4azerbaijan.eu\/wp-content\/uploads\/\u0444\u043e\u0442\u043e-1-\u0430\u043b\u044c\u0442\u0435\u0440\u043d\u0430\u0442\u0438\u0432\u043d\u0430\u044f_0.jpg","width":1366,"height":768,"caption":"Culture as a bridge: bringing Europeans and Azerbaijanis closer together"},{"@type":"BreadcrumbList","@id":"https:\/\/eu4azerbaijan.eu\/az\/mdniyyt-krps-avropallar-v-azrbaycanllar-n-birldirir\/#breadcrumb","itemListElement":[{"@type":"ListItem","position":1,"name":"Home","item":"https:\/\/eu4azerbaijan.eu\/az\/"},{"@type":"ListItem","position":2,"name":"M&#x259;d&#x259;niyy&#x259;t k&#xF6;rp&#xFC;s&#xFC;: avropal&#x131;lar&#x131; v&#x259; az&#x259;rbaycanl&#x131;lar&#x131; n&#x259; birl&#x259;&#x15F;dirir"}]},{"@type":"WebSite","@id":"https:\/\/eu4azerbaijan.eu\/az\/#website","url":"https:\/\/eu4azerbaijan.eu\/az\/","name":"EU for Azerbaijan","description":"","potentialAction":[{"@type":"SearchAction","target":{"@type":"EntryPoint","urlTemplate":"https:\/\/eu4azerbaijan.eu\/az\/?s={search_term_string}"},"query-input":{"@type":"PropertyValueSpecification","valueRequired":true,"valueName":"search_term_string"}}],"inLanguage":"az-AZ"},{"@type":"Person","@id":"https:\/\/eu4azerbaijan.eu\/az\/#\/schema\/person\/8e61f36472c1a07751c0c51b469566db","name":"efgdigital","image":{"@type":"ImageObject","inLanguage":"az-AZ","@id":"https:\/\/eu4azerbaijan.eu\/az\/#\/schema\/person\/image\/","url":"https:\/\/secure.gravatar.com\/avatar\/53d8cb126cff14a5dd568f2dd65fdf3ad9542207d0e197850c88aed5f5464585?s=96&d=mm&r=g","contentUrl":"https:\/\/secure.gravatar.com\/avatar\/53d8cb126cff14a5dd568f2dd65fdf3ad9542207d0e197850c88aed5f5464585?s=96&d=mm&r=g","caption":"efgdigital"},"url":"https:\/\/eu4azerbaijan.eu\/az\/author\/efgdigital\/"}]}},"_links":{"self":[{"href":"https:\/\/eu4azerbaijan.eu\/az\/wp-json\/wp\/v2\/posts\/41138","targetHints":{"allow":["GET"]}}],"collection":[{"href":"https:\/\/eu4azerbaijan.eu\/az\/wp-json\/wp\/v2\/posts"}],"about":[{"href":"https:\/\/eu4azerbaijan.eu\/az\/wp-json\/wp\/v2\/types\/post"}],"author":[{"embeddable":true,"href":"https:\/\/eu4azerbaijan.eu\/az\/wp-json\/wp\/v2\/users\/1"}],"replies":[{"embeddable":true,"href":"https:\/\/eu4azerbaijan.eu\/az\/wp-json\/wp\/v2\/comments?post=41138"}],"version-history":[{"count":0,"href":"https:\/\/eu4azerbaijan.eu\/az\/wp-json\/wp\/v2\/posts\/41138\/revisions"}],"wp:featuredmedia":[{"embeddable":true,"href":"https:\/\/eu4azerbaijan.eu\/az\/wp-json\/wp\/v2\/media\/41139"}],"wp:attachment":[{"href":"https:\/\/eu4azerbaijan.eu\/az\/wp-json\/wp\/v2\/media?parent=41138"}],"wp:term":[{"taxonomy":"category","embeddable":true,"href":"https:\/\/eu4azerbaijan.eu\/az\/wp-json\/wp\/v2\/categories?post=41138"},{"taxonomy":"post_tag","embeddable":true,"href":"https:\/\/eu4azerbaijan.eu\/az\/wp-json\/wp\/v2\/tags?post=41138"},{"taxonomy":"topic","embeddable":true,"href":"https:\/\/eu4azerbaijan.eu\/az\/wp-json\/wp\/v2\/topic?post=41138"}],"curies":[{"name":"wp","href":"https:\/\/api.w.org\/{rel}","templated":true}]}}