{"id":41135,"date":"2017-06-21T00:00:00","date_gmt":"2017-06-21T00:00:00","guid":{"rendered":"https:\/\/eu4azerbaijan.eu\/azrbaycan-v-avropa-ttifaq-25-illik-mkdalq-v-glcy-bax\/"},"modified":"2021-02-17T16:44:17","modified_gmt":"2021-02-17T16:44:17","slug":"azrbaycan-v-avropa-ttifaq-25-illik-mkdalq-v-glcy-bax","status":"publish","type":"post","link":"https:\/\/eu4azerbaijan.eu\/az\/azrbaycan-v-avropa-ttifaq-25-illik-mkdalq-v-glcy-bax\/","title":{"rendered":"Az&#x259;rbaycan v&#x259; Avropa &#x130;ttifaq&#x131;: 25 illik &#x259;m&#x259;kda&#x15F;l&#x131;q v&#x259; g&#x259;l&#x259;c&#x259;y&#x259; bax&#x131;&#x15F;"},"content":{"rendered":"<p><strong><\/p>\n<ul>\n<li>\u0130nstitutlar v\u0259 yax\u015f\u0131 idar\u0259\u00e7iliyin g\u00fccl\u0259ndirilm\u0259si<\/li>\n<li>\u0130dar\u0259\u00e7ilik, qanunun aliliyi v\u0259 insan h\u00fcquqlar\u0131<\/li>\n<\/ul>\n<p><\/strong><\/p>\n<p><strong><\/p>\n<p>2016-c\u0131 ild\u0259 Az\u0259rbaycanla Avropa \u0130ttifaq\u0131 (A\u0130) birg\u0259 \u0259m\u0259kda\u015fl\u0131\u011f\u0131n\u0131n 25-ci ild\u00f6n\u00fcm\u00fcn\u0259 q\u0259d\u0259m qoyur: ilk \u0259laq\u0259l\u0259r h\u0259l\u0259 1991-ci ild\u0259 TACIS-in birlik \u00f6lk\u0259l\u0259rin\u0259 texniki yard\u0131m proqram\u0131 \u00e7\u0259r\u00e7iv\u0259sind\u0259 ba\u015flay\u0131b.<\/p>\n<p><\/strong><\/p>\n<div class=\"paragraph paragraph--type--image-block paragraph--view-mode--xml\">\n<div class=\"node__media node__media--carousel node__media--right\">\n<div class=\"node__media-container\">\n            <img loading=\"lazy\" decoding=\"async\" src=\"\/sites\/default\/files\/2017-05\/EU-AZ%20flag%2025%20years%20of%20coop%20-%20EUD.jpg\" width=\"500\" height=\"375\" alt=\"Azerbaijani and EU flags, with brochures\" typeof=\"Image\" \/><\/p><\/div>\n<\/p><\/div>\n<div class=\"node__text\">\n<p>G\u0259l\u0259c\u0259k m\u00fcnasib\u0259tl\u0259rin \u0259sas\u0131na 1996-c\u0131 ild\u0259 imzalanan v\u0259 1999-cu ild\u0259 q\u00fcvv\u0259y\u0259 min\u0259n T\u0259r\u0259fda\u015fl\u0131q v\u0259 \u0259m\u0259kda\u015fl\u0131q haqq\u0131nda (PCA) raz\u0131la\u015fma xidm\u0259t edib.<\/p>\n<p>\u00d6t\u0259n ill\u0259r \u0259rzind\u0259 t\u0259r\u0259fl\u0259r ilk h\u00fcquqi s\u0259n\u0259dd\u0259n tutmu\u015f \u201c\u015e\u0259rq T\u0259r\u0259fda\u015fl\u0131\u011f\u0131\u201d inteqrasiya proqram\u0131nad\u0259k, Az\u0259rbaycan\u0131n inki\u015faf\u0131n\u0131n maliyy\u0259 d\u0259st\u0259yind\u0259n tutmu\u015f energetik sah\u0259d\u0259 strateji \u0259m\u0259kda\u015fl\u0131\u011fa q\u0259d\u0259r ir\u0259lil\u0259yibl\u0259r.<\/p>\n<p><em><strong>Avropa Az\u0259rbaycan xalq\u0131 \u00fc\u00e7\u00fcn hans\u0131 \u0259h\u0259miyy\u0259t\u0259 malikdir v\u0259 Avropa \u0130ttiqaf\u0131 il\u0259 \u0259m\u0259kda\u015fl\u0131q \u00f6lk\u0259miz \u00fc\u00e7\u00fcn hans\u0131 imkanlar\u0131 a\u00e7acaq?<\/strong><\/em><strong> <\/strong><\/p>\n<p>\u201cAvropa \u2013 h\u0259r \u015feyd\u0259n \u00f6nc\u0259 siyasi v\u0259 iqtisadi inki\u015faf, m\u0259d\u0259ni birlik formala\u015fmas\u0131 il\u0259 ba\u011fl\u0131 d\u0259qiq planlar\u0131 olan vahid ail\u0259 qurulu\u015fudur. Bel\u0259 ki, Avropa indiy\u0259d\u0259k m\u00f6vcud olan b\u00fct\u00fcn siyasi sisteml\u0259ri \u00f6z\u00fcnd\u0259 t\u0259c\u0259ss\u00fcm etdir\u0259r\u0259k b\u00f6y\u00fck imkanlara sahibdir\u201d, &#8211; <strong>Humanitar T\u0259dqiqatlar \u0130ctimai Birliyinin r\u0259hb\u0259ri \u018fv\u0259z H\u0259s\u0259nov<\/strong> hesab edir.<\/p>\n<p>\u201cH\u0259r k\u0259s m\u00fcxt\u0259lifdir \u2013 h\u0259r k\u0259s b\u0259rab\u0259rdir\u201d ideyas\u0131 Avropan\u0131n \u0259n populyar d\u0259y\u0259rl\u0259rind\u0259n biridir. Onun alternativi yoxdur. Bel\u0259 ki, o insan h\u00fcquqlar\u0131na v\u0259 m\u00fcxt\u0259lifliy\u0259 h\u00f6rm\u0259tl\u0259 \u0259saslan\u0131r\u201d, &#8211; h\u0259m\u00e7inin o, s\u00f6zl\u0259rin\u0259 \u0259lav\u0259 edib.<\/p>\n<p><strong>ADA Universitetinin rektor m\u00fcavini Fariz \u0130smay\u0131lzad\u0259nin<\/strong> fikrinc\u0259 Avropa inki\u015faf, ir\u0259lil\u0259yi\u015f, insan haqlar\u0131 v\u0259 demokratiya, tolerantl\u0131q, el\u0259c\u0259 d\u0259 multikulturalizmin r\u0259mzidir:<\/p>\n<p>\u201cAvropan\u0131n n\u00fcfuzu t\u0259hsil sah\u0259sin\u0259 m\u00fcsb\u0259t t\u0259sir g\u00f6st\u0259r\u0259r\u0259k, Az\u0259rbaycan g\u0259ncl\u0259rinin d\u00fcnyag\u00f6r\u00fc\u015f\u00fcn\u00fcn geni\u015fl\u0259nm\u0259sin\u0259, el\u0259c\u0259 d\u0259 onlar \u00fc\u00e7\u00fcn b\u00f6y\u00fck akademik imkanlar yarad\u0131r.<\/p>\n<p>\u201cA\u0130 il\u0259 \u0259m\u0259kda\u015fl\u0131q Az\u0259rbaycan \u00fc\u00e7\u00fcn \u00e7ox vacibdir. Bel\u0259 ki, biz \u2013 iqtisadiyyat v\u0259 d\u00f6vl\u0259t idar\u0259 sisteminin m\u00fcasirl\u0259\u015fm\u0259si bax\u0131m\u0131ndan g\u0259nc \u00f6lk\u0259yik. Avropa t\u0259cr\u00fcb\u0259si, maliyy\u0259 yard\u0131m\u0131, nou-hau texnologiyas\u0131 olmadan b\u00fct\u00fcn bunlar \u00e7ox \u00e7\u0259tin ola bil\u0259r. \u018fn qabaqc\u0131l t\u0259cr\u00fcb\u0259ni t\u0259tbiq ed\u0259r\u0259k Avropadan \u00f6yr\u0259n\u0259c\u0259yimiz \u00e7ox \u015feyl\u0259r var\u201d, &#8211; dey\u0259 o, bildirir.<\/p>\n<p><strong>Politoloq \u0130lqar Verdizad\u0259<\/strong> hesab edir ki, A\u0130 il\u0259 iqtisadi planda qar\u015f\u0131l\u0131ql\u0131 \u0259laq\u0259 Az\u0259rbaycana iqtisadi r\u0259qab\u0259t \u00fcst\u00fcnl\u00fckl\u0259rini t\u0259kmill\u0259\u015fdirm\u0259k \u00fc\u00e7\u00fcn imkanlar ver\u0259c\u0259k. H\u0259m\u00e7inin bu \u0259m\u0259kda\u015fl\u0131q ixrac strukturunu optimalla\u015fd\u0131rma\u011fa, onun emal sah\u0259sind\u0259, x\u00fcsus\u0259n d\u0259 k\u0259nd t\u0259s\u0259rr\u00fcfat\u0131 sah\u0259sind\u0259 energetik t\u0259rkibinin m\u00fcxt\u0259lifliyi \u00fc\u00e7\u00fcn yeni imkanlar a\u00e7acaq.<\/p>\n<p>\u201cAvropa investisiyalar\u0131n\u0131n c\u0259lb edilm\u0259si Az\u0259rbaycan\u0131n Avropaya real iqtisadi inteqrasiyas\u0131 \u00fc\u00e7\u00fcn yeni imkanlar a\u00e7acaq. El\u0259c\u0259 d\u0259, m\u00fcvafiq n\u0259qliyyat infrastrukturunun inki\u015faf\u0131 bu prosesi daha da s\u00fcr\u0259tl\u0259ndir\u0259c\u0259k\u201d, &#8211; dey\u0259, o bildirib.<\/p>\n<p>\u201cH\u0259m\u00e7inin m\u0259s\u0259l\u0259 siyas\u0259td\u0259 deyil\u201d, &#8211; m\u0259\u015fhur az\u0259rbaycanl\u0131 <strong>yaz\u0131\u00e7\u0131 \u00c7ingiz Abdullayev<\/strong> bildirib:<\/p>\n<p>\u201cM\u0259d\u0259ni h\u0259yat \u2013 musiqi, \u0259d\u0259biyyat, t\u0259sviri inc\u0259s\u0259n\u0259t, memarl\u0131q, teatr \u2013 b\u00fct\u00fcn bunlar m\u00fctl\u0259q \u0259minlikl\u0259 Az\u0259rbaycan\u0131n h\u0259qiq\u0259t\u0259n d\u0259 Avropa \u00f6lk\u0259si oldu\u011funu t\u0259sdiq edir\u201d.<\/p>\n<p>\u201cBizim \u00fc\u00e7\u00fcn m\u00fcst\u0259sna olaraq \u00f6z\u00fcm\u00fcz\u00fc b\u0259\u015f\u0259riyy\u0259tin daha sivil v\u0259 ir\u0259lil\u0259mi\u015f avanqard\u0131 olaraq Avropa c\u0259miyy\u0259tinin bir hiss\u0259si hesab etm\u0259yimiz daha vacibdir. Biz h\u0259r zaman Avropada b\u00fct\u00fcn yeni meyill\u0259ri tamamil\u0259 q\u0259bul etm\u0259y\u0259 haz\u0131r deyilik. Bel\u0259 ki, b\u0259z\u0259n onlar mentalitet v\u0259 \u0259n\u0259n\u0259l\u0259rimiz\u0259 ziddir. Lakin Avropa c\u0259miyy\u0259tinin bir \u00e7ox qur\u011fular\u0131 bizim \u00fc\u00e7\u00fcn prioritetdir\u201d.<\/p>\n<p><strong>Bu g\u00fcn\u00fcn nailiyy\u0259tl\u0259ri<\/strong><\/p>\n<ol start=\"3\">\n<li>ild\u0259n Az\u0259rbaycan A\u0130 t\u0259r\u0259find\u0259n Avropa \u0130ttifaq\u0131n\u0131n postsovet \u00f6lk\u0259l\u0259rinin yax\u0131nla\u015fmas\u0131 \u00fc\u00e7\u00fcn t\u0259\u015f\u0259bb\u00fcs edil\u0259n \u201c\u015e\u0259rq T\u0259r\u0259fda\u015fl\u0131\u011f\u0131\u201d Avropa inteqrasiya proqram\u0131na qo\u015fuldu. Proqram \u00e7\u0259r\u00e7iv\u0259sind\u0259 Az\u0259rbaycanla \u015eengen zonas\u0131 \u00f6lk\u0259l\u0259ri il\u0259 viza rejiminin sad\u0259l\u0259\u015fdirlm\u0259si m\u0259s\u0259l\u0259si uzunm\u00fcdd\u0259t g\u00f6zl\u0259nil\u0259n \u0259h\u0259miyy\u0259tli nailiyy\u0259t oldu.<\/li>\n<\/ol>\n<p>2014-c\u00fc ilin sentyabr\u0131ndan Az\u0259rbaycan v\u0259t\u0259nda\u015flar\u0131 \u00fc\u00e7\u00fcn az s\u0259n\u0259d t\u0259l\u0259b ed\u0259n q\u0131sam\u00fcdd\u0259tli \u015eengen vizalar\u0131 r\u0259smil\u0259\u015fdirildi. Prosesin bax\u0131lmas\u0131 vaxt\u0131 q\u0131sald\u0131, el\u0259c\u0259 d\u0259 vizalar\u0131n m\u0259bl\u0259\u011fi iki d\u0259f\u0259 azald\u0131. Raz\u0131la\u015fmada h\u0259m\u00e7inin r\u0259smi n\u00fcmay\u0259nd\u0259l\u0259r, 12 ya\u015fad\u0259k u\u015faqlar, t\u0259qa\u00fcd\u00e7\u00fcl\u0259r, alim v\u0259 t\u0259l\u0259b\u0259l\u0259r \u00fc\u00e7\u00fcn viza r\u00fcsumunun l\u0259\u011fvi n\u0259z\u0259rd\u0259 tutulur.<\/p>\n<p>Lakin \u201c\u015e\u0259rq T\u0259r\u0259fda\u015fl\u0131\u011f\u0131\u201dn\u0131n m\u0259ntiqi tamamlanmas\u0131na \u00e7atmaq \u2013 asossiativ raz\u0131la\u015fmalar ba\u011flanmas\u0131na t\u0259r\u0259fl\u0259r nail ola bilm\u0259di. Az\u0259rbaycan el\u0259 2014-c\u00fc ild\u0259 A\u0130 il\u0259 standart assosiativ raz\u0131la\u015fmadan imtina ed\u0259r\u0259k, onunla f\u0259rdi strateji \u0259m\u0259kda\u015fl\u0131\u011fa \u00fcst\u00fcnl\u00fck verdi. H\u0259m\u00e7inin Bak\u0131n\u0131n A\u0130-nin azad ticar\u0259t zonas\u0131 (DCFTA) haqda raz\u0131la\u015fmas\u0131n\u0131 imzalama\u011fa haz\u0131r olmad\u0131\u011f\u0131 da ayd\u0131n oldu. Bel\u0259 ki, raz\u0131la\u015fman\u0131n \u015f\u0259rtl\u0259rind\u0259n biri Beyn\u0259lxalq Ticar\u0259t T\u0259\u015fkilata daxil olmaqd\u0131r ki, bu da haz\u0131rda Az\u0259rbaycan \u00fc\u00e7\u00fcn prioritet m\u0259s\u0259l\u0259 deyil, \u00e7\u00fcnki bu, \u00f6lk\u0259nin b\u0259zi iqtisadi sektorlar\u0131n\u0131 \u0259lveri\u015fsiz v\u0259ziyy\u0259t\u0259 qoyacaq.<\/p>\n<p>Bunun \u0259v\u0259zi olaraq Bak\u0131 A\u0130-y\u0259 energetik \u0259m\u0259kda\u015fl\u0131q v\u0259 strateji t\u0259r\u0259fda\u015fl\u0131q haqq\u0131nda f\u0259rdi raz\u0131la\u015fmalar t\u0259klif edir. Haz\u0131rda yeni raz\u0131la\u015fma t\u0259r\u0259fl\u0259rin bax\u0131lmas\u0131 m\u0259rh\u0259l\u0259sind\u0259dir.<\/p>\n<p>Az\u0259rbaycanda A\u0130 n\u00fcmay\u0259nd\u0259 hey\u0259tinin r\u0259hb\u0259ri Malena Mard bununla ba\u011fl\u0131 bildirib:<\/p>\n<p>\u201cH\u0259r \u015fey r\u0259van getm\u0259di. Lakin \u201c\u015e\u0259rq T\u0259rfda\u015fl\u0131\u011f\u0131\u201d proqram\u0131 \u00e7\u0259r\u00e7iv\u0259sind\u0259 m\u00fcsb\u0259t m\u0259qamlar da oldu. Biz, g\u0259l\u0259c\u0259k \u0259m\u0259kda\u015fl\u0131qda bu m\u0259qamlara \u0259saslanmal\u0131y\u0131q\u201d.<\/p>\n<p>25 illik \u0259m\u0259kda\u015fl\u0131q \u0259rzind\u0259 A\u0130 t\u0259r\u0259find\u0259n Az\u0259rbaycanda m\u00fcxt\u0259lif inki\u015faf proqramlar\u0131na 580 milyon avro ayr\u0131l\u0131b. Bu d\u00f6vr \u0259rzind\u0259 Az\u0259rbaycanla A\u0130 aras\u0131nda 43 tvinniq-layih\u0259si h\u0259yata ke\u00e7irilib \u2013 bu, Ukraynadan sonra \u0259n b\u00f6y\u00fck sayda birg\u0259 layih\u0259l\u0259rdir.<\/p>\n<p><strong>Yeni imkanlar v\u0259 g\u0259l\u0259c\u0259y\u0259 bax\u0131\u015f<\/strong><\/p>\n<p>Az\u0259rbaycanda A\u0130-d\u0259n m\u00fcnaqi\u015f\u0259l\u0259rin h\u0259ll olunmas\u0131 m\u0259s\u0259l\u0259sind\u0259, x\u00fcsus\u0259n d\u0259 Erm\u0259nistanla Da\u011fl\u0131q Qaraba\u011f m\u00fcnqi\u015f\u0259sinin nizamlanmas\u0131nda ayd\u0131n m\u00f6vqe g\u00f6zl\u0259nilir. Br\u00fcssel is\u0259 bu m\u0259s\u0259l\u0259y\u0259 AT\u018fT-in Minsk qrupunun s\u0259yl\u0259rini d\u0259st\u0259kl\u0259m\u0259kl\u0259 c\u0259lbini m\u0259hdudla\u015fd\u0131r\u0131r.<\/p>\n<p>\u201cAvropa \u0130ttifaq\u0131n\u0131n m\u00fcnaqi\u015f\u0259l\u0259rin h\u0259ll edilm\u0259si (t\u0259r\u0259fda\u015f \u00f6lk\u0259l\u0259r \u0259razisind\u0259) m\u0259s\u0259l\u0259sin\u0259 daha \u00e7ox diqq\u0259t etm\u0259si v\u0259 aqressiya hallar\u0131na qar\u015f\u0131 daha ayd\u0131n m\u00f6vqe n\u00fcmayi\u015f etdirm\u0259si laz\u0131md\u0131r. B\u0259z\u0259n A\u0130 ikili standartlar n\u00fcmayi\u015f etdirir\u201d, &#8211; ADA Universitetind\u0259n Fariz \u0130smay\u0131lzad\u0259 bildirir.<\/p>\n<p>\u0130B r\u0259hb\u0259ri \u018fv\u0259z H\u0259s\u0259nov \u00f6z n\u00f6vb\u0259sind\u0259 Avropa \u0130ttifaq\u0131ndan Az\u0259rbaycanla siyasi dialoq bax\u0131m\u0131ndan \u00f6lk\u0259nin Avropaya inteqrasiya edilm\u0259si m\u0259qs\u0259dil\u0259 siyasi v\u0259 iqtisadi islahatlar\u0131n t\u0259tbiqind\u0259 b\u00f6y\u00fck f\u0259all\u0131q g\u00f6zl\u0259yir. H\u0259m\u00e7inin o, v\u0259t\u0259nda\u015f c\u0259miyy\u0259ti il\u0259 \u00f6lk\u0259nin Avropa d\u0259y\u0259rl\u0259rinin anlay\u0131b yay\u0131lmas\u0131nda \u0259m\u0259kda\u015fl\u0131\u011f\u0131 davam etdirm\u0259yin vacibliyini d\u0259 vur\u011fulay\u0131b:<\/p>\n<p>\u201cAz\u0259rbaycan\u0131n g\u0259l\u0259c\u0259yi bir \u00e7ox sah\u0259l\u0259rd\u0259 Avropa qit\u0259si il\u0259 ba\u011fl\u0131d\u0131r. M\u0259hz A\u0130 il\u0259 Az\u0259rbaycan\u0131n qlobal iqtisadi layih\u0259l\u0259ri, el\u0259c\u0259 d\u0259 neft-qaz ixrac\u0131 da Avropa bazarlar\u0131na y\u00f6n\u0259lir, m\u0259hz Avropa yeni texnologiya v\u0259 innovasiyalara t\u0259kan verir\u201d.<\/p>\n<p>Politoloq \u0130lqar Verdizad\u0259 hesab edir ki, g\u0259l\u0259c\u0259kd\u0259 Az\u0259rbaycanla A\u0130-nin \u0259laq\u0259l\u0259ri m\u00f6hk\u0259m t\u0259m\u0259l \u0259sas\u0131nda haz\u0131rlanan inki\u015faf\u0131n prioritetl\u0259rin\u0259 uy\u011fun olaraq t\u0259kmill\u0259\u015fdirm\u0259l\u0259ri n\u0259z\u0259r\u0259 alan strateji \u0259m\u0259kda\u015fl\u0131q haqq\u0131nda raz\u0131la\u015fma il\u0259 \u0259saslanacaq.<\/p>\n<p>\u201cAz\u0259rbaycan-Avropa \u0259m\u0259kda\u015fl\u0131\u011f\u0131n\u0131n g\u0259l\u0259c\u0259yi \u2013 Az\u0259rbaycanla A\u0130-nin sonrak\u0131 inteqrasiyas\u0131 v\u0259 \u00f6lk\u0259mizd\u0259 \u0259n yax\u015f\u0131 Avropa t\u0259cr\u00fcb\u0259sinin t\u0259tbiqind\u0259dir. Ba\u015fqa yolumuz yoxdur\u201d, &#8211; dey\u0259, Fariz \u0130smay\u0131lzad\u0259 bildirir.<\/p>\n<p><strong>M\u00fc\u0259llif:\u00a0<span lang=\"RU\" lang=\"RU\" lang=\"RU\"><span><span>Yelena Ostapenko<\/span><\/span><\/span><\/strong><\/p>\n<p><a href=\"http:\/\/www.1news.az\/az\/cemiyyet\/20170919092231097.html\">Yerli mediada n\u0259\u015fr olunmu\u015f m\u0259qal\u0259<\/a><a href=\"http:\/\/www.1news.az\/az\/siyaset\/20160627111226466.html\">\u00a0<\/a><\/p>\n<\/div>\n<p><strong class=\"node_view\"><\/strong>\n      <\/div>\n","protected":false},"excerpt":{"rendered":"<p>2016-c\u0131 ild\u0259 Az\u0259rbaycanla Avropa \u0130ttifaq\u0131 (A\u0130) birg\u0259 \u0259m\u0259kda\u015fl\u0131\u011f\u0131n\u0131n 25-ci ild\u00f6n\u00fcm\u00fcn\u0259 q\u0259d\u0259m qoyur: ilk \u0259laq\u0259l\u0259r h\u0259l\u0259 1991-ci ild\u0259 TACIS-in birlik \u00f6lk\u0259l\u0259rin\u0259 texniki yard\u0131m proqram\u0131 \u00e7\u0259r\u00e7iv\u0259sind\u0259 ba\u015flay\u0131b.<\/p>\n","protected":false},"author":1,"featured_media":41136,"comment_status":"closed","ping_status":"open","sticky":false,"template":"","format":"standard","meta":{"_acf_changed":false,"footnotes":""},"categories":[374,376,284],"tags":[],"topic":[],"class_list":["post-41135","post","type-post","status-publish","format-standard","has-post-thumbnail","hentry","category-whats-happening-az","category-tematik-xbr","category-news-az"],"acf":[],"yoast_head":"<!-- This site is optimized with the Yoast SEO plugin v26.4 - https:\/\/yoast.com\/wordpress\/plugins\/seo\/ -->\n<title>Az&#x259;rbaycan v&#x259; Avropa &#x130;ttifaq&#x131;: 25 illik &#x259;m&#x259;kda&#x15F;l&#x131;q v&#x259; g&#x259;l&#x259;c&#x259;y&#x259; bax&#x131;&#x15F; - EU for Azerbaijan<\/title>\n<meta name=\"robots\" content=\"index, follow, max-snippet:-1, max-image-preview:large, max-video-preview:-1\" \/>\n<link rel=\"canonical\" href=\"https:\/\/eu4azerbaijan.eu\/az\/azrbaycan-v-avropa-ttifaq-25-illik-mkdalq-v-glcy-bax\/\" \/>\n<meta property=\"og:locale\" content=\"az_AZ\" \/>\n<meta property=\"og:type\" content=\"article\" \/>\n<meta property=\"og:title\" content=\"Az&#x259;rbaycan v&#x259; Avropa &#x130;ttifaq&#x131;: 25 illik &#x259;m&#x259;kda&#x15F;l&#x131;q v&#x259; g&#x259;l&#x259;c&#x259;y&#x259; bax&#x131;&#x15F; - EU for Azerbaijan\" \/>\n<meta property=\"og:description\" content=\"2016-c\u0131 ild\u0259 Az\u0259rbaycanla Avropa \u0130ttifaq\u0131 (A\u0130) birg\u0259 \u0259m\u0259kda\u015fl\u0131\u011f\u0131n\u0131n 25-ci ild\u00f6n\u00fcm\u00fcn\u0259 q\u0259d\u0259m qoyur: ilk \u0259laq\u0259l\u0259r h\u0259l\u0259 1991-ci ild\u0259 TACIS-in birlik \u00f6lk\u0259l\u0259rin\u0259 texniki yard\u0131m proqram\u0131 \u00e7\u0259r\u00e7iv\u0259sind\u0259 ba\u015flay\u0131b.\" \/>\n<meta property=\"og:url\" content=\"https:\/\/eu4azerbaijan.eu\/az\/azrbaycan-v-avropa-ttifaq-25-illik-mkdalq-v-glcy-bax\/\" \/>\n<meta property=\"og:site_name\" content=\"EU for Azerbaijan\" \/>\n<meta property=\"article:published_time\" content=\"2017-06-21T00:00:00+00:00\" \/>\n<meta property=\"article:modified_time\" content=\"2021-02-17T16:44:17+00:00\" \/>\n<meta property=\"og:image\" content=\"https:\/\/eu4azerbaijan.eu\/wp-content\/uploads\/EU-AZ-flag-25-years-of-coop-EUD.jpg\" \/>\n\t<meta property=\"og:image:width\" content=\"500\" \/>\n\t<meta property=\"og:image:height\" content=\"375\" \/>\n\t<meta property=\"og:image:type\" content=\"image\/jpeg\" \/>\n<meta name=\"author\" content=\"efgdigital\" \/>\n<meta name=\"twitter:card\" content=\"summary_large_image\" \/>\n<meta name=\"twitter:label1\" content=\"Written by\" \/>\n\t<meta name=\"twitter:data1\" content=\"efgdigital\" \/>\n\t<meta name=\"twitter:label2\" content=\"Est. reading time\" \/>\n\t<meta name=\"twitter:data2\" content=\"8 minutes\" \/>\n<script type=\"application\/ld+json\" class=\"yoast-schema-graph\">{\"@context\":\"https:\/\/schema.org\",\"@graph\":[{\"@type\":\"WebPage\",\"@id\":\"https:\/\/eu4azerbaijan.eu\/az\/azrbaycan-v-avropa-ttifaq-25-illik-mkdalq-v-glcy-bax\/\",\"url\":\"https:\/\/eu4azerbaijan.eu\/az\/azrbaycan-v-avropa-ttifaq-25-illik-mkdalq-v-glcy-bax\/\",\"name\":\"Az&#x259;rbaycan v&#x259; Avropa &#x130;ttifaq&#x131;: 25 illik &#x259;m&#x259;kda&#x15F;l&#x131;q v&#x259; g&#x259;l&#x259;c&#x259;y&#x259; bax&#x131;&#x15F; - EU for Azerbaijan\",\"isPartOf\":{\"@id\":\"https:\/\/eu4azerbaijan.eu\/az\/#website\"},\"primaryImageOfPage\":{\"@id\":\"https:\/\/eu4azerbaijan.eu\/az\/azrbaycan-v-avropa-ttifaq-25-illik-mkdalq-v-glcy-bax\/#primaryimage\"},\"image\":{\"@id\":\"https:\/\/eu4azerbaijan.eu\/az\/azrbaycan-v-avropa-ttifaq-25-illik-mkdalq-v-glcy-bax\/#primaryimage\"},\"thumbnailUrl\":\"https:\/\/eu4azerbaijan.eu\/wp-content\/uploads\/EU-AZ-flag-25-years-of-coop-EUD.jpg\",\"datePublished\":\"2017-06-21T00:00:00+00:00\",\"dateModified\":\"2021-02-17T16:44:17+00:00\",\"author\":{\"@id\":\"https:\/\/eu4azerbaijan.eu\/az\/#\/schema\/person\/8e61f36472c1a07751c0c51b469566db\"},\"breadcrumb\":{\"@id\":\"https:\/\/eu4azerbaijan.eu\/az\/azrbaycan-v-avropa-ttifaq-25-illik-mkdalq-v-glcy-bax\/#breadcrumb\"},\"inLanguage\":\"az-AZ\",\"potentialAction\":[{\"@type\":\"ReadAction\",\"target\":[\"https:\/\/eu4azerbaijan.eu\/az\/azrbaycan-v-avropa-ttifaq-25-illik-mkdalq-v-glcy-bax\/\"]}]},{\"@type\":\"ImageObject\",\"inLanguage\":\"az-AZ\",\"@id\":\"https:\/\/eu4azerbaijan.eu\/az\/azrbaycan-v-avropa-ttifaq-25-illik-mkdalq-v-glcy-bax\/#primaryimage\",\"url\":\"https:\/\/eu4azerbaijan.eu\/wp-content\/uploads\/EU-AZ-flag-25-years-of-coop-EUD.jpg\",\"contentUrl\":\"https:\/\/eu4azerbaijan.eu\/wp-content\/uploads\/EU-AZ-flag-25-years-of-coop-EUD.jpg\",\"width\":500,\"height\":375,\"caption\":\"Azerbaijani and EU flags\"},{\"@type\":\"BreadcrumbList\",\"@id\":\"https:\/\/eu4azerbaijan.eu\/az\/azrbaycan-v-avropa-ttifaq-25-illik-mkdalq-v-glcy-bax\/#breadcrumb\",\"itemListElement\":[{\"@type\":\"ListItem\",\"position\":1,\"name\":\"Home\",\"item\":\"https:\/\/eu4azerbaijan.eu\/az\/\"},{\"@type\":\"ListItem\",\"position\":2,\"name\":\"Az&#x259;rbaycan v&#x259; Avropa &#x130;ttifaq&#x131;: 25 illik &#x259;m&#x259;kda&#x15F;l&#x131;q v&#x259; g&#x259;l&#x259;c&#x259;y&#x259; bax&#x131;&#x15F;\"}]},{\"@type\":\"WebSite\",\"@id\":\"https:\/\/eu4azerbaijan.eu\/az\/#website\",\"url\":\"https:\/\/eu4azerbaijan.eu\/az\/\",\"name\":\"EU for Azerbaijan\",\"description\":\"\",\"potentialAction\":[{\"@type\":\"SearchAction\",\"target\":{\"@type\":\"EntryPoint\",\"urlTemplate\":\"https:\/\/eu4azerbaijan.eu\/az\/?s={search_term_string}\"},\"query-input\":{\"@type\":\"PropertyValueSpecification\",\"valueRequired\":true,\"valueName\":\"search_term_string\"}}],\"inLanguage\":\"az-AZ\"},{\"@type\":\"Person\",\"@id\":\"https:\/\/eu4azerbaijan.eu\/az\/#\/schema\/person\/8e61f36472c1a07751c0c51b469566db\",\"name\":\"efgdigital\",\"image\":{\"@type\":\"ImageObject\",\"inLanguage\":\"az-AZ\",\"@id\":\"https:\/\/eu4azerbaijan.eu\/az\/#\/schema\/person\/image\/\",\"url\":\"https:\/\/secure.gravatar.com\/avatar\/53d8cb126cff14a5dd568f2dd65fdf3ad9542207d0e197850c88aed5f5464585?s=96&d=mm&r=g\",\"contentUrl\":\"https:\/\/secure.gravatar.com\/avatar\/53d8cb126cff14a5dd568f2dd65fdf3ad9542207d0e197850c88aed5f5464585?s=96&d=mm&r=g\",\"caption\":\"efgdigital\"},\"url\":\"https:\/\/eu4azerbaijan.eu\/az\/author\/efgdigital\/\"}]}<\/script>\n<!-- \/ Yoast SEO plugin. -->","yoast_head_json":{"title":"Az&#x259;rbaycan v&#x259; Avropa &#x130;ttifaq&#x131;: 25 illik &#x259;m&#x259;kda&#x15F;l&#x131;q v&#x259; g&#x259;l&#x259;c&#x259;y&#x259; bax&#x131;&#x15F; - EU for Azerbaijan","robots":{"index":"index","follow":"follow","max-snippet":"max-snippet:-1","max-image-preview":"max-image-preview:large","max-video-preview":"max-video-preview:-1"},"canonical":"https:\/\/eu4azerbaijan.eu\/az\/azrbaycan-v-avropa-ttifaq-25-illik-mkdalq-v-glcy-bax\/","og_locale":"az_AZ","og_type":"article","og_title":"Az&#x259;rbaycan v&#x259; Avropa &#x130;ttifaq&#x131;: 25 illik &#x259;m&#x259;kda&#x15F;l&#x131;q v&#x259; g&#x259;l&#x259;c&#x259;y&#x259; bax&#x131;&#x15F; - EU for Azerbaijan","og_description":"2016-c\u0131 ild\u0259 Az\u0259rbaycanla Avropa \u0130ttifaq\u0131 (A\u0130) birg\u0259 \u0259m\u0259kda\u015fl\u0131\u011f\u0131n\u0131n 25-ci ild\u00f6n\u00fcm\u00fcn\u0259 q\u0259d\u0259m qoyur: ilk \u0259laq\u0259l\u0259r h\u0259l\u0259 1991-ci ild\u0259 TACIS-in birlik \u00f6lk\u0259l\u0259rin\u0259 texniki yard\u0131m proqram\u0131 \u00e7\u0259r\u00e7iv\u0259sind\u0259 ba\u015flay\u0131b.","og_url":"https:\/\/eu4azerbaijan.eu\/az\/azrbaycan-v-avropa-ttifaq-25-illik-mkdalq-v-glcy-bax\/","og_site_name":"EU for Azerbaijan","article_published_time":"2017-06-21T00:00:00+00:00","article_modified_time":"2021-02-17T16:44:17+00:00","og_image":[{"width":500,"height":375,"url":"https:\/\/eu4azerbaijan.eu\/wp-content\/uploads\/EU-AZ-flag-25-years-of-coop-EUD.jpg","type":"image\/jpeg"}],"author":"efgdigital","twitter_card":"summary_large_image","twitter_misc":{"Written by":"efgdigital","Est. reading time":"8 minutes"},"schema":{"@context":"https:\/\/schema.org","@graph":[{"@type":"WebPage","@id":"https:\/\/eu4azerbaijan.eu\/az\/azrbaycan-v-avropa-ttifaq-25-illik-mkdalq-v-glcy-bax\/","url":"https:\/\/eu4azerbaijan.eu\/az\/azrbaycan-v-avropa-ttifaq-25-illik-mkdalq-v-glcy-bax\/","name":"Az&#x259;rbaycan v&#x259; Avropa &#x130;ttifaq&#x131;: 25 illik &#x259;m&#x259;kda&#x15F;l&#x131;q v&#x259; g&#x259;l&#x259;c&#x259;y&#x259; bax&#x131;&#x15F; - EU for Azerbaijan","isPartOf":{"@id":"https:\/\/eu4azerbaijan.eu\/az\/#website"},"primaryImageOfPage":{"@id":"https:\/\/eu4azerbaijan.eu\/az\/azrbaycan-v-avropa-ttifaq-25-illik-mkdalq-v-glcy-bax\/#primaryimage"},"image":{"@id":"https:\/\/eu4azerbaijan.eu\/az\/azrbaycan-v-avropa-ttifaq-25-illik-mkdalq-v-glcy-bax\/#primaryimage"},"thumbnailUrl":"https:\/\/eu4azerbaijan.eu\/wp-content\/uploads\/EU-AZ-flag-25-years-of-coop-EUD.jpg","datePublished":"2017-06-21T00:00:00+00:00","dateModified":"2021-02-17T16:44:17+00:00","author":{"@id":"https:\/\/eu4azerbaijan.eu\/az\/#\/schema\/person\/8e61f36472c1a07751c0c51b469566db"},"breadcrumb":{"@id":"https:\/\/eu4azerbaijan.eu\/az\/azrbaycan-v-avropa-ttifaq-25-illik-mkdalq-v-glcy-bax\/#breadcrumb"},"inLanguage":"az-AZ","potentialAction":[{"@type":"ReadAction","target":["https:\/\/eu4azerbaijan.eu\/az\/azrbaycan-v-avropa-ttifaq-25-illik-mkdalq-v-glcy-bax\/"]}]},{"@type":"ImageObject","inLanguage":"az-AZ","@id":"https:\/\/eu4azerbaijan.eu\/az\/azrbaycan-v-avropa-ttifaq-25-illik-mkdalq-v-glcy-bax\/#primaryimage","url":"https:\/\/eu4azerbaijan.eu\/wp-content\/uploads\/EU-AZ-flag-25-years-of-coop-EUD.jpg","contentUrl":"https:\/\/eu4azerbaijan.eu\/wp-content\/uploads\/EU-AZ-flag-25-years-of-coop-EUD.jpg","width":500,"height":375,"caption":"Azerbaijani and EU flags"},{"@type":"BreadcrumbList","@id":"https:\/\/eu4azerbaijan.eu\/az\/azrbaycan-v-avropa-ttifaq-25-illik-mkdalq-v-glcy-bax\/#breadcrumb","itemListElement":[{"@type":"ListItem","position":1,"name":"Home","item":"https:\/\/eu4azerbaijan.eu\/az\/"},{"@type":"ListItem","position":2,"name":"Az&#x259;rbaycan v&#x259; Avropa &#x130;ttifaq&#x131;: 25 illik &#x259;m&#x259;kda&#x15F;l&#x131;q v&#x259; g&#x259;l&#x259;c&#x259;y&#x259; bax&#x131;&#x15F;"}]},{"@type":"WebSite","@id":"https:\/\/eu4azerbaijan.eu\/az\/#website","url":"https:\/\/eu4azerbaijan.eu\/az\/","name":"EU for Azerbaijan","description":"","potentialAction":[{"@type":"SearchAction","target":{"@type":"EntryPoint","urlTemplate":"https:\/\/eu4azerbaijan.eu\/az\/?s={search_term_string}"},"query-input":{"@type":"PropertyValueSpecification","valueRequired":true,"valueName":"search_term_string"}}],"inLanguage":"az-AZ"},{"@type":"Person","@id":"https:\/\/eu4azerbaijan.eu\/az\/#\/schema\/person\/8e61f36472c1a07751c0c51b469566db","name":"efgdigital","image":{"@type":"ImageObject","inLanguage":"az-AZ","@id":"https:\/\/eu4azerbaijan.eu\/az\/#\/schema\/person\/image\/","url":"https:\/\/secure.gravatar.com\/avatar\/53d8cb126cff14a5dd568f2dd65fdf3ad9542207d0e197850c88aed5f5464585?s=96&d=mm&r=g","contentUrl":"https:\/\/secure.gravatar.com\/avatar\/53d8cb126cff14a5dd568f2dd65fdf3ad9542207d0e197850c88aed5f5464585?s=96&d=mm&r=g","caption":"efgdigital"},"url":"https:\/\/eu4azerbaijan.eu\/az\/author\/efgdigital\/"}]}},"_links":{"self":[{"href":"https:\/\/eu4azerbaijan.eu\/az\/wp-json\/wp\/v2\/posts\/41135","targetHints":{"allow":["GET"]}}],"collection":[{"href":"https:\/\/eu4azerbaijan.eu\/az\/wp-json\/wp\/v2\/posts"}],"about":[{"href":"https:\/\/eu4azerbaijan.eu\/az\/wp-json\/wp\/v2\/types\/post"}],"author":[{"embeddable":true,"href":"https:\/\/eu4azerbaijan.eu\/az\/wp-json\/wp\/v2\/users\/1"}],"replies":[{"embeddable":true,"href":"https:\/\/eu4azerbaijan.eu\/az\/wp-json\/wp\/v2\/comments?post=41135"}],"version-history":[{"count":0,"href":"https:\/\/eu4azerbaijan.eu\/az\/wp-json\/wp\/v2\/posts\/41135\/revisions"}],"wp:featuredmedia":[{"embeddable":true,"href":"https:\/\/eu4azerbaijan.eu\/az\/wp-json\/wp\/v2\/media\/41136"}],"wp:attachment":[{"href":"https:\/\/eu4azerbaijan.eu\/az\/wp-json\/wp\/v2\/media?parent=41135"}],"wp:term":[{"taxonomy":"category","embeddable":true,"href":"https:\/\/eu4azerbaijan.eu\/az\/wp-json\/wp\/v2\/categories?post=41135"},{"taxonomy":"post_tag","embeddable":true,"href":"https:\/\/eu4azerbaijan.eu\/az\/wp-json\/wp\/v2\/tags?post=41135"},{"taxonomy":"topic","embeddable":true,"href":"https:\/\/eu4azerbaijan.eu\/az\/wp-json\/wp\/v2\/topic?post=41135"}],"curies":[{"name":"wp","href":"https:\/\/api.w.org\/{rel}","templated":true}]}}