{"id":41132,"date":"2017-10-08T00:00:00","date_gmt":"2017-10-08T00:00:00","guid":{"rendered":"https:\/\/eu4azerbaijan.eu\/avropa-yay-mktbi-2017-azrbaycan-gnclri-n-ilham-v-stimul-mnbyi\/"},"modified":"2021-02-17T16:44:16","modified_gmt":"2021-02-17T16:44:16","slug":"avropa-yay-mktbi-2017-azrbaycan-gnclri-n-ilham-v-stimul-mnbyi","status":"publish","type":"post","link":"https:\/\/eu4azerbaijan.eu\/az\/avropa-yay-mktbi-2017-azrbaycan-gnclri-n-ilham-v-stimul-mnbyi\/","title":{"rendered":"Avropa yay m&#x259;kt&#x259;bi 2017: Az&#x259;rbaycan g&#x259;ncl&#x259;ri &#xFC;&#xE7;&#xFC;n ilham v&#x259; stimul m&#x259;nb&#x259;yi"},"content":{"rendered":"<p><strong><\/p>\n<ul>\n<li>Mobillik v\u0259 insanlararas\u0131 \u0259laq\u0259<\/li>\n<li>G\u0259ncl\u0259r<\/li>\n<\/ul>\n<p><\/strong><\/p>\n<p><strong><\/p>\n<p>Avropa \u0130ttifaq\u0131n\u0131, ordak\u0131 d\u0259y\u0259rl\u0259ri yax\u0131ndan tan\u0131maq, Az\u0259rbaycan-Avropa \u0259m\u0259kda\u015fl\u0131\u011f\u0131n\u0131n perspektivl\u0259rini, A\u0130 t\u0259r\u0259find\u0259n t\u0259qdim edilmi\u015f t\u0259hsil v\u0259 karyera imkanlar\u0131n\u0131 g\u00f6rm\u0259k, yeni dostluq \u0259laq\u0259l\u0259ri qurmaq \u2013 b\u00fct\u00fcn bu imkanlar\u0131 i\u015ftirak\u00e7\u0131lara Az\u0259rbaycanda ikinci Avropa yay m\u0259kt\u0259bi t\u0259qdim edib.<\/p>\n<p><\/strong><\/p>\n<div class=\"paragraph paragraph--type--image-block paragraph--view-mode--xml\">\n<div class=\"node__media node__media--carousel node__media--right\">\n<div class=\"node__media-container\">\n            <img loading=\"lazy\" decoding=\"async\" src=\"\/sites\/default\/files\/2017-09\/36108345523_fb6d0fb9c0_o.jpg\" width=\"2048\" height=\"1350\" alt=\"\u0130kinci Avropa yay m\u0259kt\u0259bi Az\u0259rbaycan\u0131n da\u011fl\u0131q istirah\u0259t m\u0259rk\u0259zi olan Qalaalt\u0131da ke\u00e7irilib\" typeof=\"Image\" \/><\/p><\/div>\n<div class=\"node__media-container\">\n            <img loading=\"lazy\" decoding=\"async\" src=\"\/sites\/default\/files\/2017-09\/36108346253_d7005dde69_o.jpg\" width=\"2048\" height=\"1350\" alt=\"\u0130kinci Avropa yay m\u0259kt\u0259bi Az\u0259rbaycan\u0131n da\u011fl\u0131q istirah\u0259t m\u0259rk\u0259zi olan Qalaalt\u0131da ke\u00e7irilib\" typeof=\"Image\" \/><\/p><\/div>\n<div class=\"node__media-container\">\n            <img loading=\"lazy\" decoding=\"async\" src=\"\/sites\/default\/files\/2017-09\/36108332853_b20e4279cc_o.jpg\" width=\"2048\" height=\"1350\" alt=\"\u0130kinci Avropa yay m\u0259kt\u0259bi Az\u0259rbaycan\u0131n da\u011fl\u0131q istirah\u0259t m\u0259rk\u0259zi olan Qalaalt\u0131da ke\u00e7irilib\" typeof=\"Image\" \/><\/p><\/div>\n<div class=\"node__media-container\">\n            <img loading=\"lazy\" decoding=\"async\" src=\"\/sites\/default\/files\/2017-09\/37066831215_bb7ca7581f_k.jpg\" width=\"2048\" height=\"1350\" alt=\"\u0130kinci Avropa yay m\u0259kt\u0259bi Az\u0259rbaycan\u0131n da\u011fl\u0131q istirah\u0259t m\u0259rk\u0259zi olan Qalaalt\u0131da ke\u00e7irilib\" typeof=\"Image\" \/><\/p><\/div>\n<div class=\"node__media-container\">\n            <img loading=\"lazy\" decoding=\"async\" src=\"\/sites\/default\/files\/2017-09\/36231841484_3aaf533d4c_o.jpg\" width=\"2048\" height=\"1350\" alt=\"\u0130kinci Avropa yay m\u0259kt\u0259bi Az\u0259rbaycan\u0131n da\u011fl\u0131q istirah\u0259t m\u0259rk\u0259zi olan Qalaalt\u0131da ke\u00e7irilib \" typeof=\"Image\" \/><\/p><\/div>\n<\/p><\/div>\n<div class=\"node__text\">\n<p>15 az\u0259rbaycanl\u0131 t\u0259l\u0259b\u0259 v\u0259 m\u0259zunu, el\u0259c\u0259 d\u0259 yerli v\u0259 avropal\u0131 trenerl\u0259ri birl\u0259\u015fdir\u0259n Avropa yay m\u0259kt\u0259bi 21-23 avqustda Az\u0259rbaycan\u0131n istirah\u0259t yeri olan Qalaalat\u0131da ke\u00e7irilib.<\/p>\n<p>\u201cAyd\u0131nd\u0131r ki, h\u0259m Avropa \u0130ttifaq\u0131n\u0131n, h\u0259m d\u0259 ist\u0259nil\u0259n \u00f6lk\u0259nin g\u0259l\u0259c\u0259yi bug\u00fcnk\u00fc g\u0259nc n\u0259sild\u0259n, onlar\u0131n d\u0259y\u0259rl\u0259r sistemi v\u0259 d\u00fcnyag\u00f6r\u00fc\u015f\u00fcnd\u0259n as\u0131l\u0131d\u0131r. H\u0259r \u015fey onlar\u0131n \u0259ll\u0259rind\u0259dir. Onlar\u0131n inki\u015faf\u0131na, h\u0259yat m\u00f6vqeyin\u0259 yax\u0131ndan k\u00f6m\u0259klik etm\u0259k \u2013 buna g\u00f6r\u0259 d\u0259 biz g\u0259ncl\u0259rl\u0259 i\u015fl\u0259m\u0259yi \u00e7ox vacib hesab edirik\u201d, &#8211; bunu \u201cAvropal\u0131 g\u0259nc s\u0259firl\u0259r\u201d layih\u0259sinin koordinatoru Sofi Veriter s\u00f6yl\u0259yib.<\/p>\n<\/div>\n<p><strong class=\"node_view\"><\/strong>\n      <\/div>\n<div class=\"paragraph paragraph--type--image-block paragraph--view-mode--xml\">\n<div class=\"node__media node__media--carousel node__media--right\">\n<div class=\"node__media-container\">\n            <img loading=\"lazy\" decoding=\"async\" src=\"\/sites\/default\/files\/2017-09\/36745810432_b57071c629_o.jpg\" width=\"2048\" height=\"1350\" alt=\"\u0130kinci Avropa yay m\u0259kt\u0259bi Az\u0259rbaycan\u0131n da\u011fl\u0131q istirah\u0259t m\u0259rk\u0259zi olan Qalaalt\u0131da ke\u00e7irilib\" typeof=\"Image\" \/><\/p><\/div>\n<div class=\"node__media-container\">\n            <img loading=\"lazy\" decoding=\"async\" src=\"\/sites\/default\/files\/2017-09\/36108330983_8b3ec61595_o.jpg\" width=\"2048\" height=\"1350\" alt=\"\u0130kinci Avropa yay m\u0259kt\u0259bi Az\u0259rbaycan\u0131n da\u011fl\u0131q istirah\u0259t m\u0259rk\u0259zi olan Qalaalt\u0131da ke\u00e7irilib\" typeof=\"Image\" \/><\/p><\/div>\n<div class=\"node__media-container\">\n            <img loading=\"lazy\" decoding=\"async\" src=\"\/sites\/default\/files\/2017-09\/36108331683_da53b1a044_o.jpg\" width=\"2048\" height=\"1350\" alt=\"\u0130kinci Avropa yay m\u0259kt\u0259bi Az\u0259rbaycan\u0131n da\u011fl\u0131q istirah\u0259t m\u0259rk\u0259zi olan Qalaalt\u0131da ke\u00e7irilib\" typeof=\"Image\" \/><\/p><\/div>\n<\/p><\/div>\n<div class=\"node__text\">\n<p>Qalalat\u0131da ke\u00e7iril\u0259n Avropa yay m\u0259kt\u0259bi \u2013 Avropa \u0130ttifaq\u0131 v\u0259 \u015e\u0259rq T\u0259r\u0259fda\u015fl\u0131\u011f\u0131 \u00f6lk\u0259l\u0259rind\u0259n olan k\u00f6n\u00fcll\u00fcl\u0259r \u201cAvropal\u0131 g\u0259nc s\u0259firl\u0259r\u201d layih\u0259si \u00e7\u0259r\u00e7iv\u0259sind\u0259 h\u0259yata ke\u00e7iril\u0259n g\u0259nc t\u0259\u015f\u0259bb\u00fcsl\u0259rd\u0259n biridir. Buradak\u0131 k\u00f6n\u00fcll\u00fcl\u0259r bir-biril\u0259 bilik v\u0259 t\u0259cr\u00fcb\u0259 m\u00fcbadil\u0259si apar\u0131r.<\/p>\n<p>\u201cM\u00fcasir d\u00fcnyam\u0131zda \u0259sas \u00fcnsiyy\u0259t vasit\u0259si s\u00f6zs\u00fcz ki, sosial \u015f\u0259b\u0259k\u0259l\u0259rdir. V\u0259 bu \u015f\u0259b\u0259k\u0259l\u0259rin \u0259n f\u0259al istifad\u0259\u00e7il\u0259ri g\u0259ncl\u0259rdir. Avropa \u0130ttifaq\u0131n\u0131n g\u0259ncl\u0259r\u00e7\u00fcn daha anla\u015f\u0131ql\u0131 olmas\u0131 ideya bu c\u00fcr onlayn-platforma vasit\u0259sil\u0259 yarand\u0131\u201d, &#8211; dey\u0259 Sofi s\u00f6zl\u0259rin\u0259 \u0259lav\u0259 edib.<\/p>\n<\/div>\n<p><strong class=\"node_view\"><\/strong>\n      <\/div>\n<div class=\"paragraph paragraph--type--image-block paragraph--view-mode--xml\">\n<div class=\"node__text\">\n<p>Avropa yay m\u0259kt\u0259binin a\u00e7\u0131l\u0131\u015f\u0131nda i\u015ftiak\u00e7\u0131lar\u0131 A\u0130 N\u00fcmay\u0259nd\u0259liyinin m\u00fcv\u0259qq\u0259ti i\u015fl\u0259r v\u0259kili Denis Daniilidis salamlay\u0131b. O, g\u0259ncl\u0259r\u0259 Avropan\u0131n qon\u015fuluq siyas\u0259tinin \u0259saslar\u0131 (ENP), el\u0259c\u0259 d\u0259 25 illik birg\u0259 \u0259m\u0259kda\u015fl\u0131\u011f\u0131n nailiyy\u0259tl\u0259rind\u0259n b\u0259hs edib.<\/p>\n<p>\u201cAvropa yay m\u0259kt\u0259bl\u0259ri bir \u00e7ox \u015e\u0259rq T\u0259r\u0259fda\u015fl\u0131\u011f\u0131 \u00f6lk\u0259l\u0259rind\u0259 ke\u00e7irilir. \u0130\u015ftirak\u00e7\u0131larla A\u0130 N\u00fcmay\u0259nd\u0259liyinin \u0259m\u0259kda\u015flar\u0131, el\u0259c\u0259 d\u0259 bir s\u0131ra Avropa qurumlar\u0131nda \u00e7al\u0131\u015fan insanlar \u00fcnsiyy\u0259t qururlar. T\u0259l\u0259b\u0259l\u0259r qeyri-r\u0259smi m\u00fchitd\u0259 Avrtopa g\u00fcnd\u0259minin \u0259sas m\u00f6vzular\u0131 il\u0259 tan\u0131\u015f olurlar\u201d. \u2013 Daniilidis deyir.<\/p>\n<p>Avropa yay m\u0259kt\u0259bl\u0259rind\u0259 i\u015ftirak etmi\u015f g\u0259ncl\u0259r \u00fc\u00e7\u00fcn bu hadis\u0259 onlar\u0131n \u015f\u0259xsi v\u0259 pe\u015f\u0259kar inki\u015faf\u0131nda h\u0259lledici idi\u201d, &#8211; dey\u0259 N\u00fcmay\u0259nd\u0259lik \u0259m\u0259kda\u015f\u0131 s\u00f6zl\u0259rin\u0259 \u0259lav\u0259 edib.<\/p>\n<\/div>\n<div class=\"node__media node__media--carousel node__media--right\">\n<div class=\"node__media-container\">\n            <img loading=\"lazy\" decoding=\"async\" src=\"\/sites\/default\/files\/2017-09\/36108327743_4e3ca5c1b7_o.jpg\" width=\"2048\" height=\"1350\" alt=\"Az\u0259rbaycanl\u0131 t\u0259l\u0259b\u0259l\u0259r Avropa yay m\u0259kt\u0259bi \u00e7\u0259r\u00e7iv\u0259sind\u0259 t\u0259\u015fkil olumu\u015f interaktiv m\u0259\u015f\u011f\u0259l\u0259l\u0259rd\u0259 i\u015ftirak edib\" typeof=\"Image\" \/><\/p><\/div>\n<div class=\"node__media-container\">\n            <img loading=\"lazy\" decoding=\"async\" src=\"\/sites\/default\/files\/2017-09\/36108326413_1459cd53df_o.jpg\" width=\"4800\" height=\"3200\" alt=\"Az\u0259rbaycanl\u0131 t\u0259l\u0259b\u0259l\u0259r Avropa yay m\u0259kt\u0259bi \u00e7\u0259r\u00e7iv\u0259sind\u0259 t\u0259\u015fkil olumu\u015f interaktiv m\u0259\u015f\u011f\u0259l\u0259l\u0259rd\u0259 i\u015ftirak edib\" typeof=\"Image\" \/><\/p><\/div>\n<\/p><\/div>\n<div class=\"node__text\">\n<p>\u00dc\u00e7 g\u00fcn \u0259rzind\u0259 u\u015faqlarla i\u015fl\u0259y\u0259n trenerl\u0259r ikinci Avropa yay m\u0259kt\u0259bi i\u015ftirak\u00e7\u0131lar\u0131n\u0131n h\u0259yatda u\u011fura nail olmalar\u0131 \u00fc\u00e7\u00fcn b\u00fct\u00fcm imkanlar\u0131n oldu\u011funu bildiribl\u0259r.<\/p>\n<p>\u201cAvropa m\u00f6vzusunda i\u015ftirak\u00e7\u0131lar\u0131n h\u0259rt\u0259r\u0259fli biliyi m\u0259nd\u0259 xo\u015f t\u0259\u0259ss\u00fcrat yaratd\u0131. U\u015faqlar maraql\u0131 v\u0259 d\u0259qiq suallar ver\u0259r\u0259k auditoriyan\u0131 yeni m\u00fczakir\u0259l\u0259r\u0259 s\u0259sl\u0259yirdi\u201d, &#8211; dey\u0259 trener Vitali Qerlosski deyir.<\/p>\n<p><span lang=\"RU\" lang=\"RU\" lang=\"RU\"><span><span>Vitali Belorusdand\u0131r, Fransada h\u00fcquq\u015f\u00fcnasl\u0131q oxuyub, haz\u0131rda is\u0259 Bel\u00e7ikada h\u00fcquq m\u0259sl\u0259h\u0259t\u00e7isi olaraq i\u015fl\u0259yir. Qalaalt\u0131 t\u0259\u015fkil edil\u0259n Avropa yay m\u0259kt\u0259bind\u0259 o, g\u0259ncl\u0259r\u0259 Avropa \u0130ttfaq\u0131 il\u0259 Az\u0259rbaycan\u0131n INOGATE proqram\u0131 \u00e7\u0259r\u00e7iv\u0259sind\u0259 ke\u00e7iril\u0259n enerji \u0259m\u0259kda\u015fl\u0131\u011f\u0131 haqda, el\u0259c\u0259 d\u0259 yeni EU4Energy t\u0259\u015f\u0259bb\u00fcs\u00fcnd\u0259n dan\u0131\u015f\u0131b:<\/span><\/span><\/span><\/p>\n<\/div>\n<p><strong class=\"node_view\"><\/strong>\n      <\/div>\n<div class=\"paragraph paragraph--type--image-block paragraph--view-mode--xml\">\n<div class=\"node__text\">\n<p>\u201cBu g\u0259ncl\u0259rd\u0259 b\u00f6y\u00fck potensial hiss olunur. Onlar energetika v\u0259 \u00fcmumilikd\u0259 Avropa \u0130ttifaq\u0131 haqda kifay\u0259t q\u0259d\u0259r anla\u015f\u0131ql\u0131d\u0131rlar. A\u0130-d\u0259 bu c\u00fcr g\u0259nc m\u00fct\u0259xx\u0259sisl\u0259ri \u00e7ox d\u0259y\u0259rl\u0259ndirirl\u0259r. \u00d6z g\u00fcc\u00fcn\u0259 inanmaq v\u0259 \u00f6z\u00fcn\u00fc s\u0131namaq \u2013 bunlar g\u0259nc n\u0259slin u\u011fura nail olmas\u0131 \u00fc\u00e7\u00fcn \u0259n ba\u015fl\u0131ca d\u0259y\u0259l\u0259rdir\u201d.<\/p>\n<p>\u0130\u015ftirak\u00e7\u0131lar \u00e7ox h\u0259v\u0259sli idil\u0259r. D\u00f6vl\u0259t \u0130dar\u0259\u00e7ilik Akademisyas\u0131n\u0131n m\u0259zunu \u0130lyas F\u0259rhadl\u0131 bildirib ki, ikinci Avropa yay m\u0259kt\u0259bin\u0259 se\u00e7im haqda e\u015fid\u0259n kimi, komandan\u0131n bir \u00fczv\u00fc olma\u011fa q\u0259rar verib.<\/p>\n<p><span lang=\"EN-US\" lang=\"EN-US\" lang=\"EN-US\"><span><span>\u201c\u018fxlaqi v\u0259 m\u0259n\u0259vi d\u0259y\u0259rl\u0259ri, ideyalar\u0131 b\u00f6l\u00fc\u015f\u0259n, h\u0259yat\u0131 yax\u015f\u0131l\u0131\u011fa do\u011fru d\u0259yi\u015fm\u0259y\u0259 \u00e7al\u0131\u015fan insanlar\u0131 \u0259traf\u0131nda g\u00f6rm\u0259k \u00e7ox xo\u015fdur\u201d, &#8211; \u0259m\u0259kda\u015fl\u0131\u011f\u0131 h\u0259r iki \u00f6lk\u0259nin ink\u015faf\u0131 \u00fc\u00e7\u00fcn imkan olaraq g\u00f6r\u0259n \u0130lyaq s\u00f6yl\u0259yir.<\/span><\/span><\/span><\/p>\n<\/div>\n<div class=\"node__media node__media--carousel node__media--right\">\n<div class=\"node__media-container\">\n            <img loading=\"lazy\" decoding=\"async\" src=\"\/sites\/default\/files\/2017-09\/36108321043_f20e3767ab_o.jpg\" width=\"2048\" height=\"1350\" alt=\"Az\u0259rbaycanl\u0131 t\u0259l\u0259b\u0259l\u0259r Avropa yay m\u0259kt\u0259bi \u00e7\u0259r\u00e7iv\u0259sind\u0259 t\u0259\u015fkil olumu\u015f interaktiv m\u0259\u015f\u011f\u0259l\u0259l\u0259rd\u0259 i\u015ftirak edib\" typeof=\"Image\" \/><\/p><\/div>\n<\/p><\/div>\n<div class=\"node__text\">\n<p>\u201cAvropal\u0131 g\u0259nc s\u0259firl\u0259r\u201d layih\u0259si \u00e7\u0259r\u00e7iv\u0259sind\u0259 b\u00fct\u00fcn g\u0259ncl\u0259r proqram\u0131 \u201cBirlikd\u0259 daha g\u00fccl\u00fcd\u00fcr! \u015f\u00fcar\u0131 alt\u0131nda h\u0259yata ke\u00e7irilir.<\/p>\n<\/div>\n<p><strong class=\"node_view\"><\/strong>\n      <\/div>\n<div class=\"paragraph paragraph--type--image-block paragraph--view-mode--xml\">\n<div class=\"node__text\">\n<p>Avropa yay m\u0259kt\u0259bininin \u0259sas prinsipi b\u00fct\u00fcn elmi sessiyalar\u0131n qeyri-r\u0259smi m\u00fchitd\u0259 ke\u00e7irilm\u0259sidir. El\u0259c\u0259 d\u0259 \u0259sas diqq\u0259t t\u0259drisin m\u00fcasir metodlar\u0131na y\u00f6n\u0259lib. Bel\u0259c\u0259 i\u015ftirak\u00e7\u0131lar b\u00fct\u00fcn m\u00fczakir\u0259 olunacaq m\u0259s\u0259l\u0259l\u0259r\u0259 \u00f6z fikirl\u0259rini bildirmi\u015f olurlar.<\/p>\n<p>T\u0259\u015fkilat\u00e7lar \u0259mindir ki, bu c\u00fcr yana\u015fma daha effektlidir. Bunu, i\u015ftirak\u00e7\u0131lar da qiym\u0259tl\u0259ndiribl\u0259r.<\/p>\n<p>Moskva D\u00f6vl\u0259t Universitetinin Bak\u0131 filial\u0131nda Dil\u00e7ilik fak\u00fclt\u0259sind\u0259 t\u0259hsil alan B\u0259hruz S\u0259m\u0259dov qeyd edib ki, m\u0259lumat\u0131n t\u0259qdimat formas\u0131 v\u0259 trenerl\u0259rin i\u015ftirak\u00e7\u0131lar\u0131n fikirl\u0259rin\u0259 mara\u011f\u0131 \u00e7ox xo\u015f idi:<\/p>\n<\/div>\n<div class=\"node__media node__media--carousel node__media--right\">\n<div class=\"node__media-container\">\n            <img loading=\"lazy\" decoding=\"async\" src=\"\/sites\/default\/files\/2017-09\/36082206014_b811b9f31d_o.jpg\" width=\"2048\" height=\"1350\" alt=\"\u0130kinci Avropa yay m\u0259kt\u0259bi Az\u0259rbaycan\u0131n da\u011fl\u0131q istirah\u0259t m\u0259rk\u0259zi olan Qalaalt\u0131da ke\u00e7irilib\" typeof=\"Image\" \/><\/p><\/div>\n<div class=\"node__media-container\">\n            <img loading=\"lazy\" decoding=\"async\" src=\"\/sites\/default\/files\/2017-09\/37066830565_d7a8b9eab0_o.jpg\" width=\"2048\" height=\"1350\" alt=\"Az\u0259rbaycanl\u0131 t\u0259l\u0259b\u0259l\u0259r Avropa yay m\u0259kt\u0259bi \u00e7\u0259r\u00e7iv\u0259sind\u0259 t\u0259\u015fkil olumu\u015f interaktiv m\u0259\u015f\u011f\u0259l\u0259l\u0259rd\u0259 i\u015ftirak edib\" typeof=\"Image\" \/><\/p><\/div>\n<\/p><\/div>\n<div class=\"node__text\">\n<p>\u201c\u00dc\u00e7 g\u00fcn \u0259rzind\u0259 ke\u00e7iril\u0259n yay m\u0259kt\u0259bind\u0259 m\u00fcxt\u0259lif m\u00f6vzularda \u00e7oxsayl\u0131 debatlar ke\u00e7irilib. Az\u0259rbaycana aid, h\u0259r k\u0259s\u0259 b\u0259lli v\u0259 laz\u0131ml\u0131 olan m\u0259s\u0259l\u0259l\u0259r\u0259 diqq\u0259t ay\u0131r\u0131lmas\u0131 daha \u00e7ox xo\u015fuma g\u0259ldi. El\u0259c\u0259 d\u0259 m\u0259lumata eynit\u0259r\u0259fli deyil, t\u0259nqidi yana\u015fmalar da xo\u015fuma g\u0259ldi\u201d.<\/p>\n<p>Yay m\u0259kt\u0259binin elmi sessiyalar \u00fczr\u0259 moderatoru, siyasi elml\u0259r \u00fczr\u0259 f\u0259ls\u0259f\u0259 doktoru Muxtar Hac\u0131zad\u0259 qeyd edib ki, yeni t\u0259lim metodlar\u0131na \u0259sas\u0259n m\u00fc\u0259llim \u2013 auditoriyada t\u0259l\u0259b\u0259l\u0259r\u0259 \u00f6z n\u0259z\u0259r n\u00f6qt\u0259sini \u00e7atd\u0131ran \u015f\u0259xs deyil. M\u00fc\u0259llim daha \u00e7ox b\u0259l\u0259d\u00e7i rolunda \u00e7\u0131x\u0131\u015f edir.<\/p>\n<\/div>\n<p><strong class=\"node_view\"><\/strong>\n      <\/div>\n<div class=\"paragraph paragraph--type--image-block paragraph--view-mode--xml\">\n<div class=\"node__text\">\n<p>\u201cM\u00fchazir\u0259l\u0259rin t\u0259l\u0259b\u0259l\u0259r\u0259 y\u00f6n\u0259ldilm\u0259si olduqca vacibdir. \u015e\u0259xsi inanclar\u0131nda ili\u015fib qalmaqla hadis\u0259l\u0259r\u0259 yeni bax\u0131\u015f, probleml\u0259rin yeni h\u0259lli formalar\u0131n\u0131n qar\u015f\u0131s\u0131n\u0131 al\u0131rs\u0131n\u0131z\u201d, &#8211; \u201cJan Mone\u201d Avropa proqram\u0131n\u0131n laureat\u0131 Hac\u0131zad\u0259 bildirib.\u00a0<\/p>\n<p>\u201cB\u0259z\u0259n t\u0259l\u0259b\u0259l\u0259r cavablar\u0131n\u0131n b\u0259sit olmas\u0131ndan qorxurlar. Lakin bir m\u00fc\u0259llim kimi onlara h\u0259r zaman m\u0259sl\u0259h\u0259t g\u00f6r\u00fcr\u0259m ki, maraqland\u0131qlar\u0131 h\u0259r bir \u015feyi soru\u015fsunlar. Bu c\u00fcr daha \u00e7ox bilikl\u0259r\u0259 yiy\u0259l\u0259nm\u0259k olar\u201d.<\/p>\n<\/div>\n<div class=\"node__media node__media--carousel node__media--right\">\n<div class=\"node__media-container\">\n            <img loading=\"lazy\" decoding=\"async\" src=\"\/sites\/default\/files\/2017-09\/36108409563_f78ebbb833_o.jpg\" width=\"2048\" height=\"1350\" alt=\"\u0130kinci Avropa yay m\u0259kt\u0259bi Az\u0259rbaycan\u0131n da\u011fl\u0131q istirah\u0259t m\u0259rk\u0259zi olan Qalaalt\u0131da ke\u00e7irilib  \" typeof=\"Image\" \/><\/p><\/div>\n<\/p><\/div>\n<div class=\"node__text\">\n<p>\u201cAz\u0259rbaycan\u0131n g\u0259nc n\u0259slinin n\u00fcmay\u0259nd\u0259l\u0259ri b\u0259z\u0259n \u00f6zl\u0259rini laz\u0131m\u0131nca qiym\u0259tl\u0259ndirmir, \u00f6z imkan v\u0259 bacar\u0131qlar\u0131na inanm\u0131r\u201d, &#8211; dey\u0259 Az\u0259rbaycanda Erasmus+ Avropa t\u0259hsil proqramlar\u0131 milli ofisinin r\u0259hb\u0259ri hesab edir.<\/p>\n<p>\u201cG\u0259ncl\u0259rl\u0259 i\u015fd\u0259 \u0259sas m\u0259qs\u0259dim \u2013 Avropa \u0130ttifaq\u0131n\u0131n ist\u0259r t\u0259rfda\u015f-d\u00f6vl\u0259tl\u0259rin, ist\u0259rs\u0259 d\u0259 \u00f6lk\u0259mizin t\u0259l\u0259b\u0259 v\u0259 g\u0259ncl\u0259rin\u0259 b\u0259x\u015f etdiyi imkanlar\u0131 maarifl\u0259ndirm\u0259kd\u0259n ibar\u0259tdir\u201d, &#8211; P\u0259rviz Ba\u011f\u0131rov deyib.<\/p>\n<\/div>\n<p><strong class=\"node_view\"><\/strong>\n      <\/div>\n<div class=\"paragraph paragraph--type--image-block paragraph--view-mode--xml\">\n<div class=\"node__text\">\n<p>A\u0130 t\u0259r\u0259find\u0259n maliyy\u0259l\u0259\u015fdiril\u0259n Az\u0259rbaycan g\u0259ncl\u0259ri \u00fc\u00e7\u00fcn t\u0259hsil layih\u0259si Avropa ali m\u0259kt\u0259bl\u0259rind\u0259 t\u0259l\u0259b\u0259 m\u00fcbadil\u0259sind\u0259n tutmu\u015f tam t\u0259hsil kursunad\u0259k Az\u0259rbaycan v\u0259 Avropa universitetl\u0259ri aras\u0131nda bir s\u0131ra birg\u0259 layih\u0259l\u0259ri \u0259hat\u0259 edir.<\/p>\n<p>\u201c\u018fg\u0259r \u0259srlik tarix\u0259 malik Avropa universitetl\u0259ri g\u00f6z\u0259l t\u0259hsil t\u0259qdim edis\u0259, Az\u0259rbaycan g\u0259ncinin bu imkandan istifad\u0259 ed\u0259r\u0259k, \u0259ld\u0259 etdiyi bilik v\u0259 t\u0259cr\u00fcb\u0259ni qazanaraq V\u0259t\u0259nimizin inki\u015faf\u0131na y\u00f6n\u0259ldilm\u0259sind\u0259 he\u00e7 bir mane\u0259ni g\u00f6rm\u00fcr\u0259m\u201d, &#8211; dey\u0259 o, bildirib.<\/p>\n<\/div>\n<div class=\"node__media node__media--carousel node__media--right\">\n<div class=\"node__media-container\">\n            <img loading=\"lazy\" decoding=\"async\" src=\"\/sites\/default\/files\/2017-09\/36519993670_86f6da0213_o.jpg\" width=\"2048\" height=\"1350\" alt=\"\u0130kinci Avropa yay m\u0259kt\u0259bi Az\u0259rbaycan\u0131n da\u011fl\u0131q istirah\u0259t m\u0259rk\u0259zi olan Qalaalt\u0131da ke\u00e7irilib\" typeof=\"Image\" \/><\/p><\/div>\n<div class=\"node__media-container\">\n            <img loading=\"lazy\" decoding=\"async\" src=\"\/sites\/default\/files\/2017-09\/36232053574_d3d737854b_o.jpg\" width=\"2048\" height=\"1350\" alt=\"\u0130kinci Avropa yay m\u0259kt\u0259bi Az\u0259rbaycan\u0131n da\u011fl\u0131q istirah\u0259t m\u0259rk\u0259zi olan Qalaalt\u0131da ke\u00e7irilib\" typeof=\"Image\" \/><\/p><\/div>\n<div class=\"node__media-container\">\n            <img loading=\"lazy\" decoding=\"async\" src=\"\/sites\/default\/files\/2017-09\/36896056612_516ce5473c_o.jpg\" width=\"2048\" height=\"1350\" alt=\"\u0130kinci Avropa yay m\u0259kt\u0259bi Az\u0259rbaycan\u0131n da\u011fl\u0131q istirah\u0259t m\u0259rk\u0259zi olan Qalaalt\u0131da ke\u00e7irilib\" typeof=\"Image\" \/><\/p><\/div>\n<\/p><\/div>\n<div class=\"node__text\">\n<p>Yay m\u0259kt\u0259bind\u0259 i\u015ftirak ed\u0259nl\u0259r aras\u0131nda Az\u0259rbaycan Dill\u0259r Universitetinin t\u0259rc\u00fcm\u0259\u00e7ilik ixtisas\u0131n\u0131 bitir\u0259n builki m\u0259zun Qumru \u018fliyeva da var. \u00d6t\u0259n il Qumru T\u00fcrkiy\u0259d\u0259 bir semestr \u0259rzind\u0259 t\u0259l\u0259b\u0259 m\u00fcbadil\u0259si \u00fczr\u0259 Erasmus+ t\u0259hsili al\u0131b v\u0259 Erasmus t\u0259l\u0259b\u0259 \u015f\u0259b\u0259k\u0259sinin Az\u0259rbaycan n\u00fcmay\u0259nd\u0259sidir.<\/p>\n<p>\u201cAvropa \u2013 \u00e7oxlu imkanlar dem\u0259kdir. D\u00fc\u015f\u00fcn\u00fcr\u0259m ki, t\u0259l\u0259b\u0259l\u0259rin v\u0259 el\u0259c\u0259 d\u0259 b\u00fct\u00fcn Az\u0259rbaycan g\u0259ncliyinin bu imkanlar haqda, onlardan istifad\u0259 il\u0259 ba\u011fl\u0131 \u0259trafl\u0131 m\u0259lumat\u0131 yoxdur. \u018fmin\u0259m ki, \u00e7oxlar\u0131 burada \u00f6z b\u0259xtini s\u0131naya bil\u0259r\u201d, &#8211; dey\u0259 Qumru bildirib.<\/p>\n<p>\u00a0<\/p>\n<\/div>\n<p><strong class=\"node_view\"><\/strong>\n      <\/div>\n<div class=\"paragraph paragraph--type--image-block paragraph--view-mode--xml\">\n<div class=\"node__text\">\n<p>\u201c\u00d6z t\u0259cr\u00fcb\u0259m\u0259 \u0259saslanaraq dey\u0259 bil\u0259r\u0259m ki, h\u0259tta xaricd\u0259 bir il t\u0259hsil almaq bel\u0259 b\u00f6y\u00fck h\u0259yat t\u0259cr\u00fcb\u0259si verir\u201d, &#8211; s\u00f6zl\u0259rin\u0259 \u0259lav\u0259 ed\u0259n Qumru Az\u0259rbaycandan \u201cAvropl\u0131 g\u0259nc s\u0259firl\u0259r\u201d siyah\u0131s\u0131na daxil olaraq A\u0130-nin t\u0259hsil v\u0259 karyera t\u0259\u015f\u0259bb\u00fcsl\u0259rind\u0259 h\u0259mya\u015f\u0131dlar\u0131na yax\u0131ndan k\u00f6m\u0259kliy\u0259 \u00fcmid edir.<\/p>\n<p>Haz\u0131rda \u201cAvropl\u0131 g\u0259nc s\u0259firl\u0259r\u201d proqram\u0131nda 100 n\u0259f\u0259r i\u015ftirak edir. Onlardan 80 n\u0259f\u0259ri \u015e\u0259rq T\u0259r\u0259fda\u015fl\u0131\u011f\u0131 \u00f6lk\u0259l\u0259rini (Az\u0259rbaycan, G\u00fcrc\u00fcstan, Erm\u0259nistan, Ukrayna, Moldova v\u0259 Belarus), 20-si is\u0259 Avropa \u0130ttifaq\u0131 \u00f6lk\u0259l\u0259rini t\u0259msil edir. Az\u0259rbaycandan burada 15 n\u0259f\u0259r i\u015ftirak edir.<\/p>\n<p>Siyah\u0131 daim yenil\u0259nir. M\u00fcvafiq t\u0259l\u0259bl\u0259r\u0259 cavab ver\u0259r\u0259k g\u0259ncl\u0259r \u00fc\u00e7\u00fcn layih\u0259l\u0259rd\u0259 f\u0259al i\u015ftirak ed\u0259n 15-25 ya\u015f aras\u0131 ist\u0259nil\u0259n g\u0259nc ideal namiz\u0259d ola bil\u0259r.<\/p>\n<\/div>\n<div class=\"node__media node__media--carousel node__media--right\">\n<div class=\"node__media-container\">\n            <img loading=\"lazy\" decoding=\"async\" src=\"\/sites\/default\/files\/2017-09\/37066626605_c3854d3b81_o.jpg\" width=\"2048\" height=\"1350\" alt=\"\u0130kinci Avropa yay m\u0259kt\u0259bi Az\u0259rbaycan\u0131n da\u011fl\u0131q istirah\u0259t m\u0259rk\u0259zi olan Qalaalt\u0131da ke\u00e7irilib\" typeof=\"Image\" \/><\/p><\/div>\n<\/p><\/div>\n<div class=\"node__text\">\n<p><strong>M\u00fc\u0259llif: Yelena Ostapenko<\/strong><\/p>\n<p><a href=\"http:\/\/www.1news.az\/az\/cemiyyet\/20170919092231097.html\">Yerli mediada n\u0259\u015fr olunmu\u015f m\u0259qal\u0259<\/a>\u00a0&#8211; Az\u0259rbaycanca<\/p>\n<\/div>\n<p><strong class=\"node_view\"><\/strong>\n      <\/div>\n<div class=\"paragraph paragraph--type--video-block paragraph--view-mode--xml\">\n<div class=\"node__media node__media--right\">\n<div class=\"node__media-container\">\n<div data-video-embed-field-modal=\"&lt;div class=&quot;video-embed-field-responsive-video video-embed-field-responsive-modal&quot; style=&quot;width:1000px;&quot;&gt;https:\/\/www.youtube.com\/embed\/e_D63SekNHA\n&lt;\/div&gt;\n\" class=\"video-embed-field-launch-modal video-item__link\">  <span class=\"video-item__overlay\"><\/span><br \/>\n  <span class=\"video-item__icon icon icon--play\"><\/span><br \/>\n  <img loading=\"lazy\" decoding=\"async\" src=\"\/sites\/default\/files\/styles\/node_video\/public\/video_thumbnails\/e_D63SekNHA.jpg?itok=Gvv-VQ52\" width=\"800\" height=\"450\" alt=\"\" typeof=\"Image\" class=\"img-responsive\" \/><\/p>\n<\/div>\n<div class=\"media__overlay\">\n<div class=\"row middle-xs\">\n<div class=\"col-xs-12 col-sm-9\">\n<div class=\"media__title\">Az\u0259rbaycanda ikinci Avropa yay m\u0259kt\u0259bi<\/div>\n<\/p><\/div>\n<\/p><\/div>\n<\/p><\/div>\n<\/p><\/div>\n<\/p><\/div>\n<p><strong class=\"node_view\"><\/strong>\n      <\/div>\n","protected":false},"excerpt":{"rendered":"<p>Avropa \u0130ttifaq\u0131n\u0131, ordak\u0131 d\u0259y\u0259rl\u0259ri yax\u0131ndan tan\u0131maq, Az\u0259rbaycan-Avropa \u0259m\u0259kda\u015fl\u0131\u011f\u0131n\u0131n perspektivl\u0259rini, A\u0130 t\u0259r\u0259find\u0259n t\u0259qdim edilmi\u015f t\u0259hsil v\u0259 karyera imkanlar\u0131n\u0131 g\u00f6rm\u0259k, yeni dostluq \u0259laq\u0259l\u0259ri qurmaq \u2013 b\u00fct\u00fcn bu imkanlar\u0131 i\u015ftirak\u00e7\u0131lara Az\u0259rbaycanda ikinci Avropa yay m\u0259kt\u0259bi t\u0259qdim edib.<\/p>\n","protected":false},"author":1,"featured_media":41133,"comment_status":"closed","ping_status":"open","sticky":false,"template":"","format":"standard","meta":{"_acf_changed":false,"footnotes":""},"categories":[374,376,284],"tags":[],"topic":[],"class_list":["post-41132","post","type-post","status-publish","format-standard","has-post-thumbnail","hentry","category-whats-happening-az","category-tematik-xbr","category-news-az"],"acf":[],"yoast_head":"<!-- This site is optimized with the Yoast SEO plugin v26.4 - https:\/\/yoast.com\/wordpress\/plugins\/seo\/ -->\n<title>Avropa yay m&#x259;kt&#x259;bi 2017: Az&#x259;rbaycan g&#x259;ncl&#x259;ri &#xFC;&#xE7;&#xFC;n ilham v&#x259; stimul m&#x259;nb&#x259;yi - EU for Azerbaijan<\/title>\n<meta name=\"robots\" content=\"index, follow, max-snippet:-1, max-image-preview:large, max-video-preview:-1\" \/>\n<link rel=\"canonical\" href=\"https:\/\/eu4azerbaijan.eu\/az\/avropa-yay-mktbi-2017-azrbaycan-gnclri-n-ilham-v-stimul-mnbyi\/\" \/>\n<meta property=\"og:locale\" content=\"az_AZ\" \/>\n<meta property=\"og:type\" content=\"article\" \/>\n<meta property=\"og:title\" content=\"Avropa yay m&#x259;kt&#x259;bi 2017: Az&#x259;rbaycan g&#x259;ncl&#x259;ri &#xFC;&#xE7;&#xFC;n ilham v&#x259; stimul m&#x259;nb&#x259;yi - EU for Azerbaijan\" \/>\n<meta property=\"og:description\" content=\"Avropa \u0130ttifaq\u0131n\u0131, ordak\u0131 d\u0259y\u0259rl\u0259ri yax\u0131ndan tan\u0131maq, Az\u0259rbaycan-Avropa \u0259m\u0259kda\u015fl\u0131\u011f\u0131n\u0131n perspektivl\u0259rini, A\u0130 t\u0259r\u0259find\u0259n t\u0259qdim edilmi\u015f t\u0259hsil v\u0259 karyera imkanlar\u0131n\u0131 g\u00f6rm\u0259k, yeni dostluq \u0259laq\u0259l\u0259ri qurmaq \u2013 b\u00fct\u00fcn bu imkanlar\u0131 i\u015ftirak\u00e7\u0131lara Az\u0259rbaycanda ikinci Avropa yay m\u0259kt\u0259bi t\u0259qdim edib.\" \/>\n<meta property=\"og:url\" content=\"https:\/\/eu4azerbaijan.eu\/az\/avropa-yay-mktbi-2017-azrbaycan-gnclri-n-ilham-v-stimul-mnbyi\/\" \/>\n<meta property=\"og:site_name\" content=\"EU for Azerbaijan\" \/>\n<meta property=\"article:published_time\" content=\"2017-10-08T00:00:00+00:00\" \/>\n<meta property=\"article:modified_time\" content=\"2021-02-17T16:44:16+00:00\" \/>\n<meta property=\"og:image\" content=\"https:\/\/eu4azerbaijan.eu\/wp-content\/uploads\/37066626605_c3854d3b81_o_1.jpg\" \/>\n\t<meta property=\"og:image:width\" content=\"2048\" \/>\n\t<meta property=\"og:image:height\" content=\"1350\" \/>\n\t<meta property=\"og:image:type\" content=\"image\/jpeg\" \/>\n<meta name=\"author\" content=\"efgdigital\" \/>\n<meta name=\"twitter:card\" content=\"summary_large_image\" \/>\n<meta name=\"twitter:label1\" content=\"Written by\" \/>\n\t<meta name=\"twitter:data1\" content=\"efgdigital\" \/>\n\t<meta name=\"twitter:label2\" content=\"Est. reading time\" \/>\n\t<meta name=\"twitter:data2\" content=\"9 minutes\" \/>\n<script type=\"application\/ld+json\" class=\"yoast-schema-graph\">{\"@context\":\"https:\/\/schema.org\",\"@graph\":[{\"@type\":\"WebPage\",\"@id\":\"https:\/\/eu4azerbaijan.eu\/az\/avropa-yay-mktbi-2017-azrbaycan-gnclri-n-ilham-v-stimul-mnbyi\/\",\"url\":\"https:\/\/eu4azerbaijan.eu\/az\/avropa-yay-mktbi-2017-azrbaycan-gnclri-n-ilham-v-stimul-mnbyi\/\",\"name\":\"Avropa yay m&#x259;kt&#x259;bi 2017: Az&#x259;rbaycan g&#x259;ncl&#x259;ri &#xFC;&#xE7;&#xFC;n ilham v&#x259; stimul m&#x259;nb&#x259;yi - EU for Azerbaijan\",\"isPartOf\":{\"@id\":\"https:\/\/eu4azerbaijan.eu\/az\/#website\"},\"primaryImageOfPage\":{\"@id\":\"https:\/\/eu4azerbaijan.eu\/az\/avropa-yay-mktbi-2017-azrbaycan-gnclri-n-ilham-v-stimul-mnbyi\/#primaryimage\"},\"image\":{\"@id\":\"https:\/\/eu4azerbaijan.eu\/az\/avropa-yay-mktbi-2017-azrbaycan-gnclri-n-ilham-v-stimul-mnbyi\/#primaryimage\"},\"thumbnailUrl\":\"https:\/\/eu4azerbaijan.eu\/wp-content\/uploads\/37066626605_c3854d3b81_o_1.jpg\",\"datePublished\":\"2017-10-08T00:00:00+00:00\",\"dateModified\":\"2021-02-17T16:44:16+00:00\",\"author\":{\"@id\":\"https:\/\/eu4azerbaijan.eu\/az\/#\/schema\/person\/8e61f36472c1a07751c0c51b469566db\"},\"breadcrumb\":{\"@id\":\"https:\/\/eu4azerbaijan.eu\/az\/avropa-yay-mktbi-2017-azrbaycan-gnclri-n-ilham-v-stimul-mnbyi\/#breadcrumb\"},\"inLanguage\":\"az-AZ\",\"potentialAction\":[{\"@type\":\"ReadAction\",\"target\":[\"https:\/\/eu4azerbaijan.eu\/az\/avropa-yay-mktbi-2017-azrbaycan-gnclri-n-ilham-v-stimul-mnbyi\/\"]}]},{\"@type\":\"ImageObject\",\"inLanguage\":\"az-AZ\",\"@id\":\"https:\/\/eu4azerbaijan.eu\/az\/avropa-yay-mktbi-2017-azrbaycan-gnclri-n-ilham-v-stimul-mnbyi\/#primaryimage\",\"url\":\"https:\/\/eu4azerbaijan.eu\/wp-content\/uploads\/37066626605_c3854d3b81_o_1.jpg\",\"contentUrl\":\"https:\/\/eu4azerbaijan.eu\/wp-content\/uploads\/37066626605_c3854d3b81_o_1.jpg\",\"width\":2048,\"height\":1350,\"caption\":\"Avropa yay m&#x259;kt&#x259;bi 2017: Az&#x259;rbaycan g&#x259;ncl&#x259;ri &#xFC;&#xE7;&#xFC;n ilham v&#x259; stimul m&#x259;nb&#x259;yi\"},{\"@type\":\"BreadcrumbList\",\"@id\":\"https:\/\/eu4azerbaijan.eu\/az\/avropa-yay-mktbi-2017-azrbaycan-gnclri-n-ilham-v-stimul-mnbyi\/#breadcrumb\",\"itemListElement\":[{\"@type\":\"ListItem\",\"position\":1,\"name\":\"Home\",\"item\":\"https:\/\/eu4azerbaijan.eu\/az\/\"},{\"@type\":\"ListItem\",\"position\":2,\"name\":\"Avropa yay m&#x259;kt&#x259;bi 2017: Az&#x259;rbaycan g&#x259;ncl&#x259;ri &#xFC;&#xE7;&#xFC;n ilham v&#x259; stimul m&#x259;nb&#x259;yi\"}]},{\"@type\":\"WebSite\",\"@id\":\"https:\/\/eu4azerbaijan.eu\/az\/#website\",\"url\":\"https:\/\/eu4azerbaijan.eu\/az\/\",\"name\":\"EU for Azerbaijan\",\"description\":\"\",\"potentialAction\":[{\"@type\":\"SearchAction\",\"target\":{\"@type\":\"EntryPoint\",\"urlTemplate\":\"https:\/\/eu4azerbaijan.eu\/az\/?s={search_term_string}\"},\"query-input\":{\"@type\":\"PropertyValueSpecification\",\"valueRequired\":true,\"valueName\":\"search_term_string\"}}],\"inLanguage\":\"az-AZ\"},{\"@type\":\"Person\",\"@id\":\"https:\/\/eu4azerbaijan.eu\/az\/#\/schema\/person\/8e61f36472c1a07751c0c51b469566db\",\"name\":\"efgdigital\",\"image\":{\"@type\":\"ImageObject\",\"inLanguage\":\"az-AZ\",\"@id\":\"https:\/\/eu4azerbaijan.eu\/az\/#\/schema\/person\/image\/\",\"url\":\"https:\/\/secure.gravatar.com\/avatar\/53d8cb126cff14a5dd568f2dd65fdf3ad9542207d0e197850c88aed5f5464585?s=96&d=mm&r=g\",\"contentUrl\":\"https:\/\/secure.gravatar.com\/avatar\/53d8cb126cff14a5dd568f2dd65fdf3ad9542207d0e197850c88aed5f5464585?s=96&d=mm&r=g\",\"caption\":\"efgdigital\"},\"url\":\"https:\/\/eu4azerbaijan.eu\/az\/author\/efgdigital\/\"}]}<\/script>\n<!-- \/ Yoast SEO plugin. -->","yoast_head_json":{"title":"Avropa yay m&#x259;kt&#x259;bi 2017: Az&#x259;rbaycan g&#x259;ncl&#x259;ri &#xFC;&#xE7;&#xFC;n ilham v&#x259; stimul m&#x259;nb&#x259;yi - EU for Azerbaijan","robots":{"index":"index","follow":"follow","max-snippet":"max-snippet:-1","max-image-preview":"max-image-preview:large","max-video-preview":"max-video-preview:-1"},"canonical":"https:\/\/eu4azerbaijan.eu\/az\/avropa-yay-mktbi-2017-azrbaycan-gnclri-n-ilham-v-stimul-mnbyi\/","og_locale":"az_AZ","og_type":"article","og_title":"Avropa yay m&#x259;kt&#x259;bi 2017: Az&#x259;rbaycan g&#x259;ncl&#x259;ri &#xFC;&#xE7;&#xFC;n ilham v&#x259; stimul m&#x259;nb&#x259;yi - EU for Azerbaijan","og_description":"Avropa \u0130ttifaq\u0131n\u0131, ordak\u0131 d\u0259y\u0259rl\u0259ri yax\u0131ndan tan\u0131maq, Az\u0259rbaycan-Avropa \u0259m\u0259kda\u015fl\u0131\u011f\u0131n\u0131n perspektivl\u0259rini, A\u0130 t\u0259r\u0259find\u0259n t\u0259qdim edilmi\u015f t\u0259hsil v\u0259 karyera imkanlar\u0131n\u0131 g\u00f6rm\u0259k, yeni dostluq \u0259laq\u0259l\u0259ri qurmaq \u2013 b\u00fct\u00fcn bu imkanlar\u0131 i\u015ftirak\u00e7\u0131lara Az\u0259rbaycanda ikinci Avropa yay m\u0259kt\u0259bi t\u0259qdim edib.","og_url":"https:\/\/eu4azerbaijan.eu\/az\/avropa-yay-mktbi-2017-azrbaycan-gnclri-n-ilham-v-stimul-mnbyi\/","og_site_name":"EU for Azerbaijan","article_published_time":"2017-10-08T00:00:00+00:00","article_modified_time":"2021-02-17T16:44:16+00:00","og_image":[{"width":2048,"height":1350,"url":"https:\/\/eu4azerbaijan.eu\/wp-content\/uploads\/37066626605_c3854d3b81_o_1.jpg","type":"image\/jpeg"}],"author":"efgdigital","twitter_card":"summary_large_image","twitter_misc":{"Written by":"efgdigital","Est. reading time":"9 minutes"},"schema":{"@context":"https:\/\/schema.org","@graph":[{"@type":"WebPage","@id":"https:\/\/eu4azerbaijan.eu\/az\/avropa-yay-mktbi-2017-azrbaycan-gnclri-n-ilham-v-stimul-mnbyi\/","url":"https:\/\/eu4azerbaijan.eu\/az\/avropa-yay-mktbi-2017-azrbaycan-gnclri-n-ilham-v-stimul-mnbyi\/","name":"Avropa yay m&#x259;kt&#x259;bi 2017: Az&#x259;rbaycan g&#x259;ncl&#x259;ri &#xFC;&#xE7;&#xFC;n ilham v&#x259; stimul m&#x259;nb&#x259;yi - EU for Azerbaijan","isPartOf":{"@id":"https:\/\/eu4azerbaijan.eu\/az\/#website"},"primaryImageOfPage":{"@id":"https:\/\/eu4azerbaijan.eu\/az\/avropa-yay-mktbi-2017-azrbaycan-gnclri-n-ilham-v-stimul-mnbyi\/#primaryimage"},"image":{"@id":"https:\/\/eu4azerbaijan.eu\/az\/avropa-yay-mktbi-2017-azrbaycan-gnclri-n-ilham-v-stimul-mnbyi\/#primaryimage"},"thumbnailUrl":"https:\/\/eu4azerbaijan.eu\/wp-content\/uploads\/37066626605_c3854d3b81_o_1.jpg","datePublished":"2017-10-08T00:00:00+00:00","dateModified":"2021-02-17T16:44:16+00:00","author":{"@id":"https:\/\/eu4azerbaijan.eu\/az\/#\/schema\/person\/8e61f36472c1a07751c0c51b469566db"},"breadcrumb":{"@id":"https:\/\/eu4azerbaijan.eu\/az\/avropa-yay-mktbi-2017-azrbaycan-gnclri-n-ilham-v-stimul-mnbyi\/#breadcrumb"},"inLanguage":"az-AZ","potentialAction":[{"@type":"ReadAction","target":["https:\/\/eu4azerbaijan.eu\/az\/avropa-yay-mktbi-2017-azrbaycan-gnclri-n-ilham-v-stimul-mnbyi\/"]}]},{"@type":"ImageObject","inLanguage":"az-AZ","@id":"https:\/\/eu4azerbaijan.eu\/az\/avropa-yay-mktbi-2017-azrbaycan-gnclri-n-ilham-v-stimul-mnbyi\/#primaryimage","url":"https:\/\/eu4azerbaijan.eu\/wp-content\/uploads\/37066626605_c3854d3b81_o_1.jpg","contentUrl":"https:\/\/eu4azerbaijan.eu\/wp-content\/uploads\/37066626605_c3854d3b81_o_1.jpg","width":2048,"height":1350,"caption":"Avropa yay m&#x259;kt&#x259;bi 2017: Az&#x259;rbaycan g&#x259;ncl&#x259;ri &#xFC;&#xE7;&#xFC;n ilham v&#x259; stimul m&#x259;nb&#x259;yi"},{"@type":"BreadcrumbList","@id":"https:\/\/eu4azerbaijan.eu\/az\/avropa-yay-mktbi-2017-azrbaycan-gnclri-n-ilham-v-stimul-mnbyi\/#breadcrumb","itemListElement":[{"@type":"ListItem","position":1,"name":"Home","item":"https:\/\/eu4azerbaijan.eu\/az\/"},{"@type":"ListItem","position":2,"name":"Avropa yay m&#x259;kt&#x259;bi 2017: Az&#x259;rbaycan g&#x259;ncl&#x259;ri &#xFC;&#xE7;&#xFC;n ilham v&#x259; stimul m&#x259;nb&#x259;yi"}]},{"@type":"WebSite","@id":"https:\/\/eu4azerbaijan.eu\/az\/#website","url":"https:\/\/eu4azerbaijan.eu\/az\/","name":"EU for Azerbaijan","description":"","potentialAction":[{"@type":"SearchAction","target":{"@type":"EntryPoint","urlTemplate":"https:\/\/eu4azerbaijan.eu\/az\/?s={search_term_string}"},"query-input":{"@type":"PropertyValueSpecification","valueRequired":true,"valueName":"search_term_string"}}],"inLanguage":"az-AZ"},{"@type":"Person","@id":"https:\/\/eu4azerbaijan.eu\/az\/#\/schema\/person\/8e61f36472c1a07751c0c51b469566db","name":"efgdigital","image":{"@type":"ImageObject","inLanguage":"az-AZ","@id":"https:\/\/eu4azerbaijan.eu\/az\/#\/schema\/person\/image\/","url":"https:\/\/secure.gravatar.com\/avatar\/53d8cb126cff14a5dd568f2dd65fdf3ad9542207d0e197850c88aed5f5464585?s=96&d=mm&r=g","contentUrl":"https:\/\/secure.gravatar.com\/avatar\/53d8cb126cff14a5dd568f2dd65fdf3ad9542207d0e197850c88aed5f5464585?s=96&d=mm&r=g","caption":"efgdigital"},"url":"https:\/\/eu4azerbaijan.eu\/az\/author\/efgdigital\/"}]}},"_links":{"self":[{"href":"https:\/\/eu4azerbaijan.eu\/az\/wp-json\/wp\/v2\/posts\/41132","targetHints":{"allow":["GET"]}}],"collection":[{"href":"https:\/\/eu4azerbaijan.eu\/az\/wp-json\/wp\/v2\/posts"}],"about":[{"href":"https:\/\/eu4azerbaijan.eu\/az\/wp-json\/wp\/v2\/types\/post"}],"author":[{"embeddable":true,"href":"https:\/\/eu4azerbaijan.eu\/az\/wp-json\/wp\/v2\/users\/1"}],"replies":[{"embeddable":true,"href":"https:\/\/eu4azerbaijan.eu\/az\/wp-json\/wp\/v2\/comments?post=41132"}],"version-history":[{"count":0,"href":"https:\/\/eu4azerbaijan.eu\/az\/wp-json\/wp\/v2\/posts\/41132\/revisions"}],"wp:featuredmedia":[{"embeddable":true,"href":"https:\/\/eu4azerbaijan.eu\/az\/wp-json\/wp\/v2\/media\/41133"}],"wp:attachment":[{"href":"https:\/\/eu4azerbaijan.eu\/az\/wp-json\/wp\/v2\/media?parent=41132"}],"wp:term":[{"taxonomy":"category","embeddable":true,"href":"https:\/\/eu4azerbaijan.eu\/az\/wp-json\/wp\/v2\/categories?post=41132"},{"taxonomy":"post_tag","embeddable":true,"href":"https:\/\/eu4azerbaijan.eu\/az\/wp-json\/wp\/v2\/tags?post=41132"},{"taxonomy":"topic","embeddable":true,"href":"https:\/\/eu4azerbaijan.eu\/az\/wp-json\/wp\/v2\/topic?post=41132"}],"curies":[{"name":"wp","href":"https:\/\/api.w.org\/{rel}","templated":true}]}}